{"id":978,"date":"2023-10-09T21:53:13","date_gmt":"2023-10-10T00:53:13","guid":{"rendered":"https:\/\/blogdiario.info\/magazine\/?p=978"},"modified":"2023-10-10T04:15:28","modified_gmt":"2023-10-10T07:15:28","slug":"israel-se-compromete-a-aplastar-a-hamas","status":"publish","type":"post","link":"https:\/\/blogdiario.info\/magazine\/2023\/10\/09\/israel-se-compromete-a-aplastar-a-hamas\/","title":{"rendered":"Israel se compromete a aplastar a Ham\u00e1s"},"content":{"rendered":"\n<figure class=\"wp-block-image size-full\"><img loading=\"lazy\" decoding=\"async\" width=\"600\" height=\"400\" src=\"https:\/\/blogdiario.info\/magazine\/images\/2023\/10\/gazir_cov_20231009.jpg\" alt=\"\" class=\"wp-image-979\" srcset=\"https:\/\/blogdiario.info\/magazine\/images\/2023\/10\/gazir_cov_20231009.jpg 600w, https:\/\/blogdiario.info\/magazine\/images\/2023\/10\/gazir_cov_20231009-300x200.jpg 300w\" sizes=\"auto, (max-width: 600px) 100vw, 600px\" \/><\/figure>\n\n\n\n<p>Benjam\u00edn Netanyahu se ha comprometido a aplastar a Ham\u00e1s al comparar al grupo terrorista con el Estado Isl\u00e1mico. Los comentarios del primer ministro israel\u00ed se produjeron despu\u00e9s de que dijera que no ten\u00eda m\u00e1s remedio que invadir Gaza y de que Occidente advirtiera a los aliados de Ham\u00e1s que se retiraran.<\/p>\n\n\n\n<p>Hablando en ingl\u00e9s, Netanyahu dijo: \u201cLas atrocidades cometidas por Hamas pueden ser comparadas a las barbaries del Isis&#8221;. <small>&#8211; Organizaci\u00f3n terrorista paramilitar internacional, fundada por Abu Musab al-Zarqawi como Al-Qaida en Irak<\/small> &#8211;<\/p>\n\n\n\n<figure class=\"wp-block-image size-full\"><img loading=\"lazy\" decoding=\"async\" width=\"600\" height=\"542\" src=\"https:\/\/blogdiario.info\/magazine\/images\/2023\/10\/gazir_7_20231009.jpg\" alt=\"\" class=\"wp-image-980\" srcset=\"https:\/\/blogdiario.info\/magazine\/images\/2023\/10\/gazir_7_20231009.jpg 600w, https:\/\/blogdiario.info\/magazine\/images\/2023\/10\/gazir_7_20231009-300x271.jpg 300w\" sizes=\"auto, (max-width: 600px) 100vw, 600px\" \/><\/figure>\n\n\n\n<p>\u201cNi\u00f1os atados ejecutados junto con sus familias. Hombres y mujeres j\u00f3venes baleados por la espalda, ejecutados. Otros horrores no los describir\u00e9 aqu\u00ed. \u201cSiempre hemos sabido qui\u00e9n es Ham\u00e1s. Ahora el mundo entero lo sabe. Ham\u00e1s es ISIS. Y lo derrotaremos tal como el mundo iluminado derrot\u00f3 a Isis. Este vil enemigo quer\u00eda la guerra y la conseguir\u00e1\u201d.<\/p>\n\n\n\n<p>Las tropas israel\u00edes se alinearon en la frontera del territorio el lunes despu\u00e9s de bombardear la franja de 480 kilometros cuadradas con centenares ataques a\u00e9reos, uno de los bombardeos m\u00e1s grandes jam\u00e1s realizados en un solo d\u00eda. Gaza ha sido puesta bajo \u201casedio total\u201d, dijo el Ministro de Defensa de Israel, con la promesa de cortar todos los suministros de alimentos, agua y electricidad en un intento por matar de hambre a Ham\u00e1s.<\/p>\n\n\n\n<p>A cambio, Ham\u00e1s advirti\u00f3 que si Israel no pone fin a sus bombardeos, ejecutar\u00e1 a un civil en directo por televisi\u00f3n por cada bomba que se lance sin previo aviso. En su declaraci\u00f3n televisada, Netanyahu dijo que los ataques a\u00e9reos eran \u201cs\u00f3lo el comienzo\u201d y que las recriminaciones por parte de las Fuerzas de Defensa de Israel (FDI) \u201capenas hab\u00edan comenzado\u201d.<\/p>\n\n\n\n<p>&#8220;Lo que les haremos a nuestros enemigos en los pr\u00f3ximos d\u00edas repercutir\u00e1 en ellos durante generaciones&#8221;, afirm\u00f3.  En una llamada a Joe Biden, el presidente de Estados Unidos, el primer ministro israel\u00ed supuestamente habria manifestado que se ver\u00eda obligado a lanzar un ataque terrestre contra Gaza, diciendo: \u201cTenemos que entrar. No podemos negociar ahora\u201d.<\/p>\n\n\n\n<p>Netanyahu, que est\u00e1 bajo intensa presi\u00f3n por el peor fallo de seguridad de Israel en generaciones, tambi\u00e9n pidi\u00f3 un gobierno de unidad nacional.  A los ciudadanos israel\u00edes se les ha pedido que se abastezcan de suficiente comida y agua para 72 d\u00edas, en caso de que tengan que refugiarse en lo que podr\u00eda ser una larga guerra.<\/p>\n\n\n\n<p>El hecho se produjo cuando aumentaban los temores entre las naciones occidentales de que una invasi\u00f3n israel\u00ed pudiera provocar que los partidarios de Ham\u00e1s, incluido Hezbol\u00e1, un grupo islamista liban\u00e9s y representante regional de Ir\u00e1n, se unieran a la guerra. El lunes, Israel intercambi\u00f3 disparos de cohetes con el grupo terrorista en la frontera norte, matando al menos a uno de sus miembros.<\/p>\n\n\n\n<p>Los l\u00edderes de Hezbollah, que el Reino Unido proscribi\u00f3 como organizaci\u00f3n terrorista en 2019, han dicho que invadir\u00edan si Israel lanza un ataque terrestre total contra Gaza.<\/p>\n\n\n\n<p>Un alto funcionario del Pent\u00e1gono dijo a los periodistas que el despliegue por parte de Estados Unidos de un portaaviones y buques de guerra m\u00e1s peque\u00f1os en la regi\u00f3n deber\u00eda interpretarse como una advertencia a Hezbol\u00e1 e Ir\u00e1n para que \u201clo piensen dos veces\u201d antes de unirse a la contienda. Seg\u00fan se informa, altos funcionarios de inteligencia creen que Ir\u00e1n est\u00e1 impulsando el conflicto para arrastrar a Estados Unidos a una guerra m\u00e1s amplia con el mundo musulm\u00e1n.<\/p>\n\n\n\n<p>El lunes, Ron Dermer, ministro de Asuntos Estrat\u00e9gicos de Israel, dijo que es claro que Ir\u00e1n estaba \u201ctrabajando ahora mismo para incorporar cada vez m\u00e1s grupos terroristas a esta lucha\u201d. <\/p>\n\n\n\n<p>El s\u00e1bado, Biden dijo que a Estados Unidos le preocupaba que un \u201cpartido hostil a Israel\u201d pudiera \u201cencender\u201d la guerra.  Olaf Scholz, el canciller alem\u00e1n, advirti\u00f3 que m\u00e1s frentes en la guerra presentar\u00edan \u201cconsecuencias incalculables para toda la regi\u00f3n\u201d.<\/p>\n\n\n\n<p>Los medios locales informaron que Israel advirti\u00f3 al l\u00edder de Hezbol\u00e1 que la marina estadounidense para \u201cdestruir Damasco\u201d y atacar al aliado del grupo, Bashar al-Assad, si \u00e9ste se un\u00eda a la guerra. <br>El lunes, James Cleverly, secretario de Asuntos Exteriores, dijo que hab\u00eda hablado con gobiernos de todo Oriente Medio, quienes, seg\u00fan dijo, hab\u00edan acordado que \u201cnadie quiere que esto se extienda a otras partes de la regi\u00f3n\u201d.<\/p>\n\n\n\n<p>En Gaza, los funcionarios egipcios cerraron el cruce fronterizo de Rafah, atrapando a los palestinos frente a ataques a\u00e9reos y la perspectiva de una invasi\u00f3n terrestre. Se han movilizado m\u00e1s de 300.000 tropas de reserva entre la poblaci\u00f3n civil israel\u00ed, y muchas han sido enviadas a la frontera de Gaza en veh\u00edculos blindados, en lo que muchos analistas interpretaron como una se\u00f1al de una inminente invasi\u00f3n terrestre.  Otras tropas fueron enviadas al norte para escaramuzar con las fuerzas de Hezbol\u00e1 en la frontera libanesa.<\/p>\n\n\n\n<figure class=\"wp-block-image size-full\"><img loading=\"lazy\" decoding=\"async\" width=\"600\" height=\"400\" src=\"https:\/\/blogdiario.info\/magazine\/images\/2023\/10\/gazir_6_20231009.jpg\" alt=\"\" class=\"wp-image-983\" srcset=\"https:\/\/blogdiario.info\/magazine\/images\/2023\/10\/gazir_6_20231009.jpg 600w, https:\/\/blogdiario.info\/magazine\/images\/2023\/10\/gazir_6_20231009-300x200.jpg 300w\" sizes=\"auto, (max-width: 600px) 100vw, 600px\" \/><\/figure>\n\n\n\n<p>En Israel, se estima que el n\u00famero de muertos por el ataque de Hamas alcanz\u00f3 al menos 900, incluidos 100 cad\u00e1veres descubiertos en Be\u2019eri, un kibutz a unos cinco kil\u00f3metros de la frontera con Gaza. <\/p>\n\n\n\n<figure class=\"wp-block-image size-full\"><img loading=\"lazy\" decoding=\"async\" width=\"600\" height=\"400\" src=\"https:\/\/blogdiario.info\/magazine\/images\/2023\/10\/gazir_5_20231009.jpg\" alt=\"Llamas y humo salen de Gaza en medio de los bombardeos israel\u00edes\" class=\"wp-image-984\" srcset=\"https:\/\/blogdiario.info\/magazine\/images\/2023\/10\/gazir_5_20231009.jpg 600w, https:\/\/blogdiario.info\/magazine\/images\/2023\/10\/gazir_5_20231009-300x200.jpg 300w\" sizes=\"auto, (max-width: 600px) 100vw, 600px\" \/><\/figure>\n\n\n\n<p>Los medios de comunicaci\u00f3n hebreos informaron que sus cuerpos hab\u00edan sido retirados en camiones frigor\u00edficos. Las autoridades sanitarias de Gaza dijeron que el n\u00famero de muertos en la regi\u00f3n casi hab\u00eda llegado a 700 el lunes por la noche.<\/p>\n\n\n\n<p>Mientras los l\u00edderes de Gran Breta\u00f1a, Francia, Alemania, Italia y Estados Unidos realizaban una llamada para discutir su respuesta a la situaci\u00f3n, el gobierno del Reino Unido se vio presionado para poner fin a millones en pagos de ayuda a Palestina administrada por las Naciones Unidas.<\/p>\n\n\n\n<p>Una declaraci\u00f3n conjunta entre Gran Breta\u00f1a, Francia, Alemania, Italia y Estados Unidos dijo que si bien los pa\u00edses reconocen las &#8220;aspiraciones leg\u00edtimas&#8221; de Palestina, &#8220;nunca hay ninguna justificaci\u00f3n para el terrorismo&#8221;.  Agregaron: \u201cEnfatizamos adem\u00e1s que este no es el momento para que ninguna parte hostil a Israel explote estos ataques para buscar ventajas\u201d.<\/p>\n\n\n\n<p>La Uni\u00f3n Europea ya hab\u00eda anunciado que pondr\u00eda fin a la ayuda a Palestina, antes de verse obligada a revertir esa decisi\u00f3n tras una revuelta de Espa\u00f1a e Irlanda. En Londres, Rishi Sunak presidi\u00f3 una reuni\u00f3n de Cobra (unidad de crisis) en Whitehall con ministros del gabinete y funcionarios de seguridad.<\/p>\n\n\n\n<p>Se entiende que el Ministerio de Asuntos Exteriores y el Ministerio de Defensa han elaborado planes de contingencia para la ayuda humanitaria a Israel y la evacuaci\u00f3n de ciudadanos brit\u00e1nicos en la regi\u00f3n, pero a\u00fan no han desplegado ese apoyo.  Sunak se ha comprometido a ayudar a Israel en todo lo que le solicite, incluso compartiendo la inteligencia brit\u00e1nica. Sin embargo, fuentes gubernamentales no quisieron comentar sobre lo que hab\u00eda en una \u201clista de compras\u201d de Tel Aviv.<\/p>\n\n\n\n<p>Los republicanos criticaron a Biden por no comentar sobre la noticia de que estadounidenses hab\u00edan muerto en los combates. En un comunicado, el presidente dijo que 11 estadounidenses hab\u00edan muerto en los ataques de Hamas y enfatiz\u00f3 que la seguridad de los ciudadanos estadounidenses era su &#8220;m\u00e1xima prioridad&#8221;.<\/p>\n\n\n\n<p>&#8220;Tambi\u00e9n sabemos que todav\u00eda se desconoce el paradero de ciudadanos estadounidenses y estamos trabajando con funcionarios israel\u00edes para obtener m\u00e1s informaci\u00f3n sobre su paradero&#8221;, dijo.<\/p>\n\n\n\n<figure class=\"wp-block-image size-full\"><img loading=\"lazy\" decoding=\"async\" width=\"600\" height=\"400\" src=\"https:\/\/blogdiario.info\/magazine\/images\/2023\/10\/gazir_2_20231009.jpg\" alt=\"\" class=\"wp-image-981\" srcset=\"https:\/\/blogdiario.info\/magazine\/images\/2023\/10\/gazir_2_20231009.jpg 600w, https:\/\/blogdiario.info\/magazine\/images\/2023\/10\/gazir_2_20231009-300x200.jpg 300w\" sizes=\"auto, (max-width: 600px) 100vw, 600px\" \/><\/figure>\n\n\n\n<p>Afuera de Downing Street, miles de personas se reunieron para una vigilia dirigida por Sir Ephraim Mirvis, el rabino principal, mientras que manifestantes pro palestinos realizaron una manifestaci\u00f3n frente a la embajada de Israel en Kensington para protestar contra las represalias en Gaza. <\/p>\n\n\n\n<figure class=\"wp-block-image size-full\"><img loading=\"lazy\" decoding=\"async\" width=\"600\" height=\"400\" src=\"https:\/\/blogdiario.info\/magazine\/images\/2023\/10\/gazir_1_20231009.jpg\" alt=\"\" class=\"wp-image-982\" srcset=\"https:\/\/blogdiario.info\/magazine\/images\/2023\/10\/gazir_1_20231009.jpg 600w, https:\/\/blogdiario.info\/magazine\/images\/2023\/10\/gazir_1_20231009-300x200.jpg 300w\" sizes=\"auto, (max-width: 600px) 100vw, 600px\" \/><\/figure>\n\n\n\n<p>Los manifestantes pro palestinos dispararon fuegos artificiales hacia la embajada, mientras que la polic\u00eda tuvo que separar a los manifestantes que se enfrentaban en la estaci\u00f3n de metro High Street Kensington. Se llevaron a cabo m\u00e1s protestas pro palestinas en todo el Reino Unido, incluso en Brighton y en la conferencia anual del Partido Laborista en Liverpool.<\/p>\n\n\n\n<p>Volodymyr Zelensky, el presidente ucraniano, dijo que los ataques de Hamas eran \u201cel mismo mal\u201d que la invasi\u00f3n rusa de su pa\u00eds. Sugiri\u00f3 que Mosc\u00fa esperaba iniciar una guerra en el Medio Oriente. <br>&#8220;Si el mundo se une cada vez que alguien toma como rehenes a mujeres y ni\u00f1os de otra naci\u00f3n, el terror no tendr\u00e1 aliados&#8221;, dijo en una cumbre de la OTAN en Copenhague.<br><br><small>Copyright \u00a9 2023 ElCanillita.info \/ BlogDiario.info &#8211; SalaStampa.Eu, servicio mundial de prensa<\/small><\/p>\n","protected":false},"excerpt":{"rendered":"<p>Llamas y humo salen de Gaza en medio de los bombardeos israel\u00edes<\/p>\n","protected":false},"author":1,"featured_media":979,"comment_status":"closed","ping_status":"closed","sticky":false,"template":"","format":"standard","meta":{"footnotes":"","_links_to":"","_links_to_target":""},"categories":[97,109,62,119,54],"tags":[122,121],"class_list":["post-978","post","type-post","status-publish","format-standard","has-post-thumbnail","hentry","category-elcanillita","category-dc24","category-actualidad","category-guerra","category-medio-oriente","tag-gaza","tag-israel","entry","rows"],"yoast_head":"<!-- This site is optimized with the Yoast SEO plugin v27.4 - https:\/\/yoast.com\/product\/yoast-seo-wordpress\/ -->\n<title>Israel se compromete a aplastar a Ham\u00e1s - BlogDiario Magazine<\/title>\n<meta name=\"description\" content=\"Llamas y humo salen de Gaza en medio de los bombardeos israel\u00edes\" \/>\n<meta name=\"robots\" content=\"index, follow, max-snippet:-1, max-image-preview:large, max-video-preview:-1\" \/>\n<link rel=\"canonical\" href=\"https:\/\/blogdiario.info\/magazine\/2023\/10\/09\/israel-se-compromete-a-aplastar-a-hamas\/\" \/>\n<meta property=\"og:locale\" content=\"es_ES\" \/>\n<meta property=\"og:type\" content=\"article\" \/>\n<meta property=\"og:title\" content=\"Israel se compromete a aplastar a Ham\u00e1s - BlogDiario Magazine\" \/>\n<meta property=\"og:description\" content=\"Llamas y humo salen de Gaza en medio de los bombardeos israel\u00edes\" \/>\n<meta property=\"og:url\" content=\"https:\/\/blogdiario.info\/magazine\/2023\/10\/09\/israel-se-compromete-a-aplastar-a-hamas\/\" \/>\n<meta property=\"og:site_name\" content=\"BlogDiario Magazine\" \/>\n<meta property=\"article:published_time\" content=\"2023-10-10T00:53:13+00:00\" \/>\n<meta property=\"article:modified_time\" content=\"2023-10-10T07:15:28+00:00\" \/>\n<meta property=\"og:image\" content=\"https:\/\/blogdiario.info\/magazine\/images\/2023\/10\/gazir_cov_20231009.jpg\" \/>\n\t<meta property=\"og:image:width\" content=\"600\" \/>\n\t<meta property=\"og:image:height\" content=\"400\" \/>\n\t<meta property=\"og:image:type\" content=\"image\/jpeg\" \/>\n<meta name=\"author\" content=\"World Press Service | Servicio de Prensa Mundial\" \/>\n<meta name=\"twitter:card\" content=\"summary_large_image\" \/>\n<meta name=\"twitter:label1\" content=\"Escrito por\" \/>\n\t<meta name=\"twitter:data1\" content=\"World Press Service | Servicio de Prensa Mundial\" \/>\n\t<meta name=\"twitter:label2\" content=\"Tiempo de lectura\" \/>\n\t<meta name=\"twitter:data2\" content=\"9 minutos\" \/>\n<script type=\"application\/ld+json\" class=\"yoast-schema-graph\">{\"@context\":\"https:\\\/\\\/schema.org\",\"@graph\":[{\"@type\":\"Article\",\"@id\":\"https:\\\/\\\/blogdiario.info\\\/magazine\\\/2023\\\/10\\\/09\\\/israel-se-compromete-a-aplastar-a-hamas\\\/#article\",\"isPartOf\":{\"@id\":\"https:\\\/\\\/blogdiario.info\\\/magazine\\\/2023\\\/10\\\/09\\\/israel-se-compromete-a-aplastar-a-hamas\\\/\"},\"author\":{\"name\":\"World Press Service | Servicio de Prensa Mundial\",\"@id\":\"https:\\\/\\\/blogdiario.info\\\/magazine\\\/#\\\/schema\\\/person\\\/b2422fe85574d945bad55513bb0c7354\"},\"headline\":\"Israel se compromete a aplastar a Ham\u00e1s\",\"datePublished\":\"2023-10-10T00:53:13+00:00\",\"dateModified\":\"2023-10-10T07:15:28+00:00\",\"mainEntityOfPage\":{\"@id\":\"https:\\\/\\\/blogdiario.info\\\/magazine\\\/2023\\\/10\\\/09\\\/israel-se-compromete-a-aplastar-a-hamas\\\/\"},\"wordCount\":1450,\"publisher\":{\"@id\":\"https:\\\/\\\/blogdiario.info\\\/magazine\\\/#organization\"},\"image\":{\"@id\":\"https:\\\/\\\/blogdiario.info\\\/magazine\\\/2023\\\/10\\\/09\\\/israel-se-compromete-a-aplastar-a-hamas\\\/#primaryimage\"},\"thumbnailUrl\":\"https:\\\/\\\/blogdiario.info\\\/magazine\\\/images\\\/2023\\\/10\\\/gazir_cov_20231009.jpg\",\"keywords\":[\"Gaza\",\"Israel\"],\"articleSection\":[\".\",\".\",\"Actualidad\",\"Guerra\",\"Medio Oriente\"],\"inLanguage\":\"es-AR\"},{\"@type\":\"WebPage\",\"@id\":\"https:\\\/\\\/blogdiario.info\\\/magazine\\\/2023\\\/10\\\/09\\\/israel-se-compromete-a-aplastar-a-hamas\\\/\",\"url\":\"https:\\\/\\\/blogdiario.info\\\/magazine\\\/2023\\\/10\\\/09\\\/israel-se-compromete-a-aplastar-a-hamas\\\/\",\"name\":\"Israel se compromete a aplastar a Ham\u00e1s - BlogDiario Magazine\",\"isPartOf\":{\"@id\":\"https:\\\/\\\/blogdiario.info\\\/magazine\\\/#website\"},\"primaryImageOfPage\":{\"@id\":\"https:\\\/\\\/blogdiario.info\\\/magazine\\\/2023\\\/10\\\/09\\\/israel-se-compromete-a-aplastar-a-hamas\\\/#primaryimage\"},\"image\":{\"@id\":\"https:\\\/\\\/blogdiario.info\\\/magazine\\\/2023\\\/10\\\/09\\\/israel-se-compromete-a-aplastar-a-hamas\\\/#primaryimage\"},\"thumbnailUrl\":\"https:\\\/\\\/blogdiario.info\\\/magazine\\\/images\\\/2023\\\/10\\\/gazir_cov_20231009.jpg\",\"datePublished\":\"2023-10-10T00:53:13+00:00\",\"dateModified\":\"2023-10-10T07:15:28+00:00\",\"description\":\"Llamas y humo salen de Gaza en medio de los bombardeos israel\u00edes\",\"breadcrumb\":{\"@id\":\"https:\\\/\\\/blogdiario.info\\\/magazine\\\/2023\\\/10\\\/09\\\/israel-se-compromete-a-aplastar-a-hamas\\\/#breadcrumb\"},\"inLanguage\":\"es-AR\",\"potentialAction\":[{\"@type\":\"ReadAction\",\"target\":[\"https:\\\/\\\/blogdiario.info\\\/magazine\\\/2023\\\/10\\\/09\\\/israel-se-compromete-a-aplastar-a-hamas\\\/\"]}]},{\"@type\":\"ImageObject\",\"inLanguage\":\"es-AR\",\"@id\":\"https:\\\/\\\/blogdiario.info\\\/magazine\\\/2023\\\/10\\\/09\\\/israel-se-compromete-a-aplastar-a-hamas\\\/#primaryimage\",\"url\":\"https:\\\/\\\/blogdiario.info\\\/magazine\\\/images\\\/2023\\\/10\\\/gazir_cov_20231009.jpg\",\"contentUrl\":\"https:\\\/\\\/blogdiario.info\\\/magazine\\\/images\\\/2023\\\/10\\\/gazir_cov_20231009.jpg\",\"width\":600,\"height\":400},{\"@type\":\"BreadcrumbList\",\"@id\":\"https:\\\/\\\/blogdiario.info\\\/magazine\\\/2023\\\/10\\\/09\\\/israel-se-compromete-a-aplastar-a-hamas\\\/#breadcrumb\",\"itemListElement\":[{\"@type\":\"ListItem\",\"position\":1,\"name\":\"Home\",\"item\":\"https:\\\/\\\/blogdiario.info\\\/magazine\\\/\"},{\"@type\":\"ListItem\",\"position\":2,\"name\":\"Israel se compromete a aplastar a Ham\u00e1s\"}]},{\"@type\":\"WebSite\",\"@id\":\"https:\\\/\\\/blogdiario.info\\\/magazine\\\/#website\",\"url\":\"https:\\\/\\\/blogdiario.info\\\/magazine\\\/\",\"name\":\"BlogDiario Magazine\",\"description\":\"Suplemento multiling\u00fce de ElCanillita.Info\",\"publisher\":{\"@id\":\"https:\\\/\\\/blogdiario.info\\\/magazine\\\/#organization\"},\"potentialAction\":[{\"@type\":\"SearchAction\",\"target\":{\"@type\":\"EntryPoint\",\"urlTemplate\":\"https:\\\/\\\/blogdiario.info\\\/magazine\\\/?s={search_term_string}\"},\"query-input\":{\"@type\":\"PropertyValueSpecification\",\"valueRequired\":true,\"valueName\":\"search_term_string\"}}],\"inLanguage\":\"es-AR\"},{\"@type\":\"Organization\",\"@id\":\"https:\\\/\\\/blogdiario.info\\\/magazine\\\/#organization\",\"name\":\"Guzzo Photos & Graphic Publications\",\"url\":\"https:\\\/\\\/blogdiario.info\\\/magazine\\\/\",\"logo\":{\"@type\":\"ImageObject\",\"inLanguage\":\"es-AR\",\"@id\":\"https:\\\/\\\/blogdiario.info\\\/magazine\\\/#\\\/schema\\\/logo\\\/image\\\/\",\"url\":\"https:\\\/\\\/blogdiario.info\\\/magazine\\\/images\\\/2020\\\/01\\\/cropped-blogdia_magazine.jpg\",\"contentUrl\":\"https:\\\/\\\/blogdiario.info\\\/magazine\\\/images\\\/2020\\\/01\\\/cropped-blogdia_magazine.jpg\",\"width\":589,\"height\":55,\"caption\":\"Guzzo Photos & Graphic Publications\"},\"image\":{\"@id\":\"https:\\\/\\\/blogdiario.info\\\/magazine\\\/#\\\/schema\\\/logo\\\/image\\\/\"}},{\"@type\":\"Person\",\"@id\":\"https:\\\/\\\/blogdiario.info\\\/magazine\\\/#\\\/schema\\\/person\\\/b2422fe85574d945bad55513bb0c7354\",\"name\":\"World Press Service | Servicio de Prensa Mundial\"}]}<\/script>\n<!-- \/ Yoast SEO plugin. -->","yoast_head_json":{"title":"Israel se compromete a aplastar a Ham\u00e1s - BlogDiario Magazine","description":"Llamas y humo salen de Gaza en medio de los bombardeos israel\u00edes","robots":{"index":"index","follow":"follow","max-snippet":"max-snippet:-1","max-image-preview":"max-image-preview:large","max-video-preview":"max-video-preview:-1"},"canonical":"https:\/\/blogdiario.info\/magazine\/2023\/10\/09\/israel-se-compromete-a-aplastar-a-hamas\/","og_locale":"es_ES","og_type":"article","og_title":"Israel se compromete a aplastar a Ham\u00e1s - BlogDiario Magazine","og_description":"Llamas y humo salen de Gaza en medio de los bombardeos israel\u00edes","og_url":"https:\/\/blogdiario.info\/magazine\/2023\/10\/09\/israel-se-compromete-a-aplastar-a-hamas\/","og_site_name":"BlogDiario Magazine","article_published_time":"2023-10-10T00:53:13+00:00","article_modified_time":"2023-10-10T07:15:28+00:00","og_image":[{"width":600,"height":400,"url":"https:\/\/blogdiario.info\/magazine\/images\/2023\/10\/gazir_cov_20231009.jpg","type":"image\/jpeg"}],"author":"World Press Service | Servicio de Prensa Mundial","twitter_card":"summary_large_image","twitter_misc":{"Escrito por":"World Press Service | Servicio de Prensa Mundial","Tiempo de lectura":"9 minutos"},"schema":{"@context":"https:\/\/schema.org","@graph":[{"@type":"Article","@id":"https:\/\/blogdiario.info\/magazine\/2023\/10\/09\/israel-se-compromete-a-aplastar-a-hamas\/#article","isPartOf":{"@id":"https:\/\/blogdiario.info\/magazine\/2023\/10\/09\/israel-se-compromete-a-aplastar-a-hamas\/"},"author":{"name":"World Press Service | Servicio de Prensa Mundial","@id":"https:\/\/blogdiario.info\/magazine\/#\/schema\/person\/b2422fe85574d945bad55513bb0c7354"},"headline":"Israel se compromete a aplastar a Ham\u00e1s","datePublished":"2023-10-10T00:53:13+00:00","dateModified":"2023-10-10T07:15:28+00:00","mainEntityOfPage":{"@id":"https:\/\/blogdiario.info\/magazine\/2023\/10\/09\/israel-se-compromete-a-aplastar-a-hamas\/"},"wordCount":1450,"publisher":{"@id":"https:\/\/blogdiario.info\/magazine\/#organization"},"image":{"@id":"https:\/\/blogdiario.info\/magazine\/2023\/10\/09\/israel-se-compromete-a-aplastar-a-hamas\/#primaryimage"},"thumbnailUrl":"https:\/\/blogdiario.info\/magazine\/images\/2023\/10\/gazir_cov_20231009.jpg","keywords":["Gaza","Israel"],"articleSection":[".",".","Actualidad","Guerra","Medio Oriente"],"inLanguage":"es-AR"},{"@type":"WebPage","@id":"https:\/\/blogdiario.info\/magazine\/2023\/10\/09\/israel-se-compromete-a-aplastar-a-hamas\/","url":"https:\/\/blogdiario.info\/magazine\/2023\/10\/09\/israel-se-compromete-a-aplastar-a-hamas\/","name":"Israel se compromete a aplastar a Ham\u00e1s - BlogDiario Magazine","isPartOf":{"@id":"https:\/\/blogdiario.info\/magazine\/#website"},"primaryImageOfPage":{"@id":"https:\/\/blogdiario.info\/magazine\/2023\/10\/09\/israel-se-compromete-a-aplastar-a-hamas\/#primaryimage"},"image":{"@id":"https:\/\/blogdiario.info\/magazine\/2023\/10\/09\/israel-se-compromete-a-aplastar-a-hamas\/#primaryimage"},"thumbnailUrl":"https:\/\/blogdiario.info\/magazine\/images\/2023\/10\/gazir_cov_20231009.jpg","datePublished":"2023-10-10T00:53:13+00:00","dateModified":"2023-10-10T07:15:28+00:00","description":"Llamas y humo salen de Gaza en medio de los bombardeos israel\u00edes","breadcrumb":{"@id":"https:\/\/blogdiario.info\/magazine\/2023\/10\/09\/israel-se-compromete-a-aplastar-a-hamas\/#breadcrumb"},"inLanguage":"es-AR","potentialAction":[{"@type":"ReadAction","target":["https:\/\/blogdiario.info\/magazine\/2023\/10\/09\/israel-se-compromete-a-aplastar-a-hamas\/"]}]},{"@type":"ImageObject","inLanguage":"es-AR","@id":"https:\/\/blogdiario.info\/magazine\/2023\/10\/09\/israel-se-compromete-a-aplastar-a-hamas\/#primaryimage","url":"https:\/\/blogdiario.info\/magazine\/images\/2023\/10\/gazir_cov_20231009.jpg","contentUrl":"https:\/\/blogdiario.info\/magazine\/images\/2023\/10\/gazir_cov_20231009.jpg","width":600,"height":400},{"@type":"BreadcrumbList","@id":"https:\/\/blogdiario.info\/magazine\/2023\/10\/09\/israel-se-compromete-a-aplastar-a-hamas\/#breadcrumb","itemListElement":[{"@type":"ListItem","position":1,"name":"Home","item":"https:\/\/blogdiario.info\/magazine\/"},{"@type":"ListItem","position":2,"name":"Israel se compromete a aplastar a Ham\u00e1s"}]},{"@type":"WebSite","@id":"https:\/\/blogdiario.info\/magazine\/#website","url":"https:\/\/blogdiario.info\/magazine\/","name":"BlogDiario Magazine","description":"Suplemento multiling\u00fce de ElCanillita.Info","publisher":{"@id":"https:\/\/blogdiario.info\/magazine\/#organization"},"potentialAction":[{"@type":"SearchAction","target":{"@type":"EntryPoint","urlTemplate":"https:\/\/blogdiario.info\/magazine\/?s={search_term_string}"},"query-input":{"@type":"PropertyValueSpecification","valueRequired":true,"valueName":"search_term_string"}}],"inLanguage":"es-AR"},{"@type":"Organization","@id":"https:\/\/blogdiario.info\/magazine\/#organization","name":"Guzzo Photos & Graphic Publications","url":"https:\/\/blogdiario.info\/magazine\/","logo":{"@type":"ImageObject","inLanguage":"es-AR","@id":"https:\/\/blogdiario.info\/magazine\/#\/schema\/logo\/image\/","url":"https:\/\/blogdiario.info\/magazine\/images\/2020\/01\/cropped-blogdia_magazine.jpg","contentUrl":"https:\/\/blogdiario.info\/magazine\/images\/2020\/01\/cropped-blogdia_magazine.jpg","width":589,"height":55,"caption":"Guzzo Photos & Graphic Publications"},"image":{"@id":"https:\/\/blogdiario.info\/magazine\/#\/schema\/logo\/image\/"}},{"@type":"Person","@id":"https:\/\/blogdiario.info\/magazine\/#\/schema\/person\/b2422fe85574d945bad55513bb0c7354","name":"World Press Service | Servicio de Prensa Mundial"}]}},"views":385,"_links":{"self":[{"href":"https:\/\/blogdiario.info\/magazine\/wp-json\/wp\/v2\/posts\/978","targetHints":{"allow":["GET"]}}],"collection":[{"href":"https:\/\/blogdiario.info\/magazine\/wp-json\/wp\/v2\/posts"}],"about":[{"href":"https:\/\/blogdiario.info\/magazine\/wp-json\/wp\/v2\/types\/post"}],"author":[{"embeddable":true,"href":"https:\/\/blogdiario.info\/magazine\/wp-json\/wp\/v2\/users\/1"}],"replies":[{"embeddable":true,"href":"https:\/\/blogdiario.info\/magazine\/wp-json\/wp\/v2\/comments?post=978"}],"version-history":[{"count":0,"href":"https:\/\/blogdiario.info\/magazine\/wp-json\/wp\/v2\/posts\/978\/revisions"}],"wp:featuredmedia":[{"embeddable":true,"href":"https:\/\/blogdiario.info\/magazine\/wp-json\/wp\/v2\/media\/979"}],"wp:attachment":[{"href":"https:\/\/blogdiario.info\/magazine\/wp-json\/wp\/v2\/media?parent=978"}],"wp:term":[{"taxonomy":"category","embeddable":true,"href":"https:\/\/blogdiario.info\/magazine\/wp-json\/wp\/v2\/categories?post=978"},{"taxonomy":"post_tag","embeddable":true,"href":"https:\/\/blogdiario.info\/magazine\/wp-json\/wp\/v2\/tags?post=978"}],"curies":[{"name":"wp","href":"https:\/\/api.w.org\/{rel}","templated":true}]}}