{"id":962,"date":"2023-10-08T10:54:16","date_gmt":"2023-10-08T13:54:16","guid":{"rendered":"https:\/\/blogdiario.info\/magazine\/?p=962"},"modified":"2023-10-08T10:54:17","modified_gmt":"2023-10-08T13:54:17","slug":"la-impensable-falla-de-seguridad-de-netanyahu","status":"publish","type":"post","link":"https:\/\/blogdiario.info\/magazine\/2023\/10\/08\/la-impensable-falla-de-seguridad-de-netanyahu\/","title":{"rendered":"La impensable falla de seguridad de Netanyahu"},"content":{"rendered":"\n<figure class=\"wp-block-image size-full\"><img loading=\"lazy\" decoding=\"async\" width=\"600\" height=\"400\" src=\"https:\/\/blogdiario.info\/magazine\/images\/2023\/10\/isra_20231008.jpg\" alt=\"\" class=\"wp-image-963\" srcset=\"https:\/\/blogdiario.info\/magazine\/images\/2023\/10\/isra_20231008.jpg 600w, https:\/\/blogdiario.info\/magazine\/images\/2023\/10\/isra_20231008-300x200.jpg 300w\" sizes=\"auto, (max-width: 600px) 100vw, 600px\" \/><figcaption class=\"wp-element-caption\">La conmoci\u00f3n de la guerra del Yom Kippur de 1973 y el ataque por sorpresa a Israel es un trauma nacional persistente<\/figcaption><\/figure>\n\n\n\n<p>Medio siglo y un d\u00eda despu\u00e9s del ataque por sorpresa de Egipto y Siria contra Israel en la Guerra de Yom Kippur de 1973, Israel sufri\u00f3 lo que es sin duda su mayor rev\u00e9s militar y fracaso de inteligencia en 50 a\u00f1os.<\/p>\n\n\n\n<p>A diferencia de la Guerra del Yom Kippur, cuando fue atacado por dos grandes ej\u00e9rcitos \u00e1rabes, Israel no se encuentra esta vez en peligro existencial. No cabe duda de su superioridad militar sobre Ham\u00e1s y las dem\u00e1s milicias palestinas que lo han atacado desde Gaza. Pero en cuanto al caos sobre el terreno, con equipos de combatientes de Ham\u00e1s volando secciones de la valla fronteriza, otros infiltr\u00e1ndose utilizando planeadores a motor y lanchas motoras en la orilla, entrando a raudales en Israel al amparo de una masiva descarga de cohetes lanzados desde el interior de Gaza, es un rev\u00e9s tan asombroso como entonces.<br><br>La conmoci\u00f3n de 1973 es un trauma nacional persistente, pero m\u00e1s de medio siglo despu\u00e9s se ha hecho mucho para restaurar la s\u00f3lida confianza de los israel\u00edes en su ej\u00e9rcito, y especialmente en sus servicios de inteligencia. Su \u00e9xito a la hora de frustrar atentados terroristas y de llegar a lo m\u00e1s profundo de Ir\u00e1n para eliminar a cient\u00edficos nucleares les llena de satisfacci\u00f3n. La vigilancia de Gaza, el enclave costero que desde 2007 est\u00e1 bajo control de Ham\u00e1s, es especialmente intensa. La inteligencia israel\u00ed tiene cientos de sensores electr\u00f3nicos centrados en la estrecha franja de tierra y todas las comunicaciones telef\u00f3nicas pasan por redes israel\u00edes.<\/p>\n\n\n\n<p> Es casi impensable que Ham\u00e1s haya conseguido preparar esta operaci\u00f3n -que habr\u00eda requerido meses de planificaci\u00f3n y entrenamiento- sin que los servicios de inteligencia israel\u00edes se enteraran. Una vez que se asiente la polvareda, lo que puede que no ocurra hasta dentro de un tiempo, habr\u00e1 un ajuste de cuentas masivo dentro de la c\u00fapula militar y pol\u00edtica de Israel. Un ex alto funcionario de inteligencia lo dijo simplemente: &#8220;Rodar\u00e1n cabezas en lo m\u00e1s alto&#8221;. Es muy posible que suceda como en la agitaci\u00f3n posterior a la guerra del Yom Kippur, que erosion\u00f3 la confianza en los dirigentes del pa\u00eds y condujo finalmente a la dimisi\u00f3n de Golda Meir como primera ministra y a la destituci\u00f3n de su partido laborista, que hab\u00eda estado en el poder desde la fundaci\u00f3n de Israel en 1948, cuatro a\u00f1os despu\u00e9s de la guerra.<\/p>\n\n\n\n<p>\u00bfC\u00f3mo afectar\u00e1 esto a Binyamin Netanyahu, el primer ministro m\u00e1s longevo de Israel, que volvi\u00f3 a ocupar su cargo hace tan s\u00f3lo nueve meses? Es demasiado pronto para calcular las consecuencias pol\u00edticas mientras los combates sigan en su apogeo.<\/p>\n\n\n\n<p>Netanyahu, de 73 a\u00f1os, es el \u00fanico dirigente israel\u00ed con edad suficiente para haber vivido de cerca el caos de la Guerra del Yom Kippur. En aquel momento era estudiante del MIT de Boston, pero acababa de cumplir cinco a\u00f1os de servicio como oficial en una unidad de \u00e9lite de las fuerzas especiales. Se apresur\u00f3 a llegar al aeropuerto JFK, donde embarc\u00f3 en uno de los primeros aviones de regreso a Israel y se uni\u00f3 a los combates, aunque fue trasladado de un lado a otro de los frentes egipcio y sirio, ya que la jerarqu\u00eda militar israel\u00ed no estaba segura de d\u00f3nde destinar sus fuerzas.<\/p>\n\n\n\n<p>Los recuerdos de ese per\u00edodo de incertidumbre y la agitaci\u00f3n pol\u00edtica y el se\u00f1alamiento con el dedo que se produjeron una vez que Israel hubo combatido a sus enemigos, a costa de m\u00e1s de 2.000 soldados muertos, estar\u00e1n ahora en el primer plano de su mente. Esta vez no podr\u00e1 simplemente subirse a un avi\u00f3n y volver a la vida civil una vez que todo haya terminado. Ser\u00e1 \u00e9l quien tenga que dar respuestas a la opini\u00f3n p\u00fablica israel\u00ed y, aunque puede esperar que \u00e9sta se una mientras duren los combates, sabe lo r\u00e1pido que la opini\u00f3n puede volverse en contra de los pol\u00edticos.<\/p>\n\n\n\n<ul class=\"wp-block-list\">\n<li>\u00bfQui\u00e9n es Ham\u00e1s y por qu\u00e9 ataca ahora? No hay forma de evitar la conclusi\u00f3n de que lo que es sin duda el peor rev\u00e9s militar de Israel en 50 a\u00f1os se ha producido bajo su mandato. Los partidarios de Netanyahu le han llamado en el pasado &#8220;Sr. Seguridad&#8221;, pero ese t\u00edtulo suena vacuo en estos momentos.<\/li>\n<\/ul>\n\n\n\n<figure class=\"wp-block-image size-full\"><img loading=\"lazy\" decoding=\"async\" width=\"600\" height=\"400\" src=\"https:\/\/blogdiario.info\/magazine\/images\/2023\/10\/isracov_20231008.jpg\" alt=\"\" class=\"wp-image-964\" srcset=\"https:\/\/blogdiario.info\/magazine\/images\/2023\/10\/isracov_20231008.jpg 600w, https:\/\/blogdiario.info\/magazine\/images\/2023\/10\/isracov_20231008-300x200.jpg 300w\" sizes=\"auto, (max-width: 600px) 100vw, 600px\" \/><figcaption class=\"wp-element-caption\">Netanyahu con Joe Biden en Nueva York en septiembre<\/figcaption><\/figure>\n\n\n\n<p>El regreso pol\u00edtico de Netanyahu y de su nueva coalici\u00f3n de extrema derecha al poder ha sido, hasta ahora, accidentado. El gobierno se ha visto sacudido por protestas masivas contra sus planes de debilitar el Tribunal Supremo, y miles de reservistas del ej\u00e9rcito han amenazado con suspender su servicio en se\u00f1al de protesta. Mientras tanto, se ha producido un colapso de la ley y el orden en Israel, con indices de asesinatos por las nubes. Y ahora esto.<\/p>\n\n\n\n<p>Al menos durante los pr\u00f3ximos d\u00edas, Netanyahu podr\u00e1 contar con un raro periodo de unidad israel\u00ed. El pa\u00eds se unir\u00e1 mientras entra en guerra y los muertos, que probablemente se cuentan por centenares, son llevados a descansar. Mucho depender\u00e1 entonces de c\u00f3mo se desarrolle la campa\u00f1a israel\u00ed en Gaza durante las pr\u00f3ximas semanas. Si el ej\u00e9rcito israel\u00ed entra en guerra, con muchas bajas en ambos bandos, pero no consigue eliminar a los dirigentes de Ham\u00e1s ni liberar a los israel\u00edes cautivos, la ira p\u00fablica por los fallos iniciales que llevaron al \u00e9xito del ataque de Ham\u00e1s se desbordar\u00e1. Si, de alg\u00fan modo, Israel consigue invertir la suerte en el campo de batalla de Gaza, Netanyahu intentar\u00e1 arregl\u00e1rselas con una comisi\u00f3n de investigaci\u00f3n que culpar\u00e1 a los jefes de los servicios de inteligencia pero le proteger\u00e1 a \u00e9l y a su gobierno.<\/p>\n\n\n\n<p>&#8220;Una vez que esto termine, se producir\u00e1 la madre de todas las fiestas de culpas&#8221;, predijo un ex general israel\u00ed. &#8220;Obviamente, Netanyahu culpar\u00e1 de esto al ej\u00e9rcito porque sabe c\u00f3mo manchar\u00e1 su legado, pero la historia recuerda a quienquiera que fuera el l\u00edder y esto es, en \u00faltima instancia, su responsabilidad&#8221;.<br><br><small>Copyright \u00a9 2023 ElCanillita.info \/ BlogDiario.info &#8211; SalaStampa.Eu, servicio mundial de prensa<\/small><\/p>\n","protected":false},"excerpt":{"rendered":"<p>Es el mayor rev\u00e9s militar y el mayor fracaso de los servicios de inteligencia en 50 a\u00f1os, y cuando termine, es probable que se producir\u00e1 la &#8220;Gran Fiesta de culpas&#8221;.<\/p>\n","protected":false},"author":1,"featured_media":965,"comment_status":"closed","ping_status":"closed","sticky":false,"template":"","format":"standard","meta":{"footnotes":"","_links_to":"","_links_to_target":""},"categories":[97,109,62,119,54],"tags":[],"class_list":["post-962","post","type-post","status-publish","format-standard","has-post-thumbnail","hentry","category-elcanillita","category-dc24","category-actualidad","category-guerra","category-medio-oriente","entry","rows"],"yoast_head":"<!-- This site is optimized with the Yoast SEO plugin v27.4 - https:\/\/yoast.com\/product\/yoast-seo-wordpress\/ -->\n<title>La impensable falla de seguridad de Netanyahu - BlogDiario Magazine<\/title>\n<meta name=\"description\" content=\"Es el mayor rev\u00e9s militar y el mayor fracaso de los servicios de inteligencia en 50 a\u00f1os, y cuando termine, es probable que se producir\u00e1 la &quot;Gran Fiesta de culpas&quot;.\" \/>\n<meta name=\"robots\" content=\"index, follow, max-snippet:-1, max-image-preview:large, max-video-preview:-1\" \/>\n<link rel=\"canonical\" href=\"https:\/\/blogdiario.info\/magazine\/2023\/10\/08\/la-impensable-falla-de-seguridad-de-netanyahu\/\" \/>\n<meta property=\"og:locale\" content=\"es_ES\" \/>\n<meta property=\"og:type\" content=\"article\" \/>\n<meta property=\"og:title\" content=\"La impensable falla de seguridad de Netanyahu - BlogDiario Magazine\" \/>\n<meta property=\"og:description\" content=\"Es el mayor rev\u00e9s militar y el mayor fracaso de los servicios de inteligencia en 50 a\u00f1os, y cuando termine, es probable que se producir\u00e1 la &quot;Gran Fiesta de culpas&quot;.\" \/>\n<meta property=\"og:url\" content=\"https:\/\/blogdiario.info\/magazine\/2023\/10\/08\/la-impensable-falla-de-seguridad-de-netanyahu\/\" \/>\n<meta property=\"og:site_name\" content=\"BlogDiario Magazine\" \/>\n<meta property=\"article:published_time\" content=\"2023-10-08T13:54:16+00:00\" \/>\n<meta property=\"article:modified_time\" content=\"2023-10-08T13:54:17+00:00\" \/>\n<meta property=\"og:image\" content=\"https:\/\/blogdiario.info\/magazine\/images\/2023\/10\/gaza_5_20231008.jpg\" \/>\n\t<meta property=\"og:image:width\" content=\"700\" \/>\n\t<meta property=\"og:image:height\" content=\"466\" \/>\n\t<meta property=\"og:image:type\" content=\"image\/jpeg\" \/>\n<meta name=\"author\" content=\"World Press Service | Servicio de Prensa Mundial\" \/>\n<meta name=\"twitter:card\" content=\"summary_large_image\" \/>\n<meta name=\"twitter:label1\" content=\"Escrito por\" \/>\n\t<meta name=\"twitter:data1\" content=\"World Press Service | Servicio de Prensa Mundial\" \/>\n\t<meta name=\"twitter:label2\" content=\"Tiempo de lectura\" \/>\n\t<meta name=\"twitter:data2\" content=\"6 minutos\" \/>\n<script type=\"application\/ld+json\" class=\"yoast-schema-graph\">{\"@context\":\"https:\\\/\\\/schema.org\",\"@graph\":[{\"@type\":\"Article\",\"@id\":\"https:\\\/\\\/blogdiario.info\\\/magazine\\\/2023\\\/10\\\/08\\\/la-impensable-falla-de-seguridad-de-netanyahu\\\/#article\",\"isPartOf\":{\"@id\":\"https:\\\/\\\/blogdiario.info\\\/magazine\\\/2023\\\/10\\\/08\\\/la-impensable-falla-de-seguridad-de-netanyahu\\\/\"},\"author\":{\"name\":\"World Press Service | Servicio de Prensa Mundial\",\"@id\":\"https:\\\/\\\/blogdiario.info\\\/magazine\\\/#\\\/schema\\\/person\\\/b2422fe85574d945bad55513bb0c7354\"},\"headline\":\"La impensable falla de seguridad de Netanyahu\",\"datePublished\":\"2023-10-08T13:54:16+00:00\",\"dateModified\":\"2023-10-08T13:54:17+00:00\",\"mainEntityOfPage\":{\"@id\":\"https:\\\/\\\/blogdiario.info\\\/magazine\\\/2023\\\/10\\\/08\\\/la-impensable-falla-de-seguridad-de-netanyahu\\\/\"},\"wordCount\":1097,\"publisher\":{\"@id\":\"https:\\\/\\\/blogdiario.info\\\/magazine\\\/#organization\"},\"image\":{\"@id\":\"https:\\\/\\\/blogdiario.info\\\/magazine\\\/2023\\\/10\\\/08\\\/la-impensable-falla-de-seguridad-de-netanyahu\\\/#primaryimage\"},\"thumbnailUrl\":\"https:\\\/\\\/blogdiario.info\\\/magazine\\\/images\\\/2023\\\/10\\\/gaza_5_20231008.jpg\",\"articleSection\":[\".\",\".\",\"Actualidad\",\"Guerra\",\"Medio Oriente\"],\"inLanguage\":\"es-AR\"},{\"@type\":\"WebPage\",\"@id\":\"https:\\\/\\\/blogdiario.info\\\/magazine\\\/2023\\\/10\\\/08\\\/la-impensable-falla-de-seguridad-de-netanyahu\\\/\",\"url\":\"https:\\\/\\\/blogdiario.info\\\/magazine\\\/2023\\\/10\\\/08\\\/la-impensable-falla-de-seguridad-de-netanyahu\\\/\",\"name\":\"La impensable falla de seguridad de Netanyahu - BlogDiario Magazine\",\"isPartOf\":{\"@id\":\"https:\\\/\\\/blogdiario.info\\\/magazine\\\/#website\"},\"primaryImageOfPage\":{\"@id\":\"https:\\\/\\\/blogdiario.info\\\/magazine\\\/2023\\\/10\\\/08\\\/la-impensable-falla-de-seguridad-de-netanyahu\\\/#primaryimage\"},\"image\":{\"@id\":\"https:\\\/\\\/blogdiario.info\\\/magazine\\\/2023\\\/10\\\/08\\\/la-impensable-falla-de-seguridad-de-netanyahu\\\/#primaryimage\"},\"thumbnailUrl\":\"https:\\\/\\\/blogdiario.info\\\/magazine\\\/images\\\/2023\\\/10\\\/gaza_5_20231008.jpg\",\"datePublished\":\"2023-10-08T13:54:16+00:00\",\"dateModified\":\"2023-10-08T13:54:17+00:00\",\"description\":\"Es el mayor rev\u00e9s militar y el mayor fracaso de los servicios de inteligencia en 50 a\u00f1os, y cuando termine, es probable que se producir\u00e1 la \\\"Gran Fiesta de culpas\\\".\",\"breadcrumb\":{\"@id\":\"https:\\\/\\\/blogdiario.info\\\/magazine\\\/2023\\\/10\\\/08\\\/la-impensable-falla-de-seguridad-de-netanyahu\\\/#breadcrumb\"},\"inLanguage\":\"es-AR\",\"potentialAction\":[{\"@type\":\"ReadAction\",\"target\":[\"https:\\\/\\\/blogdiario.info\\\/magazine\\\/2023\\\/10\\\/08\\\/la-impensable-falla-de-seguridad-de-netanyahu\\\/\"]}]},{\"@type\":\"ImageObject\",\"inLanguage\":\"es-AR\",\"@id\":\"https:\\\/\\\/blogdiario.info\\\/magazine\\\/2023\\\/10\\\/08\\\/la-impensable-falla-de-seguridad-de-netanyahu\\\/#primaryimage\",\"url\":\"https:\\\/\\\/blogdiario.info\\\/magazine\\\/images\\\/2023\\\/10\\\/gaza_5_20231008.jpg\",\"contentUrl\":\"https:\\\/\\\/blogdiario.info\\\/magazine\\\/images\\\/2023\\\/10\\\/gaza_5_20231008.jpg\",\"width\":700,\"height\":466},{\"@type\":\"BreadcrumbList\",\"@id\":\"https:\\\/\\\/blogdiario.info\\\/magazine\\\/2023\\\/10\\\/08\\\/la-impensable-falla-de-seguridad-de-netanyahu\\\/#breadcrumb\",\"itemListElement\":[{\"@type\":\"ListItem\",\"position\":1,\"name\":\"Home\",\"item\":\"https:\\\/\\\/blogdiario.info\\\/magazine\\\/\"},{\"@type\":\"ListItem\",\"position\":2,\"name\":\"La impensable falla de seguridad de Netanyahu\"}]},{\"@type\":\"WebSite\",\"@id\":\"https:\\\/\\\/blogdiario.info\\\/magazine\\\/#website\",\"url\":\"https:\\\/\\\/blogdiario.info\\\/magazine\\\/\",\"name\":\"BlogDiario Magazine\",\"description\":\"Suplemento multiling\u00fce de ElCanillita.Info\",\"publisher\":{\"@id\":\"https:\\\/\\\/blogdiario.info\\\/magazine\\\/#organization\"},\"potentialAction\":[{\"@type\":\"SearchAction\",\"target\":{\"@type\":\"EntryPoint\",\"urlTemplate\":\"https:\\\/\\\/blogdiario.info\\\/magazine\\\/?s={search_term_string}\"},\"query-input\":{\"@type\":\"PropertyValueSpecification\",\"valueRequired\":true,\"valueName\":\"search_term_string\"}}],\"inLanguage\":\"es-AR\"},{\"@type\":\"Organization\",\"@id\":\"https:\\\/\\\/blogdiario.info\\\/magazine\\\/#organization\",\"name\":\"Guzzo Photos & Graphic Publications\",\"url\":\"https:\\\/\\\/blogdiario.info\\\/magazine\\\/\",\"logo\":{\"@type\":\"ImageObject\",\"inLanguage\":\"es-AR\",\"@id\":\"https:\\\/\\\/blogdiario.info\\\/magazine\\\/#\\\/schema\\\/logo\\\/image\\\/\",\"url\":\"https:\\\/\\\/blogdiario.info\\\/magazine\\\/images\\\/2020\\\/01\\\/cropped-blogdia_magazine.jpg\",\"contentUrl\":\"https:\\\/\\\/blogdiario.info\\\/magazine\\\/images\\\/2020\\\/01\\\/cropped-blogdia_magazine.jpg\",\"width\":589,\"height\":55,\"caption\":\"Guzzo Photos & Graphic Publications\"},\"image\":{\"@id\":\"https:\\\/\\\/blogdiario.info\\\/magazine\\\/#\\\/schema\\\/logo\\\/image\\\/\"}},{\"@type\":\"Person\",\"@id\":\"https:\\\/\\\/blogdiario.info\\\/magazine\\\/#\\\/schema\\\/person\\\/b2422fe85574d945bad55513bb0c7354\",\"name\":\"World Press Service | Servicio de Prensa Mundial\"}]}<\/script>\n<!-- \/ Yoast SEO plugin. -->","yoast_head_json":{"title":"La impensable falla de seguridad de Netanyahu - BlogDiario Magazine","description":"Es el mayor rev\u00e9s militar y el mayor fracaso de los servicios de inteligencia en 50 a\u00f1os, y cuando termine, es probable que se producir\u00e1 la \"Gran Fiesta de culpas\".","robots":{"index":"index","follow":"follow","max-snippet":"max-snippet:-1","max-image-preview":"max-image-preview:large","max-video-preview":"max-video-preview:-1"},"canonical":"https:\/\/blogdiario.info\/magazine\/2023\/10\/08\/la-impensable-falla-de-seguridad-de-netanyahu\/","og_locale":"es_ES","og_type":"article","og_title":"La impensable falla de seguridad de Netanyahu - BlogDiario Magazine","og_description":"Es el mayor rev\u00e9s militar y el mayor fracaso de los servicios de inteligencia en 50 a\u00f1os, y cuando termine, es probable que se producir\u00e1 la \"Gran Fiesta de culpas\".","og_url":"https:\/\/blogdiario.info\/magazine\/2023\/10\/08\/la-impensable-falla-de-seguridad-de-netanyahu\/","og_site_name":"BlogDiario Magazine","article_published_time":"2023-10-08T13:54:16+00:00","article_modified_time":"2023-10-08T13:54:17+00:00","og_image":[{"width":700,"height":466,"url":"https:\/\/blogdiario.info\/magazine\/images\/2023\/10\/gaza_5_20231008.jpg","type":"image\/jpeg"}],"author":"World Press Service | Servicio de Prensa Mundial","twitter_card":"summary_large_image","twitter_misc":{"Escrito por":"World Press Service | Servicio de Prensa Mundial","Tiempo de lectura":"6 minutos"},"schema":{"@context":"https:\/\/schema.org","@graph":[{"@type":"Article","@id":"https:\/\/blogdiario.info\/magazine\/2023\/10\/08\/la-impensable-falla-de-seguridad-de-netanyahu\/#article","isPartOf":{"@id":"https:\/\/blogdiario.info\/magazine\/2023\/10\/08\/la-impensable-falla-de-seguridad-de-netanyahu\/"},"author":{"name":"World Press Service | Servicio de Prensa Mundial","@id":"https:\/\/blogdiario.info\/magazine\/#\/schema\/person\/b2422fe85574d945bad55513bb0c7354"},"headline":"La impensable falla de seguridad de Netanyahu","datePublished":"2023-10-08T13:54:16+00:00","dateModified":"2023-10-08T13:54:17+00:00","mainEntityOfPage":{"@id":"https:\/\/blogdiario.info\/magazine\/2023\/10\/08\/la-impensable-falla-de-seguridad-de-netanyahu\/"},"wordCount":1097,"publisher":{"@id":"https:\/\/blogdiario.info\/magazine\/#organization"},"image":{"@id":"https:\/\/blogdiario.info\/magazine\/2023\/10\/08\/la-impensable-falla-de-seguridad-de-netanyahu\/#primaryimage"},"thumbnailUrl":"https:\/\/blogdiario.info\/magazine\/images\/2023\/10\/gaza_5_20231008.jpg","articleSection":[".",".","Actualidad","Guerra","Medio Oriente"],"inLanguage":"es-AR"},{"@type":"WebPage","@id":"https:\/\/blogdiario.info\/magazine\/2023\/10\/08\/la-impensable-falla-de-seguridad-de-netanyahu\/","url":"https:\/\/blogdiario.info\/magazine\/2023\/10\/08\/la-impensable-falla-de-seguridad-de-netanyahu\/","name":"La impensable falla de seguridad de Netanyahu - BlogDiario Magazine","isPartOf":{"@id":"https:\/\/blogdiario.info\/magazine\/#website"},"primaryImageOfPage":{"@id":"https:\/\/blogdiario.info\/magazine\/2023\/10\/08\/la-impensable-falla-de-seguridad-de-netanyahu\/#primaryimage"},"image":{"@id":"https:\/\/blogdiario.info\/magazine\/2023\/10\/08\/la-impensable-falla-de-seguridad-de-netanyahu\/#primaryimage"},"thumbnailUrl":"https:\/\/blogdiario.info\/magazine\/images\/2023\/10\/gaza_5_20231008.jpg","datePublished":"2023-10-08T13:54:16+00:00","dateModified":"2023-10-08T13:54:17+00:00","description":"Es el mayor rev\u00e9s militar y el mayor fracaso de los servicios de inteligencia en 50 a\u00f1os, y cuando termine, es probable que se producir\u00e1 la \"Gran Fiesta de culpas\".","breadcrumb":{"@id":"https:\/\/blogdiario.info\/magazine\/2023\/10\/08\/la-impensable-falla-de-seguridad-de-netanyahu\/#breadcrumb"},"inLanguage":"es-AR","potentialAction":[{"@type":"ReadAction","target":["https:\/\/blogdiario.info\/magazine\/2023\/10\/08\/la-impensable-falla-de-seguridad-de-netanyahu\/"]}]},{"@type":"ImageObject","inLanguage":"es-AR","@id":"https:\/\/blogdiario.info\/magazine\/2023\/10\/08\/la-impensable-falla-de-seguridad-de-netanyahu\/#primaryimage","url":"https:\/\/blogdiario.info\/magazine\/images\/2023\/10\/gaza_5_20231008.jpg","contentUrl":"https:\/\/blogdiario.info\/magazine\/images\/2023\/10\/gaza_5_20231008.jpg","width":700,"height":466},{"@type":"BreadcrumbList","@id":"https:\/\/blogdiario.info\/magazine\/2023\/10\/08\/la-impensable-falla-de-seguridad-de-netanyahu\/#breadcrumb","itemListElement":[{"@type":"ListItem","position":1,"name":"Home","item":"https:\/\/blogdiario.info\/magazine\/"},{"@type":"ListItem","position":2,"name":"La impensable falla de seguridad de Netanyahu"}]},{"@type":"WebSite","@id":"https:\/\/blogdiario.info\/magazine\/#website","url":"https:\/\/blogdiario.info\/magazine\/","name":"BlogDiario Magazine","description":"Suplemento multiling\u00fce de ElCanillita.Info","publisher":{"@id":"https:\/\/blogdiario.info\/magazine\/#organization"},"potentialAction":[{"@type":"SearchAction","target":{"@type":"EntryPoint","urlTemplate":"https:\/\/blogdiario.info\/magazine\/?s={search_term_string}"},"query-input":{"@type":"PropertyValueSpecification","valueRequired":true,"valueName":"search_term_string"}}],"inLanguage":"es-AR"},{"@type":"Organization","@id":"https:\/\/blogdiario.info\/magazine\/#organization","name":"Guzzo Photos & Graphic Publications","url":"https:\/\/blogdiario.info\/magazine\/","logo":{"@type":"ImageObject","inLanguage":"es-AR","@id":"https:\/\/blogdiario.info\/magazine\/#\/schema\/logo\/image\/","url":"https:\/\/blogdiario.info\/magazine\/images\/2020\/01\/cropped-blogdia_magazine.jpg","contentUrl":"https:\/\/blogdiario.info\/magazine\/images\/2020\/01\/cropped-blogdia_magazine.jpg","width":589,"height":55,"caption":"Guzzo Photos & Graphic Publications"},"image":{"@id":"https:\/\/blogdiario.info\/magazine\/#\/schema\/logo\/image\/"}},{"@type":"Person","@id":"https:\/\/blogdiario.info\/magazine\/#\/schema\/person\/b2422fe85574d945bad55513bb0c7354","name":"World Press Service | Servicio de Prensa Mundial"}]}},"views":430,"_links":{"self":[{"href":"https:\/\/blogdiario.info\/magazine\/wp-json\/wp\/v2\/posts\/962","targetHints":{"allow":["GET"]}}],"collection":[{"href":"https:\/\/blogdiario.info\/magazine\/wp-json\/wp\/v2\/posts"}],"about":[{"href":"https:\/\/blogdiario.info\/magazine\/wp-json\/wp\/v2\/types\/post"}],"author":[{"embeddable":true,"href":"https:\/\/blogdiario.info\/magazine\/wp-json\/wp\/v2\/users\/1"}],"replies":[{"embeddable":true,"href":"https:\/\/blogdiario.info\/magazine\/wp-json\/wp\/v2\/comments?post=962"}],"version-history":[{"count":0,"href":"https:\/\/blogdiario.info\/magazine\/wp-json\/wp\/v2\/posts\/962\/revisions"}],"wp:featuredmedia":[{"embeddable":true,"href":"https:\/\/blogdiario.info\/magazine\/wp-json\/wp\/v2\/media\/965"}],"wp:attachment":[{"href":"https:\/\/blogdiario.info\/magazine\/wp-json\/wp\/v2\/media?parent=962"}],"wp:term":[{"taxonomy":"category","embeddable":true,"href":"https:\/\/blogdiario.info\/magazine\/wp-json\/wp\/v2\/categories?post=962"},{"taxonomy":"post_tag","embeddable":true,"href":"https:\/\/blogdiario.info\/magazine\/wp-json\/wp\/v2\/tags?post=962"}],"curies":[{"name":"wp","href":"https:\/\/api.w.org\/{rel}","templated":true}]}}