{"id":958,"date":"2023-10-06T10:20:58","date_gmt":"2023-10-06T13:20:58","guid":{"rendered":"https:\/\/blogdiario.info\/magazine\/?p=958"},"modified":"2023-10-06T10:22:15","modified_gmt":"2023-10-06T13:22:15","slug":"no-bastan-las-buenas-intenciones-de-meloni-y-sunak-para-detener-el-trafico-de-personas","status":"publish","type":"post","link":"https:\/\/blogdiario.info\/magazine\/2023\/10\/06\/no-bastan-las-buenas-intenciones-de-meloni-y-sunak-para-detener-el-trafico-de-personas\/","title":{"rendered":"No bastan las buenas intenciones de Meloni y Sunak para detener el trafico de personas"},"content":{"rendered":"\n<figure class=\"wp-block-image size-full\"><img loading=\"lazy\" decoding=\"async\" width=\"600\" height=\"336\" src=\"https:\/\/blogdiario.info\/magazine\/images\/2023\/10\/Meloni_20231006.jpg\" alt=\"\" class=\"wp-image-959\" srcset=\"https:\/\/blogdiario.info\/magazine\/images\/2023\/10\/Meloni_20231006.jpg 600w, https:\/\/blogdiario.info\/magazine\/images\/2023\/10\/Meloni_20231006-300x168.jpg 300w\" sizes=\"auto, (max-width: 600px) 100vw, 600px\" \/><\/figure>\n\n\n\n<p><strong>BlogDiario.info,  6\/10\/2023<\/strong><br>Un a\u00f1o despu\u00e9s de la victoria electoral de Giorgia Meloni, que fue recibida con el temor de que se convirtiera en un caso at\u00edpico en Europa debido a las ra\u00edces fascistas de su partido, la primera ministra italiana se mostr\u00f3 el jueves en Granada como un miembro m\u00e1s del club de l\u00edderes europeos.<\/p>\n\n\n\n<p>A su encuentro con Rishi Sunak en la reuni\u00f3n de la Comunidad Pol\u00edtica Europea para hablar de la espiral migratoria -este a\u00f1o han llegado a Italia 135.000 inmigrantes- se sumaron l\u00edderes de Francia, Pa\u00edses Bajos y Albania, sin olvidar a la jefa de la Comisi\u00f3n Europea, Ursula von der Leyen, lo que demuestra que Italia y el Reino Unido marcaron la agenda de la reuni\u00f3n.<\/p>\n\n\n\n<p>Desde su elecci\u00f3n, Meloni ha luchado contra la inmigraci\u00f3n ilegal, pero ha refrenado las teor\u00edas de la conspiraci\u00f3n del &#8220;Gran Reemplazo&#8221; que una vez pregon\u00f3 sobre los inmigrantes reclutados por George Soros para diluir los salarios, y ha evitado el racismo en las redes sociales practicado por su aliado de coalici\u00f3n Matteo Salvini.<\/p>\n\n\n\n<p>Al abstenerse de arremeter contra la Uni\u00f3n Europea como hac\u00eda antes, se ha visto recompensada por el apoyo de von der Leyen, que la acompa\u00f1\u00f3 en julio en una visita al presidente tunecino Saied para ofrecerle millones de la UE para detener la llegada de los barcos. Sin embargo, detr\u00e1s de la promesa de combatir el tr\u00e1fico de personas, como se expone en su art\u00edculo en The Times coescrito con Sunak, se esconden algunas realidades inc\u00f3modas, empezando por T\u00fanez.<\/p>\n\n\n\n<p>A pesar de las promesas de dinero de Meloni y von der Leyen, los embarques desde T\u00fanez se dispararon este verano entre sospechas de que Saied dejaba pasar a los inmigrantes, bien porque el dinero a\u00fan no hab\u00eda llegado, bien porque estaba enfadado por las peticiones de reforma de su gobierno, cada vez m\u00e1s autocr\u00e1tico, o bien porque sent\u00eda que ten\u00eda a la UE en un aprieto y pod\u00eda presionar para conseguir m\u00e1s dinero.<\/p>\n\n\n\n<p>Esta semana, el irritado comisario europeo Oliver Varhelyi dijo a Saied que era libre de &#8220;devolver&#8221; los 60 millones de libras que, seg\u00fan \u00e9l, hab\u00edan llegado a T\u00fanez.<\/p>\n\n\n\n<p>En Libia, Italia lleva mucho tiempo proporcionando a los guardacostas locales lanchas patrulleras que interceptan a los inmigrantes, quienes, sin embargo, suelen ser devueltos r\u00e1pidamente a los traficantes, que les exigen m\u00e1s dinero para otro viaje. Algunos son devueltos, otros consiguen pasar, muchos mueren ahogados\u2026 una situaci\u00f3n dif\u00edcilmente aceptable para Europa.<\/p>\n\n\n\n<p>Meloni y Sunak necesitar\u00e1n algo m\u00e1s que buena voluntad en Granada para resolver estas espinosas cuestiones.<br><br><small>Copyright \u00a9 2023 ElCanillita.info \/ BlogDiario.info &#8211; SalaStampa.Eu, servicio mundial de prensa<\/small><\/p>\n","protected":false},"excerpt":{"rendered":"<p>Un a\u00f1o despu\u00e9s de la victoria electoral de Giorgia Meloni, se mostr\u00f3 el jueves en Granada como un miembro m\u00e1s del club de l\u00edderes europeos.<\/p>\n","protected":false},"author":1,"featured_media":959,"comment_status":"closed","ping_status":"closed","sticky":false,"template":"","format":"standard","meta":{"footnotes":"","_links_to":"","_links_to_target":""},"categories":[97,109,62,41],"tags":[118],"class_list":["post-958","post","type-post","status-publish","format-standard","has-post-thumbnail","hentry","category-elcanillita","category-dc24","category-actualidad","category-politica-esp","tag-espana","entry","rows"],"yoast_head":"<!-- This site is optimized with the Yoast SEO plugin v27.4 - https:\/\/yoast.com\/product\/yoast-seo-wordpress\/ -->\n<title>No bastan las buenas intenciones de Meloni y Sunak para detener el trafico de personas - BlogDiario Magazine<\/title>\n<meta name=\"description\" content=\"Un a\u00f1o despu\u00e9s de la victoria electoral de Giorgia Meloni, se mostr\u00f3 el jueves en Granada como un miembro m\u00e1s del club de l\u00edderes europeos.\" \/>\n<meta name=\"robots\" content=\"index, follow, max-snippet:-1, max-image-preview:large, max-video-preview:-1\" \/>\n<link rel=\"canonical\" href=\"https:\/\/blogdiario.info\/magazine\/2023\/10\/06\/no-bastan-las-buenas-intenciones-de-meloni-y-sunak-para-detener-el-trafico-de-personas\/\" \/>\n<meta property=\"og:locale\" content=\"es_ES\" \/>\n<meta property=\"og:type\" content=\"article\" \/>\n<meta property=\"og:title\" content=\"No bastan las buenas intenciones de Meloni y Sunak para detener el trafico de personas - BlogDiario Magazine\" \/>\n<meta property=\"og:description\" content=\"Un a\u00f1o despu\u00e9s de la victoria electoral de Giorgia Meloni, se mostr\u00f3 el jueves en Granada como un miembro m\u00e1s del club de l\u00edderes europeos.\" \/>\n<meta property=\"og:url\" content=\"https:\/\/blogdiario.info\/magazine\/2023\/10\/06\/no-bastan-las-buenas-intenciones-de-meloni-y-sunak-para-detener-el-trafico-de-personas\/\" \/>\n<meta property=\"og:site_name\" content=\"BlogDiario Magazine\" \/>\n<meta property=\"article:published_time\" content=\"2023-10-06T13:20:58+00:00\" \/>\n<meta property=\"article:modified_time\" content=\"2023-10-06T13:22:15+00:00\" \/>\n<meta property=\"og:image\" content=\"https:\/\/blogdiario.info\/magazine\/images\/2023\/10\/Meloni_20231006.jpg\" \/>\n\t<meta property=\"og:image:width\" content=\"600\" \/>\n\t<meta property=\"og:image:height\" content=\"336\" \/>\n\t<meta property=\"og:image:type\" content=\"image\/jpeg\" \/>\n<meta name=\"author\" content=\"World Press Service | Servicio de Prensa Mundial\" \/>\n<meta name=\"twitter:card\" content=\"summary_large_image\" \/>\n<meta name=\"twitter:label1\" content=\"Escrito por\" \/>\n\t<meta name=\"twitter:data1\" content=\"World Press Service | Servicio de Prensa Mundial\" \/>\n\t<meta name=\"twitter:label2\" content=\"Tiempo de lectura\" \/>\n\t<meta name=\"twitter:data2\" content=\"3 minutos\" \/>\n<script type=\"application\/ld+json\" class=\"yoast-schema-graph\">{\"@context\":\"https:\\\/\\\/schema.org\",\"@graph\":[{\"@type\":\"Article\",\"@id\":\"https:\\\/\\\/blogdiario.info\\\/magazine\\\/2023\\\/10\\\/06\\\/no-bastan-las-buenas-intenciones-de-meloni-y-sunak-para-detener-el-trafico-de-personas\\\/#article\",\"isPartOf\":{\"@id\":\"https:\\\/\\\/blogdiario.info\\\/magazine\\\/2023\\\/10\\\/06\\\/no-bastan-las-buenas-intenciones-de-meloni-y-sunak-para-detener-el-trafico-de-personas\\\/\"},\"author\":{\"name\":\"World Press Service | Servicio de Prensa Mundial\",\"@id\":\"https:\\\/\\\/blogdiario.info\\\/magazine\\\/#\\\/schema\\\/person\\\/b2422fe85574d945bad55513bb0c7354\"},\"headline\":\"No bastan las buenas intenciones de Meloni y Sunak para detener el trafico de personas\",\"datePublished\":\"2023-10-06T13:20:58+00:00\",\"dateModified\":\"2023-10-06T13:22:15+00:00\",\"mainEntityOfPage\":{\"@id\":\"https:\\\/\\\/blogdiario.info\\\/magazine\\\/2023\\\/10\\\/06\\\/no-bastan-las-buenas-intenciones-de-meloni-y-sunak-para-detener-el-trafico-de-personas\\\/\"},\"wordCount\":489,\"publisher\":{\"@id\":\"https:\\\/\\\/blogdiario.info\\\/magazine\\\/#organization\"},\"image\":{\"@id\":\"https:\\\/\\\/blogdiario.info\\\/magazine\\\/2023\\\/10\\\/06\\\/no-bastan-las-buenas-intenciones-de-meloni-y-sunak-para-detener-el-trafico-de-personas\\\/#primaryimage\"},\"thumbnailUrl\":\"https:\\\/\\\/blogdiario.info\\\/magazine\\\/images\\\/2023\\\/10\\\/Meloni_20231006.jpg\",\"keywords\":[\"Espa\u00f1a\"],\"articleSection\":[\".\",\".\",\"Actualidad\",\"Politica\"],\"inLanguage\":\"es-AR\"},{\"@type\":\"WebPage\",\"@id\":\"https:\\\/\\\/blogdiario.info\\\/magazine\\\/2023\\\/10\\\/06\\\/no-bastan-las-buenas-intenciones-de-meloni-y-sunak-para-detener-el-trafico-de-personas\\\/\",\"url\":\"https:\\\/\\\/blogdiario.info\\\/magazine\\\/2023\\\/10\\\/06\\\/no-bastan-las-buenas-intenciones-de-meloni-y-sunak-para-detener-el-trafico-de-personas\\\/\",\"name\":\"No bastan las buenas intenciones de Meloni y Sunak para detener el trafico de personas - BlogDiario Magazine\",\"isPartOf\":{\"@id\":\"https:\\\/\\\/blogdiario.info\\\/magazine\\\/#website\"},\"primaryImageOfPage\":{\"@id\":\"https:\\\/\\\/blogdiario.info\\\/magazine\\\/2023\\\/10\\\/06\\\/no-bastan-las-buenas-intenciones-de-meloni-y-sunak-para-detener-el-trafico-de-personas\\\/#primaryimage\"},\"image\":{\"@id\":\"https:\\\/\\\/blogdiario.info\\\/magazine\\\/2023\\\/10\\\/06\\\/no-bastan-las-buenas-intenciones-de-meloni-y-sunak-para-detener-el-trafico-de-personas\\\/#primaryimage\"},\"thumbnailUrl\":\"https:\\\/\\\/blogdiario.info\\\/magazine\\\/images\\\/2023\\\/10\\\/Meloni_20231006.jpg\",\"datePublished\":\"2023-10-06T13:20:58+00:00\",\"dateModified\":\"2023-10-06T13:22:15+00:00\",\"description\":\"Un a\u00f1o despu\u00e9s de la victoria electoral de Giorgia Meloni, se mostr\u00f3 el jueves en Granada como un miembro m\u00e1s del club de l\u00edderes europeos.\",\"breadcrumb\":{\"@id\":\"https:\\\/\\\/blogdiario.info\\\/magazine\\\/2023\\\/10\\\/06\\\/no-bastan-las-buenas-intenciones-de-meloni-y-sunak-para-detener-el-trafico-de-personas\\\/#breadcrumb\"},\"inLanguage\":\"es-AR\",\"potentialAction\":[{\"@type\":\"ReadAction\",\"target\":[\"https:\\\/\\\/blogdiario.info\\\/magazine\\\/2023\\\/10\\\/06\\\/no-bastan-las-buenas-intenciones-de-meloni-y-sunak-para-detener-el-trafico-de-personas\\\/\"]}]},{\"@type\":\"ImageObject\",\"inLanguage\":\"es-AR\",\"@id\":\"https:\\\/\\\/blogdiario.info\\\/magazine\\\/2023\\\/10\\\/06\\\/no-bastan-las-buenas-intenciones-de-meloni-y-sunak-para-detener-el-trafico-de-personas\\\/#primaryimage\",\"url\":\"https:\\\/\\\/blogdiario.info\\\/magazine\\\/images\\\/2023\\\/10\\\/Meloni_20231006.jpg\",\"contentUrl\":\"https:\\\/\\\/blogdiario.info\\\/magazine\\\/images\\\/2023\\\/10\\\/Meloni_20231006.jpg\",\"width\":600,\"height\":336},{\"@type\":\"BreadcrumbList\",\"@id\":\"https:\\\/\\\/blogdiario.info\\\/magazine\\\/2023\\\/10\\\/06\\\/no-bastan-las-buenas-intenciones-de-meloni-y-sunak-para-detener-el-trafico-de-personas\\\/#breadcrumb\",\"itemListElement\":[{\"@type\":\"ListItem\",\"position\":1,\"name\":\"Home\",\"item\":\"https:\\\/\\\/blogdiario.info\\\/magazine\\\/\"},{\"@type\":\"ListItem\",\"position\":2,\"name\":\"No bastan las buenas intenciones de Meloni y Sunak para detener el trafico de personas\"}]},{\"@type\":\"WebSite\",\"@id\":\"https:\\\/\\\/blogdiario.info\\\/magazine\\\/#website\",\"url\":\"https:\\\/\\\/blogdiario.info\\\/magazine\\\/\",\"name\":\"BlogDiario Magazine\",\"description\":\"Suplemento multiling\u00fce de ElCanillita.Info\",\"publisher\":{\"@id\":\"https:\\\/\\\/blogdiario.info\\\/magazine\\\/#organization\"},\"potentialAction\":[{\"@type\":\"SearchAction\",\"target\":{\"@type\":\"EntryPoint\",\"urlTemplate\":\"https:\\\/\\\/blogdiario.info\\\/magazine\\\/?s={search_term_string}\"},\"query-input\":{\"@type\":\"PropertyValueSpecification\",\"valueRequired\":true,\"valueName\":\"search_term_string\"}}],\"inLanguage\":\"es-AR\"},{\"@type\":\"Organization\",\"@id\":\"https:\\\/\\\/blogdiario.info\\\/magazine\\\/#organization\",\"name\":\"Guzzo Photos & Graphic Publications\",\"url\":\"https:\\\/\\\/blogdiario.info\\\/magazine\\\/\",\"logo\":{\"@type\":\"ImageObject\",\"inLanguage\":\"es-AR\",\"@id\":\"https:\\\/\\\/blogdiario.info\\\/magazine\\\/#\\\/schema\\\/logo\\\/image\\\/\",\"url\":\"https:\\\/\\\/blogdiario.info\\\/magazine\\\/images\\\/2020\\\/01\\\/cropped-blogdia_magazine.jpg\",\"contentUrl\":\"https:\\\/\\\/blogdiario.info\\\/magazine\\\/images\\\/2020\\\/01\\\/cropped-blogdia_magazine.jpg\",\"width\":589,\"height\":55,\"caption\":\"Guzzo Photos & Graphic Publications\"},\"image\":{\"@id\":\"https:\\\/\\\/blogdiario.info\\\/magazine\\\/#\\\/schema\\\/logo\\\/image\\\/\"}},{\"@type\":\"Person\",\"@id\":\"https:\\\/\\\/blogdiario.info\\\/magazine\\\/#\\\/schema\\\/person\\\/b2422fe85574d945bad55513bb0c7354\",\"name\":\"World Press Service | Servicio de Prensa Mundial\"}]}<\/script>\n<!-- \/ Yoast SEO plugin. -->","yoast_head_json":{"title":"No bastan las buenas intenciones de Meloni y Sunak para detener el trafico de personas - BlogDiario Magazine","description":"Un a\u00f1o despu\u00e9s de la victoria electoral de Giorgia Meloni, se mostr\u00f3 el jueves en Granada como un miembro m\u00e1s del club de l\u00edderes europeos.","robots":{"index":"index","follow":"follow","max-snippet":"max-snippet:-1","max-image-preview":"max-image-preview:large","max-video-preview":"max-video-preview:-1"},"canonical":"https:\/\/blogdiario.info\/magazine\/2023\/10\/06\/no-bastan-las-buenas-intenciones-de-meloni-y-sunak-para-detener-el-trafico-de-personas\/","og_locale":"es_ES","og_type":"article","og_title":"No bastan las buenas intenciones de Meloni y Sunak para detener el trafico de personas - BlogDiario Magazine","og_description":"Un a\u00f1o despu\u00e9s de la victoria electoral de Giorgia Meloni, se mostr\u00f3 el jueves en Granada como un miembro m\u00e1s del club de l\u00edderes europeos.","og_url":"https:\/\/blogdiario.info\/magazine\/2023\/10\/06\/no-bastan-las-buenas-intenciones-de-meloni-y-sunak-para-detener-el-trafico-de-personas\/","og_site_name":"BlogDiario Magazine","article_published_time":"2023-10-06T13:20:58+00:00","article_modified_time":"2023-10-06T13:22:15+00:00","og_image":[{"width":600,"height":336,"url":"https:\/\/blogdiario.info\/magazine\/images\/2023\/10\/Meloni_20231006.jpg","type":"image\/jpeg"}],"author":"World Press Service | Servicio de Prensa Mundial","twitter_card":"summary_large_image","twitter_misc":{"Escrito por":"World Press Service | Servicio de Prensa Mundial","Tiempo de lectura":"3 minutos"},"schema":{"@context":"https:\/\/schema.org","@graph":[{"@type":"Article","@id":"https:\/\/blogdiario.info\/magazine\/2023\/10\/06\/no-bastan-las-buenas-intenciones-de-meloni-y-sunak-para-detener-el-trafico-de-personas\/#article","isPartOf":{"@id":"https:\/\/blogdiario.info\/magazine\/2023\/10\/06\/no-bastan-las-buenas-intenciones-de-meloni-y-sunak-para-detener-el-trafico-de-personas\/"},"author":{"name":"World Press Service | Servicio de Prensa Mundial","@id":"https:\/\/blogdiario.info\/magazine\/#\/schema\/person\/b2422fe85574d945bad55513bb0c7354"},"headline":"No bastan las buenas intenciones de Meloni y Sunak para detener el trafico de personas","datePublished":"2023-10-06T13:20:58+00:00","dateModified":"2023-10-06T13:22:15+00:00","mainEntityOfPage":{"@id":"https:\/\/blogdiario.info\/magazine\/2023\/10\/06\/no-bastan-las-buenas-intenciones-de-meloni-y-sunak-para-detener-el-trafico-de-personas\/"},"wordCount":489,"publisher":{"@id":"https:\/\/blogdiario.info\/magazine\/#organization"},"image":{"@id":"https:\/\/blogdiario.info\/magazine\/2023\/10\/06\/no-bastan-las-buenas-intenciones-de-meloni-y-sunak-para-detener-el-trafico-de-personas\/#primaryimage"},"thumbnailUrl":"https:\/\/blogdiario.info\/magazine\/images\/2023\/10\/Meloni_20231006.jpg","keywords":["Espa\u00f1a"],"articleSection":[".",".","Actualidad","Politica"],"inLanguage":"es-AR"},{"@type":"WebPage","@id":"https:\/\/blogdiario.info\/magazine\/2023\/10\/06\/no-bastan-las-buenas-intenciones-de-meloni-y-sunak-para-detener-el-trafico-de-personas\/","url":"https:\/\/blogdiario.info\/magazine\/2023\/10\/06\/no-bastan-las-buenas-intenciones-de-meloni-y-sunak-para-detener-el-trafico-de-personas\/","name":"No bastan las buenas intenciones de Meloni y Sunak para detener el trafico de personas - BlogDiario Magazine","isPartOf":{"@id":"https:\/\/blogdiario.info\/magazine\/#website"},"primaryImageOfPage":{"@id":"https:\/\/blogdiario.info\/magazine\/2023\/10\/06\/no-bastan-las-buenas-intenciones-de-meloni-y-sunak-para-detener-el-trafico-de-personas\/#primaryimage"},"image":{"@id":"https:\/\/blogdiario.info\/magazine\/2023\/10\/06\/no-bastan-las-buenas-intenciones-de-meloni-y-sunak-para-detener-el-trafico-de-personas\/#primaryimage"},"thumbnailUrl":"https:\/\/blogdiario.info\/magazine\/images\/2023\/10\/Meloni_20231006.jpg","datePublished":"2023-10-06T13:20:58+00:00","dateModified":"2023-10-06T13:22:15+00:00","description":"Un a\u00f1o despu\u00e9s de la victoria electoral de Giorgia Meloni, se mostr\u00f3 el jueves en Granada como un miembro m\u00e1s del club de l\u00edderes europeos.","breadcrumb":{"@id":"https:\/\/blogdiario.info\/magazine\/2023\/10\/06\/no-bastan-las-buenas-intenciones-de-meloni-y-sunak-para-detener-el-trafico-de-personas\/#breadcrumb"},"inLanguage":"es-AR","potentialAction":[{"@type":"ReadAction","target":["https:\/\/blogdiario.info\/magazine\/2023\/10\/06\/no-bastan-las-buenas-intenciones-de-meloni-y-sunak-para-detener-el-trafico-de-personas\/"]}]},{"@type":"ImageObject","inLanguage":"es-AR","@id":"https:\/\/blogdiario.info\/magazine\/2023\/10\/06\/no-bastan-las-buenas-intenciones-de-meloni-y-sunak-para-detener-el-trafico-de-personas\/#primaryimage","url":"https:\/\/blogdiario.info\/magazine\/images\/2023\/10\/Meloni_20231006.jpg","contentUrl":"https:\/\/blogdiario.info\/magazine\/images\/2023\/10\/Meloni_20231006.jpg","width":600,"height":336},{"@type":"BreadcrumbList","@id":"https:\/\/blogdiario.info\/magazine\/2023\/10\/06\/no-bastan-las-buenas-intenciones-de-meloni-y-sunak-para-detener-el-trafico-de-personas\/#breadcrumb","itemListElement":[{"@type":"ListItem","position":1,"name":"Home","item":"https:\/\/blogdiario.info\/magazine\/"},{"@type":"ListItem","position":2,"name":"No bastan las buenas intenciones de Meloni y Sunak para detener el trafico de personas"}]},{"@type":"WebSite","@id":"https:\/\/blogdiario.info\/magazine\/#website","url":"https:\/\/blogdiario.info\/magazine\/","name":"BlogDiario Magazine","description":"Suplemento multiling\u00fce de ElCanillita.Info","publisher":{"@id":"https:\/\/blogdiario.info\/magazine\/#organization"},"potentialAction":[{"@type":"SearchAction","target":{"@type":"EntryPoint","urlTemplate":"https:\/\/blogdiario.info\/magazine\/?s={search_term_string}"},"query-input":{"@type":"PropertyValueSpecification","valueRequired":true,"valueName":"search_term_string"}}],"inLanguage":"es-AR"},{"@type":"Organization","@id":"https:\/\/blogdiario.info\/magazine\/#organization","name":"Guzzo Photos & Graphic Publications","url":"https:\/\/blogdiario.info\/magazine\/","logo":{"@type":"ImageObject","inLanguage":"es-AR","@id":"https:\/\/blogdiario.info\/magazine\/#\/schema\/logo\/image\/","url":"https:\/\/blogdiario.info\/magazine\/images\/2020\/01\/cropped-blogdia_magazine.jpg","contentUrl":"https:\/\/blogdiario.info\/magazine\/images\/2020\/01\/cropped-blogdia_magazine.jpg","width":589,"height":55,"caption":"Guzzo Photos & Graphic Publications"},"image":{"@id":"https:\/\/blogdiario.info\/magazine\/#\/schema\/logo\/image\/"}},{"@type":"Person","@id":"https:\/\/blogdiario.info\/magazine\/#\/schema\/person\/b2422fe85574d945bad55513bb0c7354","name":"World Press Service | Servicio de Prensa Mundial"}]}},"views":459,"_links":{"self":[{"href":"https:\/\/blogdiario.info\/magazine\/wp-json\/wp\/v2\/posts\/958","targetHints":{"allow":["GET"]}}],"collection":[{"href":"https:\/\/blogdiario.info\/magazine\/wp-json\/wp\/v2\/posts"}],"about":[{"href":"https:\/\/blogdiario.info\/magazine\/wp-json\/wp\/v2\/types\/post"}],"author":[{"embeddable":true,"href":"https:\/\/blogdiario.info\/magazine\/wp-json\/wp\/v2\/users\/1"}],"replies":[{"embeddable":true,"href":"https:\/\/blogdiario.info\/magazine\/wp-json\/wp\/v2\/comments?post=958"}],"version-history":[{"count":0,"href":"https:\/\/blogdiario.info\/magazine\/wp-json\/wp\/v2\/posts\/958\/revisions"}],"wp:featuredmedia":[{"embeddable":true,"href":"https:\/\/blogdiario.info\/magazine\/wp-json\/wp\/v2\/media\/959"}],"wp:attachment":[{"href":"https:\/\/blogdiario.info\/magazine\/wp-json\/wp\/v2\/media?parent=958"}],"wp:term":[{"taxonomy":"category","embeddable":true,"href":"https:\/\/blogdiario.info\/magazine\/wp-json\/wp\/v2\/categories?post=958"},{"taxonomy":"post_tag","embeddable":true,"href":"https:\/\/blogdiario.info\/magazine\/wp-json\/wp\/v2\/tags?post=958"}],"curies":[{"name":"wp","href":"https:\/\/api.w.org\/{rel}","templated":true}]}}