{"id":934,"date":"2023-09-21T20:36:33","date_gmt":"2023-09-21T23:36:33","guid":{"rendered":"https:\/\/blogdiario.info\/magazine\/?p=934"},"modified":"2023-09-21T20:55:39","modified_gmt":"2023-09-21T23:55:39","slug":"mensaje-historico-a-la-vicepresidente-kirchner-de-un-italiano-ofendido","status":"publish","type":"post","link":"https:\/\/blogdiario.info\/magazine\/2023\/09\/21\/mensaje-historico-a-la-vicepresidente-kirchner-de-un-italiano-ofendido\/","title":{"rendered":"Mensaje historico a la vicepresidente Kirchner, de un italiano ofendido"},"content":{"rendered":"\n<figure class=\"wp-block-image size-full\"><img loading=\"lazy\" decoding=\"async\" width=\"600\" height=\"400\" src=\"https:\/\/blogdiario.info\/magazine\/images\/2023\/09\/kirch_20230921.jpg\" alt=\"\" class=\"wp-image-935\" srcset=\"https:\/\/blogdiario.info\/magazine\/images\/2023\/09\/kirch_20230921.jpg 600w, https:\/\/blogdiario.info\/magazine\/images\/2023\/09\/kirch_20230921-300x200.jpg 300w\" sizes=\"auto, (max-width: 600px) 100vw, 600px\" \/><figcaption class=\"wp-element-caption\">Cristina Kirchner (1953), es vicepresidenta de Argentina desde el 10 de diciembre de 2019. Ya senadora de 1995 a 2005, luego fue presidente de la Rep\u00fablica Argentina de 2007 a 2015.<\/figcaption><\/figure>\n\n\n\n<p><strong>Estimada Sra. Cristina Elisabet Fernandez Wilhelm Kirchner, Vicepresidente de Argentina<\/strong><br><br>Como italiano ofendido y sorprendido, le escribo porque hace unos d\u00edas, atacando a uno de sus adversarios pol\u00edticos de origen italiano, usted llam\u00f3 a todos los italianos &#8220;gen\u00e9ticamente mafiosos&#8221;.<\/p>\n\n\n\n<p>Usted hablaba con los periodistas sobre la gesti\u00f3n del ex presidente argentino, Mauricio Macri, pero quiso burlarse de todo un pa\u00eds, Italia, que, tal vez lo haya olvidado, tiene un peso considerable e importante en el nacimiento de su naci\u00f3n.<\/p>\n\n\n\n<p>Ocurri\u00f3 en La Habana, en la Feria del Libro, cuando se le ocurri\u00f3 la no tan genial idea de vincular a los familiares de Macri con la &#8216;ndrangheta, citando al diario P\u00e1gina 12, un peri\u00f3dico amigo suyo, que informaba de posibles conexiones entre la familia del ex presidente \u00edtalo-argentino y el crimen organizado.<\/p>\n\n\n\n<p>Dijo: &#8216;En Argentina, el lawfare (el uso del sistema judicial para desacreditar a un oponente pol\u00edtico) tuvo un componente mafioso que llev\u00f3 a la persecuci\u00f3n de mis hijos&#8217;. Y a\u00f1adi\u00f3: &#8216;Tiene que ser ese componente mafioso, los antepasados de los que han sido\u2026 como denunciaba un conocido periodista del diario P\u00e1gina 12 cuando hablaba de la &#8216;ndrangheta. Tienen que ser esos antepasados&#8217;.<\/p>\n\n\n\n<p>Vea, se\u00f1ora Kirchner, atacar a todos los italianos de forma racista, generalizando de esta manera, es sencillamente un comportamiento vergonzoso que no se esperar\u00eda de una persona que no s\u00f3lo ocupa un cargo tan importante, sino que es vicepresidente de un pa\u00eds donde m\u00e1s del 70% de la poblaci\u00f3n tiene or\u00edgen italiano.<\/p>\n\n\n\n<p>Quiz\u00e1s, ud. que es de padre espa\u00f1ol y madre alemana, no conoce la historia de Argentina, el pa\u00eds que dice amar. Una naci\u00f3n que existe gracias a los inmigrantes europeos y, sobre todo, italianos. No s\u00f3lo por los conquistadores que diezmaron a la poblaci\u00f3n ind\u00edgena esclaviz\u00e1ndola o mat\u00e1ndola con sus enfermedades importadas de Europa.<\/p>\n\n\n\n<p>\u00bfSab\u00eda que muchas palabras argentinas proceden del italiano o del dialecto veneciano y siciliano? No sabe que en 1895, tras la primera gran oleada de emigrantes procedentes de Europa que hab\u00eda comenzado cincuenta a\u00f1os antes, en Buenos Aires, de 663.864 habitantes, 181.361 eran italianos. El c\u00e9ntrico barrio de la Boca, donde hoy se baila el tango en finos restaurantes y bares, fue construido por italianos de Liguria: eran en su mayor\u00eda pescadores de at\u00fan y pintaban sus casas de vivos colores, de modo que desde lejos, mirando desde sus barcos pesqueros, aquellas manchas rojas, amarillas, azules, verdes y naranjas recordaban Portofino y las Cinque Terre.<\/p>\n\n\n\n<p>Los italianos eran pobres pero buena gente, excelentes trabajadores que en pocas d\u00e9cadas, gracias a su sacrificio, llegaron a ocupar los mejores puestos como comerciantes, empresarios y terratenientes. Tambi\u00e9n en 1895, de las 143 publicaciones peri\u00f3dicas de toda Argentina, 13 estaban escritas en italiano. En pocos a\u00f1os, los italianos se convirtieron laboriosamente en una elite que, por necesidad o por ambici\u00f3n, afrontaron juntos todas las dificultades, logrando siempre abrirse camino.<\/p>\n\n\n\n<p>Usted olvida que si no fuera por los campesinos italianos que emigraron de Piemonte, V\u00e9neto, Campania y Sicilia, la pol\u00edtica agraria del gobierno, con t\u00e9cnicas de cultivo italianas, no se habr\u00eda desarrollado en las Pampas. Seg\u00fan el censo de 1895, de un total de 407.503 propietarios agr\u00edcolas, m\u00e1s de la cuarta parte eran extranjeros y entre ellos 62.975, -m\u00e1s de la mitad- eran italianos.<\/p>\n\n\n\n<p>Estimada se\u00f1ora Kirchner, ahora, \u00bfpodr\u00eda decirme qui\u00e9n era Manuel Belgrano? Se lo dir\u00e9: nacido en Buenos Aires en 1770 de Domenico Belgrano Peri, un ligur de Capo d&#8217;Oneglia (actual Imperia), Manuel Belgrano est\u00e1 considerado con Jos\u00e9 de San Mart\u00edn y Sim\u00f3n Bol\u00edvar como uno de los padres de la independencia de los pa\u00edses sudamericanos de Espa\u00f1a. Belgrano invent\u00f3 y dise\u00f1\u00f3 la bandera blanca y azul argentina en 1812. El d\u00eda de su nacimiento en Argentina es fiesta nacional, concretamente el D\u00eda del Emigrante Italiano.<\/p>\n\n\n\n<p>Olvida usted, se\u00f1ora Vicepresidenta, la larga lista de compatriotas nuestros que han tenido un papel destacado en su pa\u00eds. Y no se trata de la habitual ret\u00f3rica calenturienta, sino de historia: desde el Presidente Carlos Pellegrini hasta escritores como Ernesto Sabato, desde grandes m\u00fasicos de tango como Astor Piazzolla hasta futbolistas como Antonio Valent\u00edn Angelillo, desde legendarios pilotos de carreras como Juan Manuel Fangio hasta industriales como Agostino Rocca.<\/p>\n\n\n\n<p>Quiz\u00e1 se pregunte: \u00bfqu\u00e9 hab\u00edan ido a hacer tantos italianos a Buenos Aires? Los italianos que eligieron vivir en la ciudad del r\u00edo Plata, partiendo de N\u00e1poles, Roma, Trieste, Verona, G\u00e9nova, Bari y Palermo, despu\u00e9s de semanas de navegaci\u00f3n, agotados por el cansancio y la enfermedad, llegaron a Buenos Aires, de la nada crearon empresas de ropa, f\u00e1bricas de muebles y empresas de construcci\u00f3n que a\u00fan hoy existen y producen PIB en su pa\u00eds.<\/p>\n\n\n\n<p>Los italianos no s\u00f3lo trajeron sus armas, sino tambi\u00e9n sus cerebros: sus conocimientos, su t\u00e9cnica, su talento, su indiscutible capacidad para crear e inventar.<\/p>\n\n\n\n<figure class=\"wp-block-image size-full\"><img loading=\"lazy\" decoding=\"async\" width=\"600\" height=\"418\" src=\"https:\/\/blogdiario.info\/magazine\/images\/2023\/09\/vasena_20230921.jpg\" alt=\"\" class=\"wp-image-936\" srcset=\"https:\/\/blogdiario.info\/magazine\/images\/2023\/09\/vasena_20230921.jpg 600w, https:\/\/blogdiario.info\/magazine\/images\/2023\/09\/vasena_20230921-300x209.jpg 300w\" sizes=\"auto, (max-width: 600px) 100vw, 600px\" \/><figcaption class=\"wp-element-caption\">La familia di Pedro Vasena en una foto de inicios del Noveciento en su casa de Buenos Aires. Vasena cre\u00f3 la industria siderurgica Argentina.<\/figcaption><\/figure>\n\n\n\n<p>\u00bfRecuerda a un tal Pietro &#8216;Pedro&#8217; Vasena? Naci\u00f3 en Lecco y lleg\u00f3 a Buenos Aires a los trece a\u00f1os, hu\u00e9rfano, sin conocer a nadie. Desde cero sent\u00f3 las bases de la naciente industria sider\u00fargica argentina. A los treinta a\u00f1os, Vasena dirig\u00eda tres plantas sider\u00fargicas de 15 mil, 10 mil 9 mil metros cuadrados: produc\u00eda acero para la construcci\u00f3n de ferrocarriles y barcos, estructuras de edificios, puentes y carreteras. El nacimiento y la expansi\u00f3n de la floreciente industria sider\u00fargica argentina se debieron s\u00f3lo a \u00e9l. No a un espa\u00f1ol ni a un franc\u00e9s. Ni a un alem\u00e1n. Sino a un italiano semianalfabeto. El mercado de la Rep\u00fablica, la New Gas Company y el refuerzo del gran puente de Catamarca son obra suya, porque Pedro Vasena no s\u00f3lo produc\u00eda acero y aleaciones, tambi\u00e9n dise\u00f1aba con la precisi\u00f3n de un ingeniero del MIT de Harvard.<\/p>\n\n\n\n<p>Tal vez ahora, se\u00f1ora Kirchner, que no ha sido amable con los italianos, Ud. empiece a comprender lo importantes que han sido nuestros antepasados, nuestros bisabuelos, nuestros abuelos italianos en la formaci\u00f3n de Argentina, como naci\u00f3n, como rep\u00fablica, como econom\u00eda s\u00f3lida y como cultura dominante. \u00bfHablamos de las innumerables empresas italianas que se abrieron en Argentina entre los a\u00f1os 50 y 80, produciendo millones de puestos de trabajo? Aportaron riqueza al tejido econ\u00f3mico de su pa\u00eds. Nadie puede negarlo. Luego fueron malos administradores, como Ud. y sus amigos, los que han llevado a la quiebra a un pa\u00eds que era tan fuerte y productivo como California.<\/p>\n\n\n\n<p>Por eso sus declaraciones, basadas en el habitual e inmerecido estereotipo del mafioso italiano, aunque sea Crist\u00f3bal Col\u00f3n o Miguel \u00c1ngel, son fruto de su ignorancia, racismo y miedo. Por ello deber\u00eda pedir disculpas a todos los italianos, italo-argentinos incluidos.<\/p>\n\n\n\n<p>Se\u00f1ora Kirchner pida disculpas a Italia y llene sus inmensas lagunas sobre la historia de su pa\u00eds.<\/p>\n\n\n\n<p>Roberto Pellegrino, 15 Febrero 2020 \/ 2023<br><small>Periodista de L\u2019Indipendente (durante Tangentopoli), Il Giornale, Il Riformista, Libero, L\u2019Espresso, GQ, Vero, DiPi\u00f9, Vanity Fair e Io Donna.  Corresponsal de Italia en Londres,Madrid, Nueva York y Buenos Aires.<\/small><br><br><small>Copyright \u00a9 2023 ElCanillita.info \/ BlogDiario.info &#8211; SalaStampa.Eu, servicio mundial de prensa<\/small><\/p>\n","protected":false},"excerpt":{"rendered":"<p>Atacando a uno de sus adversarios pol\u00edticos de origen italiano, usted llam\u00f3 a todos los italianos &#8220;gen\u00e9ticamente mafiosos&#8221;.<\/p>\n","protected":false},"author":1,"featured_media":935,"comment_status":"closed","ping_status":"closed","sticky":false,"template":"","format":"standard","meta":{"footnotes":"","_links_to":"","_links_to_target":""},"categories":[97,109,62,51,37,46,41],"tags":[],"class_list":["post-934","post","type-post","status-publish","format-standard","has-post-thumbnail","hentry","category-elcanillita","category-dc24","category-actualidad","category-america-del-sud","category-cultura-esp","category-europa","category-politica-esp","entry","rows"],"yoast_head":"<!-- This site is optimized with the Yoast SEO plugin v27.4 - https:\/\/yoast.com\/product\/yoast-seo-wordpress\/ -->\n<title>Mensaje historico a la vicepresidente Kirchner, de un italiano ofendido - BlogDiario Magazine<\/title>\n<meta name=\"description\" content=\"Atacando a uno de sus adversarios pol\u00edticos de origen italiano, usted llam\u00f3 a todos los italianos &quot;gen\u00e9ticamente mafiosos&quot;.\" \/>\n<meta name=\"robots\" content=\"index, follow, max-snippet:-1, max-image-preview:large, max-video-preview:-1\" \/>\n<link rel=\"canonical\" href=\"https:\/\/blogdiario.info\/magazine\/2023\/09\/21\/mensaje-historico-a-la-vicepresidente-kirchner-de-un-italiano-ofendido\/\" \/>\n<meta property=\"og:locale\" content=\"es_ES\" \/>\n<meta property=\"og:type\" content=\"article\" \/>\n<meta property=\"og:title\" content=\"Mensaje historico a la vicepresidente Kirchner, de un italiano ofendido - BlogDiario Magazine\" \/>\n<meta property=\"og:description\" content=\"Atacando a uno de sus adversarios pol\u00edticos de origen italiano, usted llam\u00f3 a todos los italianos &quot;gen\u00e9ticamente mafiosos&quot;.\" \/>\n<meta property=\"og:url\" content=\"https:\/\/blogdiario.info\/magazine\/2023\/09\/21\/mensaje-historico-a-la-vicepresidente-kirchner-de-un-italiano-ofendido\/\" \/>\n<meta property=\"og:site_name\" content=\"BlogDiario Magazine\" \/>\n<meta property=\"article:published_time\" content=\"2023-09-21T23:36:33+00:00\" \/>\n<meta property=\"article:modified_time\" content=\"2023-09-21T23:55:39+00:00\" \/>\n<meta property=\"og:image\" content=\"https:\/\/blogdiario.info\/magazine\/images\/2023\/09\/kirch_20230921.jpg\" \/>\n\t<meta property=\"og:image:width\" content=\"600\" \/>\n\t<meta property=\"og:image:height\" content=\"400\" \/>\n\t<meta property=\"og:image:type\" content=\"image\/jpeg\" \/>\n<meta name=\"author\" content=\"World Press Service | Servicio de Prensa Mundial\" \/>\n<meta name=\"twitter:card\" content=\"summary_large_image\" \/>\n<meta name=\"twitter:label1\" content=\"Escrito por\" \/>\n\t<meta name=\"twitter:data1\" content=\"World Press Service | Servicio de Prensa Mundial\" \/>\n\t<meta name=\"twitter:label2\" content=\"Tiempo de lectura\" \/>\n\t<meta name=\"twitter:data2\" content=\"7 minutos\" \/>\n<script type=\"application\/ld+json\" class=\"yoast-schema-graph\">{\"@context\":\"https:\\\/\\\/schema.org\",\"@graph\":[{\"@type\":\"Article\",\"@id\":\"https:\\\/\\\/blogdiario.info\\\/magazine\\\/2023\\\/09\\\/21\\\/mensaje-historico-a-la-vicepresidente-kirchner-de-un-italiano-ofendido\\\/#article\",\"isPartOf\":{\"@id\":\"https:\\\/\\\/blogdiario.info\\\/magazine\\\/2023\\\/09\\\/21\\\/mensaje-historico-a-la-vicepresidente-kirchner-de-un-italiano-ofendido\\\/\"},\"author\":{\"name\":\"World Press Service | Servicio de Prensa Mundial\",\"@id\":\"https:\\\/\\\/blogdiario.info\\\/magazine\\\/#\\\/schema\\\/person\\\/b2422fe85574d945bad55513bb0c7354\"},\"headline\":\"Mensaje historico a la vicepresidente Kirchner, de un italiano ofendido\",\"datePublished\":\"2023-09-21T23:36:33+00:00\",\"dateModified\":\"2023-09-21T23:55:39+00:00\",\"mainEntityOfPage\":{\"@id\":\"https:\\\/\\\/blogdiario.info\\\/magazine\\\/2023\\\/09\\\/21\\\/mensaje-historico-a-la-vicepresidente-kirchner-de-un-italiano-ofendido\\\/\"},\"wordCount\":1293,\"publisher\":{\"@id\":\"https:\\\/\\\/blogdiario.info\\\/magazine\\\/#organization\"},\"image\":{\"@id\":\"https:\\\/\\\/blogdiario.info\\\/magazine\\\/2023\\\/09\\\/21\\\/mensaje-historico-a-la-vicepresidente-kirchner-de-un-italiano-ofendido\\\/#primaryimage\"},\"thumbnailUrl\":\"https:\\\/\\\/blogdiario.info\\\/magazine\\\/images\\\/2023\\\/09\\\/kirch_20230921.jpg\",\"articleSection\":[\".\",\".\",\"Actualidad\",\"America del Sud\",\"Cultura\",\"Europa\",\"Politica\"],\"inLanguage\":\"es-AR\"},{\"@type\":\"WebPage\",\"@id\":\"https:\\\/\\\/blogdiario.info\\\/magazine\\\/2023\\\/09\\\/21\\\/mensaje-historico-a-la-vicepresidente-kirchner-de-un-italiano-ofendido\\\/\",\"url\":\"https:\\\/\\\/blogdiario.info\\\/magazine\\\/2023\\\/09\\\/21\\\/mensaje-historico-a-la-vicepresidente-kirchner-de-un-italiano-ofendido\\\/\",\"name\":\"Mensaje historico a la vicepresidente Kirchner, de un italiano ofendido - BlogDiario Magazine\",\"isPartOf\":{\"@id\":\"https:\\\/\\\/blogdiario.info\\\/magazine\\\/#website\"},\"primaryImageOfPage\":{\"@id\":\"https:\\\/\\\/blogdiario.info\\\/magazine\\\/2023\\\/09\\\/21\\\/mensaje-historico-a-la-vicepresidente-kirchner-de-un-italiano-ofendido\\\/#primaryimage\"},\"image\":{\"@id\":\"https:\\\/\\\/blogdiario.info\\\/magazine\\\/2023\\\/09\\\/21\\\/mensaje-historico-a-la-vicepresidente-kirchner-de-un-italiano-ofendido\\\/#primaryimage\"},\"thumbnailUrl\":\"https:\\\/\\\/blogdiario.info\\\/magazine\\\/images\\\/2023\\\/09\\\/kirch_20230921.jpg\",\"datePublished\":\"2023-09-21T23:36:33+00:00\",\"dateModified\":\"2023-09-21T23:55:39+00:00\",\"description\":\"Atacando a uno de sus adversarios pol\u00edticos de origen italiano, usted llam\u00f3 a todos los italianos \\\"gen\u00e9ticamente mafiosos\\\".\",\"breadcrumb\":{\"@id\":\"https:\\\/\\\/blogdiario.info\\\/magazine\\\/2023\\\/09\\\/21\\\/mensaje-historico-a-la-vicepresidente-kirchner-de-un-italiano-ofendido\\\/#breadcrumb\"},\"inLanguage\":\"es-AR\",\"potentialAction\":[{\"@type\":\"ReadAction\",\"target\":[\"https:\\\/\\\/blogdiario.info\\\/magazine\\\/2023\\\/09\\\/21\\\/mensaje-historico-a-la-vicepresidente-kirchner-de-un-italiano-ofendido\\\/\"]}]},{\"@type\":\"ImageObject\",\"inLanguage\":\"es-AR\",\"@id\":\"https:\\\/\\\/blogdiario.info\\\/magazine\\\/2023\\\/09\\\/21\\\/mensaje-historico-a-la-vicepresidente-kirchner-de-un-italiano-ofendido\\\/#primaryimage\",\"url\":\"https:\\\/\\\/blogdiario.info\\\/magazine\\\/images\\\/2023\\\/09\\\/kirch_20230921.jpg\",\"contentUrl\":\"https:\\\/\\\/blogdiario.info\\\/magazine\\\/images\\\/2023\\\/09\\\/kirch_20230921.jpg\",\"width\":600,\"height\":400},{\"@type\":\"BreadcrumbList\",\"@id\":\"https:\\\/\\\/blogdiario.info\\\/magazine\\\/2023\\\/09\\\/21\\\/mensaje-historico-a-la-vicepresidente-kirchner-de-un-italiano-ofendido\\\/#breadcrumb\",\"itemListElement\":[{\"@type\":\"ListItem\",\"position\":1,\"name\":\"Home\",\"item\":\"https:\\\/\\\/blogdiario.info\\\/magazine\\\/\"},{\"@type\":\"ListItem\",\"position\":2,\"name\":\"Mensaje historico a la vicepresidente Kirchner, de un italiano ofendido\"}]},{\"@type\":\"WebSite\",\"@id\":\"https:\\\/\\\/blogdiario.info\\\/magazine\\\/#website\",\"url\":\"https:\\\/\\\/blogdiario.info\\\/magazine\\\/\",\"name\":\"BlogDiario Magazine\",\"description\":\"Suplemento multiling\u00fce de ElCanillita.Info\",\"publisher\":{\"@id\":\"https:\\\/\\\/blogdiario.info\\\/magazine\\\/#organization\"},\"potentialAction\":[{\"@type\":\"SearchAction\",\"target\":{\"@type\":\"EntryPoint\",\"urlTemplate\":\"https:\\\/\\\/blogdiario.info\\\/magazine\\\/?s={search_term_string}\"},\"query-input\":{\"@type\":\"PropertyValueSpecification\",\"valueRequired\":true,\"valueName\":\"search_term_string\"}}],\"inLanguage\":\"es-AR\"},{\"@type\":\"Organization\",\"@id\":\"https:\\\/\\\/blogdiario.info\\\/magazine\\\/#organization\",\"name\":\"Guzzo Photos & Graphic Publications\",\"url\":\"https:\\\/\\\/blogdiario.info\\\/magazine\\\/\",\"logo\":{\"@type\":\"ImageObject\",\"inLanguage\":\"es-AR\",\"@id\":\"https:\\\/\\\/blogdiario.info\\\/magazine\\\/#\\\/schema\\\/logo\\\/image\\\/\",\"url\":\"https:\\\/\\\/blogdiario.info\\\/magazine\\\/images\\\/2020\\\/01\\\/cropped-blogdia_magazine.jpg\",\"contentUrl\":\"https:\\\/\\\/blogdiario.info\\\/magazine\\\/images\\\/2020\\\/01\\\/cropped-blogdia_magazine.jpg\",\"width\":589,\"height\":55,\"caption\":\"Guzzo Photos & Graphic Publications\"},\"image\":{\"@id\":\"https:\\\/\\\/blogdiario.info\\\/magazine\\\/#\\\/schema\\\/logo\\\/image\\\/\"}},{\"@type\":\"Person\",\"@id\":\"https:\\\/\\\/blogdiario.info\\\/magazine\\\/#\\\/schema\\\/person\\\/b2422fe85574d945bad55513bb0c7354\",\"name\":\"World Press Service | Servicio de Prensa Mundial\"}]}<\/script>\n<!-- \/ Yoast SEO plugin. -->","yoast_head_json":{"title":"Mensaje historico a la vicepresidente Kirchner, de un italiano ofendido - BlogDiario Magazine","description":"Atacando a uno de sus adversarios pol\u00edticos de origen italiano, usted llam\u00f3 a todos los italianos \"gen\u00e9ticamente mafiosos\".","robots":{"index":"index","follow":"follow","max-snippet":"max-snippet:-1","max-image-preview":"max-image-preview:large","max-video-preview":"max-video-preview:-1"},"canonical":"https:\/\/blogdiario.info\/magazine\/2023\/09\/21\/mensaje-historico-a-la-vicepresidente-kirchner-de-un-italiano-ofendido\/","og_locale":"es_ES","og_type":"article","og_title":"Mensaje historico a la vicepresidente Kirchner, de un italiano ofendido - BlogDiario Magazine","og_description":"Atacando a uno de sus adversarios pol\u00edticos de origen italiano, usted llam\u00f3 a todos los italianos \"gen\u00e9ticamente mafiosos\".","og_url":"https:\/\/blogdiario.info\/magazine\/2023\/09\/21\/mensaje-historico-a-la-vicepresidente-kirchner-de-un-italiano-ofendido\/","og_site_name":"BlogDiario Magazine","article_published_time":"2023-09-21T23:36:33+00:00","article_modified_time":"2023-09-21T23:55:39+00:00","og_image":[{"width":600,"height":400,"url":"https:\/\/blogdiario.info\/magazine\/images\/2023\/09\/kirch_20230921.jpg","type":"image\/jpeg"}],"author":"World Press Service | Servicio de Prensa Mundial","twitter_card":"summary_large_image","twitter_misc":{"Escrito por":"World Press Service | Servicio de Prensa Mundial","Tiempo de lectura":"7 minutos"},"schema":{"@context":"https:\/\/schema.org","@graph":[{"@type":"Article","@id":"https:\/\/blogdiario.info\/magazine\/2023\/09\/21\/mensaje-historico-a-la-vicepresidente-kirchner-de-un-italiano-ofendido\/#article","isPartOf":{"@id":"https:\/\/blogdiario.info\/magazine\/2023\/09\/21\/mensaje-historico-a-la-vicepresidente-kirchner-de-un-italiano-ofendido\/"},"author":{"name":"World Press Service | Servicio de Prensa Mundial","@id":"https:\/\/blogdiario.info\/magazine\/#\/schema\/person\/b2422fe85574d945bad55513bb0c7354"},"headline":"Mensaje historico a la vicepresidente Kirchner, de un italiano ofendido","datePublished":"2023-09-21T23:36:33+00:00","dateModified":"2023-09-21T23:55:39+00:00","mainEntityOfPage":{"@id":"https:\/\/blogdiario.info\/magazine\/2023\/09\/21\/mensaje-historico-a-la-vicepresidente-kirchner-de-un-italiano-ofendido\/"},"wordCount":1293,"publisher":{"@id":"https:\/\/blogdiario.info\/magazine\/#organization"},"image":{"@id":"https:\/\/blogdiario.info\/magazine\/2023\/09\/21\/mensaje-historico-a-la-vicepresidente-kirchner-de-un-italiano-ofendido\/#primaryimage"},"thumbnailUrl":"https:\/\/blogdiario.info\/magazine\/images\/2023\/09\/kirch_20230921.jpg","articleSection":[".",".","Actualidad","America del Sud","Cultura","Europa","Politica"],"inLanguage":"es-AR"},{"@type":"WebPage","@id":"https:\/\/blogdiario.info\/magazine\/2023\/09\/21\/mensaje-historico-a-la-vicepresidente-kirchner-de-un-italiano-ofendido\/","url":"https:\/\/blogdiario.info\/magazine\/2023\/09\/21\/mensaje-historico-a-la-vicepresidente-kirchner-de-un-italiano-ofendido\/","name":"Mensaje historico a la vicepresidente Kirchner, de un italiano ofendido - BlogDiario Magazine","isPartOf":{"@id":"https:\/\/blogdiario.info\/magazine\/#website"},"primaryImageOfPage":{"@id":"https:\/\/blogdiario.info\/magazine\/2023\/09\/21\/mensaje-historico-a-la-vicepresidente-kirchner-de-un-italiano-ofendido\/#primaryimage"},"image":{"@id":"https:\/\/blogdiario.info\/magazine\/2023\/09\/21\/mensaje-historico-a-la-vicepresidente-kirchner-de-un-italiano-ofendido\/#primaryimage"},"thumbnailUrl":"https:\/\/blogdiario.info\/magazine\/images\/2023\/09\/kirch_20230921.jpg","datePublished":"2023-09-21T23:36:33+00:00","dateModified":"2023-09-21T23:55:39+00:00","description":"Atacando a uno de sus adversarios pol\u00edticos de origen italiano, usted llam\u00f3 a todos los italianos \"gen\u00e9ticamente mafiosos\".","breadcrumb":{"@id":"https:\/\/blogdiario.info\/magazine\/2023\/09\/21\/mensaje-historico-a-la-vicepresidente-kirchner-de-un-italiano-ofendido\/#breadcrumb"},"inLanguage":"es-AR","potentialAction":[{"@type":"ReadAction","target":["https:\/\/blogdiario.info\/magazine\/2023\/09\/21\/mensaje-historico-a-la-vicepresidente-kirchner-de-un-italiano-ofendido\/"]}]},{"@type":"ImageObject","inLanguage":"es-AR","@id":"https:\/\/blogdiario.info\/magazine\/2023\/09\/21\/mensaje-historico-a-la-vicepresidente-kirchner-de-un-italiano-ofendido\/#primaryimage","url":"https:\/\/blogdiario.info\/magazine\/images\/2023\/09\/kirch_20230921.jpg","contentUrl":"https:\/\/blogdiario.info\/magazine\/images\/2023\/09\/kirch_20230921.jpg","width":600,"height":400},{"@type":"BreadcrumbList","@id":"https:\/\/blogdiario.info\/magazine\/2023\/09\/21\/mensaje-historico-a-la-vicepresidente-kirchner-de-un-italiano-ofendido\/#breadcrumb","itemListElement":[{"@type":"ListItem","position":1,"name":"Home","item":"https:\/\/blogdiario.info\/magazine\/"},{"@type":"ListItem","position":2,"name":"Mensaje historico a la vicepresidente Kirchner, de un italiano ofendido"}]},{"@type":"WebSite","@id":"https:\/\/blogdiario.info\/magazine\/#website","url":"https:\/\/blogdiario.info\/magazine\/","name":"BlogDiario Magazine","description":"Suplemento multiling\u00fce de ElCanillita.Info","publisher":{"@id":"https:\/\/blogdiario.info\/magazine\/#organization"},"potentialAction":[{"@type":"SearchAction","target":{"@type":"EntryPoint","urlTemplate":"https:\/\/blogdiario.info\/magazine\/?s={search_term_string}"},"query-input":{"@type":"PropertyValueSpecification","valueRequired":true,"valueName":"search_term_string"}}],"inLanguage":"es-AR"},{"@type":"Organization","@id":"https:\/\/blogdiario.info\/magazine\/#organization","name":"Guzzo Photos & Graphic Publications","url":"https:\/\/blogdiario.info\/magazine\/","logo":{"@type":"ImageObject","inLanguage":"es-AR","@id":"https:\/\/blogdiario.info\/magazine\/#\/schema\/logo\/image\/","url":"https:\/\/blogdiario.info\/magazine\/images\/2020\/01\/cropped-blogdia_magazine.jpg","contentUrl":"https:\/\/blogdiario.info\/magazine\/images\/2020\/01\/cropped-blogdia_magazine.jpg","width":589,"height":55,"caption":"Guzzo Photos & Graphic Publications"},"image":{"@id":"https:\/\/blogdiario.info\/magazine\/#\/schema\/logo\/image\/"}},{"@type":"Person","@id":"https:\/\/blogdiario.info\/magazine\/#\/schema\/person\/b2422fe85574d945bad55513bb0c7354","name":"World Press Service | Servicio de Prensa Mundial"}]}},"views":1043,"_links":{"self":[{"href":"https:\/\/blogdiario.info\/magazine\/wp-json\/wp\/v2\/posts\/934","targetHints":{"allow":["GET"]}}],"collection":[{"href":"https:\/\/blogdiario.info\/magazine\/wp-json\/wp\/v2\/posts"}],"about":[{"href":"https:\/\/blogdiario.info\/magazine\/wp-json\/wp\/v2\/types\/post"}],"author":[{"embeddable":true,"href":"https:\/\/blogdiario.info\/magazine\/wp-json\/wp\/v2\/users\/1"}],"replies":[{"embeddable":true,"href":"https:\/\/blogdiario.info\/magazine\/wp-json\/wp\/v2\/comments?post=934"}],"version-history":[{"count":0,"href":"https:\/\/blogdiario.info\/magazine\/wp-json\/wp\/v2\/posts\/934\/revisions"}],"wp:featuredmedia":[{"embeddable":true,"href":"https:\/\/blogdiario.info\/magazine\/wp-json\/wp\/v2\/media\/935"}],"wp:attachment":[{"href":"https:\/\/blogdiario.info\/magazine\/wp-json\/wp\/v2\/media?parent=934"}],"wp:term":[{"taxonomy":"category","embeddable":true,"href":"https:\/\/blogdiario.info\/magazine\/wp-json\/wp\/v2\/categories?post=934"},{"taxonomy":"post_tag","embeddable":true,"href":"https:\/\/blogdiario.info\/magazine\/wp-json\/wp\/v2\/tags?post=934"}],"curies":[{"name":"wp","href":"https:\/\/api.w.org\/{rel}","templated":true}]}}