{"id":928,"date":"2023-09-15T10:24:58","date_gmt":"2023-09-15T13:24:58","guid":{"rendered":"https:\/\/blogdiario.info\/magazine\/?p=928"},"modified":"2023-09-15T10:31:53","modified_gmt":"2023-09-15T13:31:53","slug":"choque-frontal-de-un-autobus-con-inmigrantes-a-bordo","status":"publish","type":"post","link":"https:\/\/blogdiario.info\/magazine\/2023\/09\/15\/choque-frontal-de-un-autobus-con-inmigrantes-a-bordo\/","title":{"rendered":"Choque frontal de un autobus con inmigrantes a bordo"},"content":{"rendered":"\n<figure class=\"wp-block-image size-full\"><img loading=\"lazy\" decoding=\"async\" width=\"600\" height=\"309\" src=\"https:\/\/blogdiario.info\/magazine\/images\/2023\/09\/migran_20230915.jpg\" alt=\"\" class=\"wp-image-929\" srcset=\"https:\/\/blogdiario.info\/magazine\/images\/2023\/09\/migran_20230915.jpg 600w, https:\/\/blogdiario.info\/magazine\/images\/2023\/09\/migran_20230915-300x155.jpg 300w\" sizes=\"auto, (max-width: 600px) 100vw, 600px\" \/><\/figure>\n\n\n\n<p>Dos conductores murieron y 25 migrantes resultaron heridos, algunos de gravedad, en un accidente de tr\u00e1fico en la autopista A1, cerca de Fiano Romano (Roma).<\/p>\n\n\n\n<p>Los migrantes, unos cincuenta, viajaban en el autob\u00fas de la empresa Patti tour de Favara, que tiene un contrato con la Prefectura de Agrigento.<\/p>\n\n\n\n<p>Hab\u00eda salido de Porto Empedocle a las 10 de la ma\u00f1ana de ayer para trasladar a los emigrantes en Piemonte. Uno de los dos conductores que iban a bordo muri\u00f3 en el impacto; el otro, arrojado de la cabina, a\u00fan no ha sido encontrado. Por el momento se desconocen sus datos personales, as\u00ed como la gravedad de las heridas de los migrantes hospitalizados. El autob\u00fas choc\u00f3 frontalmente con un veh\u00edculo pesado. Los dos conductores, ambos italianos, murieron.<\/p>\n\n\n\n<p>La polic\u00eda de tr\u00e1fico se hizo cargo de la investigaci\u00f3n. Los migrantes hab\u00edan desembarcado en Lampedusa en los \u00faltimos d\u00edas.<\/p>\n\n\n\n<p>El accidente ocurri\u00f3 a las 2.25 de la madrugada en la carretera A1, entre Guidonia Montecelio y Roma Nord, a la altura del \u00e1rea de servicio de Mascherone. El autob\u00fas volc\u00f3. Se enviaron diez ambulancias y dos coches ambulancia. Los dos conductores fallecidos ten\u00edan 35 y 32 a\u00f1os. Entre los heridos, dos fueron trasladados en c\u00f3digo rojo al Gemelli y al Umberto I, ocho en c\u00f3digo amarillo a diversos hospitales. Otros 35 migrantes fueron examinados, pero no trasladados al hospital porque estaban ilesos: fueron entregados a la prefectura.<br><br><a href=\"https:\/\/elcanillita.info\/press\/2023\/09\/12\/record-de-desembarcos-en-italia-francia-blinda-las-fronteras\/\">Nota Relacionada<\/a><\/p>\n\n\n\n<p><small> <small>Copyright \u00a9 2023 ElCanillita.info \/ BlogDiario.info &#8211; SalaStampa.Eu, servicio mundial de prensa<\/small><\/small><\/p>\n","protected":false},"excerpt":{"rendered":"<p>Dos conductores murieron y 25 migrantes resultaron heridos, algunos de gravedad, en un accidente de tr\u00e1fico en la autopista A1<\/p>\n","protected":false},"author":1,"featured_media":929,"comment_status":"closed","ping_status":"closed","sticky":false,"template":"","format":"standard","meta":{"footnotes":"","_links_to":"","_links_to_target":""},"categories":[97,109,62,46],"tags":[22],"class_list":["post-928","post","type-post","status-publish","format-standard","has-post-thumbnail","hentry","category-elcanillita","category-dc24","category-actualidad","category-europa","tag-italia","entry","rows"],"yoast_head":"<!-- This site is optimized with the Yoast SEO plugin v27.4 - https:\/\/yoast.com\/product\/yoast-seo-wordpress\/ -->\n<title>Choque frontal de un autobus con inmigrantes a bordo - BlogDiario Magazine<\/title>\n<meta name=\"description\" content=\"Dos conductores murieron y 25 migrantes resultaron heridos, algunos de gravedad, en un accidente de tr\u00e1fico en la autopista A1\" \/>\n<meta name=\"robots\" content=\"index, follow, max-snippet:-1, max-image-preview:large, max-video-preview:-1\" \/>\n<link rel=\"canonical\" href=\"https:\/\/blogdiario.info\/magazine\/2023\/09\/15\/choque-frontal-de-un-autobus-con-inmigrantes-a-bordo\/\" \/>\n<meta property=\"og:locale\" content=\"es_ES\" \/>\n<meta property=\"og:type\" content=\"article\" \/>\n<meta property=\"og:title\" content=\"Choque frontal de un autobus con inmigrantes a bordo - BlogDiario Magazine\" \/>\n<meta property=\"og:description\" content=\"Dos conductores murieron y 25 migrantes resultaron heridos, algunos de gravedad, en un accidente de tr\u00e1fico en la autopista A1\" \/>\n<meta property=\"og:url\" content=\"https:\/\/blogdiario.info\/magazine\/2023\/09\/15\/choque-frontal-de-un-autobus-con-inmigrantes-a-bordo\/\" \/>\n<meta property=\"og:site_name\" content=\"BlogDiario Magazine\" \/>\n<meta property=\"article:published_time\" content=\"2023-09-15T13:24:58+00:00\" \/>\n<meta property=\"article:modified_time\" content=\"2023-09-15T13:31:53+00:00\" \/>\n<meta property=\"og:image\" content=\"https:\/\/blogdiario.info\/magazine\/images\/2023\/09\/migran_20230915.jpg\" \/>\n\t<meta property=\"og:image:width\" content=\"600\" \/>\n\t<meta property=\"og:image:height\" content=\"309\" \/>\n\t<meta property=\"og:image:type\" content=\"image\/jpeg\" \/>\n<meta name=\"author\" content=\"World Press Service | Servicio de Prensa Mundial\" \/>\n<meta name=\"twitter:card\" content=\"summary_large_image\" \/>\n<meta name=\"twitter:label1\" content=\"Escrito por\" \/>\n\t<meta name=\"twitter:data1\" content=\"World Press Service | Servicio de Prensa Mundial\" \/>\n\t<meta name=\"twitter:label2\" content=\"Tiempo de lectura\" \/>\n\t<meta name=\"twitter:data2\" content=\"2 minutos\" \/>\n<script type=\"application\/ld+json\" class=\"yoast-schema-graph\">{\"@context\":\"https:\\\/\\\/schema.org\",\"@graph\":[{\"@type\":\"Article\",\"@id\":\"https:\\\/\\\/blogdiario.info\\\/magazine\\\/2023\\\/09\\\/15\\\/choque-frontal-de-un-autobus-con-inmigrantes-a-bordo\\\/#article\",\"isPartOf\":{\"@id\":\"https:\\\/\\\/blogdiario.info\\\/magazine\\\/2023\\\/09\\\/15\\\/choque-frontal-de-un-autobus-con-inmigrantes-a-bordo\\\/\"},\"author\":{\"name\":\"World Press Service | Servicio de Prensa Mundial\",\"@id\":\"https:\\\/\\\/blogdiario.info\\\/magazine\\\/#\\\/schema\\\/person\\\/b2422fe85574d945bad55513bb0c7354\"},\"headline\":\"Choque frontal de un autobus con inmigrantes a bordo\",\"datePublished\":\"2023-09-15T13:24:58+00:00\",\"dateModified\":\"2023-09-15T13:31:53+00:00\",\"mainEntityOfPage\":{\"@id\":\"https:\\\/\\\/blogdiario.info\\\/magazine\\\/2023\\\/09\\\/15\\\/choque-frontal-de-un-autobus-con-inmigrantes-a-bordo\\\/\"},\"wordCount\":268,\"publisher\":{\"@id\":\"https:\\\/\\\/blogdiario.info\\\/magazine\\\/#organization\"},\"image\":{\"@id\":\"https:\\\/\\\/blogdiario.info\\\/magazine\\\/2023\\\/09\\\/15\\\/choque-frontal-de-un-autobus-con-inmigrantes-a-bordo\\\/#primaryimage\"},\"thumbnailUrl\":\"https:\\\/\\\/blogdiario.info\\\/magazine\\\/images\\\/2023\\\/09\\\/migran_20230915.jpg\",\"keywords\":[\"Italia\"],\"articleSection\":[\".\",\".\",\"Actualidad\",\"Europa\"],\"inLanguage\":\"es-AR\"},{\"@type\":\"WebPage\",\"@id\":\"https:\\\/\\\/blogdiario.info\\\/magazine\\\/2023\\\/09\\\/15\\\/choque-frontal-de-un-autobus-con-inmigrantes-a-bordo\\\/\",\"url\":\"https:\\\/\\\/blogdiario.info\\\/magazine\\\/2023\\\/09\\\/15\\\/choque-frontal-de-un-autobus-con-inmigrantes-a-bordo\\\/\",\"name\":\"Choque frontal de un autobus con inmigrantes a bordo - BlogDiario Magazine\",\"isPartOf\":{\"@id\":\"https:\\\/\\\/blogdiario.info\\\/magazine\\\/#website\"},\"primaryImageOfPage\":{\"@id\":\"https:\\\/\\\/blogdiario.info\\\/magazine\\\/2023\\\/09\\\/15\\\/choque-frontal-de-un-autobus-con-inmigrantes-a-bordo\\\/#primaryimage\"},\"image\":{\"@id\":\"https:\\\/\\\/blogdiario.info\\\/magazine\\\/2023\\\/09\\\/15\\\/choque-frontal-de-un-autobus-con-inmigrantes-a-bordo\\\/#primaryimage\"},\"thumbnailUrl\":\"https:\\\/\\\/blogdiario.info\\\/magazine\\\/images\\\/2023\\\/09\\\/migran_20230915.jpg\",\"datePublished\":\"2023-09-15T13:24:58+00:00\",\"dateModified\":\"2023-09-15T13:31:53+00:00\",\"description\":\"Dos conductores murieron y 25 migrantes resultaron heridos, algunos de gravedad, en un accidente de tr\u00e1fico en la autopista A1\",\"breadcrumb\":{\"@id\":\"https:\\\/\\\/blogdiario.info\\\/magazine\\\/2023\\\/09\\\/15\\\/choque-frontal-de-un-autobus-con-inmigrantes-a-bordo\\\/#breadcrumb\"},\"inLanguage\":\"es-AR\",\"potentialAction\":[{\"@type\":\"ReadAction\",\"target\":[\"https:\\\/\\\/blogdiario.info\\\/magazine\\\/2023\\\/09\\\/15\\\/choque-frontal-de-un-autobus-con-inmigrantes-a-bordo\\\/\"]}]},{\"@type\":\"ImageObject\",\"inLanguage\":\"es-AR\",\"@id\":\"https:\\\/\\\/blogdiario.info\\\/magazine\\\/2023\\\/09\\\/15\\\/choque-frontal-de-un-autobus-con-inmigrantes-a-bordo\\\/#primaryimage\",\"url\":\"https:\\\/\\\/blogdiario.info\\\/magazine\\\/images\\\/2023\\\/09\\\/migran_20230915.jpg\",\"contentUrl\":\"https:\\\/\\\/blogdiario.info\\\/magazine\\\/images\\\/2023\\\/09\\\/migran_20230915.jpg\",\"width\":600,\"height\":309},{\"@type\":\"BreadcrumbList\",\"@id\":\"https:\\\/\\\/blogdiario.info\\\/magazine\\\/2023\\\/09\\\/15\\\/choque-frontal-de-un-autobus-con-inmigrantes-a-bordo\\\/#breadcrumb\",\"itemListElement\":[{\"@type\":\"ListItem\",\"position\":1,\"name\":\"Home\",\"item\":\"https:\\\/\\\/blogdiario.info\\\/magazine\\\/\"},{\"@type\":\"ListItem\",\"position\":2,\"name\":\"Choque frontal de un autobus con inmigrantes a bordo\"}]},{\"@type\":\"WebSite\",\"@id\":\"https:\\\/\\\/blogdiario.info\\\/magazine\\\/#website\",\"url\":\"https:\\\/\\\/blogdiario.info\\\/magazine\\\/\",\"name\":\"BlogDiario Magazine\",\"description\":\"Suplemento multiling\u00fce de ElCanillita.Info\",\"publisher\":{\"@id\":\"https:\\\/\\\/blogdiario.info\\\/magazine\\\/#organization\"},\"potentialAction\":[{\"@type\":\"SearchAction\",\"target\":{\"@type\":\"EntryPoint\",\"urlTemplate\":\"https:\\\/\\\/blogdiario.info\\\/magazine\\\/?s={search_term_string}\"},\"query-input\":{\"@type\":\"PropertyValueSpecification\",\"valueRequired\":true,\"valueName\":\"search_term_string\"}}],\"inLanguage\":\"es-AR\"},{\"@type\":\"Organization\",\"@id\":\"https:\\\/\\\/blogdiario.info\\\/magazine\\\/#organization\",\"name\":\"Guzzo Photos & Graphic Publications\",\"url\":\"https:\\\/\\\/blogdiario.info\\\/magazine\\\/\",\"logo\":{\"@type\":\"ImageObject\",\"inLanguage\":\"es-AR\",\"@id\":\"https:\\\/\\\/blogdiario.info\\\/magazine\\\/#\\\/schema\\\/logo\\\/image\\\/\",\"url\":\"https:\\\/\\\/blogdiario.info\\\/magazine\\\/images\\\/2020\\\/01\\\/cropped-blogdia_magazine.jpg\",\"contentUrl\":\"https:\\\/\\\/blogdiario.info\\\/magazine\\\/images\\\/2020\\\/01\\\/cropped-blogdia_magazine.jpg\",\"width\":589,\"height\":55,\"caption\":\"Guzzo Photos & Graphic Publications\"},\"image\":{\"@id\":\"https:\\\/\\\/blogdiario.info\\\/magazine\\\/#\\\/schema\\\/logo\\\/image\\\/\"}},{\"@type\":\"Person\",\"@id\":\"https:\\\/\\\/blogdiario.info\\\/magazine\\\/#\\\/schema\\\/person\\\/b2422fe85574d945bad55513bb0c7354\",\"name\":\"World Press Service | Servicio de Prensa Mundial\"}]}<\/script>\n<!-- \/ Yoast SEO plugin. -->","yoast_head_json":{"title":"Choque frontal de un autobus con inmigrantes a bordo - BlogDiario Magazine","description":"Dos conductores murieron y 25 migrantes resultaron heridos, algunos de gravedad, en un accidente de tr\u00e1fico en la autopista A1","robots":{"index":"index","follow":"follow","max-snippet":"max-snippet:-1","max-image-preview":"max-image-preview:large","max-video-preview":"max-video-preview:-1"},"canonical":"https:\/\/blogdiario.info\/magazine\/2023\/09\/15\/choque-frontal-de-un-autobus-con-inmigrantes-a-bordo\/","og_locale":"es_ES","og_type":"article","og_title":"Choque frontal de un autobus con inmigrantes a bordo - BlogDiario Magazine","og_description":"Dos conductores murieron y 25 migrantes resultaron heridos, algunos de gravedad, en un accidente de tr\u00e1fico en la autopista A1","og_url":"https:\/\/blogdiario.info\/magazine\/2023\/09\/15\/choque-frontal-de-un-autobus-con-inmigrantes-a-bordo\/","og_site_name":"BlogDiario Magazine","article_published_time":"2023-09-15T13:24:58+00:00","article_modified_time":"2023-09-15T13:31:53+00:00","og_image":[{"width":600,"height":309,"url":"https:\/\/blogdiario.info\/magazine\/images\/2023\/09\/migran_20230915.jpg","type":"image\/jpeg"}],"author":"World Press Service | Servicio de Prensa Mundial","twitter_card":"summary_large_image","twitter_misc":{"Escrito por":"World Press Service | Servicio de Prensa Mundial","Tiempo de lectura":"2 minutos"},"schema":{"@context":"https:\/\/schema.org","@graph":[{"@type":"Article","@id":"https:\/\/blogdiario.info\/magazine\/2023\/09\/15\/choque-frontal-de-un-autobus-con-inmigrantes-a-bordo\/#article","isPartOf":{"@id":"https:\/\/blogdiario.info\/magazine\/2023\/09\/15\/choque-frontal-de-un-autobus-con-inmigrantes-a-bordo\/"},"author":{"name":"World Press Service | Servicio de Prensa Mundial","@id":"https:\/\/blogdiario.info\/magazine\/#\/schema\/person\/b2422fe85574d945bad55513bb0c7354"},"headline":"Choque frontal de un autobus con inmigrantes a bordo","datePublished":"2023-09-15T13:24:58+00:00","dateModified":"2023-09-15T13:31:53+00:00","mainEntityOfPage":{"@id":"https:\/\/blogdiario.info\/magazine\/2023\/09\/15\/choque-frontal-de-un-autobus-con-inmigrantes-a-bordo\/"},"wordCount":268,"publisher":{"@id":"https:\/\/blogdiario.info\/magazine\/#organization"},"image":{"@id":"https:\/\/blogdiario.info\/magazine\/2023\/09\/15\/choque-frontal-de-un-autobus-con-inmigrantes-a-bordo\/#primaryimage"},"thumbnailUrl":"https:\/\/blogdiario.info\/magazine\/images\/2023\/09\/migran_20230915.jpg","keywords":["Italia"],"articleSection":[".",".","Actualidad","Europa"],"inLanguage":"es-AR"},{"@type":"WebPage","@id":"https:\/\/blogdiario.info\/magazine\/2023\/09\/15\/choque-frontal-de-un-autobus-con-inmigrantes-a-bordo\/","url":"https:\/\/blogdiario.info\/magazine\/2023\/09\/15\/choque-frontal-de-un-autobus-con-inmigrantes-a-bordo\/","name":"Choque frontal de un autobus con inmigrantes a bordo - BlogDiario Magazine","isPartOf":{"@id":"https:\/\/blogdiario.info\/magazine\/#website"},"primaryImageOfPage":{"@id":"https:\/\/blogdiario.info\/magazine\/2023\/09\/15\/choque-frontal-de-un-autobus-con-inmigrantes-a-bordo\/#primaryimage"},"image":{"@id":"https:\/\/blogdiario.info\/magazine\/2023\/09\/15\/choque-frontal-de-un-autobus-con-inmigrantes-a-bordo\/#primaryimage"},"thumbnailUrl":"https:\/\/blogdiario.info\/magazine\/images\/2023\/09\/migran_20230915.jpg","datePublished":"2023-09-15T13:24:58+00:00","dateModified":"2023-09-15T13:31:53+00:00","description":"Dos conductores murieron y 25 migrantes resultaron heridos, algunos de gravedad, en un accidente de tr\u00e1fico en la autopista A1","breadcrumb":{"@id":"https:\/\/blogdiario.info\/magazine\/2023\/09\/15\/choque-frontal-de-un-autobus-con-inmigrantes-a-bordo\/#breadcrumb"},"inLanguage":"es-AR","potentialAction":[{"@type":"ReadAction","target":["https:\/\/blogdiario.info\/magazine\/2023\/09\/15\/choque-frontal-de-un-autobus-con-inmigrantes-a-bordo\/"]}]},{"@type":"ImageObject","inLanguage":"es-AR","@id":"https:\/\/blogdiario.info\/magazine\/2023\/09\/15\/choque-frontal-de-un-autobus-con-inmigrantes-a-bordo\/#primaryimage","url":"https:\/\/blogdiario.info\/magazine\/images\/2023\/09\/migran_20230915.jpg","contentUrl":"https:\/\/blogdiario.info\/magazine\/images\/2023\/09\/migran_20230915.jpg","width":600,"height":309},{"@type":"BreadcrumbList","@id":"https:\/\/blogdiario.info\/magazine\/2023\/09\/15\/choque-frontal-de-un-autobus-con-inmigrantes-a-bordo\/#breadcrumb","itemListElement":[{"@type":"ListItem","position":1,"name":"Home","item":"https:\/\/blogdiario.info\/magazine\/"},{"@type":"ListItem","position":2,"name":"Choque frontal de un autobus con inmigrantes a bordo"}]},{"@type":"WebSite","@id":"https:\/\/blogdiario.info\/magazine\/#website","url":"https:\/\/blogdiario.info\/magazine\/","name":"BlogDiario Magazine","description":"Suplemento multiling\u00fce de ElCanillita.Info","publisher":{"@id":"https:\/\/blogdiario.info\/magazine\/#organization"},"potentialAction":[{"@type":"SearchAction","target":{"@type":"EntryPoint","urlTemplate":"https:\/\/blogdiario.info\/magazine\/?s={search_term_string}"},"query-input":{"@type":"PropertyValueSpecification","valueRequired":true,"valueName":"search_term_string"}}],"inLanguage":"es-AR"},{"@type":"Organization","@id":"https:\/\/blogdiario.info\/magazine\/#organization","name":"Guzzo Photos & Graphic Publications","url":"https:\/\/blogdiario.info\/magazine\/","logo":{"@type":"ImageObject","inLanguage":"es-AR","@id":"https:\/\/blogdiario.info\/magazine\/#\/schema\/logo\/image\/","url":"https:\/\/blogdiario.info\/magazine\/images\/2020\/01\/cropped-blogdia_magazine.jpg","contentUrl":"https:\/\/blogdiario.info\/magazine\/images\/2020\/01\/cropped-blogdia_magazine.jpg","width":589,"height":55,"caption":"Guzzo Photos & Graphic Publications"},"image":{"@id":"https:\/\/blogdiario.info\/magazine\/#\/schema\/logo\/image\/"}},{"@type":"Person","@id":"https:\/\/blogdiario.info\/magazine\/#\/schema\/person\/b2422fe85574d945bad55513bb0c7354","name":"World Press Service | Servicio de Prensa Mundial"}]}},"views":416,"_links":{"self":[{"href":"https:\/\/blogdiario.info\/magazine\/wp-json\/wp\/v2\/posts\/928","targetHints":{"allow":["GET"]}}],"collection":[{"href":"https:\/\/blogdiario.info\/magazine\/wp-json\/wp\/v2\/posts"}],"about":[{"href":"https:\/\/blogdiario.info\/magazine\/wp-json\/wp\/v2\/types\/post"}],"author":[{"embeddable":true,"href":"https:\/\/blogdiario.info\/magazine\/wp-json\/wp\/v2\/users\/1"}],"replies":[{"embeddable":true,"href":"https:\/\/blogdiario.info\/magazine\/wp-json\/wp\/v2\/comments?post=928"}],"version-history":[{"count":0,"href":"https:\/\/blogdiario.info\/magazine\/wp-json\/wp\/v2\/posts\/928\/revisions"}],"wp:featuredmedia":[{"embeddable":true,"href":"https:\/\/blogdiario.info\/magazine\/wp-json\/wp\/v2\/media\/929"}],"wp:attachment":[{"href":"https:\/\/blogdiario.info\/magazine\/wp-json\/wp\/v2\/media?parent=928"}],"wp:term":[{"taxonomy":"category","embeddable":true,"href":"https:\/\/blogdiario.info\/magazine\/wp-json\/wp\/v2\/categories?post=928"},{"taxonomy":"post_tag","embeddable":true,"href":"https:\/\/blogdiario.info\/magazine\/wp-json\/wp\/v2\/tags?post=928"}],"curies":[{"name":"wp","href":"https:\/\/api.w.org\/{rel}","templated":true}]}}