{"id":924,"date":"2023-09-10T16:05:45","date_gmt":"2023-09-10T19:05:45","guid":{"rendered":"https:\/\/blogdiario.info\/magazine\/?p=924"},"modified":"2023-09-10T16:08:25","modified_gmt":"2023-09-10T19:08:25","slug":"el-faro-de-las-relaciones-entre-roma-y-pekin","status":"publish","type":"post","link":"https:\/\/blogdiario.info\/magazine\/2023\/09\/10\/el-faro-de-las-relaciones-entre-roma-y-pekin\/","title":{"rendered":"El &#8220;faro&#8221; de las relaciones entre Roma y Pek\u00edn"},"content":{"rendered":"\n<figure class=\"wp-block-image size-full\"><img loading=\"lazy\" decoding=\"async\" width=\"600\" height=\"426\" src=\"https:\/\/blogdiario.info\/magazine\/images\/2023\/09\/melon_1_20290910.jpg\" alt=\"\" class=\"wp-image-925\" srcset=\"https:\/\/blogdiario.info\/magazine\/images\/2023\/09\/melon_1_20290910.jpg 600w, https:\/\/blogdiario.info\/magazine\/images\/2023\/09\/melon_1_20290910-300x213.jpg 300w\" sizes=\"auto, (max-width: 600px) 100vw, 600px\" \/><\/figure>\n\n\n\n<p><strong>BlogDiario.info, 10\/09\/2023<br><\/strong>Meloni, la Primer Ministro italiana mira m\u00e1s all\u00e1 de la Ruta de la Seda. Tras su encuentro con el primer ministro chino Li Qiang al margen del G20, se perfila un desasir suave de Italia del acuerdo sobre comercio de infraestructuras, una soluci\u00f3n de la que tambi\u00e9n habr\u00eda tomado nota ya su socio, en el compromiso com\u00fan de relanzar la relaci\u00f3n a 360 grados y mantenerla en los cauces de una s\u00f3lida amistad. Ha sido la cita m\u00e1s delicada de los tres d\u00edas en Nueva Delhi, desde donde la Ministro Meloni ofreci\u00f3 ayuda a Marruecos, afectado por el terremoto, y criticado a Rusia, por la &#8220;agresi\u00f3n&#8221; a Ucrania, chantajeando con el uso el suministro energ\u00e9tico como arma. Seg\u00fan fuentes italianas, el final de la reuni\u00f3n con el jefe del Gobierno chino, que en India ocup\u00f3 el lugar del gran ausente, el presidente de la Rep\u00fablica Popular Xi Jinping, fue positiva. Al parecer el primer ministro chino trat\u00f3 de destacar que en el convenio de 2018 con el Gobierno del ex Primer Ministro Conte, la &#8220;Ruta de la Seda&#8221; aportaba beneficios a Italia, \u00fanico pa\u00eds del G7 que se ha adherido a ella. El Ejecutivo de centroderecha est\u00e1 decidido a no renovar el acuerdo y en el horizonte est\u00e1 la salida propuesta a los chinos en la reciente visita del ministro de Exteriores, Antonio Tajani.<\/p>\n\n\n\n<figure class=\"wp-block-image size-full\"><img loading=\"lazy\" decoding=\"async\" width=\"600\" height=\"480\" src=\"https:\/\/blogdiario.info\/magazine\/images\/2023\/09\/melon_2_20290910.jpg\" alt=\"\" class=\"wp-image-926\" srcset=\"https:\/\/blogdiario.info\/magazine\/images\/2023\/09\/melon_2_20290910.jpg 600w, https:\/\/blogdiario.info\/magazine\/images\/2023\/09\/melon_2_20290910-300x240.jpg 300w\" sizes=\"auto, (max-width: 600px) 100vw, 600px\" \/><\/figure>\n\n\n\n<p>Una estrategia de salida sin pol\u00e9micas, con el m\u00e1ximo respeto a los dirigentes chinos y a Xi, que en octubre celebrar\u00e1 el d\u00e9cimo aniversario de la iniciativa. Paralelamente, se relanzar\u00e1 la asociaci\u00f3n estrat\u00e9gica &#8211; lanzada por el entonces Primer Ministro Silvio Berlusconi &#8211; que en mayo cumplir\u00e1 20 a\u00f1os. Sergio Mattarella tiene previsto visitar China en 2024. Tambi\u00e9n est\u00e1 de por medio el 700 aniversario de la muerte de Marco Polo, en enero. No se descarta un paso parlamentario, pero puede considerarse innecesario. Una moci\u00f3n, se razona en c\u00edrculos mayoritarios, podr\u00eda servir para una evaluaci\u00f3n del futuro de las relaciones. En la nota postbilateral, el Palazzo Chigi recuerda &#8220;la historia milenaria&#8221;, en virtud de la cual los dos pa\u00edses comparten una asociaci\u00f3n &#8220;que ser\u00e1 el faro para el avance de la amistad y la cooperaci\u00f3n entre las dos naciones en todos los sectores de inter\u00e9s com\u00fan&#8221;. Adem\u00e1s, &#8220;las conversaciones confirmaron la intenci\u00f3n com\u00fan de consolidar y profundizar el di\u00e1logo entre Roma y Pek\u00edn sobre las principales cuestiones bilaterales e internacionales&#8221;. Si bien es crucial evitar las represalias econ\u00f3micas, no lo es menos mantener el di\u00e1logo pol\u00edtico con una potencia mundial l\u00edder en \u00e1reas clave como Oriente Medio y \u00c1frica, donde -seg\u00fan la l\u00ednea italiana- no se debe luchar, sino competir. Y posiblemente colaborar&#8221;.<\/p>\n\n\n\n<figure class=\"wp-block-image size-full\"><img loading=\"lazy\" decoding=\"async\" width=\"600\" height=\"495\" src=\"https:\/\/blogdiario.info\/magazine\/images\/2023\/09\/melon_cov_20290910.jpg\" alt=\"\" class=\"wp-image-927\" srcset=\"https:\/\/blogdiario.info\/magazine\/images\/2023\/09\/melon_cov_20290910.jpg 600w, https:\/\/blogdiario.info\/magazine\/images\/2023\/09\/melon_cov_20290910-300x248.jpg 300w\" sizes=\"auto, (max-width: 600px) 100vw, 600px\" \/><\/figure>\n\n\n\n<p>Una relaci\u00f3n sana y estable entre China e Italia &#8220;est\u00e1 en l\u00ednea con los intereses comunes de ambos pa\u00edses y es necesaria para el mejor desarrollo de ambos&#8221;, dijo Li Qiang a Meloni, reiterando un deseo que Pek\u00edn ha expresado en repetidas ocasiones, a saber, &#8220;que Italia proporcione un entorno empresarial equitativo, justo y no discriminatorio para que las empresas chinas inviertan y se desarrollen en Italia&#8221;. China seguir\u00e1 ampliando el acceso al mercado para crear m\u00e1s oportunidades de entrada de productos de calidad&#8221;. Unas horas m\u00e1s tarde, Meloni mantuvo una reuni\u00f3n bilateral con el l\u00edder de India, pa\u00eds enfrentado a China por las tensiones fronterizas. Felicit\u00f3 al anfitri\u00f3n, Narendra Modi, por el &#8220;\u00e9xito&#8221; del G20, un resultado que tambi\u00e9n espera el Gobierno italiano, que ve en Nueva Delhi el liderazgo ideal del Sur global. Mirando a esa parte del mundo, Italia ha presionado para que la Uni\u00f3n Africana se una al G20 y, por tanto, para que muchos pa\u00edses se impliquen con el Plan Mattei. &#8220;Italia&#8221;, dijo el primer ministro, &#8220;destinar\u00e1 m\u00e1s del 70% de su Fondo Italiano para el Clima, 3.000 millones de euros en los pr\u00f3ximos cinco a\u00f1os, a \u00c1frica&#8221;. Y, seg\u00fan dijo ante los dem\u00e1s l\u00edderes, &#8220;debe preocupar realmente a todos&#8221; la lucha para mitigar los efectos &#8220;del cambio clim\u00e1tico, que afecta sobre todo a los pa\u00edses del sur del Mundo&#8221;.<br><br><small>Copyright \u00a9 2023 ElCanillita.info \/ BlogDiario.info &#8211; SalaStampa.Eu, servicio mundial de prensa<\/small><\/p>\n","protected":false},"excerpt":{"rendered":"<p>China seguir\u00e1 ampliando el acceso al mercado para crear m\u00e1s oportunidades de entrada de productos de calidad&#8221;<\/p>\n","protected":false},"author":1,"featured_media":926,"comment_status":"closed","ping_status":"closed","sticky":false,"template":"","format":"standard","meta":{"footnotes":"","_links_to":"","_links_to_target":""},"categories":[62,55,38],"tags":[96],"class_list":["post-924","post","type-post","status-publish","format-standard","has-post-thumbnail","hentry","category-actualidad","category-asia","category-economia-esp","tag-india","entry","rows"],"yoast_head":"<!-- This site is optimized with the Yoast SEO plugin v27.4 - https:\/\/yoast.com\/product\/yoast-seo-wordpress\/ -->\n<title>El &quot;faro&quot; de las relaciones entre Roma y Pek\u00edn - BlogDiario Magazine<\/title>\n<meta name=\"description\" content=\"China seguir\u00e1 ampliando el acceso al mercado para crear m\u00e1s oportunidades de entrada de productos de calidad&quot;\" \/>\n<meta name=\"robots\" content=\"index, follow, max-snippet:-1, max-image-preview:large, max-video-preview:-1\" \/>\n<link rel=\"canonical\" href=\"https:\/\/blogdiario.info\/magazine\/2023\/09\/10\/el-faro-de-las-relaciones-entre-roma-y-pekin\/\" \/>\n<meta property=\"og:locale\" content=\"es_ES\" \/>\n<meta property=\"og:type\" content=\"article\" \/>\n<meta property=\"og:title\" content=\"El &quot;faro&quot; de las relaciones entre Roma y Pek\u00edn - BlogDiario Magazine\" \/>\n<meta property=\"og:description\" content=\"China seguir\u00e1 ampliando el acceso al mercado para crear m\u00e1s oportunidades de entrada de productos de calidad&quot;\" \/>\n<meta property=\"og:url\" content=\"https:\/\/blogdiario.info\/magazine\/2023\/09\/10\/el-faro-de-las-relaciones-entre-roma-y-pekin\/\" \/>\n<meta property=\"og:site_name\" content=\"BlogDiario Magazine\" \/>\n<meta property=\"article:published_time\" content=\"2023-09-10T19:05:45+00:00\" \/>\n<meta property=\"article:modified_time\" content=\"2023-09-10T19:08:25+00:00\" \/>\n<meta property=\"og:image\" content=\"https:\/\/blogdiario.info\/magazine\/images\/2023\/09\/melon_2_20290910.jpg\" \/>\n\t<meta property=\"og:image:width\" content=\"600\" \/>\n\t<meta property=\"og:image:height\" content=\"480\" \/>\n\t<meta property=\"og:image:type\" content=\"image\/jpeg\" \/>\n<meta name=\"author\" content=\"World Press Service | Servicio de Prensa Mundial\" \/>\n<meta name=\"twitter:card\" content=\"summary_large_image\" \/>\n<meta name=\"twitter:label1\" content=\"Escrito por\" \/>\n\t<meta name=\"twitter:data1\" content=\"World Press Service | Servicio de Prensa Mundial\" \/>\n\t<meta name=\"twitter:label2\" content=\"Tiempo de lectura\" \/>\n\t<meta name=\"twitter:data2\" content=\"5 minutos\" \/>\n<script type=\"application\/ld+json\" class=\"yoast-schema-graph\">{\"@context\":\"https:\\\/\\\/schema.org\",\"@graph\":[{\"@type\":\"Article\",\"@id\":\"https:\\\/\\\/blogdiario.info\\\/magazine\\\/2023\\\/09\\\/10\\\/el-faro-de-las-relaciones-entre-roma-y-pekin\\\/#article\",\"isPartOf\":{\"@id\":\"https:\\\/\\\/blogdiario.info\\\/magazine\\\/2023\\\/09\\\/10\\\/el-faro-de-las-relaciones-entre-roma-y-pekin\\\/\"},\"author\":{\"name\":\"World Press Service | Servicio de Prensa Mundial\",\"@id\":\"https:\\\/\\\/blogdiario.info\\\/magazine\\\/#\\\/schema\\\/person\\\/b2422fe85574d945bad55513bb0c7354\"},\"headline\":\"El &#8220;faro&#8221; de las relaciones entre Roma y Pek\u00edn\",\"datePublished\":\"2023-09-10T19:05:45+00:00\",\"dateModified\":\"2023-09-10T19:08:25+00:00\",\"mainEntityOfPage\":{\"@id\":\"https:\\\/\\\/blogdiario.info\\\/magazine\\\/2023\\\/09\\\/10\\\/el-faro-de-las-relaciones-entre-roma-y-pekin\\\/\"},\"wordCount\":742,\"publisher\":{\"@id\":\"https:\\\/\\\/blogdiario.info\\\/magazine\\\/#organization\"},\"image\":{\"@id\":\"https:\\\/\\\/blogdiario.info\\\/magazine\\\/2023\\\/09\\\/10\\\/el-faro-de-las-relaciones-entre-roma-y-pekin\\\/#primaryimage\"},\"thumbnailUrl\":\"https:\\\/\\\/blogdiario.info\\\/magazine\\\/images\\\/2023\\\/09\\\/melon_2_20290910.jpg\",\"keywords\":[\"India\"],\"articleSection\":[\"Actualidad\",\"Asia\",\"Economia\"],\"inLanguage\":\"es-AR\"},{\"@type\":\"WebPage\",\"@id\":\"https:\\\/\\\/blogdiario.info\\\/magazine\\\/2023\\\/09\\\/10\\\/el-faro-de-las-relaciones-entre-roma-y-pekin\\\/\",\"url\":\"https:\\\/\\\/blogdiario.info\\\/magazine\\\/2023\\\/09\\\/10\\\/el-faro-de-las-relaciones-entre-roma-y-pekin\\\/\",\"name\":\"El \\\"faro\\\" de las relaciones entre Roma y Pek\u00edn - BlogDiario Magazine\",\"isPartOf\":{\"@id\":\"https:\\\/\\\/blogdiario.info\\\/magazine\\\/#website\"},\"primaryImageOfPage\":{\"@id\":\"https:\\\/\\\/blogdiario.info\\\/magazine\\\/2023\\\/09\\\/10\\\/el-faro-de-las-relaciones-entre-roma-y-pekin\\\/#primaryimage\"},\"image\":{\"@id\":\"https:\\\/\\\/blogdiario.info\\\/magazine\\\/2023\\\/09\\\/10\\\/el-faro-de-las-relaciones-entre-roma-y-pekin\\\/#primaryimage\"},\"thumbnailUrl\":\"https:\\\/\\\/blogdiario.info\\\/magazine\\\/images\\\/2023\\\/09\\\/melon_2_20290910.jpg\",\"datePublished\":\"2023-09-10T19:05:45+00:00\",\"dateModified\":\"2023-09-10T19:08:25+00:00\",\"description\":\"China seguir\u00e1 ampliando el acceso al mercado para crear m\u00e1s oportunidades de entrada de productos de calidad\\\"\",\"breadcrumb\":{\"@id\":\"https:\\\/\\\/blogdiario.info\\\/magazine\\\/2023\\\/09\\\/10\\\/el-faro-de-las-relaciones-entre-roma-y-pekin\\\/#breadcrumb\"},\"inLanguage\":\"es-AR\",\"potentialAction\":[{\"@type\":\"ReadAction\",\"target\":[\"https:\\\/\\\/blogdiario.info\\\/magazine\\\/2023\\\/09\\\/10\\\/el-faro-de-las-relaciones-entre-roma-y-pekin\\\/\"]}]},{\"@type\":\"ImageObject\",\"inLanguage\":\"es-AR\",\"@id\":\"https:\\\/\\\/blogdiario.info\\\/magazine\\\/2023\\\/09\\\/10\\\/el-faro-de-las-relaciones-entre-roma-y-pekin\\\/#primaryimage\",\"url\":\"https:\\\/\\\/blogdiario.info\\\/magazine\\\/images\\\/2023\\\/09\\\/melon_2_20290910.jpg\",\"contentUrl\":\"https:\\\/\\\/blogdiario.info\\\/magazine\\\/images\\\/2023\\\/09\\\/melon_2_20290910.jpg\",\"width\":600,\"height\":480},{\"@type\":\"BreadcrumbList\",\"@id\":\"https:\\\/\\\/blogdiario.info\\\/magazine\\\/2023\\\/09\\\/10\\\/el-faro-de-las-relaciones-entre-roma-y-pekin\\\/#breadcrumb\",\"itemListElement\":[{\"@type\":\"ListItem\",\"position\":1,\"name\":\"Home\",\"item\":\"https:\\\/\\\/blogdiario.info\\\/magazine\\\/\"},{\"@type\":\"ListItem\",\"position\":2,\"name\":\"El &#8220;faro&#8221; de las relaciones entre Roma y Pek\u00edn\"}]},{\"@type\":\"WebSite\",\"@id\":\"https:\\\/\\\/blogdiario.info\\\/magazine\\\/#website\",\"url\":\"https:\\\/\\\/blogdiario.info\\\/magazine\\\/\",\"name\":\"BlogDiario Magazine\",\"description\":\"Suplemento multiling\u00fce de ElCanillita.Info\",\"publisher\":{\"@id\":\"https:\\\/\\\/blogdiario.info\\\/magazine\\\/#organization\"},\"potentialAction\":[{\"@type\":\"SearchAction\",\"target\":{\"@type\":\"EntryPoint\",\"urlTemplate\":\"https:\\\/\\\/blogdiario.info\\\/magazine\\\/?s={search_term_string}\"},\"query-input\":{\"@type\":\"PropertyValueSpecification\",\"valueRequired\":true,\"valueName\":\"search_term_string\"}}],\"inLanguage\":\"es-AR\"},{\"@type\":\"Organization\",\"@id\":\"https:\\\/\\\/blogdiario.info\\\/magazine\\\/#organization\",\"name\":\"Guzzo Photos & Graphic Publications\",\"url\":\"https:\\\/\\\/blogdiario.info\\\/magazine\\\/\",\"logo\":{\"@type\":\"ImageObject\",\"inLanguage\":\"es-AR\",\"@id\":\"https:\\\/\\\/blogdiario.info\\\/magazine\\\/#\\\/schema\\\/logo\\\/image\\\/\",\"url\":\"https:\\\/\\\/blogdiario.info\\\/magazine\\\/images\\\/2020\\\/01\\\/cropped-blogdia_magazine.jpg\",\"contentUrl\":\"https:\\\/\\\/blogdiario.info\\\/magazine\\\/images\\\/2020\\\/01\\\/cropped-blogdia_magazine.jpg\",\"width\":589,\"height\":55,\"caption\":\"Guzzo Photos & Graphic Publications\"},\"image\":{\"@id\":\"https:\\\/\\\/blogdiario.info\\\/magazine\\\/#\\\/schema\\\/logo\\\/image\\\/\"}},{\"@type\":\"Person\",\"@id\":\"https:\\\/\\\/blogdiario.info\\\/magazine\\\/#\\\/schema\\\/person\\\/b2422fe85574d945bad55513bb0c7354\",\"name\":\"World Press Service | Servicio de Prensa Mundial\"}]}<\/script>\n<!-- \/ Yoast SEO plugin. -->","yoast_head_json":{"title":"El \"faro\" de las relaciones entre Roma y Pek\u00edn - BlogDiario Magazine","description":"China seguir\u00e1 ampliando el acceso al mercado para crear m\u00e1s oportunidades de entrada de productos de calidad\"","robots":{"index":"index","follow":"follow","max-snippet":"max-snippet:-1","max-image-preview":"max-image-preview:large","max-video-preview":"max-video-preview:-1"},"canonical":"https:\/\/blogdiario.info\/magazine\/2023\/09\/10\/el-faro-de-las-relaciones-entre-roma-y-pekin\/","og_locale":"es_ES","og_type":"article","og_title":"El \"faro\" de las relaciones entre Roma y Pek\u00edn - BlogDiario Magazine","og_description":"China seguir\u00e1 ampliando el acceso al mercado para crear m\u00e1s oportunidades de entrada de productos de calidad\"","og_url":"https:\/\/blogdiario.info\/magazine\/2023\/09\/10\/el-faro-de-las-relaciones-entre-roma-y-pekin\/","og_site_name":"BlogDiario Magazine","article_published_time":"2023-09-10T19:05:45+00:00","article_modified_time":"2023-09-10T19:08:25+00:00","og_image":[{"width":600,"height":480,"url":"https:\/\/blogdiario.info\/magazine\/images\/2023\/09\/melon_2_20290910.jpg","type":"image\/jpeg"}],"author":"World Press Service | Servicio de Prensa Mundial","twitter_card":"summary_large_image","twitter_misc":{"Escrito por":"World Press Service | Servicio de Prensa Mundial","Tiempo de lectura":"5 minutos"},"schema":{"@context":"https:\/\/schema.org","@graph":[{"@type":"Article","@id":"https:\/\/blogdiario.info\/magazine\/2023\/09\/10\/el-faro-de-las-relaciones-entre-roma-y-pekin\/#article","isPartOf":{"@id":"https:\/\/blogdiario.info\/magazine\/2023\/09\/10\/el-faro-de-las-relaciones-entre-roma-y-pekin\/"},"author":{"name":"World Press Service | Servicio de Prensa Mundial","@id":"https:\/\/blogdiario.info\/magazine\/#\/schema\/person\/b2422fe85574d945bad55513bb0c7354"},"headline":"El &#8220;faro&#8221; de las relaciones entre Roma y Pek\u00edn","datePublished":"2023-09-10T19:05:45+00:00","dateModified":"2023-09-10T19:08:25+00:00","mainEntityOfPage":{"@id":"https:\/\/blogdiario.info\/magazine\/2023\/09\/10\/el-faro-de-las-relaciones-entre-roma-y-pekin\/"},"wordCount":742,"publisher":{"@id":"https:\/\/blogdiario.info\/magazine\/#organization"},"image":{"@id":"https:\/\/blogdiario.info\/magazine\/2023\/09\/10\/el-faro-de-las-relaciones-entre-roma-y-pekin\/#primaryimage"},"thumbnailUrl":"https:\/\/blogdiario.info\/magazine\/images\/2023\/09\/melon_2_20290910.jpg","keywords":["India"],"articleSection":["Actualidad","Asia","Economia"],"inLanguage":"es-AR"},{"@type":"WebPage","@id":"https:\/\/blogdiario.info\/magazine\/2023\/09\/10\/el-faro-de-las-relaciones-entre-roma-y-pekin\/","url":"https:\/\/blogdiario.info\/magazine\/2023\/09\/10\/el-faro-de-las-relaciones-entre-roma-y-pekin\/","name":"El \"faro\" de las relaciones entre Roma y Pek\u00edn - BlogDiario Magazine","isPartOf":{"@id":"https:\/\/blogdiario.info\/magazine\/#website"},"primaryImageOfPage":{"@id":"https:\/\/blogdiario.info\/magazine\/2023\/09\/10\/el-faro-de-las-relaciones-entre-roma-y-pekin\/#primaryimage"},"image":{"@id":"https:\/\/blogdiario.info\/magazine\/2023\/09\/10\/el-faro-de-las-relaciones-entre-roma-y-pekin\/#primaryimage"},"thumbnailUrl":"https:\/\/blogdiario.info\/magazine\/images\/2023\/09\/melon_2_20290910.jpg","datePublished":"2023-09-10T19:05:45+00:00","dateModified":"2023-09-10T19:08:25+00:00","description":"China seguir\u00e1 ampliando el acceso al mercado para crear m\u00e1s oportunidades de entrada de productos de calidad\"","breadcrumb":{"@id":"https:\/\/blogdiario.info\/magazine\/2023\/09\/10\/el-faro-de-las-relaciones-entre-roma-y-pekin\/#breadcrumb"},"inLanguage":"es-AR","potentialAction":[{"@type":"ReadAction","target":["https:\/\/blogdiario.info\/magazine\/2023\/09\/10\/el-faro-de-las-relaciones-entre-roma-y-pekin\/"]}]},{"@type":"ImageObject","inLanguage":"es-AR","@id":"https:\/\/blogdiario.info\/magazine\/2023\/09\/10\/el-faro-de-las-relaciones-entre-roma-y-pekin\/#primaryimage","url":"https:\/\/blogdiario.info\/magazine\/images\/2023\/09\/melon_2_20290910.jpg","contentUrl":"https:\/\/blogdiario.info\/magazine\/images\/2023\/09\/melon_2_20290910.jpg","width":600,"height":480},{"@type":"BreadcrumbList","@id":"https:\/\/blogdiario.info\/magazine\/2023\/09\/10\/el-faro-de-las-relaciones-entre-roma-y-pekin\/#breadcrumb","itemListElement":[{"@type":"ListItem","position":1,"name":"Home","item":"https:\/\/blogdiario.info\/magazine\/"},{"@type":"ListItem","position":2,"name":"El &#8220;faro&#8221; de las relaciones entre Roma y Pek\u00edn"}]},{"@type":"WebSite","@id":"https:\/\/blogdiario.info\/magazine\/#website","url":"https:\/\/blogdiario.info\/magazine\/","name":"BlogDiario Magazine","description":"Suplemento multiling\u00fce de ElCanillita.Info","publisher":{"@id":"https:\/\/blogdiario.info\/magazine\/#organization"},"potentialAction":[{"@type":"SearchAction","target":{"@type":"EntryPoint","urlTemplate":"https:\/\/blogdiario.info\/magazine\/?s={search_term_string}"},"query-input":{"@type":"PropertyValueSpecification","valueRequired":true,"valueName":"search_term_string"}}],"inLanguage":"es-AR"},{"@type":"Organization","@id":"https:\/\/blogdiario.info\/magazine\/#organization","name":"Guzzo Photos & Graphic Publications","url":"https:\/\/blogdiario.info\/magazine\/","logo":{"@type":"ImageObject","inLanguage":"es-AR","@id":"https:\/\/blogdiario.info\/magazine\/#\/schema\/logo\/image\/","url":"https:\/\/blogdiario.info\/magazine\/images\/2020\/01\/cropped-blogdia_magazine.jpg","contentUrl":"https:\/\/blogdiario.info\/magazine\/images\/2020\/01\/cropped-blogdia_magazine.jpg","width":589,"height":55,"caption":"Guzzo Photos & Graphic Publications"},"image":{"@id":"https:\/\/blogdiario.info\/magazine\/#\/schema\/logo\/image\/"}},{"@type":"Person","@id":"https:\/\/blogdiario.info\/magazine\/#\/schema\/person\/b2422fe85574d945bad55513bb0c7354","name":"World Press Service | Servicio de Prensa Mundial"}]}},"views":445,"_links":{"self":[{"href":"https:\/\/blogdiario.info\/magazine\/wp-json\/wp\/v2\/posts\/924","targetHints":{"allow":["GET"]}}],"collection":[{"href":"https:\/\/blogdiario.info\/magazine\/wp-json\/wp\/v2\/posts"}],"about":[{"href":"https:\/\/blogdiario.info\/magazine\/wp-json\/wp\/v2\/types\/post"}],"author":[{"embeddable":true,"href":"https:\/\/blogdiario.info\/magazine\/wp-json\/wp\/v2\/users\/1"}],"replies":[{"embeddable":true,"href":"https:\/\/blogdiario.info\/magazine\/wp-json\/wp\/v2\/comments?post=924"}],"version-history":[{"count":0,"href":"https:\/\/blogdiario.info\/magazine\/wp-json\/wp\/v2\/posts\/924\/revisions"}],"wp:featuredmedia":[{"embeddable":true,"href":"https:\/\/blogdiario.info\/magazine\/wp-json\/wp\/v2\/media\/926"}],"wp:attachment":[{"href":"https:\/\/blogdiario.info\/magazine\/wp-json\/wp\/v2\/media?parent=924"}],"wp:term":[{"taxonomy":"category","embeddable":true,"href":"https:\/\/blogdiario.info\/magazine\/wp-json\/wp\/v2\/categories?post=924"},{"taxonomy":"post_tag","embeddable":true,"href":"https:\/\/blogdiario.info\/magazine\/wp-json\/wp\/v2\/tags?post=924"}],"curies":[{"name":"wp","href":"https:\/\/api.w.org\/{rel}","templated":true}]}}