{"id":917,"date":"2023-09-09T21:04:37","date_gmt":"2023-09-10T00:04:37","guid":{"rendered":"https:\/\/blogdiario.info\/magazine\/?p=917"},"modified":"2023-09-09T21:09:22","modified_gmt":"2023-09-10T00:09:22","slug":"chile-sigue-dividido-no-obstante-hayan-pasado-50-anos-del-golpe-de-estado","status":"publish","type":"post","link":"https:\/\/blogdiario.info\/magazine\/2023\/09\/09\/chile-sigue-dividido-no-obstante-hayan-pasado-50-anos-del-golpe-de-estado\/","title":{"rendered":"Chile sigue dividido no obstante hayan pasado 50 a\u00f1os del golpe de Estado"},"content":{"rendered":"\n<figure class=\"wp-block-image size-full\"><img loading=\"lazy\" decoding=\"async\" width=\"600\" height=\"400\" src=\"https:\/\/blogdiario.info\/magazine\/images\/2023\/09\/pino_0_20230910.jpg\" alt=\"\" class=\"wp-image-918\" srcset=\"https:\/\/blogdiario.info\/magazine\/images\/2023\/09\/pino_0_20230910.jpg 600w, https:\/\/blogdiario.info\/magazine\/images\/2023\/09\/pino_0_20230910-300x200.jpg 300w\" sizes=\"auto, (max-width: 600px) 100vw, 600px\" \/><figcaption class=\"wp-element-caption\">Augusto Jos\u00e9 Ram\u00f3n Pinochet Ugarte -[Valpara\u00edso, 25\/11\/1915-Santiago, 10\/12\/2006] fue un militar, pol\u00edtico y dictador chileno en el per\u00edodo comprendido entre 1973 y 1990<\/figcaption><\/figure>\n\n\n\n<p><strong>BlogDiario.info, 10\/09\/2023<\/strong><br>La derecha, desde Chile Vamos hasta los republicanos de Kast, han hecho saber que no se sumar\u00e1n a una declaraci\u00f3n propuesta por el presidente progresista Gabriel Boric sobre el compromiso de salvaguardar la democracia y los derechos humanos, de cara a las conmemoraciones del lunes.<\/p>\n\n\n\n<p>&#8220;No estamos dispuestos a participar en iniciativas que generen m\u00e1s divisiones.<\/p>\n\n\n\n<p>No nos pondremos al servicio de una verdad oficial&#8217;, dijo el presidente de la Udi, senador Javier Macaya, se\u00f1alando que la posici\u00f3n es compartida por la coalici\u00f3n Chile Vamos, que tambi\u00e9n incluye a Renovaci\u00f3n Nacional, del ex presidente Sebasti\u00e1n Pi\u00f1era, y Ev\u00f3poli (partido pol\u00edtico chileno Evoluci\u00f3n Pol\u00edtica). Estamos abiertos a &#8216;todo di\u00e1logo posible sobre derechos humanos, democracia y condena de la violencia&#8217;, afirm\u00f3. Pero las verdades hist\u00f3ricas son un tema muy dif\u00edcil de consensuar. Hay diferentes an\u00e1lisis y puntos de vista&#8221;.<\/p>\n\n\n\n<p>En la misma l\u00ednea, el presidente del Partido Republicano, Arturo Squella. &#8216;La declaraci\u00f3n forma parte de una escenificaci\u00f3n de la divisi\u00f3n&#8217;, se\u00f1al\u00f3, &#8216;no formaremos parte de ella&#8217;. La semana pasada, Boric hab\u00eda entregado el texto a los l\u00edderes de la oposici\u00f3n para intentar alcanzar un compromiso con todo el espectro pol\u00edtico. El borrador, seg\u00fan avanza el diario La Tercera, consta de cuatro puntos, con t\u00edtulos gen\u00e9ricos, como &#8216;cuidar y defender la democracia, respetar la Constituci\u00f3n, las leyes y el Estado de Derecho frente a las amenazas autoritarias y la intolerancia&#8217;. O &#8216;defender el valor y la promoci\u00f3n irrestricta de los derechos humanos&#8217;. Temas en los que los exponentes de Chile Vamos dicen no tener problemas. En realidad, lo que preocupa a los derechistas es el tenor de los anuncios e iniciativas del mandatario durante el maxi-evento en La Moneda, donde se espera la presencia de siete l\u00edderes actuales, entre ellos Lula, y una decena de ex jefes de Estado y de Gobierno, entre ellos Massimo D&#8217;Alema, pol\u00edtico comunista italiano, ex Presidente del Consejo de Ministros.<\/p>\n\n\n\n<p>En concreto, Vamos Chile y Republicanos se oponen al cierre de la c\u00e1rcel especial de Punta Peuco (un centro penitenciario donde s\u00f3lo est\u00e1n recluidos militares condenados por cr\u00edmenes cometidos durante la dictadura) y al levantamiento del secreto de la Comisi\u00f3n Valech (sobre abusos cometidos durante el r\u00e9gimen militar). Ambas iniciativas est\u00e1n siendo estudiadas por el Ejecutivo.<\/p>\n\n\n\n<p>Un &#8220;ambiente verdaderamente t\u00f3xico&#8221;, seg\u00fan la ex Jefa de Estado Michelle Bachelet, quien se manifest\u00f3 a favor de la declaraci\u00f3n unitaria. Pero Boric promete que no se dar\u00e1 por vencido. Insistir\u00e9 hasta el \u00faltimo momento&#8221; para crear las condiciones necesarias para que todos firmen el texto que compromete a Chile con los derechos humanos y la democracia. Un documento para pasar p\u00e1gina por fin.<br><br><small>Copyright \u00a9 2023 ElCanillita.info \/ BlogDiario.info &#8211; SalaStampa.Eu, servicio mundial de prensa<\/small><\/p>\n","protected":false},"excerpt":{"rendered":"<p>La derecha, desde Chile Vamos hasta los republicanos de Kast, han hecho saber que no se sumar\u00e1n a una declaraci\u00f3n propuesta por el presidente progresista Gabriel Boric sobre el compromiso de salvaguardar la democracia y los derechos humanos, de cara a las conmemoraciones del lunes.<\/p>\n","protected":false},"author":1,"featured_media":919,"comment_status":"closed","ping_status":"closed","sticky":false,"template":"","format":"standard","meta":{"footnotes":"","_links_to":"","_links_to_target":""},"categories":[97,109,62,51,41],"tags":[116],"class_list":["post-917","post","type-post","status-publish","format-standard","has-post-thumbnail","hentry","category-elcanillita","category-dc24","category-actualidad","category-america-del-sud","category-politica-esp","tag-chile","entry","rows"],"yoast_head":"<!-- This site is optimized with the Yoast SEO plugin v27.4 - https:\/\/yoast.com\/product\/yoast-seo-wordpress\/ -->\n<title>Chile sigue dividido no obstante hayan pasado 50 a\u00f1os del golpe de Estado - BlogDiario Magazine<\/title>\n<meta name=\"description\" content=\"La derecha, desde Chile Vamos hasta los republicanos de Kast, han hecho saber que no se sumar\u00e1n a una declaraci\u00f3n propuesta por el presidente progresista Gabriel Boric sobre el compromiso de salvaguardar la democracia y los derechos humanos, de cara a las conmemoraciones del lunes.\" \/>\n<meta name=\"robots\" content=\"index, follow, max-snippet:-1, max-image-preview:large, max-video-preview:-1\" \/>\n<link rel=\"canonical\" href=\"https:\/\/blogdiario.info\/magazine\/2023\/09\/09\/chile-sigue-dividido-no-obstante-hayan-pasado-50-anos-del-golpe-de-estado\/\" \/>\n<meta property=\"og:locale\" content=\"es_ES\" \/>\n<meta property=\"og:type\" content=\"article\" \/>\n<meta property=\"og:title\" content=\"Chile sigue dividido no obstante hayan pasado 50 a\u00f1os del golpe de Estado - BlogDiario Magazine\" \/>\n<meta property=\"og:description\" content=\"La derecha, desde Chile Vamos hasta los republicanos de Kast, han hecho saber que no se sumar\u00e1n a una declaraci\u00f3n propuesta por el presidente progresista Gabriel Boric sobre el compromiso de salvaguardar la democracia y los derechos humanos, de cara a las conmemoraciones del lunes.\" \/>\n<meta property=\"og:url\" content=\"https:\/\/blogdiario.info\/magazine\/2023\/09\/09\/chile-sigue-dividido-no-obstante-hayan-pasado-50-anos-del-golpe-de-estado\/\" \/>\n<meta property=\"og:site_name\" content=\"BlogDiario Magazine\" \/>\n<meta property=\"article:published_time\" content=\"2023-09-10T00:04:37+00:00\" \/>\n<meta property=\"article:modified_time\" content=\"2023-09-10T00:09:22+00:00\" \/>\n<meta property=\"og:image\" content=\"https:\/\/blogdiario.info\/magazine\/images\/2023\/09\/ALE1_20230910.jpg\" \/>\n\t<meta property=\"og:image:width\" content=\"600\" \/>\n\t<meta property=\"og:image:height\" content=\"400\" \/>\n\t<meta property=\"og:image:type\" content=\"image\/jpeg\" \/>\n<meta name=\"author\" content=\"World Press Service | Servicio de Prensa Mundial\" \/>\n<meta name=\"twitter:card\" content=\"summary_large_image\" \/>\n<meta name=\"twitter:label1\" content=\"Escrito por\" \/>\n\t<meta name=\"twitter:data1\" content=\"World Press Service | Servicio de Prensa Mundial\" \/>\n\t<meta name=\"twitter:label2\" content=\"Tiempo de lectura\" \/>\n\t<meta name=\"twitter:data2\" content=\"3 minutos\" \/>\n<script type=\"application\/ld+json\" class=\"yoast-schema-graph\">{\"@context\":\"https:\\\/\\\/schema.org\",\"@graph\":[{\"@type\":\"Article\",\"@id\":\"https:\\\/\\\/blogdiario.info\\\/magazine\\\/2023\\\/09\\\/09\\\/chile-sigue-dividido-no-obstante-hayan-pasado-50-anos-del-golpe-de-estado\\\/#article\",\"isPartOf\":{\"@id\":\"https:\\\/\\\/blogdiario.info\\\/magazine\\\/2023\\\/09\\\/09\\\/chile-sigue-dividido-no-obstante-hayan-pasado-50-anos-del-golpe-de-estado\\\/\"},\"author\":{\"name\":\"World Press Service | Servicio de Prensa Mundial\",\"@id\":\"https:\\\/\\\/blogdiario.info\\\/magazine\\\/#\\\/schema\\\/person\\\/b2422fe85574d945bad55513bb0c7354\"},\"headline\":\"Chile sigue dividido no obstante hayan pasado 50 a\u00f1os del golpe de Estado\",\"datePublished\":\"2023-09-10T00:04:37+00:00\",\"dateModified\":\"2023-09-10T00:09:22+00:00\",\"mainEntityOfPage\":{\"@id\":\"https:\\\/\\\/blogdiario.info\\\/magazine\\\/2023\\\/09\\\/09\\\/chile-sigue-dividido-no-obstante-hayan-pasado-50-anos-del-golpe-de-estado\\\/\"},\"wordCount\":530,\"publisher\":{\"@id\":\"https:\\\/\\\/blogdiario.info\\\/magazine\\\/#organization\"},\"image\":{\"@id\":\"https:\\\/\\\/blogdiario.info\\\/magazine\\\/2023\\\/09\\\/09\\\/chile-sigue-dividido-no-obstante-hayan-pasado-50-anos-del-golpe-de-estado\\\/#primaryimage\"},\"thumbnailUrl\":\"https:\\\/\\\/blogdiario.info\\\/magazine\\\/images\\\/2023\\\/09\\\/ALE1_20230910.jpg\",\"keywords\":[\"Chile\"],\"articleSection\":[\".\",\".\",\"Actualidad\",\"America del Sud\",\"Politica\"],\"inLanguage\":\"es-AR\"},{\"@type\":\"WebPage\",\"@id\":\"https:\\\/\\\/blogdiario.info\\\/magazine\\\/2023\\\/09\\\/09\\\/chile-sigue-dividido-no-obstante-hayan-pasado-50-anos-del-golpe-de-estado\\\/\",\"url\":\"https:\\\/\\\/blogdiario.info\\\/magazine\\\/2023\\\/09\\\/09\\\/chile-sigue-dividido-no-obstante-hayan-pasado-50-anos-del-golpe-de-estado\\\/\",\"name\":\"Chile sigue dividido no obstante hayan pasado 50 a\u00f1os del golpe de Estado - BlogDiario Magazine\",\"isPartOf\":{\"@id\":\"https:\\\/\\\/blogdiario.info\\\/magazine\\\/#website\"},\"primaryImageOfPage\":{\"@id\":\"https:\\\/\\\/blogdiario.info\\\/magazine\\\/2023\\\/09\\\/09\\\/chile-sigue-dividido-no-obstante-hayan-pasado-50-anos-del-golpe-de-estado\\\/#primaryimage\"},\"image\":{\"@id\":\"https:\\\/\\\/blogdiario.info\\\/magazine\\\/2023\\\/09\\\/09\\\/chile-sigue-dividido-no-obstante-hayan-pasado-50-anos-del-golpe-de-estado\\\/#primaryimage\"},\"thumbnailUrl\":\"https:\\\/\\\/blogdiario.info\\\/magazine\\\/images\\\/2023\\\/09\\\/ALE1_20230910.jpg\",\"datePublished\":\"2023-09-10T00:04:37+00:00\",\"dateModified\":\"2023-09-10T00:09:22+00:00\",\"description\":\"La derecha, desde Chile Vamos hasta los republicanos de Kast, han hecho saber que no se sumar\u00e1n a una declaraci\u00f3n propuesta por el presidente progresista Gabriel Boric sobre el compromiso de salvaguardar la democracia y los derechos humanos, de cara a las conmemoraciones del lunes.\",\"breadcrumb\":{\"@id\":\"https:\\\/\\\/blogdiario.info\\\/magazine\\\/2023\\\/09\\\/09\\\/chile-sigue-dividido-no-obstante-hayan-pasado-50-anos-del-golpe-de-estado\\\/#breadcrumb\"},\"inLanguage\":\"es-AR\",\"potentialAction\":[{\"@type\":\"ReadAction\",\"target\":[\"https:\\\/\\\/blogdiario.info\\\/magazine\\\/2023\\\/09\\\/09\\\/chile-sigue-dividido-no-obstante-hayan-pasado-50-anos-del-golpe-de-estado\\\/\"]}]},{\"@type\":\"ImageObject\",\"inLanguage\":\"es-AR\",\"@id\":\"https:\\\/\\\/blogdiario.info\\\/magazine\\\/2023\\\/09\\\/09\\\/chile-sigue-dividido-no-obstante-hayan-pasado-50-anos-del-golpe-de-estado\\\/#primaryimage\",\"url\":\"https:\\\/\\\/blogdiario.info\\\/magazine\\\/images\\\/2023\\\/09\\\/ALE1_20230910.jpg\",\"contentUrl\":\"https:\\\/\\\/blogdiario.info\\\/magazine\\\/images\\\/2023\\\/09\\\/ALE1_20230910.jpg\",\"width\":600,\"height\":400},{\"@type\":\"BreadcrumbList\",\"@id\":\"https:\\\/\\\/blogdiario.info\\\/magazine\\\/2023\\\/09\\\/09\\\/chile-sigue-dividido-no-obstante-hayan-pasado-50-anos-del-golpe-de-estado\\\/#breadcrumb\",\"itemListElement\":[{\"@type\":\"ListItem\",\"position\":1,\"name\":\"Home\",\"item\":\"https:\\\/\\\/blogdiario.info\\\/magazine\\\/\"},{\"@type\":\"ListItem\",\"position\":2,\"name\":\"Chile sigue dividido no obstante hayan pasado 50 a\u00f1os del golpe de Estado\"}]},{\"@type\":\"WebSite\",\"@id\":\"https:\\\/\\\/blogdiario.info\\\/magazine\\\/#website\",\"url\":\"https:\\\/\\\/blogdiario.info\\\/magazine\\\/\",\"name\":\"BlogDiario Magazine\",\"description\":\"Suplemento multiling\u00fce de ElCanillita.Info\",\"publisher\":{\"@id\":\"https:\\\/\\\/blogdiario.info\\\/magazine\\\/#organization\"},\"potentialAction\":[{\"@type\":\"SearchAction\",\"target\":{\"@type\":\"EntryPoint\",\"urlTemplate\":\"https:\\\/\\\/blogdiario.info\\\/magazine\\\/?s={search_term_string}\"},\"query-input\":{\"@type\":\"PropertyValueSpecification\",\"valueRequired\":true,\"valueName\":\"search_term_string\"}}],\"inLanguage\":\"es-AR\"},{\"@type\":\"Organization\",\"@id\":\"https:\\\/\\\/blogdiario.info\\\/magazine\\\/#organization\",\"name\":\"Guzzo Photos & Graphic Publications\",\"url\":\"https:\\\/\\\/blogdiario.info\\\/magazine\\\/\",\"logo\":{\"@type\":\"ImageObject\",\"inLanguage\":\"es-AR\",\"@id\":\"https:\\\/\\\/blogdiario.info\\\/magazine\\\/#\\\/schema\\\/logo\\\/image\\\/\",\"url\":\"https:\\\/\\\/blogdiario.info\\\/magazine\\\/images\\\/2020\\\/01\\\/cropped-blogdia_magazine.jpg\",\"contentUrl\":\"https:\\\/\\\/blogdiario.info\\\/magazine\\\/images\\\/2020\\\/01\\\/cropped-blogdia_magazine.jpg\",\"width\":589,\"height\":55,\"caption\":\"Guzzo Photos & Graphic Publications\"},\"image\":{\"@id\":\"https:\\\/\\\/blogdiario.info\\\/magazine\\\/#\\\/schema\\\/logo\\\/image\\\/\"}},{\"@type\":\"Person\",\"@id\":\"https:\\\/\\\/blogdiario.info\\\/magazine\\\/#\\\/schema\\\/person\\\/b2422fe85574d945bad55513bb0c7354\",\"name\":\"World Press Service | Servicio de Prensa Mundial\"}]}<\/script>\n<!-- \/ Yoast SEO plugin. -->","yoast_head_json":{"title":"Chile sigue dividido no obstante hayan pasado 50 a\u00f1os del golpe de Estado - BlogDiario Magazine","description":"La derecha, desde Chile Vamos hasta los republicanos de Kast, han hecho saber que no se sumar\u00e1n a una declaraci\u00f3n propuesta por el presidente progresista Gabriel Boric sobre el compromiso de salvaguardar la democracia y los derechos humanos, de cara a las conmemoraciones del lunes.","robots":{"index":"index","follow":"follow","max-snippet":"max-snippet:-1","max-image-preview":"max-image-preview:large","max-video-preview":"max-video-preview:-1"},"canonical":"https:\/\/blogdiario.info\/magazine\/2023\/09\/09\/chile-sigue-dividido-no-obstante-hayan-pasado-50-anos-del-golpe-de-estado\/","og_locale":"es_ES","og_type":"article","og_title":"Chile sigue dividido no obstante hayan pasado 50 a\u00f1os del golpe de Estado - BlogDiario Magazine","og_description":"La derecha, desde Chile Vamos hasta los republicanos de Kast, han hecho saber que no se sumar\u00e1n a una declaraci\u00f3n propuesta por el presidente progresista Gabriel Boric sobre el compromiso de salvaguardar la democracia y los derechos humanos, de cara a las conmemoraciones del lunes.","og_url":"https:\/\/blogdiario.info\/magazine\/2023\/09\/09\/chile-sigue-dividido-no-obstante-hayan-pasado-50-anos-del-golpe-de-estado\/","og_site_name":"BlogDiario Magazine","article_published_time":"2023-09-10T00:04:37+00:00","article_modified_time":"2023-09-10T00:09:22+00:00","og_image":[{"width":600,"height":400,"url":"https:\/\/blogdiario.info\/magazine\/images\/2023\/09\/ALE1_20230910.jpg","type":"image\/jpeg"}],"author":"World Press Service | Servicio de Prensa Mundial","twitter_card":"summary_large_image","twitter_misc":{"Escrito por":"World Press Service | Servicio de Prensa Mundial","Tiempo de lectura":"3 minutos"},"schema":{"@context":"https:\/\/schema.org","@graph":[{"@type":"Article","@id":"https:\/\/blogdiario.info\/magazine\/2023\/09\/09\/chile-sigue-dividido-no-obstante-hayan-pasado-50-anos-del-golpe-de-estado\/#article","isPartOf":{"@id":"https:\/\/blogdiario.info\/magazine\/2023\/09\/09\/chile-sigue-dividido-no-obstante-hayan-pasado-50-anos-del-golpe-de-estado\/"},"author":{"name":"World Press Service | Servicio de Prensa Mundial","@id":"https:\/\/blogdiario.info\/magazine\/#\/schema\/person\/b2422fe85574d945bad55513bb0c7354"},"headline":"Chile sigue dividido no obstante hayan pasado 50 a\u00f1os del golpe de Estado","datePublished":"2023-09-10T00:04:37+00:00","dateModified":"2023-09-10T00:09:22+00:00","mainEntityOfPage":{"@id":"https:\/\/blogdiario.info\/magazine\/2023\/09\/09\/chile-sigue-dividido-no-obstante-hayan-pasado-50-anos-del-golpe-de-estado\/"},"wordCount":530,"publisher":{"@id":"https:\/\/blogdiario.info\/magazine\/#organization"},"image":{"@id":"https:\/\/blogdiario.info\/magazine\/2023\/09\/09\/chile-sigue-dividido-no-obstante-hayan-pasado-50-anos-del-golpe-de-estado\/#primaryimage"},"thumbnailUrl":"https:\/\/blogdiario.info\/magazine\/images\/2023\/09\/ALE1_20230910.jpg","keywords":["Chile"],"articleSection":[".",".","Actualidad","America del Sud","Politica"],"inLanguage":"es-AR"},{"@type":"WebPage","@id":"https:\/\/blogdiario.info\/magazine\/2023\/09\/09\/chile-sigue-dividido-no-obstante-hayan-pasado-50-anos-del-golpe-de-estado\/","url":"https:\/\/blogdiario.info\/magazine\/2023\/09\/09\/chile-sigue-dividido-no-obstante-hayan-pasado-50-anos-del-golpe-de-estado\/","name":"Chile sigue dividido no obstante hayan pasado 50 a\u00f1os del golpe de Estado - BlogDiario Magazine","isPartOf":{"@id":"https:\/\/blogdiario.info\/magazine\/#website"},"primaryImageOfPage":{"@id":"https:\/\/blogdiario.info\/magazine\/2023\/09\/09\/chile-sigue-dividido-no-obstante-hayan-pasado-50-anos-del-golpe-de-estado\/#primaryimage"},"image":{"@id":"https:\/\/blogdiario.info\/magazine\/2023\/09\/09\/chile-sigue-dividido-no-obstante-hayan-pasado-50-anos-del-golpe-de-estado\/#primaryimage"},"thumbnailUrl":"https:\/\/blogdiario.info\/magazine\/images\/2023\/09\/ALE1_20230910.jpg","datePublished":"2023-09-10T00:04:37+00:00","dateModified":"2023-09-10T00:09:22+00:00","description":"La derecha, desde Chile Vamos hasta los republicanos de Kast, han hecho saber que no se sumar\u00e1n a una declaraci\u00f3n propuesta por el presidente progresista Gabriel Boric sobre el compromiso de salvaguardar la democracia y los derechos humanos, de cara a las conmemoraciones del lunes.","breadcrumb":{"@id":"https:\/\/blogdiario.info\/magazine\/2023\/09\/09\/chile-sigue-dividido-no-obstante-hayan-pasado-50-anos-del-golpe-de-estado\/#breadcrumb"},"inLanguage":"es-AR","potentialAction":[{"@type":"ReadAction","target":["https:\/\/blogdiario.info\/magazine\/2023\/09\/09\/chile-sigue-dividido-no-obstante-hayan-pasado-50-anos-del-golpe-de-estado\/"]}]},{"@type":"ImageObject","inLanguage":"es-AR","@id":"https:\/\/blogdiario.info\/magazine\/2023\/09\/09\/chile-sigue-dividido-no-obstante-hayan-pasado-50-anos-del-golpe-de-estado\/#primaryimage","url":"https:\/\/blogdiario.info\/magazine\/images\/2023\/09\/ALE1_20230910.jpg","contentUrl":"https:\/\/blogdiario.info\/magazine\/images\/2023\/09\/ALE1_20230910.jpg","width":600,"height":400},{"@type":"BreadcrumbList","@id":"https:\/\/blogdiario.info\/magazine\/2023\/09\/09\/chile-sigue-dividido-no-obstante-hayan-pasado-50-anos-del-golpe-de-estado\/#breadcrumb","itemListElement":[{"@type":"ListItem","position":1,"name":"Home","item":"https:\/\/blogdiario.info\/magazine\/"},{"@type":"ListItem","position":2,"name":"Chile sigue dividido no obstante hayan pasado 50 a\u00f1os del golpe de Estado"}]},{"@type":"WebSite","@id":"https:\/\/blogdiario.info\/magazine\/#website","url":"https:\/\/blogdiario.info\/magazine\/","name":"BlogDiario Magazine","description":"Suplemento multiling\u00fce de ElCanillita.Info","publisher":{"@id":"https:\/\/blogdiario.info\/magazine\/#organization"},"potentialAction":[{"@type":"SearchAction","target":{"@type":"EntryPoint","urlTemplate":"https:\/\/blogdiario.info\/magazine\/?s={search_term_string}"},"query-input":{"@type":"PropertyValueSpecification","valueRequired":true,"valueName":"search_term_string"}}],"inLanguage":"es-AR"},{"@type":"Organization","@id":"https:\/\/blogdiario.info\/magazine\/#organization","name":"Guzzo Photos & Graphic Publications","url":"https:\/\/blogdiario.info\/magazine\/","logo":{"@type":"ImageObject","inLanguage":"es-AR","@id":"https:\/\/blogdiario.info\/magazine\/#\/schema\/logo\/image\/","url":"https:\/\/blogdiario.info\/magazine\/images\/2020\/01\/cropped-blogdia_magazine.jpg","contentUrl":"https:\/\/blogdiario.info\/magazine\/images\/2020\/01\/cropped-blogdia_magazine.jpg","width":589,"height":55,"caption":"Guzzo Photos & Graphic Publications"},"image":{"@id":"https:\/\/blogdiario.info\/magazine\/#\/schema\/logo\/image\/"}},{"@type":"Person","@id":"https:\/\/blogdiario.info\/magazine\/#\/schema\/person\/b2422fe85574d945bad55513bb0c7354","name":"World Press Service | Servicio de Prensa Mundial"}]}},"views":382,"_links":{"self":[{"href":"https:\/\/blogdiario.info\/magazine\/wp-json\/wp\/v2\/posts\/917","targetHints":{"allow":["GET"]}}],"collection":[{"href":"https:\/\/blogdiario.info\/magazine\/wp-json\/wp\/v2\/posts"}],"about":[{"href":"https:\/\/blogdiario.info\/magazine\/wp-json\/wp\/v2\/types\/post"}],"author":[{"embeddable":true,"href":"https:\/\/blogdiario.info\/magazine\/wp-json\/wp\/v2\/users\/1"}],"replies":[{"embeddable":true,"href":"https:\/\/blogdiario.info\/magazine\/wp-json\/wp\/v2\/comments?post=917"}],"version-history":[{"count":0,"href":"https:\/\/blogdiario.info\/magazine\/wp-json\/wp\/v2\/posts\/917\/revisions"}],"wp:featuredmedia":[{"embeddable":true,"href":"https:\/\/blogdiario.info\/magazine\/wp-json\/wp\/v2\/media\/919"}],"wp:attachment":[{"href":"https:\/\/blogdiario.info\/magazine\/wp-json\/wp\/v2\/media?parent=917"}],"wp:term":[{"taxonomy":"category","embeddable":true,"href":"https:\/\/blogdiario.info\/magazine\/wp-json\/wp\/v2\/categories?post=917"},{"taxonomy":"post_tag","embeddable":true,"href":"https:\/\/blogdiario.info\/magazine\/wp-json\/wp\/v2\/tags?post=917"}],"curies":[{"name":"wp","href":"https:\/\/api.w.org\/{rel}","templated":true}]}}