{"id":913,"date":"2023-09-08T10:42:54","date_gmt":"2023-09-08T13:42:54","guid":{"rendered":"https:\/\/blogdiario.info\/magazine\/?p=913"},"modified":"2023-09-08T11:00:29","modified_gmt":"2023-09-08T14:00:29","slug":"seis-coches-share-now-son-robados-cada-dia-en-turin","status":"publish","type":"post","link":"https:\/\/blogdiario.info\/magazine\/2023\/09\/08\/seis-coches-share-now-son-robados-cada-dia-en-turin\/","title":{"rendered":"Seis coches Share Now son robados cada d\u00eda en Tur\u00edn"},"content":{"rendered":"\n<figure class=\"wp-block-image size-full\"><img loading=\"lazy\" decoding=\"async\" width=\"600\" height=\"400\" src=\"https:\/\/blogdiario.info\/magazine\/images\/2023\/09\/shtor20230908.jpg\" alt=\"\" class=\"wp-image-914\" srcset=\"https:\/\/blogdiario.info\/magazine\/images\/2023\/09\/shtor20230908.jpg 600w, https:\/\/blogdiario.info\/magazine\/images\/2023\/09\/shtor20230908-300x200.jpg 300w\" sizes=\"auto, (max-width: 600px) 100vw, 600px\" \/><\/figure>\n\n\n\n<p><strong>BlogDiario.info, 08\/09\/2023<\/strong><br>Al parecer, en Tur\u00edn, Italia se perdieron 30 coches blancos de una de las flotas m\u00e1s populares de coches compartidos, de un total de 350 coches. Robados, con una t\u00e9cnica probada en la que participan principalmente personas muy j\u00f3venes. Los j\u00f3venes romp\u00edan las ventanillas traseras de los coches car-sharing y, quitando un fusible, acoplaban al coche una unidad de control externa comprada en la web por unas decenas de euros. Despu\u00e9s arrancaban el coche y se esfumaban.<\/p>\n\n\n\n<p><strong>Una media de seis coches Share Now robados cada d\u00eda en Tur\u00edn<\/strong><br>La empresa calcula que cada d\u00eda se roban seis coches del servicio de car sharing.<br>Los empleados buscan las berlinas desaparecidas, que a menudo son encontradas por la polic\u00eda. Como el lunes pasado, en Via Principe Oddone. Una patrulla intercept\u00f3, hacia las tres de la madrugada, uno de los coches blancos del servicio de car sharing, robado. Lo conduc\u00edan dos veintea\u00f1eros de origen marroqu\u00ed. Se inici\u00f3 una persecuci\u00f3n que acab\u00f3 con ellos estrell\u00e1ndose contra las balaustradas situadas frente a la entrada de Correos, en la esquina de Via Ternengo y Via Bologna. Los dos intentaron huir, pero fueron perseguidos y capturados.<\/p>\n\n\n\n<p>El conductor era un joven con el carn\u00e9 retirado, que se hab\u00eda escapado de un arresto domiciliario. Explic\u00f3 a los agentes que quer\u00eda tomar una copa con su amigo al lado. Los coches robados se utilizan para cometer delitos o para venderlos por piezas en el mercado negro. La situaci\u00f3n era tan cr\u00edtica que la empresa suspendi\u00f3 el servicio el 16 de agosto por motivos de seguridad. Los coches han vuelto a circular hace unos d\u00edas, por lo que los robos se han reanudado. La sospecha, seg\u00fan los investigadores, es que alguien ha puesto en circulaci\u00f3n c\u00f3digos confidenciales que permiten encender los veh\u00edculos.<br><br><small>Copyright \u00a9 2023 ElCanillita.info \/ BlogDiario.info &#8211; SalaStampa.Eu, servicio mundial de prensa<\/small><\/p>\n","protected":false},"excerpt":{"rendered":"<p>Los autos son robados, con una t\u00e9cnica probada en la que participan principalmente personas muy j\u00f3venes. <\/p>\n","protected":false},"author":1,"featured_media":915,"comment_status":"closed","ping_status":"closed","sticky":false,"template":"","format":"standard","meta":{"footnotes":"","_links_to":"","_links_to_target":""},"categories":[97,109,62,46],"tags":[22],"class_list":["post-913","post","type-post","status-publish","format-standard","has-post-thumbnail","hentry","category-elcanillita","category-dc24","category-actualidad","category-europa","tag-italia","entry","rows"],"yoast_head":"<!-- This site is optimized with the Yoast SEO plugin v27.4 - https:\/\/yoast.com\/product\/yoast-seo-wordpress\/ -->\n<title>Seis coches Share Now son robados cada d\u00eda en Tur\u00edn - BlogDiario Magazine<\/title>\n<meta name=\"description\" content=\"Los autos son robados, con una t\u00e9cnica probada en la que participan principalmente personas muy j\u00f3venes.\" \/>\n<meta name=\"robots\" content=\"index, follow, max-snippet:-1, max-image-preview:large, max-video-preview:-1\" \/>\n<link rel=\"canonical\" href=\"https:\/\/blogdiario.info\/magazine\/2023\/09\/08\/seis-coches-share-now-son-robados-cada-dia-en-turin\/\" \/>\n<meta property=\"og:locale\" content=\"es_ES\" \/>\n<meta property=\"og:type\" content=\"article\" \/>\n<meta property=\"og:title\" content=\"Seis coches Share Now son robados cada d\u00eda en Tur\u00edn - BlogDiario Magazine\" \/>\n<meta property=\"og:description\" content=\"Los autos son robados, con una t\u00e9cnica probada en la que participan principalmente personas muy j\u00f3venes.\" \/>\n<meta property=\"og:url\" content=\"https:\/\/blogdiario.info\/magazine\/2023\/09\/08\/seis-coches-share-now-son-robados-cada-dia-en-turin\/\" \/>\n<meta property=\"og:site_name\" content=\"BlogDiario Magazine\" \/>\n<meta property=\"article:published_time\" content=\"2023-09-08T13:42:54+00:00\" \/>\n<meta property=\"article:modified_time\" content=\"2023-09-08T14:00:29+00:00\" \/>\n<meta property=\"og:image\" content=\"https:\/\/blogdiario.info\/magazine\/images\/2023\/09\/shtorII20230908.jpg\" \/>\n\t<meta property=\"og:image:width\" content=\"600\" \/>\n\t<meta property=\"og:image:height\" content=\"400\" \/>\n\t<meta property=\"og:image:type\" content=\"image\/jpeg\" \/>\n<meta name=\"author\" content=\"World Press Service | Servicio de Prensa Mundial\" \/>\n<meta name=\"twitter:card\" content=\"summary_large_image\" \/>\n<meta name=\"twitter:label1\" content=\"Escrito por\" \/>\n\t<meta name=\"twitter:data1\" content=\"World Press Service | Servicio de Prensa Mundial\" \/>\n\t<meta name=\"twitter:label2\" content=\"Tiempo de lectura\" \/>\n\t<meta name=\"twitter:data2\" content=\"2 minutos\" \/>\n<script type=\"application\/ld+json\" class=\"yoast-schema-graph\">{\"@context\":\"https:\\\/\\\/schema.org\",\"@graph\":[{\"@type\":\"Article\",\"@id\":\"https:\\\/\\\/blogdiario.info\\\/magazine\\\/2023\\\/09\\\/08\\\/seis-coches-share-now-son-robados-cada-dia-en-turin\\\/#article\",\"isPartOf\":{\"@id\":\"https:\\\/\\\/blogdiario.info\\\/magazine\\\/2023\\\/09\\\/08\\\/seis-coches-share-now-son-robados-cada-dia-en-turin\\\/\"},\"author\":{\"name\":\"World Press Service | Servicio de Prensa Mundial\",\"@id\":\"https:\\\/\\\/blogdiario.info\\\/magazine\\\/#\\\/schema\\\/person\\\/b2422fe85574d945bad55513bb0c7354\"},\"headline\":\"Seis coches Share Now son robados cada d\u00eda en Tur\u00edn\",\"datePublished\":\"2023-09-08T13:42:54+00:00\",\"dateModified\":\"2023-09-08T14:00:29+00:00\",\"mainEntityOfPage\":{\"@id\":\"https:\\\/\\\/blogdiario.info\\\/magazine\\\/2023\\\/09\\\/08\\\/seis-coches-share-now-son-robados-cada-dia-en-turin\\\/\"},\"wordCount\":340,\"publisher\":{\"@id\":\"https:\\\/\\\/blogdiario.info\\\/magazine\\\/#organization\"},\"image\":{\"@id\":\"https:\\\/\\\/blogdiario.info\\\/magazine\\\/2023\\\/09\\\/08\\\/seis-coches-share-now-son-robados-cada-dia-en-turin\\\/#primaryimage\"},\"thumbnailUrl\":\"https:\\\/\\\/blogdiario.info\\\/magazine\\\/images\\\/2023\\\/09\\\/shtorII20230908.jpg\",\"keywords\":[\"Italia\"],\"articleSection\":[\".\",\".\",\"Actualidad\",\"Europa\"],\"inLanguage\":\"es-AR\"},{\"@type\":\"WebPage\",\"@id\":\"https:\\\/\\\/blogdiario.info\\\/magazine\\\/2023\\\/09\\\/08\\\/seis-coches-share-now-son-robados-cada-dia-en-turin\\\/\",\"url\":\"https:\\\/\\\/blogdiario.info\\\/magazine\\\/2023\\\/09\\\/08\\\/seis-coches-share-now-son-robados-cada-dia-en-turin\\\/\",\"name\":\"Seis coches Share Now son robados cada d\u00eda en Tur\u00edn - BlogDiario Magazine\",\"isPartOf\":{\"@id\":\"https:\\\/\\\/blogdiario.info\\\/magazine\\\/#website\"},\"primaryImageOfPage\":{\"@id\":\"https:\\\/\\\/blogdiario.info\\\/magazine\\\/2023\\\/09\\\/08\\\/seis-coches-share-now-son-robados-cada-dia-en-turin\\\/#primaryimage\"},\"image\":{\"@id\":\"https:\\\/\\\/blogdiario.info\\\/magazine\\\/2023\\\/09\\\/08\\\/seis-coches-share-now-son-robados-cada-dia-en-turin\\\/#primaryimage\"},\"thumbnailUrl\":\"https:\\\/\\\/blogdiario.info\\\/magazine\\\/images\\\/2023\\\/09\\\/shtorII20230908.jpg\",\"datePublished\":\"2023-09-08T13:42:54+00:00\",\"dateModified\":\"2023-09-08T14:00:29+00:00\",\"description\":\"Los autos son robados, con una t\u00e9cnica probada en la que participan principalmente personas muy j\u00f3venes.\",\"breadcrumb\":{\"@id\":\"https:\\\/\\\/blogdiario.info\\\/magazine\\\/2023\\\/09\\\/08\\\/seis-coches-share-now-son-robados-cada-dia-en-turin\\\/#breadcrumb\"},\"inLanguage\":\"es-AR\",\"potentialAction\":[{\"@type\":\"ReadAction\",\"target\":[\"https:\\\/\\\/blogdiario.info\\\/magazine\\\/2023\\\/09\\\/08\\\/seis-coches-share-now-son-robados-cada-dia-en-turin\\\/\"]}]},{\"@type\":\"ImageObject\",\"inLanguage\":\"es-AR\",\"@id\":\"https:\\\/\\\/blogdiario.info\\\/magazine\\\/2023\\\/09\\\/08\\\/seis-coches-share-now-son-robados-cada-dia-en-turin\\\/#primaryimage\",\"url\":\"https:\\\/\\\/blogdiario.info\\\/magazine\\\/images\\\/2023\\\/09\\\/shtorII20230908.jpg\",\"contentUrl\":\"https:\\\/\\\/blogdiario.info\\\/magazine\\\/images\\\/2023\\\/09\\\/shtorII20230908.jpg\",\"width\":600,\"height\":400},{\"@type\":\"BreadcrumbList\",\"@id\":\"https:\\\/\\\/blogdiario.info\\\/magazine\\\/2023\\\/09\\\/08\\\/seis-coches-share-now-son-robados-cada-dia-en-turin\\\/#breadcrumb\",\"itemListElement\":[{\"@type\":\"ListItem\",\"position\":1,\"name\":\"Home\",\"item\":\"https:\\\/\\\/blogdiario.info\\\/magazine\\\/\"},{\"@type\":\"ListItem\",\"position\":2,\"name\":\"Seis coches Share Now son robados cada d\u00eda en Tur\u00edn\"}]},{\"@type\":\"WebSite\",\"@id\":\"https:\\\/\\\/blogdiario.info\\\/magazine\\\/#website\",\"url\":\"https:\\\/\\\/blogdiario.info\\\/magazine\\\/\",\"name\":\"BlogDiario Magazine\",\"description\":\"Suplemento multiling\u00fce de ElCanillita.Info\",\"publisher\":{\"@id\":\"https:\\\/\\\/blogdiario.info\\\/magazine\\\/#organization\"},\"potentialAction\":[{\"@type\":\"SearchAction\",\"target\":{\"@type\":\"EntryPoint\",\"urlTemplate\":\"https:\\\/\\\/blogdiario.info\\\/magazine\\\/?s={search_term_string}\"},\"query-input\":{\"@type\":\"PropertyValueSpecification\",\"valueRequired\":true,\"valueName\":\"search_term_string\"}}],\"inLanguage\":\"es-AR\"},{\"@type\":\"Organization\",\"@id\":\"https:\\\/\\\/blogdiario.info\\\/magazine\\\/#organization\",\"name\":\"Guzzo Photos & Graphic Publications\",\"url\":\"https:\\\/\\\/blogdiario.info\\\/magazine\\\/\",\"logo\":{\"@type\":\"ImageObject\",\"inLanguage\":\"es-AR\",\"@id\":\"https:\\\/\\\/blogdiario.info\\\/magazine\\\/#\\\/schema\\\/logo\\\/image\\\/\",\"url\":\"https:\\\/\\\/blogdiario.info\\\/magazine\\\/images\\\/2020\\\/01\\\/cropped-blogdia_magazine.jpg\",\"contentUrl\":\"https:\\\/\\\/blogdiario.info\\\/magazine\\\/images\\\/2020\\\/01\\\/cropped-blogdia_magazine.jpg\",\"width\":589,\"height\":55,\"caption\":\"Guzzo Photos & Graphic Publications\"},\"image\":{\"@id\":\"https:\\\/\\\/blogdiario.info\\\/magazine\\\/#\\\/schema\\\/logo\\\/image\\\/\"}},{\"@type\":\"Person\",\"@id\":\"https:\\\/\\\/blogdiario.info\\\/magazine\\\/#\\\/schema\\\/person\\\/b2422fe85574d945bad55513bb0c7354\",\"name\":\"World Press Service | Servicio de Prensa Mundial\"}]}<\/script>\n<!-- \/ Yoast SEO plugin. -->","yoast_head_json":{"title":"Seis coches Share Now son robados cada d\u00eda en Tur\u00edn - BlogDiario Magazine","description":"Los autos son robados, con una t\u00e9cnica probada en la que participan principalmente personas muy j\u00f3venes.","robots":{"index":"index","follow":"follow","max-snippet":"max-snippet:-1","max-image-preview":"max-image-preview:large","max-video-preview":"max-video-preview:-1"},"canonical":"https:\/\/blogdiario.info\/magazine\/2023\/09\/08\/seis-coches-share-now-son-robados-cada-dia-en-turin\/","og_locale":"es_ES","og_type":"article","og_title":"Seis coches Share Now son robados cada d\u00eda en Tur\u00edn - BlogDiario Magazine","og_description":"Los autos son robados, con una t\u00e9cnica probada en la que participan principalmente personas muy j\u00f3venes.","og_url":"https:\/\/blogdiario.info\/magazine\/2023\/09\/08\/seis-coches-share-now-son-robados-cada-dia-en-turin\/","og_site_name":"BlogDiario Magazine","article_published_time":"2023-09-08T13:42:54+00:00","article_modified_time":"2023-09-08T14:00:29+00:00","og_image":[{"width":600,"height":400,"url":"https:\/\/blogdiario.info\/magazine\/images\/2023\/09\/shtorII20230908.jpg","type":"image\/jpeg"}],"author":"World Press Service | Servicio de Prensa Mundial","twitter_card":"summary_large_image","twitter_misc":{"Escrito por":"World Press Service | Servicio de Prensa Mundial","Tiempo de lectura":"2 minutos"},"schema":{"@context":"https:\/\/schema.org","@graph":[{"@type":"Article","@id":"https:\/\/blogdiario.info\/magazine\/2023\/09\/08\/seis-coches-share-now-son-robados-cada-dia-en-turin\/#article","isPartOf":{"@id":"https:\/\/blogdiario.info\/magazine\/2023\/09\/08\/seis-coches-share-now-son-robados-cada-dia-en-turin\/"},"author":{"name":"World Press Service | Servicio de Prensa Mundial","@id":"https:\/\/blogdiario.info\/magazine\/#\/schema\/person\/b2422fe85574d945bad55513bb0c7354"},"headline":"Seis coches Share Now son robados cada d\u00eda en Tur\u00edn","datePublished":"2023-09-08T13:42:54+00:00","dateModified":"2023-09-08T14:00:29+00:00","mainEntityOfPage":{"@id":"https:\/\/blogdiario.info\/magazine\/2023\/09\/08\/seis-coches-share-now-son-robados-cada-dia-en-turin\/"},"wordCount":340,"publisher":{"@id":"https:\/\/blogdiario.info\/magazine\/#organization"},"image":{"@id":"https:\/\/blogdiario.info\/magazine\/2023\/09\/08\/seis-coches-share-now-son-robados-cada-dia-en-turin\/#primaryimage"},"thumbnailUrl":"https:\/\/blogdiario.info\/magazine\/images\/2023\/09\/shtorII20230908.jpg","keywords":["Italia"],"articleSection":[".",".","Actualidad","Europa"],"inLanguage":"es-AR"},{"@type":"WebPage","@id":"https:\/\/blogdiario.info\/magazine\/2023\/09\/08\/seis-coches-share-now-son-robados-cada-dia-en-turin\/","url":"https:\/\/blogdiario.info\/magazine\/2023\/09\/08\/seis-coches-share-now-son-robados-cada-dia-en-turin\/","name":"Seis coches Share Now son robados cada d\u00eda en Tur\u00edn - BlogDiario Magazine","isPartOf":{"@id":"https:\/\/blogdiario.info\/magazine\/#website"},"primaryImageOfPage":{"@id":"https:\/\/blogdiario.info\/magazine\/2023\/09\/08\/seis-coches-share-now-son-robados-cada-dia-en-turin\/#primaryimage"},"image":{"@id":"https:\/\/blogdiario.info\/magazine\/2023\/09\/08\/seis-coches-share-now-son-robados-cada-dia-en-turin\/#primaryimage"},"thumbnailUrl":"https:\/\/blogdiario.info\/magazine\/images\/2023\/09\/shtorII20230908.jpg","datePublished":"2023-09-08T13:42:54+00:00","dateModified":"2023-09-08T14:00:29+00:00","description":"Los autos son robados, con una t\u00e9cnica probada en la que participan principalmente personas muy j\u00f3venes.","breadcrumb":{"@id":"https:\/\/blogdiario.info\/magazine\/2023\/09\/08\/seis-coches-share-now-son-robados-cada-dia-en-turin\/#breadcrumb"},"inLanguage":"es-AR","potentialAction":[{"@type":"ReadAction","target":["https:\/\/blogdiario.info\/magazine\/2023\/09\/08\/seis-coches-share-now-son-robados-cada-dia-en-turin\/"]}]},{"@type":"ImageObject","inLanguage":"es-AR","@id":"https:\/\/blogdiario.info\/magazine\/2023\/09\/08\/seis-coches-share-now-son-robados-cada-dia-en-turin\/#primaryimage","url":"https:\/\/blogdiario.info\/magazine\/images\/2023\/09\/shtorII20230908.jpg","contentUrl":"https:\/\/blogdiario.info\/magazine\/images\/2023\/09\/shtorII20230908.jpg","width":600,"height":400},{"@type":"BreadcrumbList","@id":"https:\/\/blogdiario.info\/magazine\/2023\/09\/08\/seis-coches-share-now-son-robados-cada-dia-en-turin\/#breadcrumb","itemListElement":[{"@type":"ListItem","position":1,"name":"Home","item":"https:\/\/blogdiario.info\/magazine\/"},{"@type":"ListItem","position":2,"name":"Seis coches Share Now son robados cada d\u00eda en Tur\u00edn"}]},{"@type":"WebSite","@id":"https:\/\/blogdiario.info\/magazine\/#website","url":"https:\/\/blogdiario.info\/magazine\/","name":"BlogDiario Magazine","description":"Suplemento multiling\u00fce de ElCanillita.Info","publisher":{"@id":"https:\/\/blogdiario.info\/magazine\/#organization"},"potentialAction":[{"@type":"SearchAction","target":{"@type":"EntryPoint","urlTemplate":"https:\/\/blogdiario.info\/magazine\/?s={search_term_string}"},"query-input":{"@type":"PropertyValueSpecification","valueRequired":true,"valueName":"search_term_string"}}],"inLanguage":"es-AR"},{"@type":"Organization","@id":"https:\/\/blogdiario.info\/magazine\/#organization","name":"Guzzo Photos & Graphic Publications","url":"https:\/\/blogdiario.info\/magazine\/","logo":{"@type":"ImageObject","inLanguage":"es-AR","@id":"https:\/\/blogdiario.info\/magazine\/#\/schema\/logo\/image\/","url":"https:\/\/blogdiario.info\/magazine\/images\/2020\/01\/cropped-blogdia_magazine.jpg","contentUrl":"https:\/\/blogdiario.info\/magazine\/images\/2020\/01\/cropped-blogdia_magazine.jpg","width":589,"height":55,"caption":"Guzzo Photos & Graphic Publications"},"image":{"@id":"https:\/\/blogdiario.info\/magazine\/#\/schema\/logo\/image\/"}},{"@type":"Person","@id":"https:\/\/blogdiario.info\/magazine\/#\/schema\/person\/b2422fe85574d945bad55513bb0c7354","name":"World Press Service | Servicio de Prensa Mundial"}]}},"views":396,"_links":{"self":[{"href":"https:\/\/blogdiario.info\/magazine\/wp-json\/wp\/v2\/posts\/913","targetHints":{"allow":["GET"]}}],"collection":[{"href":"https:\/\/blogdiario.info\/magazine\/wp-json\/wp\/v2\/posts"}],"about":[{"href":"https:\/\/blogdiario.info\/magazine\/wp-json\/wp\/v2\/types\/post"}],"author":[{"embeddable":true,"href":"https:\/\/blogdiario.info\/magazine\/wp-json\/wp\/v2\/users\/1"}],"replies":[{"embeddable":true,"href":"https:\/\/blogdiario.info\/magazine\/wp-json\/wp\/v2\/comments?post=913"}],"version-history":[{"count":0,"href":"https:\/\/blogdiario.info\/magazine\/wp-json\/wp\/v2\/posts\/913\/revisions"}],"wp:featuredmedia":[{"embeddable":true,"href":"https:\/\/blogdiario.info\/magazine\/wp-json\/wp\/v2\/media\/915"}],"wp:attachment":[{"href":"https:\/\/blogdiario.info\/magazine\/wp-json\/wp\/v2\/media?parent=913"}],"wp:term":[{"taxonomy":"category","embeddable":true,"href":"https:\/\/blogdiario.info\/magazine\/wp-json\/wp\/v2\/categories?post=913"},{"taxonomy":"post_tag","embeddable":true,"href":"https:\/\/blogdiario.info\/magazine\/wp-json\/wp\/v2\/tags?post=913"}],"curies":[{"name":"wp","href":"https:\/\/api.w.org\/{rel}","templated":true}]}}