{"id":904,"date":"2023-09-05T15:26:21","date_gmt":"2023-09-05T18:26:21","guid":{"rendered":"https:\/\/blogdiario.info\/magazine\/?p=904"},"modified":"2023-09-05T16:48:07","modified_gmt":"2023-09-05T19:48:07","slug":"un-turista-dano-una-fuente-en-florencia-para-hacerse-una-foto","status":"publish","type":"post","link":"https:\/\/blogdiario.info\/magazine\/2023\/09\/05\/un-turista-dano-una-fuente-en-florencia-para-hacerse-una-foto\/","title":{"rendered":"Un turista da\u00f1a una fuente en Florencia para hacerse una foto"},"content":{"rendered":"<div class=\"wp-block-image\">\n<figure class=\"alignleft size-full\"><img loading=\"lazy\" decoding=\"async\" width=\"301\" height=\"400\" src=\"https:\/\/blogdiario.info\/magazine\/images\/2023\/09\/flor_2_20230805.jpg\" alt=\"\" class=\"wp-image-908\" srcset=\"https:\/\/blogdiario.info\/magazine\/images\/2023\/09\/flor_2_20230805.jpg 301w, https:\/\/blogdiario.info\/magazine\/images\/2023\/09\/flor_2_20230805-226x300.jpg 226w\" sizes=\"auto, (max-width: 301px) 100vw, 301px\" \/><\/figure><\/div>\n\n\n<p>Un turista alem\u00e1n se enfrenta a una cuantiosa multa por da\u00f1ar una fuente del siglo XVI en Florencia al trepar por ella para posar en una foto.<\/p>\n\n\n\n<p>El hombre, de 22 a\u00f1os y cuyo nombre no se ha hecho p\u00fablico, est\u00e1 acusado de escalar la Fuente de Neptuno, encargada por el duque florentino Cosme de M\u00e9dicis en 1559, arrancando un trozo de m\u00e1rmol del carro del dios del mar y rompiendo un casco del caballo. La factura de la reparaci\u00f3n se ha estimado en no menos de 5.000 euros.<\/p>\n\n\n\n<p>Las c\u00e1maras de seguridad muestran a un joven vestido con un pantal\u00f3n chino beige y una chaqueta azul que salta por encima de la fuente y se eleva sobre un caballo. Dario Nardella, alcalde de Florencia, public\u00f3 un clip de CCTV y una copia de la fotograf\u00eda resultante con el rostro del turista pixelado. Fue localizado en cuesti\u00f3n de horas.<\/p>\n\n\n\n<figure class=\"wp-block-video\"><video controls src=\"https:\/\/blogdiario.info\/magazine\/images\/2023\/09\/Firenze.m4v\"><\/video><\/figure>\n\n\n\n<p>&#8220;El sistema de alarma funcion\u00f3&#8221;, escribi\u00f3 Nardella en Twitter\/X. &#8220;Gracias a las CCTV esta persona ha sido identificada y pagar\u00e1 una fuerte multa. No hay justificaci\u00f3n para el vandalismo contra el patrimonio cultural&#8221;.<\/p>\n\n\n\n<p>La fuente, destinada a simbolizar el matrimonio del heredero de Cosme de M\u00e9dicis con la gran duquesa de Austria, fue creada por Bartolomeo Ammannati, seguidor de Miguel \u00c1ngel y protegido del influyente pintor e historiador del arte Giorgio Vasari.<\/p>\n\n\n\n<p>Se dice que el resultado no impresion\u00f3 a Miguel \u00c1ngel, que reprendi\u00f3 a Ammannati por lo que consideraba un desperdicio de m\u00e1rmol de Carrara.<\/p>\n\n\n\n<p>A lo largo de los siglos, la fuente ha sobrevivido a amenazas m\u00e1s graves que las de los instagramers alemanes. En 1580 sufri\u00f3 graves actos de vandalismo; en 1830, uno de sus s\u00e1tiros de bronce fue arrastrado por una pandilla de j\u00f3venes borrachos; y en 1848 el conjunto result\u00f3 da\u00f1ado por los ca\u00f1ones borb\u00f3nicos que bombardearon la ciudad.<\/p>\n\n\n\n<p>Tras una serie de peque\u00f1os golpes desde los a\u00f1os 80, fue restaurado en 2019 con la ayuda de una donaci\u00f3n de 1,5 millones de euros del dise\u00f1ador de zapatos Salvatore Ferragamo.<br><br><small>Copyright \u00a9 2023 ElCanillita.info \/ BlogDiario.info &#8211; SalaStampa.Eu, servicio mundial de prensa<\/small><\/p>\n","protected":false},"excerpt":{"rendered":"<p>El j\u00f3ven alem\u00e1n se enfrenta a una cuantiosa multa por da\u00f1ar una fuente del siglo XVI en Florencia al trepar por ella para posar en una foto.<\/p>\n","protected":false},"author":1,"featured_media":907,"comment_status":"closed","ping_status":"closed","sticky":false,"template":"","format":"standard","meta":{"footnotes":"","_links_to":"","_links_to_target":""},"categories":[97,109,62,37,46,43],"tags":[],"class_list":["post-904","post","type-post","status-publish","format-standard","has-post-thumbnail","hentry","category-elcanillita","category-dc24","category-actualidad","category-cultura-esp","category-europa","category-sociedad","entry","rows"],"yoast_head":"<!-- This site is optimized with the Yoast SEO plugin v27.4 - https:\/\/yoast.com\/product\/yoast-seo-wordpress\/ -->\n<title>Un turista da\u00f1a una fuente en Florencia para hacerse una foto - BlogDiario Magazine<\/title>\n<meta name=\"robots\" content=\"index, follow, max-snippet:-1, max-image-preview:large, max-video-preview:-1\" \/>\n<link rel=\"canonical\" href=\"https:\/\/blogdiario.info\/magazine\/2023\/09\/05\/un-turista-dano-una-fuente-en-florencia-para-hacerse-una-foto\/\" \/>\n<meta property=\"og:locale\" content=\"es_ES\" \/>\n<meta property=\"og:type\" content=\"article\" \/>\n<meta property=\"og:title\" content=\"Un turista da\u00f1a una fuente en Florencia para hacerse una foto - BlogDiario Magazine\" \/>\n<meta property=\"og:description\" content=\"El j\u00f3ven alem\u00e1n se enfrenta a una cuantiosa multa por da\u00f1ar una fuente del siglo XVI en Florencia al trepar por ella para posar en una foto.\" \/>\n<meta property=\"og:url\" content=\"https:\/\/blogdiario.info\/magazine\/2023\/09\/05\/un-turista-dano-una-fuente-en-florencia-para-hacerse-una-foto\/\" \/>\n<meta property=\"og:site_name\" content=\"BlogDiario Magazine\" \/>\n<meta property=\"article:published_time\" content=\"2023-09-05T18:26:21+00:00\" \/>\n<meta property=\"article:modified_time\" content=\"2023-09-05T19:48:07+00:00\" \/>\n<meta property=\"og:image\" content=\"https:\/\/blogdiario.info\/magazine\/images\/2023\/09\/flor_20230805.jpg\" \/>\n\t<meta property=\"og:image:width\" content=\"600\" \/>\n\t<meta property=\"og:image:height\" content=\"400\" \/>\n\t<meta property=\"og:image:type\" content=\"image\/jpeg\" \/>\n<meta name=\"author\" content=\"World Press Service | Servicio de Prensa Mundial\" \/>\n<meta name=\"twitter:card\" content=\"summary_large_image\" \/>\n<meta name=\"twitter:label1\" content=\"Escrito por\" \/>\n\t<meta name=\"twitter:data1\" content=\"World Press Service | Servicio de Prensa Mundial\" \/>\n\t<meta name=\"twitter:label2\" content=\"Tiempo de lectura\" \/>\n\t<meta name=\"twitter:data2\" content=\"3 minutos\" \/>\n<script type=\"application\/ld+json\" class=\"yoast-schema-graph\">{\"@context\":\"https:\\\/\\\/schema.org\",\"@graph\":[{\"@type\":\"Article\",\"@id\":\"https:\\\/\\\/blogdiario.info\\\/magazine\\\/2023\\\/09\\\/05\\\/un-turista-dano-una-fuente-en-florencia-para-hacerse-una-foto\\\/#article\",\"isPartOf\":{\"@id\":\"https:\\\/\\\/blogdiario.info\\\/magazine\\\/2023\\\/09\\\/05\\\/un-turista-dano-una-fuente-en-florencia-para-hacerse-una-foto\\\/\"},\"author\":{\"name\":\"World Press Service | Servicio de Prensa Mundial\",\"@id\":\"https:\\\/\\\/blogdiario.info\\\/magazine\\\/#\\\/schema\\\/person\\\/b2422fe85574d945bad55513bb0c7354\"},\"headline\":\"Un turista da\u00f1a una fuente en Florencia para hacerse una foto\",\"datePublished\":\"2023-09-05T18:26:21+00:00\",\"dateModified\":\"2023-09-05T19:48:07+00:00\",\"mainEntityOfPage\":{\"@id\":\"https:\\\/\\\/blogdiario.info\\\/magazine\\\/2023\\\/09\\\/05\\\/un-turista-dano-una-fuente-en-florencia-para-hacerse-una-foto\\\/\"},\"wordCount\":374,\"publisher\":{\"@id\":\"https:\\\/\\\/blogdiario.info\\\/magazine\\\/#organization\"},\"image\":{\"@id\":\"https:\\\/\\\/blogdiario.info\\\/magazine\\\/2023\\\/09\\\/05\\\/un-turista-dano-una-fuente-en-florencia-para-hacerse-una-foto\\\/#primaryimage\"},\"thumbnailUrl\":\"https:\\\/\\\/blogdiario.info\\\/magazine\\\/images\\\/2023\\\/09\\\/flor_20230805.jpg\",\"articleSection\":[\".\",\".\",\"Actualidad\",\"Cultura\",\"Europa\",\"Sociedad\"],\"inLanguage\":\"es-AR\"},{\"@type\":\"WebPage\",\"@id\":\"https:\\\/\\\/blogdiario.info\\\/magazine\\\/2023\\\/09\\\/05\\\/un-turista-dano-una-fuente-en-florencia-para-hacerse-una-foto\\\/\",\"url\":\"https:\\\/\\\/blogdiario.info\\\/magazine\\\/2023\\\/09\\\/05\\\/un-turista-dano-una-fuente-en-florencia-para-hacerse-una-foto\\\/\",\"name\":\"Un turista da\u00f1a una fuente en Florencia para hacerse una foto - BlogDiario Magazine\",\"isPartOf\":{\"@id\":\"https:\\\/\\\/blogdiario.info\\\/magazine\\\/#website\"},\"primaryImageOfPage\":{\"@id\":\"https:\\\/\\\/blogdiario.info\\\/magazine\\\/2023\\\/09\\\/05\\\/un-turista-dano-una-fuente-en-florencia-para-hacerse-una-foto\\\/#primaryimage\"},\"image\":{\"@id\":\"https:\\\/\\\/blogdiario.info\\\/magazine\\\/2023\\\/09\\\/05\\\/un-turista-dano-una-fuente-en-florencia-para-hacerse-una-foto\\\/#primaryimage\"},\"thumbnailUrl\":\"https:\\\/\\\/blogdiario.info\\\/magazine\\\/images\\\/2023\\\/09\\\/flor_20230805.jpg\",\"datePublished\":\"2023-09-05T18:26:21+00:00\",\"dateModified\":\"2023-09-05T19:48:07+00:00\",\"breadcrumb\":{\"@id\":\"https:\\\/\\\/blogdiario.info\\\/magazine\\\/2023\\\/09\\\/05\\\/un-turista-dano-una-fuente-en-florencia-para-hacerse-una-foto\\\/#breadcrumb\"},\"inLanguage\":\"es-AR\",\"potentialAction\":[{\"@type\":\"ReadAction\",\"target\":[\"https:\\\/\\\/blogdiario.info\\\/magazine\\\/2023\\\/09\\\/05\\\/un-turista-dano-una-fuente-en-florencia-para-hacerse-una-foto\\\/\"]}]},{\"@type\":\"ImageObject\",\"inLanguage\":\"es-AR\",\"@id\":\"https:\\\/\\\/blogdiario.info\\\/magazine\\\/2023\\\/09\\\/05\\\/un-turista-dano-una-fuente-en-florencia-para-hacerse-una-foto\\\/#primaryimage\",\"url\":\"https:\\\/\\\/blogdiario.info\\\/magazine\\\/images\\\/2023\\\/09\\\/flor_20230805.jpg\",\"contentUrl\":\"https:\\\/\\\/blogdiario.info\\\/magazine\\\/images\\\/2023\\\/09\\\/flor_20230805.jpg\",\"width\":600,\"height\":400},{\"@type\":\"BreadcrumbList\",\"@id\":\"https:\\\/\\\/blogdiario.info\\\/magazine\\\/2023\\\/09\\\/05\\\/un-turista-dano-una-fuente-en-florencia-para-hacerse-una-foto\\\/#breadcrumb\",\"itemListElement\":[{\"@type\":\"ListItem\",\"position\":1,\"name\":\"Home\",\"item\":\"https:\\\/\\\/blogdiario.info\\\/magazine\\\/\"},{\"@type\":\"ListItem\",\"position\":2,\"name\":\"Un turista da\u00f1a una fuente en Florencia para hacerse una foto\"}]},{\"@type\":\"WebSite\",\"@id\":\"https:\\\/\\\/blogdiario.info\\\/magazine\\\/#website\",\"url\":\"https:\\\/\\\/blogdiario.info\\\/magazine\\\/\",\"name\":\"BlogDiario Magazine\",\"description\":\"Suplemento multiling\u00fce de ElCanillita.Info\",\"publisher\":{\"@id\":\"https:\\\/\\\/blogdiario.info\\\/magazine\\\/#organization\"},\"potentialAction\":[{\"@type\":\"SearchAction\",\"target\":{\"@type\":\"EntryPoint\",\"urlTemplate\":\"https:\\\/\\\/blogdiario.info\\\/magazine\\\/?s={search_term_string}\"},\"query-input\":{\"@type\":\"PropertyValueSpecification\",\"valueRequired\":true,\"valueName\":\"search_term_string\"}}],\"inLanguage\":\"es-AR\"},{\"@type\":\"Organization\",\"@id\":\"https:\\\/\\\/blogdiario.info\\\/magazine\\\/#organization\",\"name\":\"Guzzo Photos & Graphic Publications\",\"url\":\"https:\\\/\\\/blogdiario.info\\\/magazine\\\/\",\"logo\":{\"@type\":\"ImageObject\",\"inLanguage\":\"es-AR\",\"@id\":\"https:\\\/\\\/blogdiario.info\\\/magazine\\\/#\\\/schema\\\/logo\\\/image\\\/\",\"url\":\"https:\\\/\\\/blogdiario.info\\\/magazine\\\/images\\\/2020\\\/01\\\/cropped-blogdia_magazine.jpg\",\"contentUrl\":\"https:\\\/\\\/blogdiario.info\\\/magazine\\\/images\\\/2020\\\/01\\\/cropped-blogdia_magazine.jpg\",\"width\":589,\"height\":55,\"caption\":\"Guzzo Photos & Graphic Publications\"},\"image\":{\"@id\":\"https:\\\/\\\/blogdiario.info\\\/magazine\\\/#\\\/schema\\\/logo\\\/image\\\/\"}},{\"@type\":\"Person\",\"@id\":\"https:\\\/\\\/blogdiario.info\\\/magazine\\\/#\\\/schema\\\/person\\\/b2422fe85574d945bad55513bb0c7354\",\"name\":\"World Press Service | Servicio de Prensa Mundial\"}]}<\/script>\n<!-- \/ Yoast SEO plugin. -->","yoast_head_json":{"title":"Un turista da\u00f1a una fuente en Florencia para hacerse una foto - BlogDiario Magazine","robots":{"index":"index","follow":"follow","max-snippet":"max-snippet:-1","max-image-preview":"max-image-preview:large","max-video-preview":"max-video-preview:-1"},"canonical":"https:\/\/blogdiario.info\/magazine\/2023\/09\/05\/un-turista-dano-una-fuente-en-florencia-para-hacerse-una-foto\/","og_locale":"es_ES","og_type":"article","og_title":"Un turista da\u00f1a una fuente en Florencia para hacerse una foto - BlogDiario Magazine","og_description":"El j\u00f3ven alem\u00e1n se enfrenta a una cuantiosa multa por da\u00f1ar una fuente del siglo XVI en Florencia al trepar por ella para posar en una foto.","og_url":"https:\/\/blogdiario.info\/magazine\/2023\/09\/05\/un-turista-dano-una-fuente-en-florencia-para-hacerse-una-foto\/","og_site_name":"BlogDiario Magazine","article_published_time":"2023-09-05T18:26:21+00:00","article_modified_time":"2023-09-05T19:48:07+00:00","og_image":[{"width":600,"height":400,"url":"https:\/\/blogdiario.info\/magazine\/images\/2023\/09\/flor_20230805.jpg","type":"image\/jpeg"}],"author":"World Press Service | Servicio de Prensa Mundial","twitter_card":"summary_large_image","twitter_misc":{"Escrito por":"World Press Service | Servicio de Prensa Mundial","Tiempo de lectura":"3 minutos"},"schema":{"@context":"https:\/\/schema.org","@graph":[{"@type":"Article","@id":"https:\/\/blogdiario.info\/magazine\/2023\/09\/05\/un-turista-dano-una-fuente-en-florencia-para-hacerse-una-foto\/#article","isPartOf":{"@id":"https:\/\/blogdiario.info\/magazine\/2023\/09\/05\/un-turista-dano-una-fuente-en-florencia-para-hacerse-una-foto\/"},"author":{"name":"World Press Service | Servicio de Prensa Mundial","@id":"https:\/\/blogdiario.info\/magazine\/#\/schema\/person\/b2422fe85574d945bad55513bb0c7354"},"headline":"Un turista da\u00f1a una fuente en Florencia para hacerse una foto","datePublished":"2023-09-05T18:26:21+00:00","dateModified":"2023-09-05T19:48:07+00:00","mainEntityOfPage":{"@id":"https:\/\/blogdiario.info\/magazine\/2023\/09\/05\/un-turista-dano-una-fuente-en-florencia-para-hacerse-una-foto\/"},"wordCount":374,"publisher":{"@id":"https:\/\/blogdiario.info\/magazine\/#organization"},"image":{"@id":"https:\/\/blogdiario.info\/magazine\/2023\/09\/05\/un-turista-dano-una-fuente-en-florencia-para-hacerse-una-foto\/#primaryimage"},"thumbnailUrl":"https:\/\/blogdiario.info\/magazine\/images\/2023\/09\/flor_20230805.jpg","articleSection":[".",".","Actualidad","Cultura","Europa","Sociedad"],"inLanguage":"es-AR"},{"@type":"WebPage","@id":"https:\/\/blogdiario.info\/magazine\/2023\/09\/05\/un-turista-dano-una-fuente-en-florencia-para-hacerse-una-foto\/","url":"https:\/\/blogdiario.info\/magazine\/2023\/09\/05\/un-turista-dano-una-fuente-en-florencia-para-hacerse-una-foto\/","name":"Un turista da\u00f1a una fuente en Florencia para hacerse una foto - BlogDiario Magazine","isPartOf":{"@id":"https:\/\/blogdiario.info\/magazine\/#website"},"primaryImageOfPage":{"@id":"https:\/\/blogdiario.info\/magazine\/2023\/09\/05\/un-turista-dano-una-fuente-en-florencia-para-hacerse-una-foto\/#primaryimage"},"image":{"@id":"https:\/\/blogdiario.info\/magazine\/2023\/09\/05\/un-turista-dano-una-fuente-en-florencia-para-hacerse-una-foto\/#primaryimage"},"thumbnailUrl":"https:\/\/blogdiario.info\/magazine\/images\/2023\/09\/flor_20230805.jpg","datePublished":"2023-09-05T18:26:21+00:00","dateModified":"2023-09-05T19:48:07+00:00","breadcrumb":{"@id":"https:\/\/blogdiario.info\/magazine\/2023\/09\/05\/un-turista-dano-una-fuente-en-florencia-para-hacerse-una-foto\/#breadcrumb"},"inLanguage":"es-AR","potentialAction":[{"@type":"ReadAction","target":["https:\/\/blogdiario.info\/magazine\/2023\/09\/05\/un-turista-dano-una-fuente-en-florencia-para-hacerse-una-foto\/"]}]},{"@type":"ImageObject","inLanguage":"es-AR","@id":"https:\/\/blogdiario.info\/magazine\/2023\/09\/05\/un-turista-dano-una-fuente-en-florencia-para-hacerse-una-foto\/#primaryimage","url":"https:\/\/blogdiario.info\/magazine\/images\/2023\/09\/flor_20230805.jpg","contentUrl":"https:\/\/blogdiario.info\/magazine\/images\/2023\/09\/flor_20230805.jpg","width":600,"height":400},{"@type":"BreadcrumbList","@id":"https:\/\/blogdiario.info\/magazine\/2023\/09\/05\/un-turista-dano-una-fuente-en-florencia-para-hacerse-una-foto\/#breadcrumb","itemListElement":[{"@type":"ListItem","position":1,"name":"Home","item":"https:\/\/blogdiario.info\/magazine\/"},{"@type":"ListItem","position":2,"name":"Un turista da\u00f1a una fuente en Florencia para hacerse una foto"}]},{"@type":"WebSite","@id":"https:\/\/blogdiario.info\/magazine\/#website","url":"https:\/\/blogdiario.info\/magazine\/","name":"BlogDiario Magazine","description":"Suplemento multiling\u00fce de ElCanillita.Info","publisher":{"@id":"https:\/\/blogdiario.info\/magazine\/#organization"},"potentialAction":[{"@type":"SearchAction","target":{"@type":"EntryPoint","urlTemplate":"https:\/\/blogdiario.info\/magazine\/?s={search_term_string}"},"query-input":{"@type":"PropertyValueSpecification","valueRequired":true,"valueName":"search_term_string"}}],"inLanguage":"es-AR"},{"@type":"Organization","@id":"https:\/\/blogdiario.info\/magazine\/#organization","name":"Guzzo Photos & Graphic Publications","url":"https:\/\/blogdiario.info\/magazine\/","logo":{"@type":"ImageObject","inLanguage":"es-AR","@id":"https:\/\/blogdiario.info\/magazine\/#\/schema\/logo\/image\/","url":"https:\/\/blogdiario.info\/magazine\/images\/2020\/01\/cropped-blogdia_magazine.jpg","contentUrl":"https:\/\/blogdiario.info\/magazine\/images\/2020\/01\/cropped-blogdia_magazine.jpg","width":589,"height":55,"caption":"Guzzo Photos & Graphic Publications"},"image":{"@id":"https:\/\/blogdiario.info\/magazine\/#\/schema\/logo\/image\/"}},{"@type":"Person","@id":"https:\/\/blogdiario.info\/magazine\/#\/schema\/person\/b2422fe85574d945bad55513bb0c7354","name":"World Press Service | Servicio de Prensa Mundial"}]}},"views":628,"_links":{"self":[{"href":"https:\/\/blogdiario.info\/magazine\/wp-json\/wp\/v2\/posts\/904","targetHints":{"allow":["GET"]}}],"collection":[{"href":"https:\/\/blogdiario.info\/magazine\/wp-json\/wp\/v2\/posts"}],"about":[{"href":"https:\/\/blogdiario.info\/magazine\/wp-json\/wp\/v2\/types\/post"}],"author":[{"embeddable":true,"href":"https:\/\/blogdiario.info\/magazine\/wp-json\/wp\/v2\/users\/1"}],"replies":[{"embeddable":true,"href":"https:\/\/blogdiario.info\/magazine\/wp-json\/wp\/v2\/comments?post=904"}],"version-history":[{"count":0,"href":"https:\/\/blogdiario.info\/magazine\/wp-json\/wp\/v2\/posts\/904\/revisions"}],"wp:featuredmedia":[{"embeddable":true,"href":"https:\/\/blogdiario.info\/magazine\/wp-json\/wp\/v2\/media\/907"}],"wp:attachment":[{"href":"https:\/\/blogdiario.info\/magazine\/wp-json\/wp\/v2\/media?parent=904"}],"wp:term":[{"taxonomy":"category","embeddable":true,"href":"https:\/\/blogdiario.info\/magazine\/wp-json\/wp\/v2\/categories?post=904"},{"taxonomy":"post_tag","embeddable":true,"href":"https:\/\/blogdiario.info\/magazine\/wp-json\/wp\/v2\/tags?post=904"}],"curies":[{"name":"wp","href":"https:\/\/api.w.org\/{rel}","templated":true}]}}