{"id":897,"date":"2023-09-03T20:29:18","date_gmt":"2023-09-03T23:29:18","guid":{"rendered":"https:\/\/blogdiario.info\/magazine\/?p=897"},"modified":"2023-09-03T20:29:20","modified_gmt":"2023-09-03T23:29:20","slug":"rumania-protesta-por-el-ataque-ruso-a-un-puerto-ucraniano-pegado-a-su-frontera","status":"publish","type":"post","link":"https:\/\/blogdiario.info\/magazine\/2023\/09\/03\/rumania-protesta-por-el-ataque-ruso-a-un-puerto-ucraniano-pegado-a-su-frontera\/","title":{"rendered":"Ruman\u00eda, protesta por el ataque ruso a un puerto ucraniano pegado a su frontera"},"content":{"rendered":"\n<figure class=\"wp-block-image size-full\"><img loading=\"lazy\" decoding=\"async\" width=\"600\" height=\"375\" src=\"https:\/\/blogdiario.info\/magazine\/images\/2023\/09\/rum_1_20230904.jpg\" alt=\"\" class=\"wp-image-898\" srcset=\"https:\/\/blogdiario.info\/magazine\/images\/2023\/09\/rum_1_20230904.jpg 600w, https:\/\/blogdiario.info\/magazine\/images\/2023\/09\/rum_1_20230904-300x188.jpg 300w\" sizes=\"auto, (max-width: 600px) 100vw, 600px\" \/><figcaption class=\"wp-element-caption\">Ultimo ataque ruso contra las infraestructuras de exportaci\u00f3n ucranianas en Reni, en la frontera con Ruman\u00eda<\/figcaption><\/figure>\n\n\n\n<p><strong>BlogDiario.info, 04\/09\/2023<br><\/strong>Ruman\u00eda ha condenado el ataque ruso con drones contra un puerto ucraniano cercano a su frontera que se ha convertido en un engranaje vital de la ruta de exportaci\u00f3n de grano de Kiev a trav\u00e9s del delta del Danubio.<\/p>\n\n\n\n<p>Bucarest dijo que el ataque contra Reni, en la orilla oriental opuesta del r\u00edo Danubio, violaba el &#8220;derecho humanitario internacional&#8221;, pero no hab\u00eda amenazado a Ruman\u00eda.<\/p>\n\n\n\n<p>&#8220;Estos ataques contra objetivos civiles e infraestructuras en Ucrania son injustificados&#8221;, declar\u00f3.<\/p>\n\n\n\n<p>El ataque contra Reni formaba parte de un ataque m\u00e1s amplio de aviones no tripulados rusos contra instalaciones de exportaci\u00f3n ucranianas en v\u00edsperas de una reuni\u00f3n entre Vladimir Putin y el presidente turco Recep Tayyip Erdogan para tratar el restablecimiento del roto acuerdo sobre los cereales del Mar Negro.<\/p>\n\n\n\n<p>Funcionarios de Odesa declararon que 25 drones rusos de fabricaci\u00f3n iran\u00ed hab\u00edan atacado el puerto durante la noche. Tres de ellos burlaron los sistemas de defensa antia\u00e9rea ucranianos, alcanzaron el puerto e hirieron a dos personas.<\/p>\n\n\n\n<p>En Reni, seg\u00fan los blogueros rusos, los drones alcanzaron las instalaciones de almacenamiento de combustible. Los drones rusos tambi\u00e9n atacaron Reni en julio.<\/p>\n\n\n\n<p>Reni se encuentra en el punto m\u00e1s occidental de Ucrania, en la frontera con Ruman\u00eda y Moldavia. Pr\u00e1cticamente no se utilizaba para la exportaci\u00f3n de grano antes de la guerra, pero se ha renovado al buscar Ucrania rutas alternativas de exportaci\u00f3n al Mar Negro.<\/p>\n\n\n\n<p>Moldavia, antes gobernada por Mosc\u00fa, tambi\u00e9n critic\u00f3 el ataque. Su gobierno es firmemente proucraniano y ha acusado al Kremlin de intentar desestabilizar el pa\u00eds.<\/p>\n\n\n\n<p>&#8220;Rusia debe responder por cada infraestructura destruida&#8221;, declar\u00f3 Maia Sandu, Presidente de Moldavia.<\/p>\n\n\n\n<p><strong>El delta del Danubio, es &#8220;cr\u00edtico&#8221; para las exportaciones ucranianas<\/strong><br><br>El Kremlin lleva atacando las infraestructuras cerealistas ucranianas desde julio, cuando rompi\u00f3 un acuerdo que permit\u00eda a Ucrania exportar grano desde sus puertos del Mar Negro. Dijo que se hab\u00eda retirado del acuerdo porque Ucrania se negaba a reabrir un oleoducto de amon\u00edaco que va desde el centro de Rusia hasta el Mar Negro.<\/p>\n\n\n\n<figure class=\"wp-block-image size-full\"><img loading=\"lazy\" decoding=\"async\" width=\"600\" height=\"377\" src=\"https:\/\/blogdiario.info\/magazine\/images\/2023\/09\/rum_2_20230904.jpg\" alt=\"\" class=\"wp-image-899\" srcset=\"https:\/\/blogdiario.info\/magazine\/images\/2023\/09\/rum_2_20230904.jpg 600w, https:\/\/blogdiario.info\/magazine\/images\/2023\/09\/rum_2_20230904-300x189.jpg 300w\" sizes=\"auto, (max-width: 600px) 100vw, 600px\" \/><figcaption class=\"wp-element-caption\">Muchos pa\u00edses se enfrentan a una posible crisis alimentaria mundial tras la retirada de Putin del acuerdo sobre cereales del Mar Negro<\/figcaption><\/figure>\n\n\n\n<p>Ucrania ha declarado que el delta del Danubio se ha convertido en una zona &#8220;cr\u00edtica&#8221; para sus exportaciones, ya que puede utilizar el sistema fluvial para enviar grano a Europa.<\/p>\n\n\n\n<p>Est\u00e1 previsto que Putin y Erdogan se re\u00fanan el lunes en Sochi, en la costa rusa del Mar Negro, para tratar la reactivaci\u00f3n del acuerdo sobre los cereales del Mar Negro. Turqu\u00eda se ha convertido en un importante intermediario entre Rusia y Ucrania y sus aliados.<\/p>\n\n\n\n<p>En una conversaci\u00f3n telef\u00f3nica mantenida el domingo con Emmanuel Macron, Volodymyr Zelensky afirm\u00f3 haber discutido &#8220;formas de garantizar el funcionamiento del corredor de exportaci\u00f3n de grano&#8221;.<\/p>\n\n\n\n<p>El grano procedente de la regi\u00f3n del Mar Negro se considera vital para evitar el hambre en los pa\u00edses de renta baja.<\/p>\n\n\n\n<p><small>Copyright \u00a9 2023 ElCanillita.info \/ BlogDiario.info &#8211; SalaStampa.Eu, servicio mundial de prensa<\/small><\/p>\n","protected":false},"excerpt":{"rendered":"<p>Drones rusos golpean una infraestructura portuaria del r\u00edo Danubio cr\u00edtica para las exportaciones ucranianas de grano.<\/p>\n","protected":false},"author":1,"featured_media":898,"comment_status":"closed","ping_status":"closed","sticky":false,"template":"","format":"standard","meta":{"footnotes":"","_links_to":"","_links_to_target":""},"categories":[109,97,62,46],"tags":[114],"class_list":["post-897","post","type-post","status-publish","format-standard","has-post-thumbnail","hentry","category-dc24","category-elcanillita","category-actualidad","category-europa","tag-romania","entry","rows"],"yoast_head":"<!-- This site is optimized with the Yoast SEO plugin v27.4 - https:\/\/yoast.com\/product\/yoast-seo-wordpress\/ -->\n<title>Ruman\u00eda, protesta por el ataque ruso a un puerto ucraniano pegado a su frontera - BlogDiario Magazine<\/title>\n<meta name=\"description\" content=\"Drones rusos golpean una infraestructura portuaria del r\u00edo Danubio cr\u00edtica para las exportaciones ucranianas de grano.\" \/>\n<meta name=\"robots\" content=\"index, follow, max-snippet:-1, max-image-preview:large, max-video-preview:-1\" \/>\n<link rel=\"canonical\" href=\"https:\/\/blogdiario.info\/magazine\/2023\/09\/03\/rumania-protesta-por-el-ataque-ruso-a-un-puerto-ucraniano-pegado-a-su-frontera\/\" \/>\n<meta property=\"og:locale\" content=\"es_ES\" \/>\n<meta property=\"og:type\" content=\"article\" \/>\n<meta property=\"og:title\" content=\"Ruman\u00eda, protesta por el ataque ruso a un puerto ucraniano pegado a su frontera - BlogDiario Magazine\" \/>\n<meta property=\"og:description\" content=\"Drones rusos golpean una infraestructura portuaria del r\u00edo Danubio cr\u00edtica para las exportaciones ucranianas de grano.\" \/>\n<meta property=\"og:url\" content=\"https:\/\/blogdiario.info\/magazine\/2023\/09\/03\/rumania-protesta-por-el-ataque-ruso-a-un-puerto-ucraniano-pegado-a-su-frontera\/\" \/>\n<meta property=\"og:site_name\" content=\"BlogDiario Magazine\" \/>\n<meta property=\"article:published_time\" content=\"2023-09-03T23:29:18+00:00\" \/>\n<meta property=\"article:modified_time\" content=\"2023-09-03T23:29:20+00:00\" \/>\n<meta property=\"og:image\" content=\"https:\/\/blogdiario.info\/magazine\/images\/2023\/09\/rum_1_20230904.jpg\" \/>\n\t<meta property=\"og:image:width\" content=\"600\" \/>\n\t<meta property=\"og:image:height\" content=\"375\" \/>\n\t<meta property=\"og:image:type\" content=\"image\/jpeg\" \/>\n<meta name=\"author\" content=\"World Press Service | Servicio de Prensa Mundial\" \/>\n<meta name=\"twitter:card\" content=\"summary_large_image\" \/>\n<meta name=\"twitter:label1\" content=\"Escrito por\" \/>\n\t<meta name=\"twitter:data1\" content=\"World Press Service | Servicio de Prensa Mundial\" \/>\n\t<meta name=\"twitter:label2\" content=\"Tiempo de lectura\" \/>\n\t<meta name=\"twitter:data2\" content=\"4 minutos\" \/>\n<script type=\"application\/ld+json\" class=\"yoast-schema-graph\">{\"@context\":\"https:\\\/\\\/schema.org\",\"@graph\":[{\"@type\":\"Article\",\"@id\":\"https:\\\/\\\/blogdiario.info\\\/magazine\\\/2023\\\/09\\\/03\\\/rumania-protesta-por-el-ataque-ruso-a-un-puerto-ucraniano-pegado-a-su-frontera\\\/#article\",\"isPartOf\":{\"@id\":\"https:\\\/\\\/blogdiario.info\\\/magazine\\\/2023\\\/09\\\/03\\\/rumania-protesta-por-el-ataque-ruso-a-un-puerto-ucraniano-pegado-a-su-frontera\\\/\"},\"author\":{\"name\":\"World Press Service | Servicio de Prensa Mundial\",\"@id\":\"https:\\\/\\\/blogdiario.info\\\/magazine\\\/#\\\/schema\\\/person\\\/b2422fe85574d945bad55513bb0c7354\"},\"headline\":\"Ruman\u00eda, protesta por el ataque ruso a un puerto ucraniano pegado a su frontera\",\"datePublished\":\"2023-09-03T23:29:18+00:00\",\"dateModified\":\"2023-09-03T23:29:20+00:00\",\"mainEntityOfPage\":{\"@id\":\"https:\\\/\\\/blogdiario.info\\\/magazine\\\/2023\\\/09\\\/03\\\/rumania-protesta-por-el-ataque-ruso-a-un-puerto-ucraniano-pegado-a-su-frontera\\\/\"},\"wordCount\":558,\"publisher\":{\"@id\":\"https:\\\/\\\/blogdiario.info\\\/magazine\\\/#organization\"},\"image\":{\"@id\":\"https:\\\/\\\/blogdiario.info\\\/magazine\\\/2023\\\/09\\\/03\\\/rumania-protesta-por-el-ataque-ruso-a-un-puerto-ucraniano-pegado-a-su-frontera\\\/#primaryimage\"},\"thumbnailUrl\":\"https:\\\/\\\/blogdiario.info\\\/magazine\\\/images\\\/2023\\\/09\\\/rum_1_20230904.jpg\",\"keywords\":[\"Romania\"],\"articleSection\":[\".\",\".\",\"Actualidad\",\"Europa\"],\"inLanguage\":\"es-AR\"},{\"@type\":\"WebPage\",\"@id\":\"https:\\\/\\\/blogdiario.info\\\/magazine\\\/2023\\\/09\\\/03\\\/rumania-protesta-por-el-ataque-ruso-a-un-puerto-ucraniano-pegado-a-su-frontera\\\/\",\"url\":\"https:\\\/\\\/blogdiario.info\\\/magazine\\\/2023\\\/09\\\/03\\\/rumania-protesta-por-el-ataque-ruso-a-un-puerto-ucraniano-pegado-a-su-frontera\\\/\",\"name\":\"Ruman\u00eda, protesta por el ataque ruso a un puerto ucraniano pegado a su frontera - BlogDiario Magazine\",\"isPartOf\":{\"@id\":\"https:\\\/\\\/blogdiario.info\\\/magazine\\\/#website\"},\"primaryImageOfPage\":{\"@id\":\"https:\\\/\\\/blogdiario.info\\\/magazine\\\/2023\\\/09\\\/03\\\/rumania-protesta-por-el-ataque-ruso-a-un-puerto-ucraniano-pegado-a-su-frontera\\\/#primaryimage\"},\"image\":{\"@id\":\"https:\\\/\\\/blogdiario.info\\\/magazine\\\/2023\\\/09\\\/03\\\/rumania-protesta-por-el-ataque-ruso-a-un-puerto-ucraniano-pegado-a-su-frontera\\\/#primaryimage\"},\"thumbnailUrl\":\"https:\\\/\\\/blogdiario.info\\\/magazine\\\/images\\\/2023\\\/09\\\/rum_1_20230904.jpg\",\"datePublished\":\"2023-09-03T23:29:18+00:00\",\"dateModified\":\"2023-09-03T23:29:20+00:00\",\"description\":\"Drones rusos golpean una infraestructura portuaria del r\u00edo Danubio cr\u00edtica para las exportaciones ucranianas de grano.\",\"breadcrumb\":{\"@id\":\"https:\\\/\\\/blogdiario.info\\\/magazine\\\/2023\\\/09\\\/03\\\/rumania-protesta-por-el-ataque-ruso-a-un-puerto-ucraniano-pegado-a-su-frontera\\\/#breadcrumb\"},\"inLanguage\":\"es-AR\",\"potentialAction\":[{\"@type\":\"ReadAction\",\"target\":[\"https:\\\/\\\/blogdiario.info\\\/magazine\\\/2023\\\/09\\\/03\\\/rumania-protesta-por-el-ataque-ruso-a-un-puerto-ucraniano-pegado-a-su-frontera\\\/\"]}]},{\"@type\":\"ImageObject\",\"inLanguage\":\"es-AR\",\"@id\":\"https:\\\/\\\/blogdiario.info\\\/magazine\\\/2023\\\/09\\\/03\\\/rumania-protesta-por-el-ataque-ruso-a-un-puerto-ucraniano-pegado-a-su-frontera\\\/#primaryimage\",\"url\":\"https:\\\/\\\/blogdiario.info\\\/magazine\\\/images\\\/2023\\\/09\\\/rum_1_20230904.jpg\",\"contentUrl\":\"https:\\\/\\\/blogdiario.info\\\/magazine\\\/images\\\/2023\\\/09\\\/rum_1_20230904.jpg\",\"width\":600,\"height\":375},{\"@type\":\"BreadcrumbList\",\"@id\":\"https:\\\/\\\/blogdiario.info\\\/magazine\\\/2023\\\/09\\\/03\\\/rumania-protesta-por-el-ataque-ruso-a-un-puerto-ucraniano-pegado-a-su-frontera\\\/#breadcrumb\",\"itemListElement\":[{\"@type\":\"ListItem\",\"position\":1,\"name\":\"Home\",\"item\":\"https:\\\/\\\/blogdiario.info\\\/magazine\\\/\"},{\"@type\":\"ListItem\",\"position\":2,\"name\":\"Ruman\u00eda, protesta por el ataque ruso a un puerto ucraniano pegado a su frontera\"}]},{\"@type\":\"WebSite\",\"@id\":\"https:\\\/\\\/blogdiario.info\\\/magazine\\\/#website\",\"url\":\"https:\\\/\\\/blogdiario.info\\\/magazine\\\/\",\"name\":\"BlogDiario Magazine\",\"description\":\"Suplemento multiling\u00fce de ElCanillita.Info\",\"publisher\":{\"@id\":\"https:\\\/\\\/blogdiario.info\\\/magazine\\\/#organization\"},\"potentialAction\":[{\"@type\":\"SearchAction\",\"target\":{\"@type\":\"EntryPoint\",\"urlTemplate\":\"https:\\\/\\\/blogdiario.info\\\/magazine\\\/?s={search_term_string}\"},\"query-input\":{\"@type\":\"PropertyValueSpecification\",\"valueRequired\":true,\"valueName\":\"search_term_string\"}}],\"inLanguage\":\"es-AR\"},{\"@type\":\"Organization\",\"@id\":\"https:\\\/\\\/blogdiario.info\\\/magazine\\\/#organization\",\"name\":\"Guzzo Photos & Graphic Publications\",\"url\":\"https:\\\/\\\/blogdiario.info\\\/magazine\\\/\",\"logo\":{\"@type\":\"ImageObject\",\"inLanguage\":\"es-AR\",\"@id\":\"https:\\\/\\\/blogdiario.info\\\/magazine\\\/#\\\/schema\\\/logo\\\/image\\\/\",\"url\":\"https:\\\/\\\/blogdiario.info\\\/magazine\\\/images\\\/2020\\\/01\\\/cropped-blogdia_magazine.jpg\",\"contentUrl\":\"https:\\\/\\\/blogdiario.info\\\/magazine\\\/images\\\/2020\\\/01\\\/cropped-blogdia_magazine.jpg\",\"width\":589,\"height\":55,\"caption\":\"Guzzo Photos & Graphic Publications\"},\"image\":{\"@id\":\"https:\\\/\\\/blogdiario.info\\\/magazine\\\/#\\\/schema\\\/logo\\\/image\\\/\"}},{\"@type\":\"Person\",\"@id\":\"https:\\\/\\\/blogdiario.info\\\/magazine\\\/#\\\/schema\\\/person\\\/b2422fe85574d945bad55513bb0c7354\",\"name\":\"World Press Service | Servicio de Prensa Mundial\"}]}<\/script>\n<!-- \/ Yoast SEO plugin. -->","yoast_head_json":{"title":"Ruman\u00eda, protesta por el ataque ruso a un puerto ucraniano pegado a su frontera - BlogDiario Magazine","description":"Drones rusos golpean una infraestructura portuaria del r\u00edo Danubio cr\u00edtica para las exportaciones ucranianas de grano.","robots":{"index":"index","follow":"follow","max-snippet":"max-snippet:-1","max-image-preview":"max-image-preview:large","max-video-preview":"max-video-preview:-1"},"canonical":"https:\/\/blogdiario.info\/magazine\/2023\/09\/03\/rumania-protesta-por-el-ataque-ruso-a-un-puerto-ucraniano-pegado-a-su-frontera\/","og_locale":"es_ES","og_type":"article","og_title":"Ruman\u00eda, protesta por el ataque ruso a un puerto ucraniano pegado a su frontera - BlogDiario Magazine","og_description":"Drones rusos golpean una infraestructura portuaria del r\u00edo Danubio cr\u00edtica para las exportaciones ucranianas de grano.","og_url":"https:\/\/blogdiario.info\/magazine\/2023\/09\/03\/rumania-protesta-por-el-ataque-ruso-a-un-puerto-ucraniano-pegado-a-su-frontera\/","og_site_name":"BlogDiario Magazine","article_published_time":"2023-09-03T23:29:18+00:00","article_modified_time":"2023-09-03T23:29:20+00:00","og_image":[{"width":600,"height":375,"url":"https:\/\/blogdiario.info\/magazine\/images\/2023\/09\/rum_1_20230904.jpg","type":"image\/jpeg"}],"author":"World Press Service | Servicio de Prensa Mundial","twitter_card":"summary_large_image","twitter_misc":{"Escrito por":"World Press Service | Servicio de Prensa Mundial","Tiempo de lectura":"4 minutos"},"schema":{"@context":"https:\/\/schema.org","@graph":[{"@type":"Article","@id":"https:\/\/blogdiario.info\/magazine\/2023\/09\/03\/rumania-protesta-por-el-ataque-ruso-a-un-puerto-ucraniano-pegado-a-su-frontera\/#article","isPartOf":{"@id":"https:\/\/blogdiario.info\/magazine\/2023\/09\/03\/rumania-protesta-por-el-ataque-ruso-a-un-puerto-ucraniano-pegado-a-su-frontera\/"},"author":{"name":"World Press Service | Servicio de Prensa Mundial","@id":"https:\/\/blogdiario.info\/magazine\/#\/schema\/person\/b2422fe85574d945bad55513bb0c7354"},"headline":"Ruman\u00eda, protesta por el ataque ruso a un puerto ucraniano pegado a su frontera","datePublished":"2023-09-03T23:29:18+00:00","dateModified":"2023-09-03T23:29:20+00:00","mainEntityOfPage":{"@id":"https:\/\/blogdiario.info\/magazine\/2023\/09\/03\/rumania-protesta-por-el-ataque-ruso-a-un-puerto-ucraniano-pegado-a-su-frontera\/"},"wordCount":558,"publisher":{"@id":"https:\/\/blogdiario.info\/magazine\/#organization"},"image":{"@id":"https:\/\/blogdiario.info\/magazine\/2023\/09\/03\/rumania-protesta-por-el-ataque-ruso-a-un-puerto-ucraniano-pegado-a-su-frontera\/#primaryimage"},"thumbnailUrl":"https:\/\/blogdiario.info\/magazine\/images\/2023\/09\/rum_1_20230904.jpg","keywords":["Romania"],"articleSection":[".",".","Actualidad","Europa"],"inLanguage":"es-AR"},{"@type":"WebPage","@id":"https:\/\/blogdiario.info\/magazine\/2023\/09\/03\/rumania-protesta-por-el-ataque-ruso-a-un-puerto-ucraniano-pegado-a-su-frontera\/","url":"https:\/\/blogdiario.info\/magazine\/2023\/09\/03\/rumania-protesta-por-el-ataque-ruso-a-un-puerto-ucraniano-pegado-a-su-frontera\/","name":"Ruman\u00eda, protesta por el ataque ruso a un puerto ucraniano pegado a su frontera - BlogDiario Magazine","isPartOf":{"@id":"https:\/\/blogdiario.info\/magazine\/#website"},"primaryImageOfPage":{"@id":"https:\/\/blogdiario.info\/magazine\/2023\/09\/03\/rumania-protesta-por-el-ataque-ruso-a-un-puerto-ucraniano-pegado-a-su-frontera\/#primaryimage"},"image":{"@id":"https:\/\/blogdiario.info\/magazine\/2023\/09\/03\/rumania-protesta-por-el-ataque-ruso-a-un-puerto-ucraniano-pegado-a-su-frontera\/#primaryimage"},"thumbnailUrl":"https:\/\/blogdiario.info\/magazine\/images\/2023\/09\/rum_1_20230904.jpg","datePublished":"2023-09-03T23:29:18+00:00","dateModified":"2023-09-03T23:29:20+00:00","description":"Drones rusos golpean una infraestructura portuaria del r\u00edo Danubio cr\u00edtica para las exportaciones ucranianas de grano.","breadcrumb":{"@id":"https:\/\/blogdiario.info\/magazine\/2023\/09\/03\/rumania-protesta-por-el-ataque-ruso-a-un-puerto-ucraniano-pegado-a-su-frontera\/#breadcrumb"},"inLanguage":"es-AR","potentialAction":[{"@type":"ReadAction","target":["https:\/\/blogdiario.info\/magazine\/2023\/09\/03\/rumania-protesta-por-el-ataque-ruso-a-un-puerto-ucraniano-pegado-a-su-frontera\/"]}]},{"@type":"ImageObject","inLanguage":"es-AR","@id":"https:\/\/blogdiario.info\/magazine\/2023\/09\/03\/rumania-protesta-por-el-ataque-ruso-a-un-puerto-ucraniano-pegado-a-su-frontera\/#primaryimage","url":"https:\/\/blogdiario.info\/magazine\/images\/2023\/09\/rum_1_20230904.jpg","contentUrl":"https:\/\/blogdiario.info\/magazine\/images\/2023\/09\/rum_1_20230904.jpg","width":600,"height":375},{"@type":"BreadcrumbList","@id":"https:\/\/blogdiario.info\/magazine\/2023\/09\/03\/rumania-protesta-por-el-ataque-ruso-a-un-puerto-ucraniano-pegado-a-su-frontera\/#breadcrumb","itemListElement":[{"@type":"ListItem","position":1,"name":"Home","item":"https:\/\/blogdiario.info\/magazine\/"},{"@type":"ListItem","position":2,"name":"Ruman\u00eda, protesta por el ataque ruso a un puerto ucraniano pegado a su frontera"}]},{"@type":"WebSite","@id":"https:\/\/blogdiario.info\/magazine\/#website","url":"https:\/\/blogdiario.info\/magazine\/","name":"BlogDiario Magazine","description":"Suplemento multiling\u00fce de ElCanillita.Info","publisher":{"@id":"https:\/\/blogdiario.info\/magazine\/#organization"},"potentialAction":[{"@type":"SearchAction","target":{"@type":"EntryPoint","urlTemplate":"https:\/\/blogdiario.info\/magazine\/?s={search_term_string}"},"query-input":{"@type":"PropertyValueSpecification","valueRequired":true,"valueName":"search_term_string"}}],"inLanguage":"es-AR"},{"@type":"Organization","@id":"https:\/\/blogdiario.info\/magazine\/#organization","name":"Guzzo Photos & Graphic Publications","url":"https:\/\/blogdiario.info\/magazine\/","logo":{"@type":"ImageObject","inLanguage":"es-AR","@id":"https:\/\/blogdiario.info\/magazine\/#\/schema\/logo\/image\/","url":"https:\/\/blogdiario.info\/magazine\/images\/2020\/01\/cropped-blogdia_magazine.jpg","contentUrl":"https:\/\/blogdiario.info\/magazine\/images\/2020\/01\/cropped-blogdia_magazine.jpg","width":589,"height":55,"caption":"Guzzo Photos & Graphic Publications"},"image":{"@id":"https:\/\/blogdiario.info\/magazine\/#\/schema\/logo\/image\/"}},{"@type":"Person","@id":"https:\/\/blogdiario.info\/magazine\/#\/schema\/person\/b2422fe85574d945bad55513bb0c7354","name":"World Press Service | Servicio de Prensa Mundial"}]}},"views":394,"_links":{"self":[{"href":"https:\/\/blogdiario.info\/magazine\/wp-json\/wp\/v2\/posts\/897","targetHints":{"allow":["GET"]}}],"collection":[{"href":"https:\/\/blogdiario.info\/magazine\/wp-json\/wp\/v2\/posts"}],"about":[{"href":"https:\/\/blogdiario.info\/magazine\/wp-json\/wp\/v2\/types\/post"}],"author":[{"embeddable":true,"href":"https:\/\/blogdiario.info\/magazine\/wp-json\/wp\/v2\/users\/1"}],"replies":[{"embeddable":true,"href":"https:\/\/blogdiario.info\/magazine\/wp-json\/wp\/v2\/comments?post=897"}],"version-history":[{"count":0,"href":"https:\/\/blogdiario.info\/magazine\/wp-json\/wp\/v2\/posts\/897\/revisions"}],"wp:featuredmedia":[{"embeddable":true,"href":"https:\/\/blogdiario.info\/magazine\/wp-json\/wp\/v2\/media\/898"}],"wp:attachment":[{"href":"https:\/\/blogdiario.info\/magazine\/wp-json\/wp\/v2\/media?parent=897"}],"wp:term":[{"taxonomy":"category","embeddable":true,"href":"https:\/\/blogdiario.info\/magazine\/wp-json\/wp\/v2\/categories?post=897"},{"taxonomy":"post_tag","embeddable":true,"href":"https:\/\/blogdiario.info\/magazine\/wp-json\/wp\/v2\/tags?post=897"}],"curies":[{"name":"wp","href":"https:\/\/api.w.org\/{rel}","templated":true}]}}