{"id":888,"date":"2023-08-31T21:47:50","date_gmt":"2023-09-01T00:47:50","guid":{"rendered":"https:\/\/blogdiario.info\/magazine\/?p=888"},"modified":"2023-08-31T21:47:51","modified_gmt":"2023-09-01T00:47:51","slug":"bukele-moviliza-el-ejercito-en-las-zonas-rurales-de-el-salvador","status":"publish","type":"post","link":"https:\/\/blogdiario.info\/magazine\/2023\/08\/31\/bukele-moviliza-el-ejercito-en-las-zonas-rurales-de-el-salvador\/","title":{"rendered":"Bukele moviliza el ej\u00e9rcito en las zonas rurales de El Salvador"},"content":{"rendered":"\n<figure class=\"wp-block-image size-full\"><img loading=\"lazy\" decoding=\"async\" width=\"600\" height=\"338\" src=\"https:\/\/blogdiario.info\/magazine\/images\/2023\/08\/salva_1_20230831.jpg\" alt=\"\" class=\"wp-image-890\" srcset=\"https:\/\/blogdiario.info\/magazine\/images\/2023\/08\/salva_1_20230831.jpg 600w, https:\/\/blogdiario.info\/magazine\/images\/2023\/08\/salva_1_20230831-300x169.jpg 300w\" sizes=\"auto, (max-width: 600px) 100vw, 600px\" \/><\/figure>\n\n\n\n<p><strong>ElCanillita.info, 01\/09\/2023<\/strong><br>El presidente Bukele, el l\u00edder de l\u00ednea dura de El Salvador, ha ordenado una operaci\u00f3n militar masiva en el norte del pa\u00eds en su \u00faltima medida contra las bandas criminales.<\/p>\n\n\n\n<p>Bukele declar\u00f3 que 8.000 soldados y 1.000 polic\u00edas hab\u00edan establecido un cord\u00f3n alrededor de la regi\u00f3n de Caba\u00f1as &#8220;para impedir que los miembros de las bandas salgan del departamento y cortar todas las l\u00edneas de suministro&#8221;.<\/p>\n\n\n\n<p>La represi\u00f3n del Presidente Bukele se produce tras un ataque en la regi\u00f3n de Caba\u00f1as el fin de semana, en el que dos polic\u00edas resultaron heridos.<br><br>En sus cuentas oficiales en las redes sociales, Bukele difundi\u00f3 im\u00e1genes de columnas de soldados estableciendo posiciones en la zona selv\u00e1tica y agr\u00edcola, parte de la cual limita con Honduras. La represi\u00f3n se produce tras un ataque el fin de semana en el que dos polic\u00edas resultaron heridos.<\/p>\n\n\n\n<p>&#8220;Nuestras estrategias de seguridad han desarticulado bandas, oblig\u00e1ndolas a migrar de los grandes centros urbanos para esconderse en zonas rurales de nuestro pa\u00eds, fuera de su h\u00e1bitat natural. En las \u00faltimas semanas hemos identificado a varios grupos de pandilleros que se esconden en el departamento de Caba\u00f1as, por lo que decidimos cerrarlo completamente&#8221;, dijo Bukele en X, antes Twitter.<\/p>\n\n\n\n<p>A\u00f1adi\u00f3 que &#8220;la poblaci\u00f3n honesta, visitantes y turistas no tienen nada que temer&#8221;.<\/p>\n\n\n\n<p>La tolerancia cero del pa\u00eds centroamericano con las bandas criminales se ha convertido en la pol\u00edtica estrella de Bukele, de 42 a\u00f1os, al frente de la naci\u00f3n desde junio de 2019.<\/p>\n\n\n\n<p>En marzo del a\u00f1o pasado, tras una oleada de asesinatos de pandilleros, su gobierno impuso el estado de emergencia, lo que permiti\u00f3 a la polic\u00eda arrestar a cualquier persona sospechosa de tener conexiones con las pandillas.<\/p>\n\n\n\n<figure class=\"wp-block-image size-full\"><img loading=\"lazy\" decoding=\"async\" width=\"600\" height=\"400\" src=\"https:\/\/blogdiario.info\/magazine\/images\/2023\/08\/salva_3_20230831.jpg\" alt=\"\" class=\"wp-image-891\" srcset=\"https:\/\/blogdiario.info\/magazine\/images\/2023\/08\/salva_3_20230831.jpg 600w, https:\/\/blogdiario.info\/magazine\/images\/2023\/08\/salva_3_20230831-300x200.jpg 300w\" sizes=\"auto, (max-width: 600px) 100vw, 600px\" \/><figcaption class=\"wp-element-caption\">Los presuntos pandilleros est\u00e1n recluidos en una gigantesca prisi\u00f3n a las afueras, cerca de San Salvador, la capital<\/figcaption><\/figure>\n\n\n\n<p>Desde entonces, m\u00e1s de 70.000 personas, el 1% de la poblaci\u00f3n de El Salvador, han sido detenidas sin juicio previo. Decenas de miles est\u00e1n recluidas en una megac\u00e1rcel especialmente construida a las afueras de la capital, San Salvador.<\/p>\n\n\n\n<p>La semana pasada, el gobierno declar\u00f3 que era inminente la celebraci\u00f3n de una serie de juicios masivos, que supondr\u00edan el procesamiento de hasta 900 personas.<\/p>\n\n\n\n<p>La pol\u00edtica de Bukele ha tenido un efecto notable en la delincuencia grave, con un notable descenso del n\u00famero de asesinatos. Los empresarios han informado de que las extorsiones de las bandas han cesado y los secuestros son raros.<br><\/p>\n\n\n\n<figure class=\"wp-block-image size-full\"><img loading=\"lazy\" decoding=\"async\" width=\"600\" height=\"400\" src=\"https:\/\/blogdiario.info\/magazine\/images\/2023\/08\/salva_2_20230831.jpg\" alt=\"\" class=\"wp-image-892\" srcset=\"https:\/\/blogdiario.info\/magazine\/images\/2023\/08\/salva_2_20230831.jpg 600w, https:\/\/blogdiario.info\/magazine\/images\/2023\/08\/salva_2_20230831-300x200.jpg 300w\" sizes=\"auto, (max-width: 600px) 100vw, 600px\" \/><figcaption class=\"wp-element-caption\">Los grupos de derechos humanos se han manifestado en contra de la pol\u00edtica de Bukele.<\/figcaption><\/figure>\n\n\n\n<p>La popularidad del presidente se ha disparado. Seg\u00fan una encuesta reciente, su \u00edndice de aprobaci\u00f3n es del 93%, el m\u00e1s alto de todos los l\u00edderes electos del mundo.<\/p>\n\n\n\n<p>Sin embargo, Bukele se ha enfrentado a las cr\u00edticas de organizaciones de derechos humanos y l\u00edderes regionales por su pol\u00edtica. La semana pasada, el Presidente de Chile, el izquierdista Boric, de 37 a\u00f1os, declar\u00f3 que, aunque estaba de acuerdo en que mejorar la seguridad de los ciudadanos era un &#8220;objetivo loable&#8221;, cualquier acci\u00f3n que socavara la democracia o los derechos humanos acabar\u00eda teniendo consecuencias indeseables.<\/p>\n\n\n\n<p>Bukele reaccion\u00f3 furioso en las redes sociales, acusando a Boric de tener &#8220;poco sentido com\u00fan&#8221;.<\/p>\n\n\n\n<p><small>Copyright \u00a9 2023 ElCanillita.info \/ BlogDiario.info &#8211; SalaStampa.Eu, servicio mundial de prensa<\/small><\/p>\n","protected":false},"excerpt":{"rendered":"<p>La regi\u00f3n de Caba\u00f1as fue rodeada como parte de la pol\u00edtica de tolerancia cero del presidente salvadore\u00f1o.<\/p>\n","protected":false},"author":1,"featured_media":889,"comment_status":"closed","ping_status":"closed","sticky":false,"template":"","format":"standard","meta":{"footnotes":"","_links_to":"","_links_to_target":""},"categories":[97,109,62,50,60],"tags":[111],"class_list":["post-888","post","type-post","status-publish","format-standard","has-post-thumbnail","hentry","category-elcanillita","category-dc24","category-actualidad","category-america-centrale","category-prison-press","tag-san-salvador","entry","rows"],"yoast_head":"<!-- This site is optimized with the Yoast SEO plugin v27.4 - https:\/\/yoast.com\/product\/yoast-seo-wordpress\/ -->\n<title>Bukele moviliza el ej\u00e9rcito en las zonas rurales de El Salvador - BlogDiario Magazine<\/title>\n<meta name=\"description\" content=\"La regi\u00f3n de Caba\u00f1as fue rodeada como parte de la pol\u00edtica de tolerancia cero del presidente salvadore\u00f1o.\" \/>\n<meta name=\"robots\" content=\"index, follow, max-snippet:-1, max-image-preview:large, max-video-preview:-1\" \/>\n<link rel=\"canonical\" href=\"https:\/\/blogdiario.info\/magazine\/2023\/08\/31\/bukele-moviliza-el-ejercito-en-las-zonas-rurales-de-el-salvador\/\" \/>\n<meta property=\"og:locale\" content=\"es_ES\" \/>\n<meta property=\"og:type\" content=\"article\" \/>\n<meta property=\"og:title\" content=\"Bukele moviliza el ej\u00e9rcito en las zonas rurales de El Salvador - BlogDiario Magazine\" \/>\n<meta property=\"og:description\" content=\"La regi\u00f3n de Caba\u00f1as fue rodeada como parte de la pol\u00edtica de tolerancia cero del presidente salvadore\u00f1o.\" \/>\n<meta property=\"og:url\" content=\"https:\/\/blogdiario.info\/magazine\/2023\/08\/31\/bukele-moviliza-el-ejercito-en-las-zonas-rurales-de-el-salvador\/\" \/>\n<meta property=\"og:site_name\" content=\"BlogDiario Magazine\" \/>\n<meta property=\"article:published_time\" content=\"2023-09-01T00:47:50+00:00\" \/>\n<meta property=\"article:modified_time\" content=\"2023-09-01T00:47:51+00:00\" \/>\n<meta property=\"og:image\" content=\"https:\/\/blogdiario.info\/magazine\/images\/2023\/08\/salva_cov_20230831.jpg\" \/>\n\t<meta property=\"og:image:width\" content=\"600\" \/>\n\t<meta property=\"og:image:height\" content=\"400\" \/>\n\t<meta property=\"og:image:type\" content=\"image\/jpeg\" \/>\n<meta name=\"author\" content=\"World Press Service | Servicio de Prensa Mundial\" \/>\n<meta name=\"twitter:card\" content=\"summary_large_image\" \/>\n<meta name=\"twitter:label1\" content=\"Escrito por\" \/>\n\t<meta name=\"twitter:data1\" content=\"World Press Service | Servicio de Prensa Mundial\" \/>\n\t<meta name=\"twitter:label2\" content=\"Tiempo de lectura\" \/>\n\t<meta name=\"twitter:data2\" content=\"4 minutos\" \/>\n<script type=\"application\/ld+json\" class=\"yoast-schema-graph\">{\"@context\":\"https:\\\/\\\/schema.org\",\"@graph\":[{\"@type\":\"Article\",\"@id\":\"https:\\\/\\\/blogdiario.info\\\/magazine\\\/2023\\\/08\\\/31\\\/bukele-moviliza-el-ejercito-en-las-zonas-rurales-de-el-salvador\\\/#article\",\"isPartOf\":{\"@id\":\"https:\\\/\\\/blogdiario.info\\\/magazine\\\/2023\\\/08\\\/31\\\/bukele-moviliza-el-ejercito-en-las-zonas-rurales-de-el-salvador\\\/\"},\"author\":{\"name\":\"World Press Service | Servicio de Prensa Mundial\",\"@id\":\"https:\\\/\\\/blogdiario.info\\\/magazine\\\/#\\\/schema\\\/person\\\/b2422fe85574d945bad55513bb0c7354\"},\"headline\":\"Bukele moviliza el ej\u00e9rcito en las zonas rurales de El Salvador\",\"datePublished\":\"2023-09-01T00:47:50+00:00\",\"dateModified\":\"2023-09-01T00:47:51+00:00\",\"mainEntityOfPage\":{\"@id\":\"https:\\\/\\\/blogdiario.info\\\/magazine\\\/2023\\\/08\\\/31\\\/bukele-moviliza-el-ejercito-en-las-zonas-rurales-de-el-salvador\\\/\"},\"wordCount\":592,\"publisher\":{\"@id\":\"https:\\\/\\\/blogdiario.info\\\/magazine\\\/#organization\"},\"image\":{\"@id\":\"https:\\\/\\\/blogdiario.info\\\/magazine\\\/2023\\\/08\\\/31\\\/bukele-moviliza-el-ejercito-en-las-zonas-rurales-de-el-salvador\\\/#primaryimage\"},\"thumbnailUrl\":\"https:\\\/\\\/blogdiario.info\\\/magazine\\\/images\\\/2023\\\/08\\\/salva_cov_20230831.jpg\",\"keywords\":[\"San Salvador\"],\"articleSection\":[\".\",\".\",\"Actualidad\",\"America Centrale\",\"Prison Press\"],\"inLanguage\":\"es-AR\"},{\"@type\":\"WebPage\",\"@id\":\"https:\\\/\\\/blogdiario.info\\\/magazine\\\/2023\\\/08\\\/31\\\/bukele-moviliza-el-ejercito-en-las-zonas-rurales-de-el-salvador\\\/\",\"url\":\"https:\\\/\\\/blogdiario.info\\\/magazine\\\/2023\\\/08\\\/31\\\/bukele-moviliza-el-ejercito-en-las-zonas-rurales-de-el-salvador\\\/\",\"name\":\"Bukele moviliza el ej\u00e9rcito en las zonas rurales de El Salvador - BlogDiario Magazine\",\"isPartOf\":{\"@id\":\"https:\\\/\\\/blogdiario.info\\\/magazine\\\/#website\"},\"primaryImageOfPage\":{\"@id\":\"https:\\\/\\\/blogdiario.info\\\/magazine\\\/2023\\\/08\\\/31\\\/bukele-moviliza-el-ejercito-en-las-zonas-rurales-de-el-salvador\\\/#primaryimage\"},\"image\":{\"@id\":\"https:\\\/\\\/blogdiario.info\\\/magazine\\\/2023\\\/08\\\/31\\\/bukele-moviliza-el-ejercito-en-las-zonas-rurales-de-el-salvador\\\/#primaryimage\"},\"thumbnailUrl\":\"https:\\\/\\\/blogdiario.info\\\/magazine\\\/images\\\/2023\\\/08\\\/salva_cov_20230831.jpg\",\"datePublished\":\"2023-09-01T00:47:50+00:00\",\"dateModified\":\"2023-09-01T00:47:51+00:00\",\"description\":\"La regi\u00f3n de Caba\u00f1as fue rodeada como parte de la pol\u00edtica de tolerancia cero del presidente salvadore\u00f1o.\",\"breadcrumb\":{\"@id\":\"https:\\\/\\\/blogdiario.info\\\/magazine\\\/2023\\\/08\\\/31\\\/bukele-moviliza-el-ejercito-en-las-zonas-rurales-de-el-salvador\\\/#breadcrumb\"},\"inLanguage\":\"es-AR\",\"potentialAction\":[{\"@type\":\"ReadAction\",\"target\":[\"https:\\\/\\\/blogdiario.info\\\/magazine\\\/2023\\\/08\\\/31\\\/bukele-moviliza-el-ejercito-en-las-zonas-rurales-de-el-salvador\\\/\"]}]},{\"@type\":\"ImageObject\",\"inLanguage\":\"es-AR\",\"@id\":\"https:\\\/\\\/blogdiario.info\\\/magazine\\\/2023\\\/08\\\/31\\\/bukele-moviliza-el-ejercito-en-las-zonas-rurales-de-el-salvador\\\/#primaryimage\",\"url\":\"https:\\\/\\\/blogdiario.info\\\/magazine\\\/images\\\/2023\\\/08\\\/salva_cov_20230831.jpg\",\"contentUrl\":\"https:\\\/\\\/blogdiario.info\\\/magazine\\\/images\\\/2023\\\/08\\\/salva_cov_20230831.jpg\",\"width\":600,\"height\":400},{\"@type\":\"BreadcrumbList\",\"@id\":\"https:\\\/\\\/blogdiario.info\\\/magazine\\\/2023\\\/08\\\/31\\\/bukele-moviliza-el-ejercito-en-las-zonas-rurales-de-el-salvador\\\/#breadcrumb\",\"itemListElement\":[{\"@type\":\"ListItem\",\"position\":1,\"name\":\"Home\",\"item\":\"https:\\\/\\\/blogdiario.info\\\/magazine\\\/\"},{\"@type\":\"ListItem\",\"position\":2,\"name\":\"Bukele moviliza el ej\u00e9rcito en las zonas rurales de El Salvador\"}]},{\"@type\":\"WebSite\",\"@id\":\"https:\\\/\\\/blogdiario.info\\\/magazine\\\/#website\",\"url\":\"https:\\\/\\\/blogdiario.info\\\/magazine\\\/\",\"name\":\"BlogDiario Magazine\",\"description\":\"Suplemento multiling\u00fce de ElCanillita.Info\",\"publisher\":{\"@id\":\"https:\\\/\\\/blogdiario.info\\\/magazine\\\/#organization\"},\"potentialAction\":[{\"@type\":\"SearchAction\",\"target\":{\"@type\":\"EntryPoint\",\"urlTemplate\":\"https:\\\/\\\/blogdiario.info\\\/magazine\\\/?s={search_term_string}\"},\"query-input\":{\"@type\":\"PropertyValueSpecification\",\"valueRequired\":true,\"valueName\":\"search_term_string\"}}],\"inLanguage\":\"es-AR\"},{\"@type\":\"Organization\",\"@id\":\"https:\\\/\\\/blogdiario.info\\\/magazine\\\/#organization\",\"name\":\"Guzzo Photos & Graphic Publications\",\"url\":\"https:\\\/\\\/blogdiario.info\\\/magazine\\\/\",\"logo\":{\"@type\":\"ImageObject\",\"inLanguage\":\"es-AR\",\"@id\":\"https:\\\/\\\/blogdiario.info\\\/magazine\\\/#\\\/schema\\\/logo\\\/image\\\/\",\"url\":\"https:\\\/\\\/blogdiario.info\\\/magazine\\\/images\\\/2020\\\/01\\\/cropped-blogdia_magazine.jpg\",\"contentUrl\":\"https:\\\/\\\/blogdiario.info\\\/magazine\\\/images\\\/2020\\\/01\\\/cropped-blogdia_magazine.jpg\",\"width\":589,\"height\":55,\"caption\":\"Guzzo Photos & Graphic Publications\"},\"image\":{\"@id\":\"https:\\\/\\\/blogdiario.info\\\/magazine\\\/#\\\/schema\\\/logo\\\/image\\\/\"}},{\"@type\":\"Person\",\"@id\":\"https:\\\/\\\/blogdiario.info\\\/magazine\\\/#\\\/schema\\\/person\\\/b2422fe85574d945bad55513bb0c7354\",\"name\":\"World Press Service | Servicio de Prensa Mundial\"}]}<\/script>\n<!-- \/ Yoast SEO plugin. -->","yoast_head_json":{"title":"Bukele moviliza el ej\u00e9rcito en las zonas rurales de El Salvador - BlogDiario Magazine","description":"La regi\u00f3n de Caba\u00f1as fue rodeada como parte de la pol\u00edtica de tolerancia cero del presidente salvadore\u00f1o.","robots":{"index":"index","follow":"follow","max-snippet":"max-snippet:-1","max-image-preview":"max-image-preview:large","max-video-preview":"max-video-preview:-1"},"canonical":"https:\/\/blogdiario.info\/magazine\/2023\/08\/31\/bukele-moviliza-el-ejercito-en-las-zonas-rurales-de-el-salvador\/","og_locale":"es_ES","og_type":"article","og_title":"Bukele moviliza el ej\u00e9rcito en las zonas rurales de El Salvador - BlogDiario Magazine","og_description":"La regi\u00f3n de Caba\u00f1as fue rodeada como parte de la pol\u00edtica de tolerancia cero del presidente salvadore\u00f1o.","og_url":"https:\/\/blogdiario.info\/magazine\/2023\/08\/31\/bukele-moviliza-el-ejercito-en-las-zonas-rurales-de-el-salvador\/","og_site_name":"BlogDiario Magazine","article_published_time":"2023-09-01T00:47:50+00:00","article_modified_time":"2023-09-01T00:47:51+00:00","og_image":[{"width":600,"height":400,"url":"https:\/\/blogdiario.info\/magazine\/images\/2023\/08\/salva_cov_20230831.jpg","type":"image\/jpeg"}],"author":"World Press Service | Servicio de Prensa Mundial","twitter_card":"summary_large_image","twitter_misc":{"Escrito por":"World Press Service | Servicio de Prensa Mundial","Tiempo de lectura":"4 minutos"},"schema":{"@context":"https:\/\/schema.org","@graph":[{"@type":"Article","@id":"https:\/\/blogdiario.info\/magazine\/2023\/08\/31\/bukele-moviliza-el-ejercito-en-las-zonas-rurales-de-el-salvador\/#article","isPartOf":{"@id":"https:\/\/blogdiario.info\/magazine\/2023\/08\/31\/bukele-moviliza-el-ejercito-en-las-zonas-rurales-de-el-salvador\/"},"author":{"name":"World Press Service | Servicio de Prensa Mundial","@id":"https:\/\/blogdiario.info\/magazine\/#\/schema\/person\/b2422fe85574d945bad55513bb0c7354"},"headline":"Bukele moviliza el ej\u00e9rcito en las zonas rurales de El Salvador","datePublished":"2023-09-01T00:47:50+00:00","dateModified":"2023-09-01T00:47:51+00:00","mainEntityOfPage":{"@id":"https:\/\/blogdiario.info\/magazine\/2023\/08\/31\/bukele-moviliza-el-ejercito-en-las-zonas-rurales-de-el-salvador\/"},"wordCount":592,"publisher":{"@id":"https:\/\/blogdiario.info\/magazine\/#organization"},"image":{"@id":"https:\/\/blogdiario.info\/magazine\/2023\/08\/31\/bukele-moviliza-el-ejercito-en-las-zonas-rurales-de-el-salvador\/#primaryimage"},"thumbnailUrl":"https:\/\/blogdiario.info\/magazine\/images\/2023\/08\/salva_cov_20230831.jpg","keywords":["San Salvador"],"articleSection":[".",".","Actualidad","America Centrale","Prison Press"],"inLanguage":"es-AR"},{"@type":"WebPage","@id":"https:\/\/blogdiario.info\/magazine\/2023\/08\/31\/bukele-moviliza-el-ejercito-en-las-zonas-rurales-de-el-salvador\/","url":"https:\/\/blogdiario.info\/magazine\/2023\/08\/31\/bukele-moviliza-el-ejercito-en-las-zonas-rurales-de-el-salvador\/","name":"Bukele moviliza el ej\u00e9rcito en las zonas rurales de El Salvador - BlogDiario Magazine","isPartOf":{"@id":"https:\/\/blogdiario.info\/magazine\/#website"},"primaryImageOfPage":{"@id":"https:\/\/blogdiario.info\/magazine\/2023\/08\/31\/bukele-moviliza-el-ejercito-en-las-zonas-rurales-de-el-salvador\/#primaryimage"},"image":{"@id":"https:\/\/blogdiario.info\/magazine\/2023\/08\/31\/bukele-moviliza-el-ejercito-en-las-zonas-rurales-de-el-salvador\/#primaryimage"},"thumbnailUrl":"https:\/\/blogdiario.info\/magazine\/images\/2023\/08\/salva_cov_20230831.jpg","datePublished":"2023-09-01T00:47:50+00:00","dateModified":"2023-09-01T00:47:51+00:00","description":"La regi\u00f3n de Caba\u00f1as fue rodeada como parte de la pol\u00edtica de tolerancia cero del presidente salvadore\u00f1o.","breadcrumb":{"@id":"https:\/\/blogdiario.info\/magazine\/2023\/08\/31\/bukele-moviliza-el-ejercito-en-las-zonas-rurales-de-el-salvador\/#breadcrumb"},"inLanguage":"es-AR","potentialAction":[{"@type":"ReadAction","target":["https:\/\/blogdiario.info\/magazine\/2023\/08\/31\/bukele-moviliza-el-ejercito-en-las-zonas-rurales-de-el-salvador\/"]}]},{"@type":"ImageObject","inLanguage":"es-AR","@id":"https:\/\/blogdiario.info\/magazine\/2023\/08\/31\/bukele-moviliza-el-ejercito-en-las-zonas-rurales-de-el-salvador\/#primaryimage","url":"https:\/\/blogdiario.info\/magazine\/images\/2023\/08\/salva_cov_20230831.jpg","contentUrl":"https:\/\/blogdiario.info\/magazine\/images\/2023\/08\/salva_cov_20230831.jpg","width":600,"height":400},{"@type":"BreadcrumbList","@id":"https:\/\/blogdiario.info\/magazine\/2023\/08\/31\/bukele-moviliza-el-ejercito-en-las-zonas-rurales-de-el-salvador\/#breadcrumb","itemListElement":[{"@type":"ListItem","position":1,"name":"Home","item":"https:\/\/blogdiario.info\/magazine\/"},{"@type":"ListItem","position":2,"name":"Bukele moviliza el ej\u00e9rcito en las zonas rurales de El Salvador"}]},{"@type":"WebSite","@id":"https:\/\/blogdiario.info\/magazine\/#website","url":"https:\/\/blogdiario.info\/magazine\/","name":"BlogDiario Magazine","description":"Suplemento multiling\u00fce de ElCanillita.Info","publisher":{"@id":"https:\/\/blogdiario.info\/magazine\/#organization"},"potentialAction":[{"@type":"SearchAction","target":{"@type":"EntryPoint","urlTemplate":"https:\/\/blogdiario.info\/magazine\/?s={search_term_string}"},"query-input":{"@type":"PropertyValueSpecification","valueRequired":true,"valueName":"search_term_string"}}],"inLanguage":"es-AR"},{"@type":"Organization","@id":"https:\/\/blogdiario.info\/magazine\/#organization","name":"Guzzo Photos & Graphic Publications","url":"https:\/\/blogdiario.info\/magazine\/","logo":{"@type":"ImageObject","inLanguage":"es-AR","@id":"https:\/\/blogdiario.info\/magazine\/#\/schema\/logo\/image\/","url":"https:\/\/blogdiario.info\/magazine\/images\/2020\/01\/cropped-blogdia_magazine.jpg","contentUrl":"https:\/\/blogdiario.info\/magazine\/images\/2020\/01\/cropped-blogdia_magazine.jpg","width":589,"height":55,"caption":"Guzzo Photos & Graphic Publications"},"image":{"@id":"https:\/\/blogdiario.info\/magazine\/#\/schema\/logo\/image\/"}},{"@type":"Person","@id":"https:\/\/blogdiario.info\/magazine\/#\/schema\/person\/b2422fe85574d945bad55513bb0c7354","name":"World Press Service | Servicio de Prensa Mundial"}]}},"views":427,"_links":{"self":[{"href":"https:\/\/blogdiario.info\/magazine\/wp-json\/wp\/v2\/posts\/888","targetHints":{"allow":["GET"]}}],"collection":[{"href":"https:\/\/blogdiario.info\/magazine\/wp-json\/wp\/v2\/posts"}],"about":[{"href":"https:\/\/blogdiario.info\/magazine\/wp-json\/wp\/v2\/types\/post"}],"author":[{"embeddable":true,"href":"https:\/\/blogdiario.info\/magazine\/wp-json\/wp\/v2\/users\/1"}],"replies":[{"embeddable":true,"href":"https:\/\/blogdiario.info\/magazine\/wp-json\/wp\/v2\/comments?post=888"}],"version-history":[{"count":0,"href":"https:\/\/blogdiario.info\/magazine\/wp-json\/wp\/v2\/posts\/888\/revisions"}],"wp:featuredmedia":[{"embeddable":true,"href":"https:\/\/blogdiario.info\/magazine\/wp-json\/wp\/v2\/media\/889"}],"wp:attachment":[{"href":"https:\/\/blogdiario.info\/magazine\/wp-json\/wp\/v2\/media?parent=888"}],"wp:term":[{"taxonomy":"category","embeddable":true,"href":"https:\/\/blogdiario.info\/magazine\/wp-json\/wp\/v2\/categories?post=888"},{"taxonomy":"post_tag","embeddable":true,"href":"https:\/\/blogdiario.info\/magazine\/wp-json\/wp\/v2\/tags?post=888"}],"curies":[{"name":"wp","href":"https:\/\/api.w.org\/{rel}","templated":true}]}}