{"id":878,"date":"2023-08-25T07:40:41","date_gmt":"2023-08-25T10:40:41","guid":{"rendered":"https:\/\/blogdiario.info\/magazine\/?p=878"},"modified":"2023-08-25T07:40:42","modified_gmt":"2023-08-25T10:40:42","slug":"un-escandalo-inmobiliario-sacude-la-corte-real-de-monaco","status":"publish","type":"post","link":"https:\/\/blogdiario.info\/magazine\/2023\/08\/25\/un-escandalo-inmobiliario-sacude-la-corte-real-de-monaco\/","title":{"rendered":"Un &#8220;esc\u00e1ndalo inmobiliario&#8221; sacude la corte real de M\u00f3naco"},"content":{"rendered":"\n<figure class=\"wp-block-image size-full\"><img loading=\"lazy\" decoding=\"async\" width=\"600\" height=\"347\" src=\"https:\/\/blogdiario.info\/magazine\/images\/2023\/08\/albert_1_20230825.jpg\" alt=\"El Pr\u00edncipe Alberto de M\u00f3naco &quot;necesita cita para ver a su esposa. La princesa Charlene vive en Suiza.\" class=\"wp-image-879\" srcset=\"https:\/\/blogdiario.info\/magazine\/images\/2023\/08\/albert_1_20230825.jpg 600w, https:\/\/blogdiario.info\/magazine\/images\/2023\/08\/albert_1_20230825-300x174.jpg 300w\" sizes=\"auto, (max-width: 600px) 100vw, 600px\" \/><figcaption class=\"wp-element-caption\">La princesa Charlene de M\u00f3naco vive en Suiza y s\u00f3lo ve a su marido, el pr\u00edncipe Alberto, &#8220;con cita previa&#8221;. Tienen gemelos de ocho a\u00f1os, el pr\u00edncipe Jacques y la princesa Gabriella.<\/figcaption><\/figure>\n\n\n\n<p><strong>BlogDiario.info, 25\/08\/2023<\/strong><br>La temporada de verano est\u00e1 en pleno apogeo en la Costa Azul y el aparcamiento frente al gran casino del siglo XIX de Montecarlo est\u00e1 lleno de relucientes Ferraris, Lamborghinis y Bentleys.<\/p>\n\n\n\n<p>En uno de los salones barrocos del casino, ricamente decorado, un tr\u00edo de j\u00f3venes aspirantes a James Bonds en traje de noche juegan al blackjack. Pero los turistas superan en n\u00famero a los grandes apostadores, y muchas de las mesas est\u00e1n cerradas. Esta noche, al menos, la banca no corre peligro de quiebra.<\/p>\n\n\n\n<p>Lo que est\u00e1 en juego es la reputaci\u00f3n de M\u00f3naco, en medio de acusaciones de irregularidades financieras que afectan a personas cercanas a la familia real.<\/p>\n\n\n\n<p>Las acusaciones no se centran en la ruleta ni en la mesa de juego, sino en las grandes fortunas que se obtienen de la construcci\u00f3n, venta y alquiler de los car\u00edsimos bloques de apartamentos que ocupan casi todos los rincones del principado, incluso en terrenos ganados al Mediterr\u00e1neo.<\/p>\n\n\n\n<p>&#8220;La industria del juego s\u00f3lo representa el 3% del PIB total de M\u00f3naco y el sector bancario no es tan pr\u00f3spero como antes porque hay demasiadas normas europeas&#8221;, explica una fuente cercana al palacio. &#8220;El dinero grande est\u00e1 en el sector inmobiliario y en la construcci\u00f3n. Cuando el mundo est\u00e1 en crisis, la gente busca refugio aqu\u00ed, y cuando las cosas van bien, tambi\u00e9n vienen. Es como en el casino: la casa siempre gana&#8221;.<\/p>\n\n\n\n<p>Alberto II, de 65 a\u00f1os, que gobierna M\u00f3naco desde 2005, se enfrenta desde hace tiempo a especulaciones sobre el estado de su relaci\u00f3n sentimental con su esposa, Charlene, de 45 a\u00f1os, ex nadadora ol\u00edmpica nacida en Sud\u00e1frica. Pero las recientes acusaciones de irregularidades financieras -calificadas por el pr\u00edncipe de &#8220;desastrosas para la imagen de M\u00f3naco&#8221;- son mucho m\u00e1s peligrosas y han ensombrecido sus intentos de disipar la reputaci\u00f3n del principado como refugio de blanqueadores de dinero.<\/p>\n\n\n\n<p>El \u00faltimo giro, y el m\u00e1s da\u00f1ino, se centra en Claude Palmero, de 67 a\u00f1os, que desde 2001 gestiona los asuntos financieros de la casa principesca, como hizo su padre, Andr\u00e9, durante dos d\u00e9cadas antes que \u00e9l. Hombre de pocas palabras, que viste modestos trajes grises y conduce un Renault Clio destartalado, el estilo modesto de Palmero contradice su propia riqueza y la considerable influencia que ha ejercido durante mucho tiempo.<br><br>El matrimonio de Alberto con la princesa Charlene ha sido objeto de especulaci\u00f3n durante muchos a\u00f1os. La pareja apareci\u00f3 en el Baile de la Cruz Roja en M\u00f3naco el mes pasado.<\/p>\n\n\n\n<p>El 6 de junio, sin embargo, Palmero fue destituido sumariamente por Alberto junto con otros tres altos cargos de la corte principesca -conocidos colectivamente como el &#8220;G4&#8221;- y obligado a abandonar el palacio con escolta militar. A mediados de Julio, la polic\u00eda registr\u00f3 los domicilios de los cuatro, al parecer en busca de documentos confidenciales que se cree que se llevaron consigo.<\/p>\n\n\n\n<p>Palmero ha contraatacado. En un caso que se ver\u00e1 en las pr\u00f3ximas semanas en el m\u00e1s alto tribunal de M\u00f3naco, sus abogados exigen su reincorporaci\u00f3n y una indemnizaci\u00f3n de 1 mill\u00f3n de euros (865.000 libras). Es la primera vez que una decisi\u00f3n del pr\u00edncipe se impugna ante un tribunal.<\/p>\n\n\n\n<p>&#8220;Monsieur Palmero no merec\u00eda ser tratado de esa manera, fue realmente injusto&#8221;, dijo Marie-Alix Canu-Bernard, una abogada de alto nivel de Par\u00eds que dirige su equipo jur\u00eddico. El decreto por el que se destituye a Palmero &#8220;no tiene justificaci\u00f3n ni fundamento de ning\u00fan tipo, y es especialmente vejatorio y brutal&#8221;.<\/p>\n\n\n\n<p>Sin embargo, Albert no parece dispuesto a dar marcha atr\u00e1s. Su abogado, Jean-Michel Darrois, otra estrella del mundo jur\u00eddico parisino, declar\u00f3 que el pr\u00edncipe, al igual que un presidente franc\u00e9s o un monarca brit\u00e1nico, ten\u00eda derecho a nombrar y despedir a quienes trabajaban para \u00e9l, y no estaba obligado a dar razones para prescindir de los servicios de su gestor patrimonial.<\/p>\n\n\n\n<p>En el Principado se especula con que la informaci\u00f3n encontrada por la polic\u00eda en el tel\u00e9fono de Palmero y en sus archivos pueda resultar embarazosa para el pr\u00edncipe. En un reciente reportaje, el diario franc\u00e9s Le Monde describ\u00eda a Palmero como el hombre que &#8220;hace temblar al palacio&#8221;.<\/p>\n\n\n\n<p>Pero en lo que parece ser un movimiento destinado a aumentar la presi\u00f3n sobre su antigua mano derecha, el pr\u00edncipe tambi\u00e9n ha ordenado una auditor\u00eda de las actividades de su gestor de activos durante sus largos a\u00f1os en el cargo, con el objetivo de &#8220;arrojar toda la luz sobre este asunto&#8221;. Los resultados se esperan para las pr\u00f3ximas semanas.<\/p>\n\n\n\n<p>Para beneficiarse del generoso r\u00e9gimen fiscal del Principado -no hay impuesto sobre la renta- hay que comprar o alquilar una vivienda all\u00ed, adem\u00e1s de cumplir otros requisitos que suelen incluir tener 500.000 euros depositados en uno de sus bancos.<\/p>\n\n\n\n<p>&#8220;Si se quiere comprar un estudio, se puede encontrar algo bastante decente por unos 2 millones de euros, mientras que una vivienda de un dormitorio puede costar desde 2,5 millones hasta casi cualquier cosa&#8221;, explica Irene Luke, codirectora de Savills M\u00f3naco. A un asombroso precio de 50.000 euros el metro cuadrado, la vivienda es unas seis o siete veces m\u00e1s cara que en la vecina ciudad francesa de Beausoleil, aunque comparar ambas es como &#8220;comparar Mayfair con Neasden&#8221;.<\/p>\n\n\n\n<p>Estos precios desorbitados han supuesto ping\u00fces beneficios para los constructores. El grupo Pastor ha sido, con mucho, el promotor de mayor \u00e9xito, y se calcula que durante mucho tiempo se hizo con el 80% del mercado del Principado. Su jefe es Patrice Pastor, uno de los hombres m\u00e1s ricos del Principado, apodado el &#8220;rey&#8221; de M\u00f3naco.<\/p>\n\n\n\n<p>En los 2,1 km2 de territorio monegasco se hacinan car\u00edsimos bloques de apartamentos.<\/p>\n\n\n\n<p>Sin embargo, el dominio de la empresa empez\u00f3 a cuestionarse hace unos a\u00f1os, cuando el pr\u00edncipe hizo saber a sus ayudantes que quer\u00eda abrir el negocio de la construcci\u00f3n a empresas rivales.<\/p>\n\n\n\n<p>Poco despu\u00e9s, las revelaciones empezaron a aparecer en Substack, una plataforma de Internet utilizada por los autoeditores, bajo el t\u00edtulo Les Dossiers du Rocher (Los expedientes de la Roca), en referencia al apodo del principado. Extra\u00eddos de millones de correos electr\u00f3nicos pirateados enviados entre el pr\u00edncipe y el &#8220;G4&#8221;, parec\u00edan sugerir que este \u00faltimo se hab\u00eda beneficiado ilegalmente de negocios inmobiliarios.<\/p>\n\n\n\n<p>Sospechando de Pastor, los cuatro, que insistieron en su inocencia, iniciaron una acci\u00f3n legal en un intento de demostrar qui\u00e9n est\u00e1 detr\u00e1s de lo que consideran una campa\u00f1a de desprestigio. Sin embargo, el promotor ha negado en\u00e9rgicamente cualquier relaci\u00f3n y ha tomado represalias con su propia demanda.<\/p>\n\n\n\n<p>En un principio, Albert pareci\u00f3 respaldar a Palmero y sus colegas, acusando a quienes estaban detr\u00e1s de las acusaciones de intentar socavar el principado. Sin embargo, todo pareci\u00f3 cambiar a principios de Mayo, tras reunirse con Pastor.<\/p>\n\n\n\n<p>Ese mismo mes, en una entrevista concedida al diario local Monaco-Matin, el pr\u00edncipe declar\u00f3 que hab\u00eda &#8220;pedido a los implicados en el llamado caso de los &#8216;Dossiers du Rocher&#8217; que asumieran sus responsabilidades&#8221;. Tras la negativa de Palmero, Alberto le destituy\u00f3, junto con los dem\u00e1s miembros del G4: Laurent Anselmi, 61 a\u00f1os, su jefe de gabinete, Thierry Lacoste, 63 a\u00f1os, su abogado, y Didier Linotte, 75 a\u00f1os, presidente del Tribunal Supremo.<\/p>\n\n\n\n<p>Lo que se dijo en la reuni\u00f3n de Alberto con Pastor sigue siendo un misterio: la fuente de palacio dijo que cre\u00eda que el pr\u00edncipe hab\u00eda sido influenciado por los documentos que su invitado le mostr\u00f3 implicando a Palmero en irregularidades, pero no pudo dar m\u00e1s detalles. El grupo de Pastor est\u00e1 cerrado durante las vacaciones de verano y los correos electr\u00f3nicos enviados por The Sunday Times pidiendo aclaraciones no obtuvieron respuesta.<\/p>\n\n\n\n<p>Las revelaciones llegan en un momento delicado para M\u00f3naco. En enero, Moneyval, el organismo del Consejo de Europa contra el blanqueo de dinero, public\u00f3 un informe en el que instaba a las autoridades del Principado a intensificar sus esfuerzos para investigar y procesar a los implicados en esta pr\u00e1ctica.<\/p>\n\n\n\n<p>Se cree que Alberto tiene especial inter\u00e9s en que su reino no vuelva a figurar en la lista negra de para\u00edsos fiscales poco cooperativos elaborada por la OCDE, de la que fue retirado en 2009. El mes pasado se aprobaron dos leyes que, entre otras cosas, crear\u00e1n una autoridad independiente para dirigir la lucha contra el blanqueo de dinero y la corrupci\u00f3n financiera.<\/p>\n\n\n\n<p>Es evidente que el pr\u00edncipe espera que estas medidas basten para mejorar la imagen de M\u00f3naco. Los acontecimientos de las pr\u00f3ximas semanas pueden determinar si resulta ser la apuesta segura que \u00e9l espera.<br><br><small>Copyright \u00a9 2023 ElCanillita.info \/ BlogDiario.info &#8211; SalaStampa.Eu, servicio mundial de prensa<\/small><\/p>\n","protected":false},"excerpt":{"rendered":"<p>El Pr\u00edncipe Alberto de M\u00f3naco &#8220;necesita cita para ver a su esposa. La princesa Charlene vive en Suiza.<\/p>\n","protected":false},"author":1,"featured_media":879,"comment_status":"closed","ping_status":"closed","sticky":false,"template":"","format":"standard","meta":{"footnotes":"","_links_to":"","_links_to_target":""},"categories":[97,109,62,38,46],"tags":[110],"class_list":["post-878","post","type-post","status-publish","format-standard","has-post-thumbnail","hentry","category-elcanillita","category-dc24","category-actualidad","category-economia-esp","category-europa","tag-principado-de-monaco","entry","rows"],"yoast_head":"<!-- This site is optimized with the Yoast SEO plugin v27.4 - https:\/\/yoast.com\/product\/yoast-seo-wordpress\/ -->\n<title>Un &quot;esc\u00e1ndalo inmobiliario&quot; sacude la corte real de M\u00f3naco - BlogDiario Magazine<\/title>\n<meta name=\"description\" content=\"El Pr\u00edncipe Alberto de M\u00f3naco &quot;necesita cita para ver a su esposa. La princesa Charlene vive en Suiza.\" \/>\n<meta name=\"robots\" content=\"index, follow, max-snippet:-1, max-image-preview:large, max-video-preview:-1\" \/>\n<link rel=\"canonical\" href=\"https:\/\/blogdiario.info\/magazine\/2023\/08\/25\/un-escandalo-inmobiliario-sacude-la-corte-real-de-monaco\/\" \/>\n<meta property=\"og:locale\" content=\"es_ES\" \/>\n<meta property=\"og:type\" content=\"article\" \/>\n<meta property=\"og:title\" content=\"Un &quot;esc\u00e1ndalo inmobiliario&quot; sacude la corte real de M\u00f3naco - BlogDiario Magazine\" \/>\n<meta property=\"og:description\" content=\"El Pr\u00edncipe Alberto de M\u00f3naco &quot;necesita cita para ver a su esposa. La princesa Charlene vive en Suiza.\" \/>\n<meta property=\"og:url\" content=\"https:\/\/blogdiario.info\/magazine\/2023\/08\/25\/un-escandalo-inmobiliario-sacude-la-corte-real-de-monaco\/\" \/>\n<meta property=\"og:site_name\" content=\"BlogDiario Magazine\" \/>\n<meta property=\"article:published_time\" content=\"2023-08-25T10:40:41+00:00\" \/>\n<meta property=\"article:modified_time\" content=\"2023-08-25T10:40:42+00:00\" \/>\n<meta property=\"og:image\" content=\"https:\/\/blogdiario.info\/magazine\/images\/2023\/08\/albert_1_20230825.jpg\" \/>\n\t<meta property=\"og:image:width\" content=\"600\" \/>\n\t<meta property=\"og:image:height\" content=\"347\" \/>\n\t<meta property=\"og:image:type\" content=\"image\/jpeg\" \/>\n<meta name=\"author\" content=\"World Press Service | Servicio de Prensa Mundial\" \/>\n<meta name=\"twitter:card\" content=\"summary_large_image\" \/>\n<meta name=\"twitter:label1\" content=\"Escrito por\" \/>\n\t<meta name=\"twitter:data1\" content=\"World Press Service | Servicio de Prensa Mundial\" \/>\n\t<meta name=\"twitter:label2\" content=\"Tiempo de lectura\" \/>\n\t<meta name=\"twitter:data2\" content=\"8 minutos\" \/>\n<script type=\"application\/ld+json\" class=\"yoast-schema-graph\">{\"@context\":\"https:\\\/\\\/schema.org\",\"@graph\":[{\"@type\":\"Article\",\"@id\":\"https:\\\/\\\/blogdiario.info\\\/magazine\\\/2023\\\/08\\\/25\\\/un-escandalo-inmobiliario-sacude-la-corte-real-de-monaco\\\/#article\",\"isPartOf\":{\"@id\":\"https:\\\/\\\/blogdiario.info\\\/magazine\\\/2023\\\/08\\\/25\\\/un-escandalo-inmobiliario-sacude-la-corte-real-de-monaco\\\/\"},\"author\":{\"name\":\"World Press Service | Servicio de Prensa Mundial\",\"@id\":\"https:\\\/\\\/blogdiario.info\\\/magazine\\\/#\\\/schema\\\/person\\\/b2422fe85574d945bad55513bb0c7354\"},\"headline\":\"Un &#8220;esc\u00e1ndalo inmobiliario&#8221; sacude la corte real de M\u00f3naco\",\"datePublished\":\"2023-08-25T10:40:41+00:00\",\"dateModified\":\"2023-08-25T10:40:42+00:00\",\"mainEntityOfPage\":{\"@id\":\"https:\\\/\\\/blogdiario.info\\\/magazine\\\/2023\\\/08\\\/25\\\/un-escandalo-inmobiliario-sacude-la-corte-real-de-monaco\\\/\"},\"wordCount\":1546,\"publisher\":{\"@id\":\"https:\\\/\\\/blogdiario.info\\\/magazine\\\/#organization\"},\"image\":{\"@id\":\"https:\\\/\\\/blogdiario.info\\\/magazine\\\/2023\\\/08\\\/25\\\/un-escandalo-inmobiliario-sacude-la-corte-real-de-monaco\\\/#primaryimage\"},\"thumbnailUrl\":\"https:\\\/\\\/blogdiario.info\\\/magazine\\\/images\\\/2023\\\/08\\\/albert_1_20230825.jpg\",\"keywords\":[\"Principado de Monaco\"],\"articleSection\":[\".\",\".\",\"Actualidad\",\"Economia\",\"Europa\"],\"inLanguage\":\"es-AR\"},{\"@type\":\"WebPage\",\"@id\":\"https:\\\/\\\/blogdiario.info\\\/magazine\\\/2023\\\/08\\\/25\\\/un-escandalo-inmobiliario-sacude-la-corte-real-de-monaco\\\/\",\"url\":\"https:\\\/\\\/blogdiario.info\\\/magazine\\\/2023\\\/08\\\/25\\\/un-escandalo-inmobiliario-sacude-la-corte-real-de-monaco\\\/\",\"name\":\"Un \\\"esc\u00e1ndalo inmobiliario\\\" sacude la corte real de M\u00f3naco - BlogDiario Magazine\",\"isPartOf\":{\"@id\":\"https:\\\/\\\/blogdiario.info\\\/magazine\\\/#website\"},\"primaryImageOfPage\":{\"@id\":\"https:\\\/\\\/blogdiario.info\\\/magazine\\\/2023\\\/08\\\/25\\\/un-escandalo-inmobiliario-sacude-la-corte-real-de-monaco\\\/#primaryimage\"},\"image\":{\"@id\":\"https:\\\/\\\/blogdiario.info\\\/magazine\\\/2023\\\/08\\\/25\\\/un-escandalo-inmobiliario-sacude-la-corte-real-de-monaco\\\/#primaryimage\"},\"thumbnailUrl\":\"https:\\\/\\\/blogdiario.info\\\/magazine\\\/images\\\/2023\\\/08\\\/albert_1_20230825.jpg\",\"datePublished\":\"2023-08-25T10:40:41+00:00\",\"dateModified\":\"2023-08-25T10:40:42+00:00\",\"description\":\"El Pr\u00edncipe Alberto de M\u00f3naco \\\"necesita cita para ver a su esposa. La princesa Charlene vive en Suiza.\",\"breadcrumb\":{\"@id\":\"https:\\\/\\\/blogdiario.info\\\/magazine\\\/2023\\\/08\\\/25\\\/un-escandalo-inmobiliario-sacude-la-corte-real-de-monaco\\\/#breadcrumb\"},\"inLanguage\":\"es-AR\",\"potentialAction\":[{\"@type\":\"ReadAction\",\"target\":[\"https:\\\/\\\/blogdiario.info\\\/magazine\\\/2023\\\/08\\\/25\\\/un-escandalo-inmobiliario-sacude-la-corte-real-de-monaco\\\/\"]}]},{\"@type\":\"ImageObject\",\"inLanguage\":\"es-AR\",\"@id\":\"https:\\\/\\\/blogdiario.info\\\/magazine\\\/2023\\\/08\\\/25\\\/un-escandalo-inmobiliario-sacude-la-corte-real-de-monaco\\\/#primaryimage\",\"url\":\"https:\\\/\\\/blogdiario.info\\\/magazine\\\/images\\\/2023\\\/08\\\/albert_1_20230825.jpg\",\"contentUrl\":\"https:\\\/\\\/blogdiario.info\\\/magazine\\\/images\\\/2023\\\/08\\\/albert_1_20230825.jpg\",\"width\":600,\"height\":347},{\"@type\":\"BreadcrumbList\",\"@id\":\"https:\\\/\\\/blogdiario.info\\\/magazine\\\/2023\\\/08\\\/25\\\/un-escandalo-inmobiliario-sacude-la-corte-real-de-monaco\\\/#breadcrumb\",\"itemListElement\":[{\"@type\":\"ListItem\",\"position\":1,\"name\":\"Home\",\"item\":\"https:\\\/\\\/blogdiario.info\\\/magazine\\\/\"},{\"@type\":\"ListItem\",\"position\":2,\"name\":\"Un &#8220;esc\u00e1ndalo inmobiliario&#8221; sacude la corte real de M\u00f3naco\"}]},{\"@type\":\"WebSite\",\"@id\":\"https:\\\/\\\/blogdiario.info\\\/magazine\\\/#website\",\"url\":\"https:\\\/\\\/blogdiario.info\\\/magazine\\\/\",\"name\":\"BlogDiario Magazine\",\"description\":\"Suplemento multiling\u00fce de ElCanillita.Info\",\"publisher\":{\"@id\":\"https:\\\/\\\/blogdiario.info\\\/magazine\\\/#organization\"},\"potentialAction\":[{\"@type\":\"SearchAction\",\"target\":{\"@type\":\"EntryPoint\",\"urlTemplate\":\"https:\\\/\\\/blogdiario.info\\\/magazine\\\/?s={search_term_string}\"},\"query-input\":{\"@type\":\"PropertyValueSpecification\",\"valueRequired\":true,\"valueName\":\"search_term_string\"}}],\"inLanguage\":\"es-AR\"},{\"@type\":\"Organization\",\"@id\":\"https:\\\/\\\/blogdiario.info\\\/magazine\\\/#organization\",\"name\":\"Guzzo Photos & Graphic Publications\",\"url\":\"https:\\\/\\\/blogdiario.info\\\/magazine\\\/\",\"logo\":{\"@type\":\"ImageObject\",\"inLanguage\":\"es-AR\",\"@id\":\"https:\\\/\\\/blogdiario.info\\\/magazine\\\/#\\\/schema\\\/logo\\\/image\\\/\",\"url\":\"https:\\\/\\\/blogdiario.info\\\/magazine\\\/images\\\/2020\\\/01\\\/cropped-blogdia_magazine.jpg\",\"contentUrl\":\"https:\\\/\\\/blogdiario.info\\\/magazine\\\/images\\\/2020\\\/01\\\/cropped-blogdia_magazine.jpg\",\"width\":589,\"height\":55,\"caption\":\"Guzzo Photos & Graphic Publications\"},\"image\":{\"@id\":\"https:\\\/\\\/blogdiario.info\\\/magazine\\\/#\\\/schema\\\/logo\\\/image\\\/\"}},{\"@type\":\"Person\",\"@id\":\"https:\\\/\\\/blogdiario.info\\\/magazine\\\/#\\\/schema\\\/person\\\/b2422fe85574d945bad55513bb0c7354\",\"name\":\"World Press Service | Servicio de Prensa Mundial\"}]}<\/script>\n<!-- \/ Yoast SEO plugin. -->","yoast_head_json":{"title":"Un \"esc\u00e1ndalo inmobiliario\" sacude la corte real de M\u00f3naco - BlogDiario Magazine","description":"El Pr\u00edncipe Alberto de M\u00f3naco \"necesita cita para ver a su esposa. La princesa Charlene vive en Suiza.","robots":{"index":"index","follow":"follow","max-snippet":"max-snippet:-1","max-image-preview":"max-image-preview:large","max-video-preview":"max-video-preview:-1"},"canonical":"https:\/\/blogdiario.info\/magazine\/2023\/08\/25\/un-escandalo-inmobiliario-sacude-la-corte-real-de-monaco\/","og_locale":"es_ES","og_type":"article","og_title":"Un \"esc\u00e1ndalo inmobiliario\" sacude la corte real de M\u00f3naco - BlogDiario Magazine","og_description":"El Pr\u00edncipe Alberto de M\u00f3naco \"necesita cita para ver a su esposa. La princesa Charlene vive en Suiza.","og_url":"https:\/\/blogdiario.info\/magazine\/2023\/08\/25\/un-escandalo-inmobiliario-sacude-la-corte-real-de-monaco\/","og_site_name":"BlogDiario Magazine","article_published_time":"2023-08-25T10:40:41+00:00","article_modified_time":"2023-08-25T10:40:42+00:00","og_image":[{"width":600,"height":347,"url":"https:\/\/blogdiario.info\/magazine\/images\/2023\/08\/albert_1_20230825.jpg","type":"image\/jpeg"}],"author":"World Press Service | Servicio de Prensa Mundial","twitter_card":"summary_large_image","twitter_misc":{"Escrito por":"World Press Service | Servicio de Prensa Mundial","Tiempo de lectura":"8 minutos"},"schema":{"@context":"https:\/\/schema.org","@graph":[{"@type":"Article","@id":"https:\/\/blogdiario.info\/magazine\/2023\/08\/25\/un-escandalo-inmobiliario-sacude-la-corte-real-de-monaco\/#article","isPartOf":{"@id":"https:\/\/blogdiario.info\/magazine\/2023\/08\/25\/un-escandalo-inmobiliario-sacude-la-corte-real-de-monaco\/"},"author":{"name":"World Press Service | Servicio de Prensa Mundial","@id":"https:\/\/blogdiario.info\/magazine\/#\/schema\/person\/b2422fe85574d945bad55513bb0c7354"},"headline":"Un &#8220;esc\u00e1ndalo inmobiliario&#8221; sacude la corte real de M\u00f3naco","datePublished":"2023-08-25T10:40:41+00:00","dateModified":"2023-08-25T10:40:42+00:00","mainEntityOfPage":{"@id":"https:\/\/blogdiario.info\/magazine\/2023\/08\/25\/un-escandalo-inmobiliario-sacude-la-corte-real-de-monaco\/"},"wordCount":1546,"publisher":{"@id":"https:\/\/blogdiario.info\/magazine\/#organization"},"image":{"@id":"https:\/\/blogdiario.info\/magazine\/2023\/08\/25\/un-escandalo-inmobiliario-sacude-la-corte-real-de-monaco\/#primaryimage"},"thumbnailUrl":"https:\/\/blogdiario.info\/magazine\/images\/2023\/08\/albert_1_20230825.jpg","keywords":["Principado de Monaco"],"articleSection":[".",".","Actualidad","Economia","Europa"],"inLanguage":"es-AR"},{"@type":"WebPage","@id":"https:\/\/blogdiario.info\/magazine\/2023\/08\/25\/un-escandalo-inmobiliario-sacude-la-corte-real-de-monaco\/","url":"https:\/\/blogdiario.info\/magazine\/2023\/08\/25\/un-escandalo-inmobiliario-sacude-la-corte-real-de-monaco\/","name":"Un \"esc\u00e1ndalo inmobiliario\" sacude la corte real de M\u00f3naco - BlogDiario Magazine","isPartOf":{"@id":"https:\/\/blogdiario.info\/magazine\/#website"},"primaryImageOfPage":{"@id":"https:\/\/blogdiario.info\/magazine\/2023\/08\/25\/un-escandalo-inmobiliario-sacude-la-corte-real-de-monaco\/#primaryimage"},"image":{"@id":"https:\/\/blogdiario.info\/magazine\/2023\/08\/25\/un-escandalo-inmobiliario-sacude-la-corte-real-de-monaco\/#primaryimage"},"thumbnailUrl":"https:\/\/blogdiario.info\/magazine\/images\/2023\/08\/albert_1_20230825.jpg","datePublished":"2023-08-25T10:40:41+00:00","dateModified":"2023-08-25T10:40:42+00:00","description":"El Pr\u00edncipe Alberto de M\u00f3naco \"necesita cita para ver a su esposa. La princesa Charlene vive en Suiza.","breadcrumb":{"@id":"https:\/\/blogdiario.info\/magazine\/2023\/08\/25\/un-escandalo-inmobiliario-sacude-la-corte-real-de-monaco\/#breadcrumb"},"inLanguage":"es-AR","potentialAction":[{"@type":"ReadAction","target":["https:\/\/blogdiario.info\/magazine\/2023\/08\/25\/un-escandalo-inmobiliario-sacude-la-corte-real-de-monaco\/"]}]},{"@type":"ImageObject","inLanguage":"es-AR","@id":"https:\/\/blogdiario.info\/magazine\/2023\/08\/25\/un-escandalo-inmobiliario-sacude-la-corte-real-de-monaco\/#primaryimage","url":"https:\/\/blogdiario.info\/magazine\/images\/2023\/08\/albert_1_20230825.jpg","contentUrl":"https:\/\/blogdiario.info\/magazine\/images\/2023\/08\/albert_1_20230825.jpg","width":600,"height":347},{"@type":"BreadcrumbList","@id":"https:\/\/blogdiario.info\/magazine\/2023\/08\/25\/un-escandalo-inmobiliario-sacude-la-corte-real-de-monaco\/#breadcrumb","itemListElement":[{"@type":"ListItem","position":1,"name":"Home","item":"https:\/\/blogdiario.info\/magazine\/"},{"@type":"ListItem","position":2,"name":"Un &#8220;esc\u00e1ndalo inmobiliario&#8221; sacude la corte real de M\u00f3naco"}]},{"@type":"WebSite","@id":"https:\/\/blogdiario.info\/magazine\/#website","url":"https:\/\/blogdiario.info\/magazine\/","name":"BlogDiario Magazine","description":"Suplemento multiling\u00fce de ElCanillita.Info","publisher":{"@id":"https:\/\/blogdiario.info\/magazine\/#organization"},"potentialAction":[{"@type":"SearchAction","target":{"@type":"EntryPoint","urlTemplate":"https:\/\/blogdiario.info\/magazine\/?s={search_term_string}"},"query-input":{"@type":"PropertyValueSpecification","valueRequired":true,"valueName":"search_term_string"}}],"inLanguage":"es-AR"},{"@type":"Organization","@id":"https:\/\/blogdiario.info\/magazine\/#organization","name":"Guzzo Photos & Graphic Publications","url":"https:\/\/blogdiario.info\/magazine\/","logo":{"@type":"ImageObject","inLanguage":"es-AR","@id":"https:\/\/blogdiario.info\/magazine\/#\/schema\/logo\/image\/","url":"https:\/\/blogdiario.info\/magazine\/images\/2020\/01\/cropped-blogdia_magazine.jpg","contentUrl":"https:\/\/blogdiario.info\/magazine\/images\/2020\/01\/cropped-blogdia_magazine.jpg","width":589,"height":55,"caption":"Guzzo Photos & Graphic Publications"},"image":{"@id":"https:\/\/blogdiario.info\/magazine\/#\/schema\/logo\/image\/"}},{"@type":"Person","@id":"https:\/\/blogdiario.info\/magazine\/#\/schema\/person\/b2422fe85574d945bad55513bb0c7354","name":"World Press Service | Servicio de Prensa Mundial"}]}},"views":523,"_links":{"self":[{"href":"https:\/\/blogdiario.info\/magazine\/wp-json\/wp\/v2\/posts\/878","targetHints":{"allow":["GET"]}}],"collection":[{"href":"https:\/\/blogdiario.info\/magazine\/wp-json\/wp\/v2\/posts"}],"about":[{"href":"https:\/\/blogdiario.info\/magazine\/wp-json\/wp\/v2\/types\/post"}],"author":[{"embeddable":true,"href":"https:\/\/blogdiario.info\/magazine\/wp-json\/wp\/v2\/users\/1"}],"replies":[{"embeddable":true,"href":"https:\/\/blogdiario.info\/magazine\/wp-json\/wp\/v2\/comments?post=878"}],"version-history":[{"count":0,"href":"https:\/\/blogdiario.info\/magazine\/wp-json\/wp\/v2\/posts\/878\/revisions"}],"wp:featuredmedia":[{"embeddable":true,"href":"https:\/\/blogdiario.info\/magazine\/wp-json\/wp\/v2\/media\/879"}],"wp:attachment":[{"href":"https:\/\/blogdiario.info\/magazine\/wp-json\/wp\/v2\/media?parent=878"}],"wp:term":[{"taxonomy":"category","embeddable":true,"href":"https:\/\/blogdiario.info\/magazine\/wp-json\/wp\/v2\/categories?post=878"},{"taxonomy":"post_tag","embeddable":true,"href":"https:\/\/blogdiario.info\/magazine\/wp-json\/wp\/v2\/tags?post=878"}],"curies":[{"name":"wp","href":"https:\/\/api.w.org\/{rel}","templated":true}]}}