{"id":872,"date":"2023-08-23T19:01:15","date_gmt":"2023-08-23T22:01:15","guid":{"rendered":"https:\/\/blogdiario.info\/magazine\/?p=872"},"modified":"2023-08-23T19:07:04","modified_gmt":"2023-08-23T22:07:04","slug":"recuperan-ocho-cadaveres-tras-estrellarse-el-avion-de-yevgeny-prigozhin","status":"publish","type":"post","link":"https:\/\/blogdiario.info\/magazine\/2023\/08\/23\/recuperan-ocho-cadaveres-tras-estrellarse-el-avion-de-yevgeny-prigozhin\/","title":{"rendered":"Recuperan ocho cad\u00e1veres tras estrellarse el avi\u00f3n de Yevgeny Prigozhin"},"content":{"rendered":"\n<figure class=\"wp-block-image size-full\"><img loading=\"lazy\" decoding=\"async\" width=\"600\" height=\"400\" src=\"https:\/\/blogdiario.info\/magazine\/images\/2023\/08\/prigozhim_1_20230823.jpg\" alt=\"\" class=\"wp-image-873\" srcset=\"https:\/\/blogdiario.info\/magazine\/images\/2023\/08\/prigozhim_1_20230823.jpg 600w, https:\/\/blogdiario.info\/magazine\/images\/2023\/08\/prigozhim_1_20230823-300x200.jpg 300w\" sizes=\"auto, (max-width: 600px) 100vw, 600px\" \/><\/figure>\n\n\n\n<p><strong>BlogDiario.info, 23\/08\/2023<br><\/strong>Actualizaciones &#8211; hora central europea CET<br>20:29 hs &#8211; Prigozhin est\u00e1 muerto, seg\u00fan un canal de informaci\u00f3n vinculado a Wagner<br>19:20 hs &#8211; Prigozhin &#8220;lleg\u00f3 hoy a Rusia procedente de \u00c1frica<br>18:49 hs &#8211; Recuperados ocho cad\u00e1veres en el lugar del accidente, seg\u00fan medios rusos<br>18:29 hs &#8211; Fuente Wagner: El avi\u00f3n de Prigozhin fue blanco de las defensas a\u00e9reas rusas<br>18.23 hs &#8211; Informe: Muere otro destacado miembro de Wagner en un accidente<br>Ocho cad\u00e1veres han sido recuperados despu\u00e9s de que un avi\u00f3n privado en el que supuestamente viajaba Yevgeny Prigozhin se estrellara en la regi\u00f3n de Tver, al norte de Mosc\u00fa, seg\u00fan han informado las agencias rusas.<\/p>\n\n\n\n<p>El jefe de los mercenarios de Wagner se encontraba a bordo del aparato cuando se estrell\u00f3, seg\u00fan las autoridades.<\/p>\n\n\n\n<p>Seg\u00fan el medio de comunicaci\u00f3n ruso Baza, en el lugar del siniestro se encontraron ocho cad\u00e1veres, todos ellos con quemaduras tan graves que se necesitar\u00eda una prueba de ADN para confirmar su identidad. A uno de los cad\u00e1veres le falta la cabeza.<\/p>\n\n\n\n<p>Seg\u00fan la agencia federal rusa de transporte a\u00e9reo: &#8220;Se ha iniciado una investigaci\u00f3n sobre el accidente del avi\u00f3n Embraer ocurrido esta tarde en la regi\u00f3n de Tver.<\/p>\n\n\n\n<p>&#8220;Seg\u00fan la lista de pasajeros, en ella figuraba el nombre y apellidos de Yevgeny Prigozhin&#8221;.<\/p>\n\n\n\n<p>Al parecer, el vuelo viajaba entre Mosc\u00fa y San Petersburgo.  Fuentes vinculadas a Wagner han informado de que el avi\u00f3n fue derribado por las defensas a\u00e9reas rusas.<\/p>\n\n\n\n<p>Prigozhin encabez\u00f3 un golpe de Estado frustrado contra la c\u00fapula militar rusa en junio, que termin\u00f3 despu\u00e9s de que se prometiera amnist\u00eda a los combatientes de Wagner en la vecina Bielorrusia.<br>  <br>20:51 hs &#8211; Joe Biden: &#8216;No estoy sorprendido&#8217;<br>Joe Biden ha dicho que &#8220;no est\u00e1 sorprendido&#8221; por la noticia de que Yevgeny Prigozhin podr\u00eda haber muerto en un accidente a\u00e9reo.<\/p>\n\n\n\n<p>&#8220;No s\u00e9 a ciencia cierta lo que ha pasado, pero no me sorprende&#8221;, ha dicho.<\/p>\n\n\n\n<p>&#8220;No hay muchas cosas que ocurran en Rusia en las que Putin no est\u00e9 detr\u00e1s. Pero no s\u00e9 lo suficiente para conocer la respuesta&#8221;.<\/p>\n\n\n\n<p>El mes pasado, en Helsinki, Biden advirti\u00f3 en tono de broma que Prigozhin deb\u00eda andarse con cuidado tras su frustrada rebeli\u00f3n.<\/p>\n\n\n\n<p>&#8220;Si yo fuera \u00e9l, tendr\u00eda cuidado con lo que como. Vigilar\u00eda mi men\u00fa&#8221;, dijo Biden.<\/p>\n\n\n\n<p>20:44 hs &#8211; El derribo &#8220;no es un accidente&#8221; y tiene el sello del FSB, seg\u00fan fuentes de seguridad brit\u00e1nicas<br>Fuentes de seguridad brit\u00e1nicas creen que el derribo del avi\u00f3n privado de Yevgeny Prigozhin fue llevado a cabo por la agencia de inteligencia FSB por orden de Vladimir Putin.<\/p>\n\n\n\n<p>&#8220;Por supuesto que es Putin&#8221;, dijo una fuente. &#8220;Putin, como l\u00edder, no puede permitirse ser humillado de la forma en que lo fue. Putin funciona sobre dos cosas: la lealtad por encima del talento\u2026 y la consecuencia de la traici\u00f3n&#8221;.<\/p>\n\n\n\n<p>Otra fuente dijo: &#8220;Toda la m\u00fasica ambiental, todos los h\u00e1bitos, toda la historia apuntan al FSB&#8221;.<\/p>\n\n\n\n<p>La fuente a\u00f1adi\u00f3: &#8220;El Servicio Federal de Seguridad de la Federaci\u00f3n de Rusia sigue siendo leal a Putin&#8221;.<br><br>20:34 hs &#8211; &#8216;El jefe Wagner ten\u00eda que acabar mal&#8217;<br>Varios funcionarios an\u00f3nimos cercanos al Kremlin dijeron a los medios rusos que la muerte de Prigozhin no fue inesperada.<\/p>\n\n\n\n<p>&#8220;Uno ten\u00eda la sensaci\u00f3n despu\u00e9s del mot\u00edn de que iba a tener un mal final. El Kremlin no perdona esas cosas&#8221;, dijo un funcionario cercano al Kremlin al sitio web de noticias Meduza, a\u00f1adiendo que &#8220;no estaban sorprendidos&#8221; por su muerte.<br><\/p>\n\n\n\n<figure class=\"wp-block-video\"><video controls src=\"https:\/\/blogdiario.info\/magazine\/images\/2023\/08\/putin.mp4\"><\/video><\/figure>\n\n\n\n<p>20:29 hs &#8211; Prigozhin ha muerto, seg\u00fan una fuente de informaci\u00f3n vinculada a Wagner<br>Un canal conocido por su estrecha relaci\u00f3n con el grupo mercenario Wagner ha afirmado que Yevgeny Prigozhin ha muerto.<\/p>\n\n\n\n<p>Grey Zone public\u00f3: &#8220;El jefe del grupo Wagner, h\u00e9roe de Rusia, un verdadero patriota &#8211; Yegeny Viktorovich Prigozhin muri\u00f3 como resultado de las acciones de los traidores a Rusia.<br>&#8220;\u00a1Pero incluso en el infierno ser\u00e1 el mejor! Gloria a Rusia&#8221;.<\/p>\n\n\n\n<figure class=\"wp-block-image size-full\"><img loading=\"lazy\" decoding=\"async\" width=\"600\" height=\"400\" src=\"https:\/\/blogdiario.info\/magazine\/images\/2023\/08\/puti_2_20230823.jpg\" alt=\"\" class=\"wp-image-874\" srcset=\"https:\/\/blogdiario.info\/magazine\/images\/2023\/08\/puti_2_20230823.jpg 600w, https:\/\/blogdiario.info\/magazine\/images\/2023\/08\/puti_2_20230823-300x200.jpg 300w\" sizes=\"auto, (max-width: 600px) 100vw, 600px\" \/><figcaption class=\"wp-element-caption\">Putin asiste a la conmemoraci\u00f3n de la Segunda Guerra Mundial en medio de informaciones sobre la muerte de Prigozhin<\/figcaption><\/figure>\n\n\n\n<p>20:25 hs &#8211;  El presidente ruso Vladimir Putin se dirige al p\u00fablico durante una ceremonia para conmemorar el 80 aniversario de la victoria en la batalla de Kursk.<br> <br>20:21 hs &#8211; Putin no perdona<br>Un asesor de Volodymyr Zelensky ha dicho que &#8220;Putin no perdona&#8221; en medio de las afirmaciones de que el avi\u00f3n privado de Yevgeny Prigozhin fue derribado por las defensas a\u00e9reas rusas.<\/p>\n\n\n\n<p>Mykhailo Podolyak dijo que el presidente ruso hab\u00eda estado &#8220;esperando el momento&#8221; para atacar tras la marcha de Wagner sobre Mosc\u00fa en junio.<\/p>\n\n\n\n<p>Y a\u00f1adi\u00f3: &#8220;Prigozhin firm\u00f3 una especial sentencia de muerte para s\u00ed mismo en el momento en que crey\u00f3 en las extra\u00f1as &#8216;garant\u00edas&#8217; de Lukashenko y en la igualmente absurda &#8216;palabra de honor&#8217; de Putin&#8221;.<\/p>\n\n\n\n<p>&#8220;La eliminaci\u00f3n demostrativa de Prigozhin y del comando Wagner dos meses despu\u00e9s del intento de golpe es una se\u00f1al de Putin a las \u00e9lites rusas de cara a las elecciones de 2024&#8221;.<\/p>\n\n\n\n<p>Sobre Prigozhin: Merece la pena esperar a que desaparezca la niebla de guerra\u2026 Mientras tanto, es obvio que Putin no perdona a nadie su propio terror bestial. Exactamente el que le anul\u00f3 en junio de 2023. Y estaba esperando el momento. <br><br><\/p>\n\n\n\n<p><small>Copyright \u00a9 2023 ElCanillita.info \/ BlogDiario.info &#8211; SalaStampa.Eu, servicio mundial de prensa<\/small><\/p>\n","protected":false},"excerpt":{"rendered":"<p>El jefe de los mercenarios de Wagner se encontraba a bordo del aparato cuando se estrell\u00f3, seg\u00fan las autoridades.<\/p>\n","protected":false},"author":1,"featured_media":875,"comment_status":"closed","ping_status":"closed","sticky":false,"template":"","format":"standard","meta":{"footnotes":"","_links_to":"","_links_to_target":""},"categories":[97,109,62,47],"tags":[78],"class_list":["post-872","post","type-post","status-publish","format-standard","has-post-thumbnail","hentry","category-elcanillita","category-dc24","category-actualidad","category-eurasia","tag-russia","entry","rows"],"yoast_head":"<!-- This site is optimized with the Yoast SEO plugin v27.4 - https:\/\/yoast.com\/product\/yoast-seo-wordpress\/ -->\n<title>Recuperan ocho cad\u00e1veres tras estrellarse el avi\u00f3n de Yevgeny Prigozhin - BlogDiario Magazine<\/title>\n<meta name=\"description\" content=\"El jefe de los mercenarios de Wagner se encontraba a bordo del aparato cuando se estrell\u00f3, seg\u00fan las autoridades.\" \/>\n<meta name=\"robots\" content=\"index, follow, max-snippet:-1, max-image-preview:large, max-video-preview:-1\" \/>\n<link rel=\"canonical\" href=\"https:\/\/blogdiario.info\/magazine\/2023\/08\/23\/recuperan-ocho-cadaveres-tras-estrellarse-el-avion-de-yevgeny-prigozhin\/\" \/>\n<meta property=\"og:locale\" content=\"es_ES\" \/>\n<meta property=\"og:type\" content=\"article\" \/>\n<meta property=\"og:title\" content=\"Recuperan ocho cad\u00e1veres tras estrellarse el avi\u00f3n de Yevgeny Prigozhin - BlogDiario Magazine\" \/>\n<meta property=\"og:description\" content=\"El jefe de los mercenarios de Wagner se encontraba a bordo del aparato cuando se estrell\u00f3, seg\u00fan las autoridades.\" \/>\n<meta property=\"og:url\" content=\"https:\/\/blogdiario.info\/magazine\/2023\/08\/23\/recuperan-ocho-cadaveres-tras-estrellarse-el-avion-de-yevgeny-prigozhin\/\" \/>\n<meta property=\"og:site_name\" content=\"BlogDiario Magazine\" \/>\n<meta property=\"article:published_time\" content=\"2023-08-23T22:01:15+00:00\" \/>\n<meta property=\"article:modified_time\" content=\"2023-08-23T22:07:04+00:00\" \/>\n<meta property=\"og:image\" content=\"https:\/\/blogdiario.info\/magazine\/images\/2023\/08\/puti_3_20230823.jpg\" \/>\n\t<meta property=\"og:image:width\" content=\"600\" \/>\n\t<meta property=\"og:image:height\" content=\"399\" \/>\n\t<meta property=\"og:image:type\" content=\"image\/jpeg\" \/>\n<meta name=\"author\" content=\"World Press Service | Servicio de Prensa Mundial\" \/>\n<meta name=\"twitter:card\" content=\"summary_large_image\" \/>\n<meta name=\"twitter:label1\" content=\"Escrito por\" \/>\n\t<meta name=\"twitter:data1\" content=\"World Press Service | Servicio de Prensa Mundial\" \/>\n\t<meta name=\"twitter:label2\" content=\"Tiempo de lectura\" \/>\n\t<meta name=\"twitter:data2\" content=\"5 minutos\" \/>\n<script type=\"application\/ld+json\" class=\"yoast-schema-graph\">{\"@context\":\"https:\\\/\\\/schema.org\",\"@graph\":[{\"@type\":\"Article\",\"@id\":\"https:\\\/\\\/blogdiario.info\\\/magazine\\\/2023\\\/08\\\/23\\\/recuperan-ocho-cadaveres-tras-estrellarse-el-avion-de-yevgeny-prigozhin\\\/#article\",\"isPartOf\":{\"@id\":\"https:\\\/\\\/blogdiario.info\\\/magazine\\\/2023\\\/08\\\/23\\\/recuperan-ocho-cadaveres-tras-estrellarse-el-avion-de-yevgeny-prigozhin\\\/\"},\"author\":{\"name\":\"World Press Service | Servicio de Prensa Mundial\",\"@id\":\"https:\\\/\\\/blogdiario.info\\\/magazine\\\/#\\\/schema\\\/person\\\/b2422fe85574d945bad55513bb0c7354\"},\"headline\":\"Recuperan ocho cad\u00e1veres tras estrellarse el avi\u00f3n de Yevgeny Prigozhin\",\"datePublished\":\"2023-08-23T22:01:15+00:00\",\"dateModified\":\"2023-08-23T22:07:04+00:00\",\"mainEntityOfPage\":{\"@id\":\"https:\\\/\\\/blogdiario.info\\\/magazine\\\/2023\\\/08\\\/23\\\/recuperan-ocho-cadaveres-tras-estrellarse-el-avion-de-yevgeny-prigozhin\\\/\"},\"wordCount\":930,\"publisher\":{\"@id\":\"https:\\\/\\\/blogdiario.info\\\/magazine\\\/#organization\"},\"image\":{\"@id\":\"https:\\\/\\\/blogdiario.info\\\/magazine\\\/2023\\\/08\\\/23\\\/recuperan-ocho-cadaveres-tras-estrellarse-el-avion-de-yevgeny-prigozhin\\\/#primaryimage\"},\"thumbnailUrl\":\"https:\\\/\\\/blogdiario.info\\\/magazine\\\/images\\\/2023\\\/08\\\/puti_3_20230823.jpg\",\"keywords\":[\"Russia\"],\"articleSection\":[\".\",\".\",\"Actualidad\",\"Eurasia\"],\"inLanguage\":\"es-AR\"},{\"@type\":\"WebPage\",\"@id\":\"https:\\\/\\\/blogdiario.info\\\/magazine\\\/2023\\\/08\\\/23\\\/recuperan-ocho-cadaveres-tras-estrellarse-el-avion-de-yevgeny-prigozhin\\\/\",\"url\":\"https:\\\/\\\/blogdiario.info\\\/magazine\\\/2023\\\/08\\\/23\\\/recuperan-ocho-cadaveres-tras-estrellarse-el-avion-de-yevgeny-prigozhin\\\/\",\"name\":\"Recuperan ocho cad\u00e1veres tras estrellarse el avi\u00f3n de Yevgeny Prigozhin - BlogDiario Magazine\",\"isPartOf\":{\"@id\":\"https:\\\/\\\/blogdiario.info\\\/magazine\\\/#website\"},\"primaryImageOfPage\":{\"@id\":\"https:\\\/\\\/blogdiario.info\\\/magazine\\\/2023\\\/08\\\/23\\\/recuperan-ocho-cadaveres-tras-estrellarse-el-avion-de-yevgeny-prigozhin\\\/#primaryimage\"},\"image\":{\"@id\":\"https:\\\/\\\/blogdiario.info\\\/magazine\\\/2023\\\/08\\\/23\\\/recuperan-ocho-cadaveres-tras-estrellarse-el-avion-de-yevgeny-prigozhin\\\/#primaryimage\"},\"thumbnailUrl\":\"https:\\\/\\\/blogdiario.info\\\/magazine\\\/images\\\/2023\\\/08\\\/puti_3_20230823.jpg\",\"datePublished\":\"2023-08-23T22:01:15+00:00\",\"dateModified\":\"2023-08-23T22:07:04+00:00\",\"description\":\"El jefe de los mercenarios de Wagner se encontraba a bordo del aparato cuando se estrell\u00f3, seg\u00fan las autoridades.\",\"breadcrumb\":{\"@id\":\"https:\\\/\\\/blogdiario.info\\\/magazine\\\/2023\\\/08\\\/23\\\/recuperan-ocho-cadaveres-tras-estrellarse-el-avion-de-yevgeny-prigozhin\\\/#breadcrumb\"},\"inLanguage\":\"es-AR\",\"potentialAction\":[{\"@type\":\"ReadAction\",\"target\":[\"https:\\\/\\\/blogdiario.info\\\/magazine\\\/2023\\\/08\\\/23\\\/recuperan-ocho-cadaveres-tras-estrellarse-el-avion-de-yevgeny-prigozhin\\\/\"]}]},{\"@type\":\"ImageObject\",\"inLanguage\":\"es-AR\",\"@id\":\"https:\\\/\\\/blogdiario.info\\\/magazine\\\/2023\\\/08\\\/23\\\/recuperan-ocho-cadaveres-tras-estrellarse-el-avion-de-yevgeny-prigozhin\\\/#primaryimage\",\"url\":\"https:\\\/\\\/blogdiario.info\\\/magazine\\\/images\\\/2023\\\/08\\\/puti_3_20230823.jpg\",\"contentUrl\":\"https:\\\/\\\/blogdiario.info\\\/magazine\\\/images\\\/2023\\\/08\\\/puti_3_20230823.jpg\",\"width\":600,\"height\":399},{\"@type\":\"BreadcrumbList\",\"@id\":\"https:\\\/\\\/blogdiario.info\\\/magazine\\\/2023\\\/08\\\/23\\\/recuperan-ocho-cadaveres-tras-estrellarse-el-avion-de-yevgeny-prigozhin\\\/#breadcrumb\",\"itemListElement\":[{\"@type\":\"ListItem\",\"position\":1,\"name\":\"Home\",\"item\":\"https:\\\/\\\/blogdiario.info\\\/magazine\\\/\"},{\"@type\":\"ListItem\",\"position\":2,\"name\":\"Recuperan ocho cad\u00e1veres tras estrellarse el avi\u00f3n de Yevgeny Prigozhin\"}]},{\"@type\":\"WebSite\",\"@id\":\"https:\\\/\\\/blogdiario.info\\\/magazine\\\/#website\",\"url\":\"https:\\\/\\\/blogdiario.info\\\/magazine\\\/\",\"name\":\"BlogDiario Magazine\",\"description\":\"Suplemento multiling\u00fce de ElCanillita.Info\",\"publisher\":{\"@id\":\"https:\\\/\\\/blogdiario.info\\\/magazine\\\/#organization\"},\"potentialAction\":[{\"@type\":\"SearchAction\",\"target\":{\"@type\":\"EntryPoint\",\"urlTemplate\":\"https:\\\/\\\/blogdiario.info\\\/magazine\\\/?s={search_term_string}\"},\"query-input\":{\"@type\":\"PropertyValueSpecification\",\"valueRequired\":true,\"valueName\":\"search_term_string\"}}],\"inLanguage\":\"es-AR\"},{\"@type\":\"Organization\",\"@id\":\"https:\\\/\\\/blogdiario.info\\\/magazine\\\/#organization\",\"name\":\"Guzzo Photos & Graphic Publications\",\"url\":\"https:\\\/\\\/blogdiario.info\\\/magazine\\\/\",\"logo\":{\"@type\":\"ImageObject\",\"inLanguage\":\"es-AR\",\"@id\":\"https:\\\/\\\/blogdiario.info\\\/magazine\\\/#\\\/schema\\\/logo\\\/image\\\/\",\"url\":\"https:\\\/\\\/blogdiario.info\\\/magazine\\\/images\\\/2020\\\/01\\\/cropped-blogdia_magazine.jpg\",\"contentUrl\":\"https:\\\/\\\/blogdiario.info\\\/magazine\\\/images\\\/2020\\\/01\\\/cropped-blogdia_magazine.jpg\",\"width\":589,\"height\":55,\"caption\":\"Guzzo Photos & Graphic Publications\"},\"image\":{\"@id\":\"https:\\\/\\\/blogdiario.info\\\/magazine\\\/#\\\/schema\\\/logo\\\/image\\\/\"}},{\"@type\":\"Person\",\"@id\":\"https:\\\/\\\/blogdiario.info\\\/magazine\\\/#\\\/schema\\\/person\\\/b2422fe85574d945bad55513bb0c7354\",\"name\":\"World Press Service | Servicio de Prensa Mundial\"}]}<\/script>\n<!-- \/ Yoast SEO plugin. -->","yoast_head_json":{"title":"Recuperan ocho cad\u00e1veres tras estrellarse el avi\u00f3n de Yevgeny Prigozhin - BlogDiario Magazine","description":"El jefe de los mercenarios de Wagner se encontraba a bordo del aparato cuando se estrell\u00f3, seg\u00fan las autoridades.","robots":{"index":"index","follow":"follow","max-snippet":"max-snippet:-1","max-image-preview":"max-image-preview:large","max-video-preview":"max-video-preview:-1"},"canonical":"https:\/\/blogdiario.info\/magazine\/2023\/08\/23\/recuperan-ocho-cadaveres-tras-estrellarse-el-avion-de-yevgeny-prigozhin\/","og_locale":"es_ES","og_type":"article","og_title":"Recuperan ocho cad\u00e1veres tras estrellarse el avi\u00f3n de Yevgeny Prigozhin - BlogDiario Magazine","og_description":"El jefe de los mercenarios de Wagner se encontraba a bordo del aparato cuando se estrell\u00f3, seg\u00fan las autoridades.","og_url":"https:\/\/blogdiario.info\/magazine\/2023\/08\/23\/recuperan-ocho-cadaveres-tras-estrellarse-el-avion-de-yevgeny-prigozhin\/","og_site_name":"BlogDiario Magazine","article_published_time":"2023-08-23T22:01:15+00:00","article_modified_time":"2023-08-23T22:07:04+00:00","og_image":[{"width":600,"height":399,"url":"https:\/\/blogdiario.info\/magazine\/images\/2023\/08\/puti_3_20230823.jpg","type":"image\/jpeg"}],"author":"World Press Service | Servicio de Prensa Mundial","twitter_card":"summary_large_image","twitter_misc":{"Escrito por":"World Press Service | Servicio de Prensa Mundial","Tiempo de lectura":"5 minutos"},"schema":{"@context":"https:\/\/schema.org","@graph":[{"@type":"Article","@id":"https:\/\/blogdiario.info\/magazine\/2023\/08\/23\/recuperan-ocho-cadaveres-tras-estrellarse-el-avion-de-yevgeny-prigozhin\/#article","isPartOf":{"@id":"https:\/\/blogdiario.info\/magazine\/2023\/08\/23\/recuperan-ocho-cadaveres-tras-estrellarse-el-avion-de-yevgeny-prigozhin\/"},"author":{"name":"World Press Service | Servicio de Prensa Mundial","@id":"https:\/\/blogdiario.info\/magazine\/#\/schema\/person\/b2422fe85574d945bad55513bb0c7354"},"headline":"Recuperan ocho cad\u00e1veres tras estrellarse el avi\u00f3n de Yevgeny Prigozhin","datePublished":"2023-08-23T22:01:15+00:00","dateModified":"2023-08-23T22:07:04+00:00","mainEntityOfPage":{"@id":"https:\/\/blogdiario.info\/magazine\/2023\/08\/23\/recuperan-ocho-cadaveres-tras-estrellarse-el-avion-de-yevgeny-prigozhin\/"},"wordCount":930,"publisher":{"@id":"https:\/\/blogdiario.info\/magazine\/#organization"},"image":{"@id":"https:\/\/blogdiario.info\/magazine\/2023\/08\/23\/recuperan-ocho-cadaveres-tras-estrellarse-el-avion-de-yevgeny-prigozhin\/#primaryimage"},"thumbnailUrl":"https:\/\/blogdiario.info\/magazine\/images\/2023\/08\/puti_3_20230823.jpg","keywords":["Russia"],"articleSection":[".",".","Actualidad","Eurasia"],"inLanguage":"es-AR"},{"@type":"WebPage","@id":"https:\/\/blogdiario.info\/magazine\/2023\/08\/23\/recuperan-ocho-cadaveres-tras-estrellarse-el-avion-de-yevgeny-prigozhin\/","url":"https:\/\/blogdiario.info\/magazine\/2023\/08\/23\/recuperan-ocho-cadaveres-tras-estrellarse-el-avion-de-yevgeny-prigozhin\/","name":"Recuperan ocho cad\u00e1veres tras estrellarse el avi\u00f3n de Yevgeny Prigozhin - BlogDiario Magazine","isPartOf":{"@id":"https:\/\/blogdiario.info\/magazine\/#website"},"primaryImageOfPage":{"@id":"https:\/\/blogdiario.info\/magazine\/2023\/08\/23\/recuperan-ocho-cadaveres-tras-estrellarse-el-avion-de-yevgeny-prigozhin\/#primaryimage"},"image":{"@id":"https:\/\/blogdiario.info\/magazine\/2023\/08\/23\/recuperan-ocho-cadaveres-tras-estrellarse-el-avion-de-yevgeny-prigozhin\/#primaryimage"},"thumbnailUrl":"https:\/\/blogdiario.info\/magazine\/images\/2023\/08\/puti_3_20230823.jpg","datePublished":"2023-08-23T22:01:15+00:00","dateModified":"2023-08-23T22:07:04+00:00","description":"El jefe de los mercenarios de Wagner se encontraba a bordo del aparato cuando se estrell\u00f3, seg\u00fan las autoridades.","breadcrumb":{"@id":"https:\/\/blogdiario.info\/magazine\/2023\/08\/23\/recuperan-ocho-cadaveres-tras-estrellarse-el-avion-de-yevgeny-prigozhin\/#breadcrumb"},"inLanguage":"es-AR","potentialAction":[{"@type":"ReadAction","target":["https:\/\/blogdiario.info\/magazine\/2023\/08\/23\/recuperan-ocho-cadaveres-tras-estrellarse-el-avion-de-yevgeny-prigozhin\/"]}]},{"@type":"ImageObject","inLanguage":"es-AR","@id":"https:\/\/blogdiario.info\/magazine\/2023\/08\/23\/recuperan-ocho-cadaveres-tras-estrellarse-el-avion-de-yevgeny-prigozhin\/#primaryimage","url":"https:\/\/blogdiario.info\/magazine\/images\/2023\/08\/puti_3_20230823.jpg","contentUrl":"https:\/\/blogdiario.info\/magazine\/images\/2023\/08\/puti_3_20230823.jpg","width":600,"height":399},{"@type":"BreadcrumbList","@id":"https:\/\/blogdiario.info\/magazine\/2023\/08\/23\/recuperan-ocho-cadaveres-tras-estrellarse-el-avion-de-yevgeny-prigozhin\/#breadcrumb","itemListElement":[{"@type":"ListItem","position":1,"name":"Home","item":"https:\/\/blogdiario.info\/magazine\/"},{"@type":"ListItem","position":2,"name":"Recuperan ocho cad\u00e1veres tras estrellarse el avi\u00f3n de Yevgeny Prigozhin"}]},{"@type":"WebSite","@id":"https:\/\/blogdiario.info\/magazine\/#website","url":"https:\/\/blogdiario.info\/magazine\/","name":"BlogDiario Magazine","description":"Suplemento multiling\u00fce de ElCanillita.Info","publisher":{"@id":"https:\/\/blogdiario.info\/magazine\/#organization"},"potentialAction":[{"@type":"SearchAction","target":{"@type":"EntryPoint","urlTemplate":"https:\/\/blogdiario.info\/magazine\/?s={search_term_string}"},"query-input":{"@type":"PropertyValueSpecification","valueRequired":true,"valueName":"search_term_string"}}],"inLanguage":"es-AR"},{"@type":"Organization","@id":"https:\/\/blogdiario.info\/magazine\/#organization","name":"Guzzo Photos & Graphic Publications","url":"https:\/\/blogdiario.info\/magazine\/","logo":{"@type":"ImageObject","inLanguage":"es-AR","@id":"https:\/\/blogdiario.info\/magazine\/#\/schema\/logo\/image\/","url":"https:\/\/blogdiario.info\/magazine\/images\/2020\/01\/cropped-blogdia_magazine.jpg","contentUrl":"https:\/\/blogdiario.info\/magazine\/images\/2020\/01\/cropped-blogdia_magazine.jpg","width":589,"height":55,"caption":"Guzzo Photos & Graphic Publications"},"image":{"@id":"https:\/\/blogdiario.info\/magazine\/#\/schema\/logo\/image\/"}},{"@type":"Person","@id":"https:\/\/blogdiario.info\/magazine\/#\/schema\/person\/b2422fe85574d945bad55513bb0c7354","name":"World Press Service | Servicio de Prensa Mundial"}]}},"views":399,"_links":{"self":[{"href":"https:\/\/blogdiario.info\/magazine\/wp-json\/wp\/v2\/posts\/872","targetHints":{"allow":["GET"]}}],"collection":[{"href":"https:\/\/blogdiario.info\/magazine\/wp-json\/wp\/v2\/posts"}],"about":[{"href":"https:\/\/blogdiario.info\/magazine\/wp-json\/wp\/v2\/types\/post"}],"author":[{"embeddable":true,"href":"https:\/\/blogdiario.info\/magazine\/wp-json\/wp\/v2\/users\/1"}],"replies":[{"embeddable":true,"href":"https:\/\/blogdiario.info\/magazine\/wp-json\/wp\/v2\/comments?post=872"}],"version-history":[{"count":0,"href":"https:\/\/blogdiario.info\/magazine\/wp-json\/wp\/v2\/posts\/872\/revisions"}],"wp:featuredmedia":[{"embeddable":true,"href":"https:\/\/blogdiario.info\/magazine\/wp-json\/wp\/v2\/media\/875"}],"wp:attachment":[{"href":"https:\/\/blogdiario.info\/magazine\/wp-json\/wp\/v2\/media?parent=872"}],"wp:term":[{"taxonomy":"category","embeddable":true,"href":"https:\/\/blogdiario.info\/magazine\/wp-json\/wp\/v2\/categories?post=872"},{"taxonomy":"post_tag","embeddable":true,"href":"https:\/\/blogdiario.info\/magazine\/wp-json\/wp\/v2\/tags?post=872"}],"curies":[{"name":"wp","href":"https:\/\/api.w.org\/{rel}","templated":true}]}}