{"id":866,"date":"2023-08-22T20:03:24","date_gmt":"2023-08-22T23:03:24","guid":{"rendered":"https:\/\/blogdiario.info\/magazine\/?p=866"},"modified":"2023-08-22T20:10:50","modified_gmt":"2023-08-22T23:10:50","slug":"necrologia-de-harold-briley","status":"publish","type":"post","link":"https:\/\/blogdiario.info\/magazine\/2023\/08\/22\/necrologia-de-harold-briley\/","title":{"rendered":"Necrolog\u00eda de Harold Briley"},"content":{"rendered":"\n<figure class=\"wp-block-image size-full\"><img loading=\"lazy\" decoding=\"async\" width=\"600\" height=\"400\" src=\"https:\/\/blogdiario.info\/magazine\/images\/2023\/08\/Harold_20230822.jpg\" alt=\"\" class=\"wp-image-869\" srcset=\"https:\/\/blogdiario.info\/magazine\/images\/2023\/08\/Harold_20230822.jpg 600w, https:\/\/blogdiario.info\/magazine\/images\/2023\/08\/Harold_20230822-300x200.jpg 300w\" sizes=\"auto, (max-width: 600px) 100vw, 600px\" \/><figcaption class=\"wp-element-caption\">Briley junto a un campo minado en las Malvinas<\/figcaption><\/figure>\n\n\n\n<p><strong>BlogDiario.info, 22\/08\/2023<\/strong><br>En un trascendental reportaje desde Buenos Aires el 2 de abril de 1982, Harold Briley, un veterano corresponsal extranjero, dio la noticia de la invasi\u00f3n argentina de las Islas Malvinas en el Servicio Mundial de la BBC.<\/p>\n\n\n\n<p>Su emisi\u00f3n marc\u00f3 el inicio de un conflicto que domin\u00f3 los titulares durante 74 d\u00edas. En cuesti\u00f3n de horas, Gran Breta\u00f1a hab\u00eda respondido a la invasi\u00f3n ordenando a un grupo especial, dirigido por dos portaaviones, que retomara los territorios brit\u00e1nicos en el Atl\u00e1ntico Sur, a <strong>12874.75<\/strong>&nbsp;Kil\u00f3metros de la base principal de la armada en Portsmouth.<\/p>\n\n\n\n<p>Hablando en un ingl\u00e9s entrecortado, con pocos indicios de sus ra\u00edces de Lancashire, Briley dijo a los oyentes: &#8220;La amenaza de invasi\u00f3n argentina de la colonia brit\u00e1nica de las Islas Malvinas est\u00e1 en marcha.<\/p>\n\n\n\n<p>&#8220;Una flota encabezada por el buque insignia de Argentina, Veinticinco de Mayo, guiaba el asalto de invasi\u00f3n en el que participaban miles de tropas y aviones. Se esperaba la confirmaci\u00f3n oficial del presidente, general Leopoldo Galtieri, en una emisi\u00f3n de radio y televisi\u00f3n a todo el pa\u00eds.&#8221;<\/p>\n\n\n\n<p>Briley, corresponsal de la BBC para Am\u00e9rica Latina, estaba al tanto de las crecientes tensiones entre Buenos Aires y Londres por la soberan\u00eda de las Falklands, situadas a  <strong>482.8<\/strong>&nbsp;Kil\u00f3metros al este de Argentina, donde se las conoce como Islas Malvinas.<\/p>\n\n\n\n<p>Su malestar era especial tras la cancelaci\u00f3n de una visita que ten\u00eda previsto realizar a las Malvinas a bordo del patrullero brit\u00e1nico HMS Endurance a finales de marzo. El comandante del buque, el capit\u00e1n Nick Barker, hab\u00eda enviado un mensaje a Briley para decirle que no pod\u00eda recogerle en Uruguay como estaba previsto. Barker hab\u00eda recibido la orden de navegar hasta Georgia del Sur, otro territorio brit\u00e1nico, 1.400 millas al este de las Malvinas, donde tropas argentinas hab\u00edan hecho un desembarco disfrazadas de chatarreros. &#8220;Esa fue la pista de que algo iba mal&#8221;, dijo Briley, que se apresur\u00f3 a regresar a Argentina desde su base en Brasil.<\/p>\n\n\n\n<p>El 2 de abril recibi\u00f3 un bolet\u00edn de Telam, la agencia de noticias argentina. El informe dec\u00eda que &#8220;la fuerza de invasi\u00f3n estaba en camino&#8221; con 1.500 soldados de asalto.<\/p>\n\n\n\n<p>En Port Stanley, capital de las Malvinas, Rex Hunt, el gobernador brit\u00e1nico, escuch\u00f3 el informe de Briley mientras estaba agazapado bajo una mesa en la Casa de Gobierno, con una radio a su lado. Hunt dijo m\u00e1s tarde a Briley: &#8220;Mientras le escuchaba, llegaron tropas argentinas, disparando a todas las ventanas de mi invernadero&#8221;.<\/p>\n\n\n\n<p>Hunt orden\u00f3 a los 57 Royal Marines que hab\u00edan estado resistiendo a los invasores que dejaran de disparar y depusieran las armas.<\/p>\n\n\n\n<p>Durante los dos meses siguientes, Briley, que entonces ten\u00eda 51 a\u00f1os, sigui\u00f3 informando desde la capital argentina, donde permaneci\u00f3 durante el conflicto. A medida que la fuerza de tareas brit\u00e1nica navegaba m\u00e1s al sur, fue testigo de un cambio de humor en Buenos Aires, donde la gente empez\u00f3 a darse cuenta de que el pa\u00eds se enfrentaba a un adversario serio.<\/p>\n\n\n\n<p>Para entonces, ya llevaba tres a\u00f1os informando sobre Sudam\u00e9rica para el World Service y conoc\u00eda la brutalidad del gobierno argentino, una junta militar dirigida por Galtieri que hab\u00eda llevado a cabo una &#8220;guerra sucia&#8221; contra los opositores internos. &#8220;Cubr\u00ed la campa\u00f1a de represi\u00f3n de la dictadura, y me amenazaron de muerte varias veces&#8221;, dijo Briley. &#8220;Mataron a centenares de los suyos, entre ellos 130 periodistas&#8221;.<\/p>\n\n\n\n<p>En v\u00edsperas de la invasi\u00f3n, miles de personas hab\u00edan estado en la plaza central -la Plaza de Mayo- de Buenos Aires protestando contra el gobierno militar. El 2 de abril Briley estaba en la misma plaza, que se llen\u00f3 de gente celebrando la invasi\u00f3n y lo que consideraban la restauraci\u00f3n del honor nacional.<\/p>\n\n\n\n<p>Briley comprend\u00eda lo importante que eran las islas para los argentinos. Tambi\u00e9n comprend\u00eda lo importante que era para los isle\u00f1os seguir siendo brit\u00e1nicos. Hab\u00eda visitado las Malvinas el a\u00f1o anterior, cuando conoci\u00f3 a muchos lugare\u00f1os que seguir\u00edan sus informes por radios ocultas durante todo el conflicto.<\/p>\n\n\n\n<p>En un asentamiento, Goose Green, donde 114 isle\u00f1os fueron retenidos por soldados argentinos en el sal\u00f3n comunitario durante cuatro semanas, el sonido de la voz de Briley resonaba con fuerza. Sus informes les daban esperanza.<\/p>\n\n\n\n<p>Los rehenes, entre los que hab\u00eda muchas mujeres y ni\u00f1os, segu\u00edan la evoluci\u00f3n del conflicto a trav\u00e9s de una radio escondida en la espartana sala, que contaba con dos lavabos y un fregadero. Las condiciones eran desoladoras. Fueron liberados el 29 de mayo tras la Batalla de Goose Green, un punto de inflexi\u00f3n en la guerra, cuando las posiciones argentinas fueron invadidas por soldados del 2\u00ba Batall\u00f3n del Regimiento de Paracaidistas, a pesar de que les superaban ampliamente en n\u00famero.<\/p>\n\n\n\n<p>Tras la rendici\u00f3n de las fuerzas argentinas el 14 de junio, los isle\u00f1os izaron una pancarta frente a la Casa de Gobierno que dec\u00eda: &#8220;Que Dios te bendiga, Harold&#8221;. Se le concedi\u00f3 la Libertad de Goose Green y tambi\u00e9n el derecho a bebidas gratis en el &#8220;Glue Pot&#8221;, que es el nombre popular del Falklands Club de Port Stanley.<\/p>\n\n\n\n<p>Permaneci\u00f3 en Argentina el tiempo suficiente para presenciar la ca\u00edda de la junta militar y la restauraci\u00f3n de la democracia, pero el conflicto de las Malvinas sigui\u00f3 marcando su vida.<\/p>\n\n\n\n<p>En los a\u00f1os inmediatamente posteriores a la guerra, entrevist\u00f3 a muchas de las figuras m\u00e1s destacadas de ambos bandos. Acompa\u00f1\u00f3 a Margaret Thatcher, la Primera Ministra, en una visita a las islas, y conoci\u00f3 al General Mario Men\u00e9ndez, que hab\u00eda sido gobernador durante la ocupaci\u00f3n. En 1991 se convirti\u00f3 en miembro del comit\u00e9 ejecutivo de la Falkland Islands Association, que apoya el derecho de los isle\u00f1os a decidir su propio futuro. Dos a\u00f1os m\u00e1s tarde se convirti\u00f3 en coeditor del Falkland Islands Newsletter con Peter Pepper, un antiguo ge\u00f3logo que estudi\u00f3 la historia de las Malvinas.<\/p>\n\n\n\n<p>Briley public\u00f3 un libro, Fight for Falklands Freedom, que documenta los intentos brit\u00e1nicos de llegar a un acuerdo con Argentina sobre la soberan\u00eda de las islas, as\u00ed como el conflicto de 1982. En la portada Briley aparece sobre la cubierta del portaaviones HMS Invincible, que dirigi\u00f3 la fuerza de intervenci\u00f3n.<\/p>\n\n\n\n<figure class=\"wp-block-image size-full\"><img loading=\"lazy\" decoding=\"async\" width=\"500\" height=\"500\" src=\"https:\/\/blogdiario.info\/magazine\/images\/2023\/08\/Harold_cover_20230822.jpg\" alt=\"\" class=\"wp-image-868\" srcset=\"https:\/\/blogdiario.info\/magazine\/images\/2023\/08\/Harold_cover_20230822.jpg 500w, https:\/\/blogdiario.info\/magazine\/images\/2023\/08\/Harold_cover_20230822-300x300.jpg 300w, https:\/\/blogdiario.info\/magazine\/images\/2023\/08\/Harold_cover_20230822-150x150.jpg 150w\" sizes=\"auto, (max-width: 500px) 100vw, 500px\" \/><figcaption class=\"wp-element-caption\">Harold Briley sobre la cubierta del portaaviones HMS Invincible<\/figcaption><\/figure>\n\n\n\n<p>El gobierno de las Falklands honr\u00f3 a Briley el a\u00f1o pasado bautizando un parque con su nombre. El parque Harold Briley ocupa la cima de Sapper Hill, que domina Stanley, y se encuentra entre una carretera que lleva el nombre de Rex Hunt, el antiguo gobernador, y otra que lleva el nombre del almirante Sir &#8220;Sandy&#8221; Woodward, comandante de la fuerza de tarea. Briley estaba encantado.<\/p>\n\n\n\n<p>Harold Briley naci\u00f3 en Anfield, Liverpool, en 1931, hijo de Jessica Briley y su marido, tambi\u00e9n llamado Harold, que ten\u00eda un negocio de fabricaci\u00f3n de ruedas para carros. Ten\u00eda una hermana mayor, Joyce.<\/p>\n\n\n\n<p>Fue evacuado al norte de Gales al estallar la guerra en 1939, pero regres\u00f3 a Liverpool justo cuando los alemanes empezaban a bombardear la ciudad. En una ocasi\u00f3n, sali\u00f3 volando de su cama cuando una mina de paraca\u00eddas aterriz\u00f3 cerca. Fue enviado a la Isla de Man.<\/p>\n\n\n\n<p>En 1942 obtuvo una beca para la Douglas High School, donde destac\u00f3 como futbolista -le apodaban &#8220;Dixie&#8221; por el delantero del Everton Dixie Dean- y sobresali\u00f3 en tenis. Ni\u00f1o trabajador, hac\u00eda turnos en un carro de leche antes de ir al colegio y limpiaba oficinas despu\u00e9s.<\/p>\n\n\n\n<p>En 1948 ingres\u00f3 en The Isle of Man Times como aprendiz de reportero y m\u00e1s tarde sirvi\u00f3 en la Real Artiller\u00eda en Hong Kong, en el Servicio Nacional. En 1954 entr\u00f3 como reportero en uno de los peri\u00f3dicos de Manchester, y despu\u00e9s se especializ\u00f3 en transporte mar\u00edtimo y pol\u00edtica en el Liverpool Post and Echo.<\/p>\n\n\n\n<p>Briley se traslad\u00f3 a la BBC en 1960 y desempe\u00f1\u00f3 diversas funciones para el World Service. Se convirti\u00f3 en su primer corresponsal pol\u00edtico. Cubri\u00f3 la India y Pakist\u00e1n a principios de la d\u00e9cada de 1970, incluida la guerra que condujo a la creaci\u00f3n de Bangladesh, hasta que fue nombrado corresponsal de la ONU en Nueva York en 1973. En 1977 fue nombrado corresponsal en Europa del Este y en 1979 inform\u00f3 sobre la revoluci\u00f3n iran\u00ed.<\/p>\n\n\n\n<p>Aunque hablaba poco espa\u00f1ol, fue nombrado corresponsal en Am\u00e9rica Latina. Cubri\u00f3 la revoluci\u00f3n sandinista en Nicaragua antes de concentrarse en la represi\u00f3n en Argentina bajo Galtieri, y en su vecino Chile, gobernado por otro dictador militar, el general Augusto Pinochet.<\/p>\n\n\n\n<p>Regres\u00f3 a Gran Breta\u00f1a en 1983, cuando se convirti\u00f3 en corresponsal de Defensa hasta su jubilaci\u00f3n en 1990.<\/p>\n\n\n\n<p>Briley se hab\u00eda casado con Norah Mylrea en Douglas en 1956. Se hab\u00edan conocido en la Isla de Man cuando eran adolescentes. La pareja tuvo una hija, Heather, periodista, y un hijo, Kevin, conductor de autob\u00fas.<\/p>\n\n\n\n<p>Cuando se jubilaron, se trasladaron de su casa de Orpington (Kent) a Battle, en la costa de East Sussex. Le sobreviven su mujer y sus hijos.<\/p>\n\n\n\n<p>Briley fue galardonado con la Orden m\u00e1s excelente del Imperio Brit\u00e1nico&#8221;OBE&#8221;, por sus servicios al periodismo y la radiodifusi\u00f3n. Empez\u00f3 a escribir un libro sobre la Royal National Lifeboat Institution y, tras sufrir degeneraci\u00f3n macular, sigui\u00f3 el trabajo de las organizaciones ben\u00e9ficas que apoyan a las personas con problemas de visi\u00f3n.<\/p>\n\n\n\n<p>Se le recordar\u00e1 por su gran pasi\u00f3n por las Islas Malvinas y su gente, y por su cobertura de sus horas m\u00e1s oscuras. Seg\u00fan Sir John Tusa, antiguo director del World Service, &#8220;la cobertura de Harold Briley de las Malvinas fue una de las piezas m\u00e1s extensas de resistencia sostenida de cualquier corresponsal en cualquier historia&#8221;.<\/p>\n\n\n\n<p>Harold Briley &#8220;OBE&#8221;, periodista, naci\u00f3 el 20 de marzo de 1931. Muri\u00f3 de c\u00e1ncer el 26 de junio de 2023, a los 92 a\u00f1os.<\/p>\n\n\n\n<p><small>Copyright \u00a9 2023 ElCanillita.info \/ BlogDiario.info &#8211; SalaStampa.Eu, servicio mundial de prensa<\/small><\/p>\n","protected":false},"excerpt":{"rendered":"<p>Reportero que retransmiti\u00f3 las primeras noticias de la invasi\u00f3n argentina de las Malvinas en 1982 y posteriormente hizo campa\u00f1a por los derechos de los isle\u00f1os<\/p>\n","protected":false},"author":1,"featured_media":869,"comment_status":"closed","ping_status":"closed","sticky":false,"template":"","format":"standard","meta":{"footnotes":"","_links_to":"","_links_to_target":""},"categories":[97,109,62,51],"tags":[101],"class_list":["post-866","post","type-post","status-publish","format-standard","has-post-thumbnail","hentry","category-elcanillita","category-dc24","category-actualidad","category-america-del-sud","tag-uk","entry","rows"],"yoast_head":"<!-- This site is optimized with the Yoast SEO plugin v27.4 - https:\/\/yoast.com\/product\/yoast-seo-wordpress\/ -->\n<title>Necrolog\u00eda de Harold Briley - BlogDiario Magazine<\/title>\n<meta name=\"description\" content=\"Reportero que retransmiti\u00f3 las primeras noticias de la invasi\u00f3n argentina de las Malvinas en 1982 y posteriormente hizo campa\u00f1a por los derechos de los isle\u00f1os\" \/>\n<meta name=\"robots\" content=\"index, follow, max-snippet:-1, max-image-preview:large, max-video-preview:-1\" \/>\n<link rel=\"canonical\" href=\"https:\/\/blogdiario.info\/magazine\/2023\/08\/22\/necrologia-de-harold-briley\/\" \/>\n<meta property=\"og:locale\" content=\"es_ES\" \/>\n<meta property=\"og:type\" content=\"article\" \/>\n<meta property=\"og:title\" content=\"Necrolog\u00eda de Harold Briley - BlogDiario Magazine\" \/>\n<meta property=\"og:description\" content=\"Reportero que retransmiti\u00f3 las primeras noticias de la invasi\u00f3n argentina de las Malvinas en 1982 y posteriormente hizo campa\u00f1a por los derechos de los isle\u00f1os\" \/>\n<meta property=\"og:url\" content=\"https:\/\/blogdiario.info\/magazine\/2023\/08\/22\/necrologia-de-harold-briley\/\" \/>\n<meta property=\"og:site_name\" content=\"BlogDiario Magazine\" \/>\n<meta property=\"article:published_time\" content=\"2023-08-22T23:03:24+00:00\" \/>\n<meta property=\"article:modified_time\" content=\"2023-08-22T23:10:50+00:00\" \/>\n<meta property=\"og:image\" content=\"https:\/\/blogdiario.info\/magazine\/images\/2023\/08\/Harold_20230822.jpg\" \/>\n\t<meta property=\"og:image:width\" content=\"600\" \/>\n\t<meta property=\"og:image:height\" content=\"400\" \/>\n\t<meta property=\"og:image:type\" content=\"image\/jpeg\" \/>\n<meta name=\"author\" content=\"World Press Service | Servicio de Prensa Mundial\" \/>\n<meta name=\"twitter:card\" content=\"summary_large_image\" \/>\n<meta name=\"twitter:label1\" content=\"Escrito por\" \/>\n\t<meta name=\"twitter:data1\" content=\"World Press Service | Servicio de Prensa Mundial\" \/>\n\t<meta name=\"twitter:label2\" content=\"Tiempo de lectura\" \/>\n\t<meta name=\"twitter:data2\" content=\"9 minutos\" \/>\n<script type=\"application\/ld+json\" class=\"yoast-schema-graph\">{\"@context\":\"https:\\\/\\\/schema.org\",\"@graph\":[{\"@type\":\"Article\",\"@id\":\"https:\\\/\\\/blogdiario.info\\\/magazine\\\/2023\\\/08\\\/22\\\/necrologia-de-harold-briley\\\/#article\",\"isPartOf\":{\"@id\":\"https:\\\/\\\/blogdiario.info\\\/magazine\\\/2023\\\/08\\\/22\\\/necrologia-de-harold-briley\\\/\"},\"author\":{\"name\":\"World Press Service | Servicio de Prensa Mundial\",\"@id\":\"https:\\\/\\\/blogdiario.info\\\/magazine\\\/#\\\/schema\\\/person\\\/b2422fe85574d945bad55513bb0c7354\"},\"headline\":\"Necrolog\u00eda de Harold Briley\",\"datePublished\":\"2023-08-22T23:03:24+00:00\",\"dateModified\":\"2023-08-22T23:10:50+00:00\",\"mainEntityOfPage\":{\"@id\":\"https:\\\/\\\/blogdiario.info\\\/magazine\\\/2023\\\/08\\\/22\\\/necrologia-de-harold-briley\\\/\"},\"wordCount\":1712,\"publisher\":{\"@id\":\"https:\\\/\\\/blogdiario.info\\\/magazine\\\/#organization\"},\"image\":{\"@id\":\"https:\\\/\\\/blogdiario.info\\\/magazine\\\/2023\\\/08\\\/22\\\/necrologia-de-harold-briley\\\/#primaryimage\"},\"thumbnailUrl\":\"https:\\\/\\\/blogdiario.info\\\/magazine\\\/images\\\/2023\\\/08\\\/Harold_20230822.jpg\",\"keywords\":[\"UK\"],\"articleSection\":[\".\",\".\",\"Actualidad\",\"America del Sud\"],\"inLanguage\":\"es-AR\"},{\"@type\":\"WebPage\",\"@id\":\"https:\\\/\\\/blogdiario.info\\\/magazine\\\/2023\\\/08\\\/22\\\/necrologia-de-harold-briley\\\/\",\"url\":\"https:\\\/\\\/blogdiario.info\\\/magazine\\\/2023\\\/08\\\/22\\\/necrologia-de-harold-briley\\\/\",\"name\":\"Necrolog\u00eda de Harold Briley - BlogDiario Magazine\",\"isPartOf\":{\"@id\":\"https:\\\/\\\/blogdiario.info\\\/magazine\\\/#website\"},\"primaryImageOfPage\":{\"@id\":\"https:\\\/\\\/blogdiario.info\\\/magazine\\\/2023\\\/08\\\/22\\\/necrologia-de-harold-briley\\\/#primaryimage\"},\"image\":{\"@id\":\"https:\\\/\\\/blogdiario.info\\\/magazine\\\/2023\\\/08\\\/22\\\/necrologia-de-harold-briley\\\/#primaryimage\"},\"thumbnailUrl\":\"https:\\\/\\\/blogdiario.info\\\/magazine\\\/images\\\/2023\\\/08\\\/Harold_20230822.jpg\",\"datePublished\":\"2023-08-22T23:03:24+00:00\",\"dateModified\":\"2023-08-22T23:10:50+00:00\",\"description\":\"Reportero que retransmiti\u00f3 las primeras noticias de la invasi\u00f3n argentina de las Malvinas en 1982 y posteriormente hizo campa\u00f1a por los derechos de los isle\u00f1os\",\"breadcrumb\":{\"@id\":\"https:\\\/\\\/blogdiario.info\\\/magazine\\\/2023\\\/08\\\/22\\\/necrologia-de-harold-briley\\\/#breadcrumb\"},\"inLanguage\":\"es-AR\",\"potentialAction\":[{\"@type\":\"ReadAction\",\"target\":[\"https:\\\/\\\/blogdiario.info\\\/magazine\\\/2023\\\/08\\\/22\\\/necrologia-de-harold-briley\\\/\"]}]},{\"@type\":\"ImageObject\",\"inLanguage\":\"es-AR\",\"@id\":\"https:\\\/\\\/blogdiario.info\\\/magazine\\\/2023\\\/08\\\/22\\\/necrologia-de-harold-briley\\\/#primaryimage\",\"url\":\"https:\\\/\\\/blogdiario.info\\\/magazine\\\/images\\\/2023\\\/08\\\/Harold_20230822.jpg\",\"contentUrl\":\"https:\\\/\\\/blogdiario.info\\\/magazine\\\/images\\\/2023\\\/08\\\/Harold_20230822.jpg\",\"width\":600,\"height\":400},{\"@type\":\"BreadcrumbList\",\"@id\":\"https:\\\/\\\/blogdiario.info\\\/magazine\\\/2023\\\/08\\\/22\\\/necrologia-de-harold-briley\\\/#breadcrumb\",\"itemListElement\":[{\"@type\":\"ListItem\",\"position\":1,\"name\":\"Home\",\"item\":\"https:\\\/\\\/blogdiario.info\\\/magazine\\\/\"},{\"@type\":\"ListItem\",\"position\":2,\"name\":\"Necrolog\u00eda de Harold Briley\"}]},{\"@type\":\"WebSite\",\"@id\":\"https:\\\/\\\/blogdiario.info\\\/magazine\\\/#website\",\"url\":\"https:\\\/\\\/blogdiario.info\\\/magazine\\\/\",\"name\":\"BlogDiario Magazine\",\"description\":\"Suplemento multiling\u00fce de ElCanillita.Info\",\"publisher\":{\"@id\":\"https:\\\/\\\/blogdiario.info\\\/magazine\\\/#organization\"},\"potentialAction\":[{\"@type\":\"SearchAction\",\"target\":{\"@type\":\"EntryPoint\",\"urlTemplate\":\"https:\\\/\\\/blogdiario.info\\\/magazine\\\/?s={search_term_string}\"},\"query-input\":{\"@type\":\"PropertyValueSpecification\",\"valueRequired\":true,\"valueName\":\"search_term_string\"}}],\"inLanguage\":\"es-AR\"},{\"@type\":\"Organization\",\"@id\":\"https:\\\/\\\/blogdiario.info\\\/magazine\\\/#organization\",\"name\":\"Guzzo Photos & Graphic Publications\",\"url\":\"https:\\\/\\\/blogdiario.info\\\/magazine\\\/\",\"logo\":{\"@type\":\"ImageObject\",\"inLanguage\":\"es-AR\",\"@id\":\"https:\\\/\\\/blogdiario.info\\\/magazine\\\/#\\\/schema\\\/logo\\\/image\\\/\",\"url\":\"https:\\\/\\\/blogdiario.info\\\/magazine\\\/images\\\/2020\\\/01\\\/cropped-blogdia_magazine.jpg\",\"contentUrl\":\"https:\\\/\\\/blogdiario.info\\\/magazine\\\/images\\\/2020\\\/01\\\/cropped-blogdia_magazine.jpg\",\"width\":589,\"height\":55,\"caption\":\"Guzzo Photos & Graphic Publications\"},\"image\":{\"@id\":\"https:\\\/\\\/blogdiario.info\\\/magazine\\\/#\\\/schema\\\/logo\\\/image\\\/\"}},{\"@type\":\"Person\",\"@id\":\"https:\\\/\\\/blogdiario.info\\\/magazine\\\/#\\\/schema\\\/person\\\/b2422fe85574d945bad55513bb0c7354\",\"name\":\"World Press Service | Servicio de Prensa Mundial\"}]}<\/script>\n<!-- \/ Yoast SEO plugin. -->","yoast_head_json":{"title":"Necrolog\u00eda de Harold Briley - BlogDiario Magazine","description":"Reportero que retransmiti\u00f3 las primeras noticias de la invasi\u00f3n argentina de las Malvinas en 1982 y posteriormente hizo campa\u00f1a por los derechos de los isle\u00f1os","robots":{"index":"index","follow":"follow","max-snippet":"max-snippet:-1","max-image-preview":"max-image-preview:large","max-video-preview":"max-video-preview:-1"},"canonical":"https:\/\/blogdiario.info\/magazine\/2023\/08\/22\/necrologia-de-harold-briley\/","og_locale":"es_ES","og_type":"article","og_title":"Necrolog\u00eda de Harold Briley - BlogDiario Magazine","og_description":"Reportero que retransmiti\u00f3 las primeras noticias de la invasi\u00f3n argentina de las Malvinas en 1982 y posteriormente hizo campa\u00f1a por los derechos de los isle\u00f1os","og_url":"https:\/\/blogdiario.info\/magazine\/2023\/08\/22\/necrologia-de-harold-briley\/","og_site_name":"BlogDiario Magazine","article_published_time":"2023-08-22T23:03:24+00:00","article_modified_time":"2023-08-22T23:10:50+00:00","og_image":[{"width":600,"height":400,"url":"https:\/\/blogdiario.info\/magazine\/images\/2023\/08\/Harold_20230822.jpg","type":"image\/jpeg"}],"author":"World Press Service | Servicio de Prensa Mundial","twitter_card":"summary_large_image","twitter_misc":{"Escrito por":"World Press Service | Servicio de Prensa Mundial","Tiempo de lectura":"9 minutos"},"schema":{"@context":"https:\/\/schema.org","@graph":[{"@type":"Article","@id":"https:\/\/blogdiario.info\/magazine\/2023\/08\/22\/necrologia-de-harold-briley\/#article","isPartOf":{"@id":"https:\/\/blogdiario.info\/magazine\/2023\/08\/22\/necrologia-de-harold-briley\/"},"author":{"name":"World Press Service | Servicio de Prensa Mundial","@id":"https:\/\/blogdiario.info\/magazine\/#\/schema\/person\/b2422fe85574d945bad55513bb0c7354"},"headline":"Necrolog\u00eda de Harold Briley","datePublished":"2023-08-22T23:03:24+00:00","dateModified":"2023-08-22T23:10:50+00:00","mainEntityOfPage":{"@id":"https:\/\/blogdiario.info\/magazine\/2023\/08\/22\/necrologia-de-harold-briley\/"},"wordCount":1712,"publisher":{"@id":"https:\/\/blogdiario.info\/magazine\/#organization"},"image":{"@id":"https:\/\/blogdiario.info\/magazine\/2023\/08\/22\/necrologia-de-harold-briley\/#primaryimage"},"thumbnailUrl":"https:\/\/blogdiario.info\/magazine\/images\/2023\/08\/Harold_20230822.jpg","keywords":["UK"],"articleSection":[".",".","Actualidad","America del Sud"],"inLanguage":"es-AR"},{"@type":"WebPage","@id":"https:\/\/blogdiario.info\/magazine\/2023\/08\/22\/necrologia-de-harold-briley\/","url":"https:\/\/blogdiario.info\/magazine\/2023\/08\/22\/necrologia-de-harold-briley\/","name":"Necrolog\u00eda de Harold Briley - BlogDiario Magazine","isPartOf":{"@id":"https:\/\/blogdiario.info\/magazine\/#website"},"primaryImageOfPage":{"@id":"https:\/\/blogdiario.info\/magazine\/2023\/08\/22\/necrologia-de-harold-briley\/#primaryimage"},"image":{"@id":"https:\/\/blogdiario.info\/magazine\/2023\/08\/22\/necrologia-de-harold-briley\/#primaryimage"},"thumbnailUrl":"https:\/\/blogdiario.info\/magazine\/images\/2023\/08\/Harold_20230822.jpg","datePublished":"2023-08-22T23:03:24+00:00","dateModified":"2023-08-22T23:10:50+00:00","description":"Reportero que retransmiti\u00f3 las primeras noticias de la invasi\u00f3n argentina de las Malvinas en 1982 y posteriormente hizo campa\u00f1a por los derechos de los isle\u00f1os","breadcrumb":{"@id":"https:\/\/blogdiario.info\/magazine\/2023\/08\/22\/necrologia-de-harold-briley\/#breadcrumb"},"inLanguage":"es-AR","potentialAction":[{"@type":"ReadAction","target":["https:\/\/blogdiario.info\/magazine\/2023\/08\/22\/necrologia-de-harold-briley\/"]}]},{"@type":"ImageObject","inLanguage":"es-AR","@id":"https:\/\/blogdiario.info\/magazine\/2023\/08\/22\/necrologia-de-harold-briley\/#primaryimage","url":"https:\/\/blogdiario.info\/magazine\/images\/2023\/08\/Harold_20230822.jpg","contentUrl":"https:\/\/blogdiario.info\/magazine\/images\/2023\/08\/Harold_20230822.jpg","width":600,"height":400},{"@type":"BreadcrumbList","@id":"https:\/\/blogdiario.info\/magazine\/2023\/08\/22\/necrologia-de-harold-briley\/#breadcrumb","itemListElement":[{"@type":"ListItem","position":1,"name":"Home","item":"https:\/\/blogdiario.info\/magazine\/"},{"@type":"ListItem","position":2,"name":"Necrolog\u00eda de Harold Briley"}]},{"@type":"WebSite","@id":"https:\/\/blogdiario.info\/magazine\/#website","url":"https:\/\/blogdiario.info\/magazine\/","name":"BlogDiario Magazine","description":"Suplemento multiling\u00fce de ElCanillita.Info","publisher":{"@id":"https:\/\/blogdiario.info\/magazine\/#organization"},"potentialAction":[{"@type":"SearchAction","target":{"@type":"EntryPoint","urlTemplate":"https:\/\/blogdiario.info\/magazine\/?s={search_term_string}"},"query-input":{"@type":"PropertyValueSpecification","valueRequired":true,"valueName":"search_term_string"}}],"inLanguage":"es-AR"},{"@type":"Organization","@id":"https:\/\/blogdiario.info\/magazine\/#organization","name":"Guzzo Photos & Graphic Publications","url":"https:\/\/blogdiario.info\/magazine\/","logo":{"@type":"ImageObject","inLanguage":"es-AR","@id":"https:\/\/blogdiario.info\/magazine\/#\/schema\/logo\/image\/","url":"https:\/\/blogdiario.info\/magazine\/images\/2020\/01\/cropped-blogdia_magazine.jpg","contentUrl":"https:\/\/blogdiario.info\/magazine\/images\/2020\/01\/cropped-blogdia_magazine.jpg","width":589,"height":55,"caption":"Guzzo Photos & Graphic Publications"},"image":{"@id":"https:\/\/blogdiario.info\/magazine\/#\/schema\/logo\/image\/"}},{"@type":"Person","@id":"https:\/\/blogdiario.info\/magazine\/#\/schema\/person\/b2422fe85574d945bad55513bb0c7354","name":"World Press Service | Servicio de Prensa Mundial"}]}},"views":406,"_links":{"self":[{"href":"https:\/\/blogdiario.info\/magazine\/wp-json\/wp\/v2\/posts\/866","targetHints":{"allow":["GET"]}}],"collection":[{"href":"https:\/\/blogdiario.info\/magazine\/wp-json\/wp\/v2\/posts"}],"about":[{"href":"https:\/\/blogdiario.info\/magazine\/wp-json\/wp\/v2\/types\/post"}],"author":[{"embeddable":true,"href":"https:\/\/blogdiario.info\/magazine\/wp-json\/wp\/v2\/users\/1"}],"replies":[{"embeddable":true,"href":"https:\/\/blogdiario.info\/magazine\/wp-json\/wp\/v2\/comments?post=866"}],"version-history":[{"count":0,"href":"https:\/\/blogdiario.info\/magazine\/wp-json\/wp\/v2\/posts\/866\/revisions"}],"wp:featuredmedia":[{"embeddable":true,"href":"https:\/\/blogdiario.info\/magazine\/wp-json\/wp\/v2\/media\/869"}],"wp:attachment":[{"href":"https:\/\/blogdiario.info\/magazine\/wp-json\/wp\/v2\/media?parent=866"}],"wp:term":[{"taxonomy":"category","embeddable":true,"href":"https:\/\/blogdiario.info\/magazine\/wp-json\/wp\/v2\/categories?post=866"},{"taxonomy":"post_tag","embeddable":true,"href":"https:\/\/blogdiario.info\/magazine\/wp-json\/wp\/v2\/tags?post=866"}],"curies":[{"name":"wp","href":"https:\/\/api.w.org\/{rel}","templated":true}]}}