{"id":835,"date":"2023-08-14T21:53:00","date_gmt":"2023-08-15T00:53:00","guid":{"rendered":"https:\/\/blogdiario.info\/magazine\/?p=835"},"modified":"2023-08-18T16:32:50","modified_gmt":"2023-08-18T19:32:50","slug":"largentina-potrebbe-avere-il-suo-primo-presidente-libertario","status":"publish","type":"post","link":"https:\/\/blogdiario.info\/magazine\/2023\/08\/14\/largentina-potrebbe-avere-il-suo-primo-presidente-libertario\/","title":{"rendered":"L&#8217;Argentina potrebbe avere il suo primo presidente libertario"},"content":{"rendered":"\n<figure class=\"wp-block-image size-full\"><img loading=\"lazy\" decoding=\"async\" width=\"600\" height=\"337\" src=\"https:\/\/blogdiario.info\/magazine\/images\/2023\/08\/mileycov20230818.jpg\" alt=\"\" class=\"wp-image-844\" srcset=\"https:\/\/blogdiario.info\/magazine\/images\/2023\/08\/mileycov20230818.jpg 600w, https:\/\/blogdiario.info\/magazine\/images\/2023\/08\/mileycov20230818-300x169.jpg 300w\" sizes=\"auto, (max-width: 600px) 100vw, 600px\" \/><figcaption class=\"wp-element-caption\">Javier Milei, un radicale, ha ottenuto il maggior numero di voti nelle primarie in vista delle elezioni generali<\/figcaption><\/figure>\n\n\n\n<p>Argentina, 14\/08\/2023<br>Il rock duro risuonava dagli altoparlanti mentre 10.000 fan applaudivano. L&#8217;immagine di un leone ruggente circondato dal fuoco illuminava lo schermo. Saltando sul palco, un uomo con una giacca di pelle ha scatenato la folla. &#8220;Io sono il leone!&#8221;, ha gridato. &#8220;Sono il re di un mondo perduto!&#8221;. Non era un concerto rock. L&#8217;oratore era Javier Milei, un libertario che spera di diventare il prossimo presidente argentino, durante un recente comizio. Il 13 agosto Milei ha ottenuto il maggior numero di voti nelle primarie nazionali, in cui gli argentini hanno scelto i candidati che parteciperanno alle elezioni presidenziali e legislative previste per il 22 ottobre, e il candidato pi\u00f9 votato di ciascun partito passer\u00e0 al voto principale. Poich\u00e9 il voto \u00e8 obbligatorio, il sondaggio \u00e8 ampiamente considerato come il miglior indicatore di chi potrebbe vincere la presidenza.<\/p>\n\n\n\n<p>I sondaggi d&#8217;opinione argentini, notoriamente inaffidabili, avevano previsto che &#8220;Insieme per il Cambiamento&#8221;, una coalizione di centro-destra, avrebbe preso il maggior numero di voti, divisi tra i suoi principali contendenti. Si tratta di Horacio Rodr\u00edguez Larreta, sindaco di Buenos Aires, un moderato, e Patricia Bullrich, ex ministro della Sicurezza, un&#8217;estremista. Sergio Massa, il principale candidato del partito peronista in carica, avrebbe dovuto ottenere un terzo dei voti e Milei solo un quinto. Invece Milei ha ottenuto il 30% dei voti espressi, contro il 28% di Bullrich e Larreta. I peronisti al governo hanno ottenuto il 27%. Milei \u00e8 stato in testa in 16 delle 24 province.<\/p>\n\n\n\n<p>Prima di essere eletto al Congresso nel 2021, Milei ha lavorato come consulente e professore di economia. Si definisce un outsider. All&#8217;annuncio dei risultati ha promesso di &#8220;porre fine alla casta politica inutile, parassitaria e criminale che sta affondando questo Paese&#8221;. L&#8217;Argentina \u00e8 stata gestita male da un governo di sinistra per gran parte degli ultimi due decenni. Anche l&#8217;ultima volta che Insieme per il Cambiamento \u00e8 stato in carica, dal 2015 al 2019, \u00e8 finita in crisi. Nei comizi i suoi sostenitori cantano &#8220;Sbarazzatevi di tutti!&#8221;.<\/p>\n\n\n\n<p>Il suo sostegno deriva dalla frustrazione degli argentini per la cronica disfunzione economica del Paese. L&#8217;inflazione annuale \u00e8 del 113%, pi\u00f9 alta che in qualsiasi altra parte del mondo, ad eccezione di Venezuela, Zimbabwe e Libano. Le tasse schiaccianti portano molte imprese a operare in nero. I controlli sui capitali rendono difficile per gli argentini acquistare legalmente dollari, la valuta in cui preferiscono risparmiare.<\/p>\n\n\n\n<p>Questo ha portato a un enorme mercato nero dei biglietti verdi, il cui prezzo \u00e8 un buon indicatore dello stato dell&#8217;economia. Fino al sondaggio, un dollaro sul mercato nero costava circa 600 pesos, il doppio rispetto a un anno fa (il tasso ufficiale era la met\u00e0). A questo momento, il dollaro del mercato nero ha raggiunto la cifra record di 780. I timori di una maggiore incertezza politica hanno indotto la banca centrale a svalutare il tasso ufficiale del peso del 18% e ad aumentare il tasso d&#8217;interesse di 21 punti percentuali, portandolo al 118%. \u00c8 probabile che la svalutazione eserciti un&#8217;ulteriore pressione al rialzo sull&#8217;inflazione.<\/p>\n\n\n\n<p><strong>Il ruggito di un leone<\/strong><\/p>\n\n\n\n<p>Il Paese ha contratto un prestito di 57 miliardi di dollari con il FMI nel 2018. Il Fondo aveva gi\u00e0 erogato 44 miliardi di dollari quando \u00e8 emerso che l&#8217;Argentina non sarebbe stata in grado di ripagarli. Il prestito \u00e8 stato quindi rinegoziato nel 2022. Il Fondo ha richiesto all&#8217;Argentina di ridurre il deficit primario, di aumentare le riserve nette di valuta estera presso la banca centrale e di ridurre la quantit\u00e0 di denaro che la banca centrale stampa per finanziare il deficit di bilancio del governo.<\/p>\n\n\n\n<p>L&#8217;Argentina non \u00e8 stata in grado di raggiungere gli obiettivi, in parte perch\u00e9 la siccit\u00e0 record di quest&#8217;anno ha danneggiato le esportazioni. Si stima che le riserve nette siano in rosso per oltre 8 miliardi di dollari. A luglio il FMI e l&#8217;Argentina hanno raggiunto un nuovo accordo che ha ridotto l&#8217;ammontare delle riserve internazionali che la banca centrale deve accumulare quest&#8217;anno, da 8 a 1 miliardo di dollari. Ma \u00e8 stato mantenuto l&#8217;obiettivo dell&#8217;1,9% per il disavanzo primario (che \u00e8 sulla buona strada per raggiungere il 2,4%). Il cattivo risultato elettorale di Massa significa che il governo ha ancora meno probabilit\u00e0 di effettuare i tagli alla spesa necessari per raggiungere gli obiettivi del FMI.<\/p>\n\n\n\n<p>Al contrario, Milei ha recentemente dichiarato che gli obiettivi di taglio della spesa del FMI sono &#8220;minuscoli rispetto al pacchetto di austerit\u00e0 che propongo&#8221;. Egli vuole eliminare dieci dei 18 ministeri attualmente esistenti (compreso il ministero dell&#8217;Istruzione), tagliare la spesa del 15% del PIL e abolire i controlli sui capitali. Vuole inoltre aprire ulteriormente il Paese al commercio estero e privatizzare le aziende statali in deficit. (L&#8217;Argentina ha 34 aziende statali, il cui deficit complessivo ammonta a circa l&#8217;1% del PIL).<\/p>\n\n\n\n<p>La sua idea pi\u00f9 radicale \u00e8 quella di dollarizzare l&#8217;economia e, a suo dire, &#8220;far saltare&#8221; la banca centrale. Emilio Ocampo, ex banchiere d&#8217;investimento e architetto del piano di dollarizzazione, spiega che per un periodo ancora da definire sia il peso che il dollaro avrebbero corso legale. Per raccogliere i circa 32 miliardi di dollari che, secondo i calcoli di Ocampo, sarebbero necessari per scambiare i pesos del sistema bancario con i dollari, il governo istituirebbe un fondo in un Paese OCSE a bassa tassazione. Tale fondo deterrebbe beni argentini, come le azioni della YPF (l&#8217;azienda petrolifera statale) e i beni appartenenti al fondo pensionistico statale. Questi servirebbero come garanzia per l&#8217;emissione di debito a breve termine sui mercati internazionali dei capitali.<\/p>\n\n\n\n<p><strong>Datemi i biglietti verdi<\/strong><\/p>\n\n\n\n<p>I sostenitori della dollarizzazione sostengono che in questo modo si renderebbe legale ci\u00f2 che sta gi\u00e0 accadendo. Si ritiene che gli argentini detengano pi\u00f9 dollari a testa, all&#8217;estero o nascosti sotto i materassi, dei cittadini di quasi tutti gli altri Paesi al di fuori degli Stati Uniti. Risparmiano, acquistano propriet\u00e0 e fissano i prezzi in dollari.<\/p>\n\n\n\n<p>Tuttavia, alcuni economisti sono scettici. Sostengono che, sebbene la dollarizzazione possa ridurre l&#8217;inflazione, potrebbe non mantenere la promessa di fermare la spesa pubblica eccessiva. In alcune forme di dollarizzazione, sia il governo che le banche potrebbero comunque accumulare debiti eccessivi denominati in dollari. Negli anni &#8217;90 il peso \u00e8 stato ancorato al dollaro, ma nel 2001 l&#8217;esperimento \u00e8 fallito con una corsa alle banche, una profonda recessione e cinque presidenti in 12 giorni.<\/p>\n\n\n\n<p>I critici temono che sar\u00e0 difficile raccogliere i 32 miliardi di dollari necessari per convertire i pesos nel sistema bancario. Un dollaro forte renderebbe inoltre pi\u00f9 costose le esportazioni argentine e aumenterebbe la domanda di importazioni. Questo potrebbe portare a una crisi della bilancia dei pagamenti.<\/p>\n\n\n\n<p>Il radicalismo di Milei va oltre l&#8217;economia. Ha promesso di vietare l&#8217;aborto, di permettere agli argentini di portare liberamente le armi e di legalizzare il mercato degli organi umani. Definisce il cambiamento climatico una &#8220;menzogna socialista&#8221;. Pu\u00f2 essere imprevedibile. Nel suo primo anno da deputato al Congresso \u00e8 stato assente a met\u00e0 delle sessioni in cui si votavano i progetti di legge. Gli alleati lamentano il fatto che non ascolti il suo team economico, confidando nella propria esperienza. Sua sorella Karina, che lui ha paragonato a Mos\u00e8, gestisce la sua campagna elettorale. &#8220;Come funzioner\u00e0 il ministero dell&#8217;Economia se non delega i lavori?&#8221;, si chiede un consigliere.<\/p>\n\n\n\n<p>Sebbene si definisca un libertario, Milei attrae molti elettori di estrema destra. Negli anni &#8217;90 \u00e8 stato per breve tempo consigliere di Antonio Bussi, deputato ed ex ufficiale militare poi condannato per crimini contro l&#8217;umanit\u00e0 commessi durante la dittatura militare argentina. Il figlio di Bussi \u00e8 in corsa per diventare deputato del partito di Milei. Jair Bolsonaro, ex presidente brasiliano di destra, \u00e8 un fan di Milei. Ha anche stretti legami con Vox, un partito nazionalista spagnolo.<\/p>\n\n\n\n<p>Se Milei dovesse vincere, potrebbe avere difficolt\u00e0 a governare. Attualmente la sua coalizione ha solo due seggi su 257 al Congresso e nessuno al Senato, anche se al primo turno delle elezioni saranno in palio 130 seggi al Congresso e un terzo del Senato. Juan Cruz D\u00edaz del Gruppo Cefeidas, una societ\u00e0 di consulenza di Buenos Aires, ritiene che la forte affermazione di Milei nelle province significhi che potrebbe ottenere almeno 30 deputati eletti al Congresso, anche se questo non lo porter\u00e0 molto lontano. Molte delle sue politiche provocherebbero sofferenze a breve termine, come l&#8217;alto tasso di disoccupazione. Questo potrebbe aumentare il malcontento sociale.<\/p>\n\n\n\n<p>Di recente si sono uniti alla sua squadra diversi pesi massimi, come Roque Fern\u00e1ndez, ex ministro dell&#8217;Economia, e Diana Mondino, un&#8217;economista che lavorava per l&#8217;agenzia di rating Standard &amp; Poors. Secondo D\u00edaz, &#8220;parlano la lingua di cui si fidano gli investitori&#8221;.<\/p>\n\n\n\n<p>Ma la strada verso la presidenza \u00e8 ancora incerta. Non \u00e8 chiaro quanti altri elettori Milei sar\u00e0 in grado di attrarre. La signora Bullrich, che ora \u00e8 la candidata di &#8220;Insieme per il Cambiamento&#8221;, cercher\u00e0 di staccare i suoi sostenitori. L&#8217;onorevole Massa potrebbe trarre vantaggio dalla lotta tra i due, facendo appello ai moderati. Se nessun candidato otterr\u00e0 almeno il 45% dei voti, o il 40% con un margine di dieci punti sul secondo classificato, le elezioni andranno al ballottaggio. Il 53\u00b0 compleanno di Milei coincide con il primo turno. Il suo regalo potrebbe essere il compito di ricostruire un Paese distrutto.<br><br><small>Copyright \u00a9 2023 ElCanillita.info \/ BlogDiario.info &#8211; SalaStampa.Eu, servicio mundial de prensa <\/small><\/p>\n","protected":false},"excerpt":{"rendered":"<p>Prima di essere eletto al Congresso nel 2021, Milei ha lavorato come consulente e professore di economia. Si definisce un outsider. All&#8217;annuncio dei risultati ha promesso di &#8220;porre fine alla casta politica inutile, parassitaria e criminale che sta affondando questo Paese&#8221;.sider.<\/p>\n","protected":false},"author":1,"featured_media":841,"comment_status":"closed","ping_status":"closed","sticky":false,"template":"","format":"standard","meta":{"footnotes":"","_links_to":"","_links_to_target":""},"categories":[97,61,15,18],"tags":[23],"class_list":["post-835","post","type-post","status-publish","format-standard","has-post-thumbnail","hentry","category-elcanillita","category-attualita","category-economia-ita","category-politica-ita","tag-argentina","entry","rows"],"yoast_head":"<!-- This site is optimized with the Yoast SEO plugin v27.4 - https:\/\/yoast.com\/product\/yoast-seo-wordpress\/ -->\n<title>L&#039;Argentina potrebbe avere il suo primo presidente libertario - BlogDiario Magazine<\/title>\n<meta name=\"description\" content=\"Prima di essere eletto al Congresso nel 2021, Milei ha lavorato come consulente e professore di economia. Si definisce un outsider. All&#039;annuncio dei risultati ha promesso di &quot;porre fine alla casta politica inutile, parassitaria e criminale che sta affondando questo Paese&quot;.\" \/>\n<meta name=\"robots\" content=\"index, follow, max-snippet:-1, max-image-preview:large, max-video-preview:-1\" \/>\n<link rel=\"canonical\" href=\"https:\/\/blogdiario.info\/magazine\/2023\/08\/14\/largentina-potrebbe-avere-il-suo-primo-presidente-libertario\/\" \/>\n<meta property=\"og:locale\" content=\"es_ES\" \/>\n<meta property=\"og:type\" content=\"article\" \/>\n<meta property=\"og:title\" content=\"L&#039;Argentina potrebbe avere il suo primo presidente libertario - BlogDiario Magazine\" \/>\n<meta property=\"og:description\" content=\"Prima di essere eletto al Congresso nel 2021, Milei ha lavorato come consulente e professore di economia. Si definisce un outsider. All&#039;annuncio dei risultati ha promesso di &quot;porre fine alla casta politica inutile, parassitaria e criminale che sta affondando questo Paese&quot;.\" \/>\n<meta property=\"og:url\" content=\"https:\/\/blogdiario.info\/magazine\/2023\/08\/14\/largentina-potrebbe-avere-il-suo-primo-presidente-libertario\/\" \/>\n<meta property=\"og:site_name\" content=\"BlogDiario Magazine\" \/>\n<meta property=\"article:published_time\" content=\"2023-08-15T00:53:00+00:00\" \/>\n<meta property=\"article:modified_time\" content=\"2023-08-18T19:32:50+00:00\" \/>\n<meta property=\"og:image\" content=\"https:\/\/blogdiario.info\/magazine\/images\/2023\/08\/jvmil_cover20230518.jpg\" \/>\n\t<meta property=\"og:image:width\" content=\"600\" \/>\n\t<meta property=\"og:image:height\" content=\"400\" \/>\n\t<meta property=\"og:image:type\" content=\"image\/jpeg\" \/>\n<meta name=\"author\" content=\"World Press Service | Servicio de Prensa Mundial\" \/>\n<meta name=\"twitter:card\" content=\"summary_large_image\" \/>\n<meta name=\"twitter:label1\" content=\"Escrito por\" \/>\n\t<meta name=\"twitter:data1\" content=\"World Press Service | Servicio de Prensa Mundial\" \/>\n\t<meta name=\"twitter:label2\" content=\"Tiempo de lectura\" \/>\n\t<meta name=\"twitter:data2\" content=\"9 minutos\" \/>\n<script type=\"application\/ld+json\" class=\"yoast-schema-graph\">{\"@context\":\"https:\\\/\\\/schema.org\",\"@graph\":[{\"@type\":\"Article\",\"@id\":\"https:\\\/\\\/blogdiario.info\\\/magazine\\\/2023\\\/08\\\/14\\\/largentina-potrebbe-avere-il-suo-primo-presidente-libertario\\\/#article\",\"isPartOf\":{\"@id\":\"https:\\\/\\\/blogdiario.info\\\/magazine\\\/2023\\\/08\\\/14\\\/largentina-potrebbe-avere-il-suo-primo-presidente-libertario\\\/\"},\"author\":{\"name\":\"World Press Service | Servicio de Prensa Mundial\",\"@id\":\"https:\\\/\\\/blogdiario.info\\\/magazine\\\/#\\\/schema\\\/person\\\/b2422fe85574d945bad55513bb0c7354\"},\"headline\":\"L&#8217;Argentina potrebbe avere il suo primo presidente libertario\",\"datePublished\":\"2023-08-15T00:53:00+00:00\",\"dateModified\":\"2023-08-18T19:32:50+00:00\",\"mainEntityOfPage\":{\"@id\":\"https:\\\/\\\/blogdiario.info\\\/magazine\\\/2023\\\/08\\\/14\\\/largentina-potrebbe-avere-il-suo-primo-presidente-libertario\\\/\"},\"wordCount\":1537,\"publisher\":{\"@id\":\"https:\\\/\\\/blogdiario.info\\\/magazine\\\/#organization\"},\"image\":{\"@id\":\"https:\\\/\\\/blogdiario.info\\\/magazine\\\/2023\\\/08\\\/14\\\/largentina-potrebbe-avere-il-suo-primo-presidente-libertario\\\/#primaryimage\"},\"thumbnailUrl\":\"https:\\\/\\\/blogdiario.info\\\/magazine\\\/images\\\/2023\\\/08\\\/jvmil_cover20230518.jpg\",\"keywords\":[\"Argentina\"],\"articleSection\":[\".\",\"Attualit\u00e0\",\"Economia\",\"Politica\"],\"inLanguage\":\"es-AR\"},{\"@type\":\"WebPage\",\"@id\":\"https:\\\/\\\/blogdiario.info\\\/magazine\\\/2023\\\/08\\\/14\\\/largentina-potrebbe-avere-il-suo-primo-presidente-libertario\\\/\",\"url\":\"https:\\\/\\\/blogdiario.info\\\/magazine\\\/2023\\\/08\\\/14\\\/largentina-potrebbe-avere-il-suo-primo-presidente-libertario\\\/\",\"name\":\"L'Argentina potrebbe avere il suo primo presidente libertario - BlogDiario Magazine\",\"isPartOf\":{\"@id\":\"https:\\\/\\\/blogdiario.info\\\/magazine\\\/#website\"},\"primaryImageOfPage\":{\"@id\":\"https:\\\/\\\/blogdiario.info\\\/magazine\\\/2023\\\/08\\\/14\\\/largentina-potrebbe-avere-il-suo-primo-presidente-libertario\\\/#primaryimage\"},\"image\":{\"@id\":\"https:\\\/\\\/blogdiario.info\\\/magazine\\\/2023\\\/08\\\/14\\\/largentina-potrebbe-avere-il-suo-primo-presidente-libertario\\\/#primaryimage\"},\"thumbnailUrl\":\"https:\\\/\\\/blogdiario.info\\\/magazine\\\/images\\\/2023\\\/08\\\/jvmil_cover20230518.jpg\",\"datePublished\":\"2023-08-15T00:53:00+00:00\",\"dateModified\":\"2023-08-18T19:32:50+00:00\",\"description\":\"Prima di essere eletto al Congresso nel 2021, Milei ha lavorato come consulente e professore di economia. Si definisce un outsider. All'annuncio dei risultati ha promesso di \\\"porre fine alla casta politica inutile, parassitaria e criminale che sta affondando questo Paese\\\".\",\"breadcrumb\":{\"@id\":\"https:\\\/\\\/blogdiario.info\\\/magazine\\\/2023\\\/08\\\/14\\\/largentina-potrebbe-avere-il-suo-primo-presidente-libertario\\\/#breadcrumb\"},\"inLanguage\":\"es-AR\",\"potentialAction\":[{\"@type\":\"ReadAction\",\"target\":[\"https:\\\/\\\/blogdiario.info\\\/magazine\\\/2023\\\/08\\\/14\\\/largentina-potrebbe-avere-il-suo-primo-presidente-libertario\\\/\"]}]},{\"@type\":\"ImageObject\",\"inLanguage\":\"es-AR\",\"@id\":\"https:\\\/\\\/blogdiario.info\\\/magazine\\\/2023\\\/08\\\/14\\\/largentina-potrebbe-avere-il-suo-primo-presidente-libertario\\\/#primaryimage\",\"url\":\"https:\\\/\\\/blogdiario.info\\\/magazine\\\/images\\\/2023\\\/08\\\/jvmil_cover20230518.jpg\",\"contentUrl\":\"https:\\\/\\\/blogdiario.info\\\/magazine\\\/images\\\/2023\\\/08\\\/jvmil_cover20230518.jpg\",\"width\":600,\"height\":400},{\"@type\":\"BreadcrumbList\",\"@id\":\"https:\\\/\\\/blogdiario.info\\\/magazine\\\/2023\\\/08\\\/14\\\/largentina-potrebbe-avere-il-suo-primo-presidente-libertario\\\/#breadcrumb\",\"itemListElement\":[{\"@type\":\"ListItem\",\"position\":1,\"name\":\"Home\",\"item\":\"https:\\\/\\\/blogdiario.info\\\/magazine\\\/\"},{\"@type\":\"ListItem\",\"position\":2,\"name\":\"L&#8217;Argentina potrebbe avere il suo primo presidente libertario\"}]},{\"@type\":\"WebSite\",\"@id\":\"https:\\\/\\\/blogdiario.info\\\/magazine\\\/#website\",\"url\":\"https:\\\/\\\/blogdiario.info\\\/magazine\\\/\",\"name\":\"BlogDiario Magazine\",\"description\":\"Suplemento multiling\u00fce de ElCanillita.Info\",\"publisher\":{\"@id\":\"https:\\\/\\\/blogdiario.info\\\/magazine\\\/#organization\"},\"potentialAction\":[{\"@type\":\"SearchAction\",\"target\":{\"@type\":\"EntryPoint\",\"urlTemplate\":\"https:\\\/\\\/blogdiario.info\\\/magazine\\\/?s={search_term_string}\"},\"query-input\":{\"@type\":\"PropertyValueSpecification\",\"valueRequired\":true,\"valueName\":\"search_term_string\"}}],\"inLanguage\":\"es-AR\"},{\"@type\":\"Organization\",\"@id\":\"https:\\\/\\\/blogdiario.info\\\/magazine\\\/#organization\",\"name\":\"Guzzo Photos & Graphic Publications\",\"url\":\"https:\\\/\\\/blogdiario.info\\\/magazine\\\/\",\"logo\":{\"@type\":\"ImageObject\",\"inLanguage\":\"es-AR\",\"@id\":\"https:\\\/\\\/blogdiario.info\\\/magazine\\\/#\\\/schema\\\/logo\\\/image\\\/\",\"url\":\"https:\\\/\\\/blogdiario.info\\\/magazine\\\/images\\\/2020\\\/01\\\/cropped-blogdia_magazine.jpg\",\"contentUrl\":\"https:\\\/\\\/blogdiario.info\\\/magazine\\\/images\\\/2020\\\/01\\\/cropped-blogdia_magazine.jpg\",\"width\":589,\"height\":55,\"caption\":\"Guzzo Photos & Graphic Publications\"},\"image\":{\"@id\":\"https:\\\/\\\/blogdiario.info\\\/magazine\\\/#\\\/schema\\\/logo\\\/image\\\/\"}},{\"@type\":\"Person\",\"@id\":\"https:\\\/\\\/blogdiario.info\\\/magazine\\\/#\\\/schema\\\/person\\\/b2422fe85574d945bad55513bb0c7354\",\"name\":\"World Press Service | Servicio de Prensa Mundial\"}]}<\/script>\n<!-- \/ Yoast SEO plugin. -->","yoast_head_json":{"title":"L'Argentina potrebbe avere il suo primo presidente libertario - BlogDiario Magazine","description":"Prima di essere eletto al Congresso nel 2021, Milei ha lavorato come consulente e professore di economia. Si definisce un outsider. All'annuncio dei risultati ha promesso di \"porre fine alla casta politica inutile, parassitaria e criminale che sta affondando questo Paese\".","robots":{"index":"index","follow":"follow","max-snippet":"max-snippet:-1","max-image-preview":"max-image-preview:large","max-video-preview":"max-video-preview:-1"},"canonical":"https:\/\/blogdiario.info\/magazine\/2023\/08\/14\/largentina-potrebbe-avere-il-suo-primo-presidente-libertario\/","og_locale":"es_ES","og_type":"article","og_title":"L'Argentina potrebbe avere il suo primo presidente libertario - BlogDiario Magazine","og_description":"Prima di essere eletto al Congresso nel 2021, Milei ha lavorato come consulente e professore di economia. Si definisce un outsider. All'annuncio dei risultati ha promesso di \"porre fine alla casta politica inutile, parassitaria e criminale che sta affondando questo Paese\".","og_url":"https:\/\/blogdiario.info\/magazine\/2023\/08\/14\/largentina-potrebbe-avere-il-suo-primo-presidente-libertario\/","og_site_name":"BlogDiario Magazine","article_published_time":"2023-08-15T00:53:00+00:00","article_modified_time":"2023-08-18T19:32:50+00:00","og_image":[{"width":600,"height":400,"url":"https:\/\/blogdiario.info\/magazine\/images\/2023\/08\/jvmil_cover20230518.jpg","type":"image\/jpeg"}],"author":"World Press Service | Servicio de Prensa Mundial","twitter_card":"summary_large_image","twitter_misc":{"Escrito por":"World Press Service | Servicio de Prensa Mundial","Tiempo de lectura":"9 minutos"},"schema":{"@context":"https:\/\/schema.org","@graph":[{"@type":"Article","@id":"https:\/\/blogdiario.info\/magazine\/2023\/08\/14\/largentina-potrebbe-avere-il-suo-primo-presidente-libertario\/#article","isPartOf":{"@id":"https:\/\/blogdiario.info\/magazine\/2023\/08\/14\/largentina-potrebbe-avere-il-suo-primo-presidente-libertario\/"},"author":{"name":"World Press Service | Servicio de Prensa Mundial","@id":"https:\/\/blogdiario.info\/magazine\/#\/schema\/person\/b2422fe85574d945bad55513bb0c7354"},"headline":"L&#8217;Argentina potrebbe avere il suo primo presidente libertario","datePublished":"2023-08-15T00:53:00+00:00","dateModified":"2023-08-18T19:32:50+00:00","mainEntityOfPage":{"@id":"https:\/\/blogdiario.info\/magazine\/2023\/08\/14\/largentina-potrebbe-avere-il-suo-primo-presidente-libertario\/"},"wordCount":1537,"publisher":{"@id":"https:\/\/blogdiario.info\/magazine\/#organization"},"image":{"@id":"https:\/\/blogdiario.info\/magazine\/2023\/08\/14\/largentina-potrebbe-avere-il-suo-primo-presidente-libertario\/#primaryimage"},"thumbnailUrl":"https:\/\/blogdiario.info\/magazine\/images\/2023\/08\/jvmil_cover20230518.jpg","keywords":["Argentina"],"articleSection":[".","Attualit\u00e0","Economia","Politica"],"inLanguage":"es-AR"},{"@type":"WebPage","@id":"https:\/\/blogdiario.info\/magazine\/2023\/08\/14\/largentina-potrebbe-avere-il-suo-primo-presidente-libertario\/","url":"https:\/\/blogdiario.info\/magazine\/2023\/08\/14\/largentina-potrebbe-avere-il-suo-primo-presidente-libertario\/","name":"L'Argentina potrebbe avere il suo primo presidente libertario - BlogDiario Magazine","isPartOf":{"@id":"https:\/\/blogdiario.info\/magazine\/#website"},"primaryImageOfPage":{"@id":"https:\/\/blogdiario.info\/magazine\/2023\/08\/14\/largentina-potrebbe-avere-il-suo-primo-presidente-libertario\/#primaryimage"},"image":{"@id":"https:\/\/blogdiario.info\/magazine\/2023\/08\/14\/largentina-potrebbe-avere-il-suo-primo-presidente-libertario\/#primaryimage"},"thumbnailUrl":"https:\/\/blogdiario.info\/magazine\/images\/2023\/08\/jvmil_cover20230518.jpg","datePublished":"2023-08-15T00:53:00+00:00","dateModified":"2023-08-18T19:32:50+00:00","description":"Prima di essere eletto al Congresso nel 2021, Milei ha lavorato come consulente e professore di economia. Si definisce un outsider. All'annuncio dei risultati ha promesso di \"porre fine alla casta politica inutile, parassitaria e criminale che sta affondando questo Paese\".","breadcrumb":{"@id":"https:\/\/blogdiario.info\/magazine\/2023\/08\/14\/largentina-potrebbe-avere-il-suo-primo-presidente-libertario\/#breadcrumb"},"inLanguage":"es-AR","potentialAction":[{"@type":"ReadAction","target":["https:\/\/blogdiario.info\/magazine\/2023\/08\/14\/largentina-potrebbe-avere-il-suo-primo-presidente-libertario\/"]}]},{"@type":"ImageObject","inLanguage":"es-AR","@id":"https:\/\/blogdiario.info\/magazine\/2023\/08\/14\/largentina-potrebbe-avere-il-suo-primo-presidente-libertario\/#primaryimage","url":"https:\/\/blogdiario.info\/magazine\/images\/2023\/08\/jvmil_cover20230518.jpg","contentUrl":"https:\/\/blogdiario.info\/magazine\/images\/2023\/08\/jvmil_cover20230518.jpg","width":600,"height":400},{"@type":"BreadcrumbList","@id":"https:\/\/blogdiario.info\/magazine\/2023\/08\/14\/largentina-potrebbe-avere-il-suo-primo-presidente-libertario\/#breadcrumb","itemListElement":[{"@type":"ListItem","position":1,"name":"Home","item":"https:\/\/blogdiario.info\/magazine\/"},{"@type":"ListItem","position":2,"name":"L&#8217;Argentina potrebbe avere il suo primo presidente libertario"}]},{"@type":"WebSite","@id":"https:\/\/blogdiario.info\/magazine\/#website","url":"https:\/\/blogdiario.info\/magazine\/","name":"BlogDiario Magazine","description":"Suplemento multiling\u00fce de ElCanillita.Info","publisher":{"@id":"https:\/\/blogdiario.info\/magazine\/#organization"},"potentialAction":[{"@type":"SearchAction","target":{"@type":"EntryPoint","urlTemplate":"https:\/\/blogdiario.info\/magazine\/?s={search_term_string}"},"query-input":{"@type":"PropertyValueSpecification","valueRequired":true,"valueName":"search_term_string"}}],"inLanguage":"es-AR"},{"@type":"Organization","@id":"https:\/\/blogdiario.info\/magazine\/#organization","name":"Guzzo Photos & Graphic Publications","url":"https:\/\/blogdiario.info\/magazine\/","logo":{"@type":"ImageObject","inLanguage":"es-AR","@id":"https:\/\/blogdiario.info\/magazine\/#\/schema\/logo\/image\/","url":"https:\/\/blogdiario.info\/magazine\/images\/2020\/01\/cropped-blogdia_magazine.jpg","contentUrl":"https:\/\/blogdiario.info\/magazine\/images\/2020\/01\/cropped-blogdia_magazine.jpg","width":589,"height":55,"caption":"Guzzo Photos & Graphic Publications"},"image":{"@id":"https:\/\/blogdiario.info\/magazine\/#\/schema\/logo\/image\/"}},{"@type":"Person","@id":"https:\/\/blogdiario.info\/magazine\/#\/schema\/person\/b2422fe85574d945bad55513bb0c7354","name":"World Press Service | Servicio de Prensa Mundial"}]}},"views":833,"_links":{"self":[{"href":"https:\/\/blogdiario.info\/magazine\/wp-json\/wp\/v2\/posts\/835","targetHints":{"allow":["GET"]}}],"collection":[{"href":"https:\/\/blogdiario.info\/magazine\/wp-json\/wp\/v2\/posts"}],"about":[{"href":"https:\/\/blogdiario.info\/magazine\/wp-json\/wp\/v2\/types\/post"}],"author":[{"embeddable":true,"href":"https:\/\/blogdiario.info\/magazine\/wp-json\/wp\/v2\/users\/1"}],"replies":[{"embeddable":true,"href":"https:\/\/blogdiario.info\/magazine\/wp-json\/wp\/v2\/comments?post=835"}],"version-history":[{"count":0,"href":"https:\/\/blogdiario.info\/magazine\/wp-json\/wp\/v2\/posts\/835\/revisions"}],"wp:featuredmedia":[{"embeddable":true,"href":"https:\/\/blogdiario.info\/magazine\/wp-json\/wp\/v2\/media\/841"}],"wp:attachment":[{"href":"https:\/\/blogdiario.info\/magazine\/wp-json\/wp\/v2\/media?parent=835"}],"wp:term":[{"taxonomy":"category","embeddable":true,"href":"https:\/\/blogdiario.info\/magazine\/wp-json\/wp\/v2\/categories?post=835"},{"taxonomy":"post_tag","embeddable":true,"href":"https:\/\/blogdiario.info\/magazine\/wp-json\/wp\/v2\/tags?post=835"}],"curies":[{"name":"wp","href":"https:\/\/api.w.org\/{rel}","templated":true}]}}