{"id":827,"date":"2023-08-06T16:57:58","date_gmt":"2023-08-06T19:57:58","guid":{"rendered":"https:\/\/blogdiario.info\/magazine\/?p=827"},"modified":"2023-08-10T10:22:41","modified_gmt":"2023-08-10T13:22:41","slug":"cristianismo-crisis-de-fe","status":"publish","type":"post","link":"https:\/\/blogdiario.info\/magazine\/2023\/08\/06\/cristianismo-crisis-de-fe\/","title":{"rendered":"Cristianismo, crisis de fe"},"content":{"rendered":"\n<figure class=\"wp-block-video\"><video controls src=\"https:\/\/blogdiario.info\/magazine\/images\/2023\/08\/pope23.m4v\"><\/video><\/figure>\n\n\n<p><span class=\"h\"><span data-id=\"4ObzbDY\">A\u00fan<\/span><\/span> cuando Dios aparezca en las letras de la cantante espa\u00f1ola Rosal\u00eda, la religi\u00f3n cat\u00f3lica est\u00e1 dejando de predominar en terminos de popularidad. Los j\u00f3venes buscan nuevas formas de espiritualidad o directamente abandonan las creencias de sus padres y abuelos. Veamos los esfuerzos de la Iglesia para conservar a los feligreses. Cambio de aires, uso de las redes sociales y un Papa que ya es un icono pop. \u00bfFunciona?<\/p>\n\n\n<p>ARTE Europa Semanal<br>Francia  2023<br><br><small>Copyright \u00a9 2023 BlogDiario.info &#8211; SalaStampa.Eu, servicio mundial de prensa <\/small> <\/p>\n","protected":false},"excerpt":{"rendered":"<p>La religi\u00f3n cat\u00f3lica est\u00e1 dejando de predominar en terminos de popularidad.<\/p>\n","protected":false},"author":1,"featured_media":828,"comment_status":"closed","ping_status":"closed","sticky":false,"template":"","format":"standard","meta":{"footnotes":"","_links_to":"","_links_to_target":""},"categories":[97,62,43],"tags":[103],"class_list":["post-827","post","type-post","status-publish","format-standard","has-post-thumbnail","hentry","category-elcanillita","category-actualidad","category-sociedad","tag-europa","entry","rows"],"yoast_head":"<!-- This site is optimized with the Yoast SEO plugin v27.4 - https:\/\/yoast.com\/product\/yoast-seo-wordpress\/ -->\n<title>Cristianismo, crisis de fe - BlogDiario Magazine<\/title>\n<meta name=\"description\" content=\"A\u00fan cuando Dios aparezca en las letras de la cantante espa\u00f1ola Rosal\u00eda, la religi\u00f3n cat\u00f3lica est\u00e1 dejando de predominar en terminos de popularidad.\" \/>\n<meta name=\"robots\" content=\"index, follow, max-snippet:-1, max-image-preview:large, max-video-preview:-1\" \/>\n<link rel=\"canonical\" href=\"https:\/\/blogdiario.info\/magazine\/2023\/08\/06\/cristianismo-crisis-de-fe\/\" \/>\n<meta property=\"og:locale\" content=\"es_ES\" \/>\n<meta property=\"og:type\" content=\"article\" \/>\n<meta property=\"og:title\" content=\"Cristianismo, crisis de fe - BlogDiario Magazine\" \/>\n<meta property=\"og:description\" content=\"A\u00fan cuando Dios aparezca en las letras de la cantante espa\u00f1ola Rosal\u00eda, la religi\u00f3n cat\u00f3lica est\u00e1 dejando de predominar en terminos de popularidad.\" \/>\n<meta property=\"og:url\" content=\"https:\/\/blogdiario.info\/magazine\/2023\/08\/06\/cristianismo-crisis-de-fe\/\" \/>\n<meta property=\"og:site_name\" content=\"BlogDiario Magazine\" \/>\n<meta property=\"article:published_time\" content=\"2023-08-06T19:57:58+00:00\" \/>\n<meta property=\"article:modified_time\" content=\"2023-08-10T13:22:41+00:00\" \/>\n<meta property=\"og:image\" content=\"https:\/\/blogdiario.info\/magazine\/images\/2023\/08\/francisco_20230806.jpg\" \/>\n\t<meta property=\"og:image:width\" content=\"600\" \/>\n\t<meta property=\"og:image:height\" content=\"337\" \/>\n\t<meta property=\"og:image:type\" content=\"image\/jpeg\" \/>\n<meta name=\"author\" content=\"World Press Service | Servicio de Prensa Mundial\" \/>\n<meta name=\"twitter:card\" content=\"summary_large_image\" \/>\n<meta name=\"twitter:label1\" content=\"Escrito por\" \/>\n\t<meta name=\"twitter:data1\" content=\"World Press Service | Servicio de Prensa Mundial\" \/>\n\t<meta name=\"twitter:label2\" content=\"Tiempo de lectura\" \/>\n\t<meta name=\"twitter:data2\" content=\"1 minuto\" \/>\n<script type=\"application\/ld+json\" class=\"yoast-schema-graph\">{\"@context\":\"https:\\\/\\\/schema.org\",\"@graph\":[{\"@type\":\"Article\",\"@id\":\"https:\\\/\\\/blogdiario.info\\\/magazine\\\/2023\\\/08\\\/06\\\/cristianismo-crisis-de-fe\\\/#article\",\"isPartOf\":{\"@id\":\"https:\\\/\\\/blogdiario.info\\\/magazine\\\/2023\\\/08\\\/06\\\/cristianismo-crisis-de-fe\\\/\"},\"author\":{\"name\":\"World Press Service | Servicio de Prensa Mundial\",\"@id\":\"https:\\\/\\\/blogdiario.info\\\/magazine\\\/#\\\/schema\\\/person\\\/b2422fe85574d945bad55513bb0c7354\"},\"headline\":\"Cristianismo, crisis de fe\",\"datePublished\":\"2023-08-06T19:57:58+00:00\",\"dateModified\":\"2023-08-10T13:22:41+00:00\",\"mainEntityOfPage\":{\"@id\":\"https:\\\/\\\/blogdiario.info\\\/magazine\\\/2023\\\/08\\\/06\\\/cristianismo-crisis-de-fe\\\/\"},\"wordCount\":92,\"publisher\":{\"@id\":\"https:\\\/\\\/blogdiario.info\\\/magazine\\\/#organization\"},\"image\":{\"@id\":\"https:\\\/\\\/blogdiario.info\\\/magazine\\\/2023\\\/08\\\/06\\\/cristianismo-crisis-de-fe\\\/#primaryimage\"},\"thumbnailUrl\":\"https:\\\/\\\/blogdiario.info\\\/magazine\\\/images\\\/2023\\\/08\\\/francisco_20230806.jpg\",\"keywords\":[\"Europa\"],\"articleSection\":[\".\",\"Actualidad\",\"Sociedad\"],\"inLanguage\":\"es-AR\"},{\"@type\":\"WebPage\",\"@id\":\"https:\\\/\\\/blogdiario.info\\\/magazine\\\/2023\\\/08\\\/06\\\/cristianismo-crisis-de-fe\\\/\",\"url\":\"https:\\\/\\\/blogdiario.info\\\/magazine\\\/2023\\\/08\\\/06\\\/cristianismo-crisis-de-fe\\\/\",\"name\":\"Cristianismo, crisis de fe - BlogDiario Magazine\",\"isPartOf\":{\"@id\":\"https:\\\/\\\/blogdiario.info\\\/magazine\\\/#website\"},\"primaryImageOfPage\":{\"@id\":\"https:\\\/\\\/blogdiario.info\\\/magazine\\\/2023\\\/08\\\/06\\\/cristianismo-crisis-de-fe\\\/#primaryimage\"},\"image\":{\"@id\":\"https:\\\/\\\/blogdiario.info\\\/magazine\\\/2023\\\/08\\\/06\\\/cristianismo-crisis-de-fe\\\/#primaryimage\"},\"thumbnailUrl\":\"https:\\\/\\\/blogdiario.info\\\/magazine\\\/images\\\/2023\\\/08\\\/francisco_20230806.jpg\",\"datePublished\":\"2023-08-06T19:57:58+00:00\",\"dateModified\":\"2023-08-10T13:22:41+00:00\",\"description\":\"A\u00fan cuando Dios aparezca en las letras de la cantante espa\u00f1ola Rosal\u00eda, la religi\u00f3n cat\u00f3lica est\u00e1 dejando de predominar en terminos de popularidad.\",\"breadcrumb\":{\"@id\":\"https:\\\/\\\/blogdiario.info\\\/magazine\\\/2023\\\/08\\\/06\\\/cristianismo-crisis-de-fe\\\/#breadcrumb\"},\"inLanguage\":\"es-AR\",\"potentialAction\":[{\"@type\":\"ReadAction\",\"target\":[\"https:\\\/\\\/blogdiario.info\\\/magazine\\\/2023\\\/08\\\/06\\\/cristianismo-crisis-de-fe\\\/\"]}]},{\"@type\":\"ImageObject\",\"inLanguage\":\"es-AR\",\"@id\":\"https:\\\/\\\/blogdiario.info\\\/magazine\\\/2023\\\/08\\\/06\\\/cristianismo-crisis-de-fe\\\/#primaryimage\",\"url\":\"https:\\\/\\\/blogdiario.info\\\/magazine\\\/images\\\/2023\\\/08\\\/francisco_20230806.jpg\",\"contentUrl\":\"https:\\\/\\\/blogdiario.info\\\/magazine\\\/images\\\/2023\\\/08\\\/francisco_20230806.jpg\",\"width\":600,\"height\":337},{\"@type\":\"BreadcrumbList\",\"@id\":\"https:\\\/\\\/blogdiario.info\\\/magazine\\\/2023\\\/08\\\/06\\\/cristianismo-crisis-de-fe\\\/#breadcrumb\",\"itemListElement\":[{\"@type\":\"ListItem\",\"position\":1,\"name\":\"Home\",\"item\":\"https:\\\/\\\/blogdiario.info\\\/magazine\\\/\"},{\"@type\":\"ListItem\",\"position\":2,\"name\":\"Cristianismo, crisis de fe\"}]},{\"@type\":\"WebSite\",\"@id\":\"https:\\\/\\\/blogdiario.info\\\/magazine\\\/#website\",\"url\":\"https:\\\/\\\/blogdiario.info\\\/magazine\\\/\",\"name\":\"BlogDiario Magazine\",\"description\":\"Suplemento multiling\u00fce de ElCanillita.Info\",\"publisher\":{\"@id\":\"https:\\\/\\\/blogdiario.info\\\/magazine\\\/#organization\"},\"potentialAction\":[{\"@type\":\"SearchAction\",\"target\":{\"@type\":\"EntryPoint\",\"urlTemplate\":\"https:\\\/\\\/blogdiario.info\\\/magazine\\\/?s={search_term_string}\"},\"query-input\":{\"@type\":\"PropertyValueSpecification\",\"valueRequired\":true,\"valueName\":\"search_term_string\"}}],\"inLanguage\":\"es-AR\"},{\"@type\":\"Organization\",\"@id\":\"https:\\\/\\\/blogdiario.info\\\/magazine\\\/#organization\",\"name\":\"Guzzo Photos & Graphic Publications\",\"url\":\"https:\\\/\\\/blogdiario.info\\\/magazine\\\/\",\"logo\":{\"@type\":\"ImageObject\",\"inLanguage\":\"es-AR\",\"@id\":\"https:\\\/\\\/blogdiario.info\\\/magazine\\\/#\\\/schema\\\/logo\\\/image\\\/\",\"url\":\"https:\\\/\\\/blogdiario.info\\\/magazine\\\/images\\\/2020\\\/01\\\/cropped-blogdia_magazine.jpg\",\"contentUrl\":\"https:\\\/\\\/blogdiario.info\\\/magazine\\\/images\\\/2020\\\/01\\\/cropped-blogdia_magazine.jpg\",\"width\":589,\"height\":55,\"caption\":\"Guzzo Photos & Graphic Publications\"},\"image\":{\"@id\":\"https:\\\/\\\/blogdiario.info\\\/magazine\\\/#\\\/schema\\\/logo\\\/image\\\/\"}},{\"@type\":\"Person\",\"@id\":\"https:\\\/\\\/blogdiario.info\\\/magazine\\\/#\\\/schema\\\/person\\\/b2422fe85574d945bad55513bb0c7354\",\"name\":\"World Press Service | Servicio de Prensa Mundial\"}]}<\/script>\n<!-- \/ Yoast SEO plugin. -->","yoast_head_json":{"title":"Cristianismo, crisis de fe - BlogDiario Magazine","description":"A\u00fan cuando Dios aparezca en las letras de la cantante espa\u00f1ola Rosal\u00eda, la religi\u00f3n cat\u00f3lica est\u00e1 dejando de predominar en terminos de popularidad.","robots":{"index":"index","follow":"follow","max-snippet":"max-snippet:-1","max-image-preview":"max-image-preview:large","max-video-preview":"max-video-preview:-1"},"canonical":"https:\/\/blogdiario.info\/magazine\/2023\/08\/06\/cristianismo-crisis-de-fe\/","og_locale":"es_ES","og_type":"article","og_title":"Cristianismo, crisis de fe - BlogDiario Magazine","og_description":"A\u00fan cuando Dios aparezca en las letras de la cantante espa\u00f1ola Rosal\u00eda, la religi\u00f3n cat\u00f3lica est\u00e1 dejando de predominar en terminos de popularidad.","og_url":"https:\/\/blogdiario.info\/magazine\/2023\/08\/06\/cristianismo-crisis-de-fe\/","og_site_name":"BlogDiario Magazine","article_published_time":"2023-08-06T19:57:58+00:00","article_modified_time":"2023-08-10T13:22:41+00:00","og_image":[{"width":600,"height":337,"url":"https:\/\/blogdiario.info\/magazine\/images\/2023\/08\/francisco_20230806.jpg","type":"image\/jpeg"}],"author":"World Press Service | Servicio de Prensa Mundial","twitter_card":"summary_large_image","twitter_misc":{"Escrito por":"World Press Service | Servicio de Prensa Mundial","Tiempo de lectura":"1 minuto"},"schema":{"@context":"https:\/\/schema.org","@graph":[{"@type":"Article","@id":"https:\/\/blogdiario.info\/magazine\/2023\/08\/06\/cristianismo-crisis-de-fe\/#article","isPartOf":{"@id":"https:\/\/blogdiario.info\/magazine\/2023\/08\/06\/cristianismo-crisis-de-fe\/"},"author":{"name":"World Press Service | Servicio de Prensa Mundial","@id":"https:\/\/blogdiario.info\/magazine\/#\/schema\/person\/b2422fe85574d945bad55513bb0c7354"},"headline":"Cristianismo, crisis de fe","datePublished":"2023-08-06T19:57:58+00:00","dateModified":"2023-08-10T13:22:41+00:00","mainEntityOfPage":{"@id":"https:\/\/blogdiario.info\/magazine\/2023\/08\/06\/cristianismo-crisis-de-fe\/"},"wordCount":92,"publisher":{"@id":"https:\/\/blogdiario.info\/magazine\/#organization"},"image":{"@id":"https:\/\/blogdiario.info\/magazine\/2023\/08\/06\/cristianismo-crisis-de-fe\/#primaryimage"},"thumbnailUrl":"https:\/\/blogdiario.info\/magazine\/images\/2023\/08\/francisco_20230806.jpg","keywords":["Europa"],"articleSection":[".","Actualidad","Sociedad"],"inLanguage":"es-AR"},{"@type":"WebPage","@id":"https:\/\/blogdiario.info\/magazine\/2023\/08\/06\/cristianismo-crisis-de-fe\/","url":"https:\/\/blogdiario.info\/magazine\/2023\/08\/06\/cristianismo-crisis-de-fe\/","name":"Cristianismo, crisis de fe - BlogDiario Magazine","isPartOf":{"@id":"https:\/\/blogdiario.info\/magazine\/#website"},"primaryImageOfPage":{"@id":"https:\/\/blogdiario.info\/magazine\/2023\/08\/06\/cristianismo-crisis-de-fe\/#primaryimage"},"image":{"@id":"https:\/\/blogdiario.info\/magazine\/2023\/08\/06\/cristianismo-crisis-de-fe\/#primaryimage"},"thumbnailUrl":"https:\/\/blogdiario.info\/magazine\/images\/2023\/08\/francisco_20230806.jpg","datePublished":"2023-08-06T19:57:58+00:00","dateModified":"2023-08-10T13:22:41+00:00","description":"A\u00fan cuando Dios aparezca en las letras de la cantante espa\u00f1ola Rosal\u00eda, la religi\u00f3n cat\u00f3lica est\u00e1 dejando de predominar en terminos de popularidad.","breadcrumb":{"@id":"https:\/\/blogdiario.info\/magazine\/2023\/08\/06\/cristianismo-crisis-de-fe\/#breadcrumb"},"inLanguage":"es-AR","potentialAction":[{"@type":"ReadAction","target":["https:\/\/blogdiario.info\/magazine\/2023\/08\/06\/cristianismo-crisis-de-fe\/"]}]},{"@type":"ImageObject","inLanguage":"es-AR","@id":"https:\/\/blogdiario.info\/magazine\/2023\/08\/06\/cristianismo-crisis-de-fe\/#primaryimage","url":"https:\/\/blogdiario.info\/magazine\/images\/2023\/08\/francisco_20230806.jpg","contentUrl":"https:\/\/blogdiario.info\/magazine\/images\/2023\/08\/francisco_20230806.jpg","width":600,"height":337},{"@type":"BreadcrumbList","@id":"https:\/\/blogdiario.info\/magazine\/2023\/08\/06\/cristianismo-crisis-de-fe\/#breadcrumb","itemListElement":[{"@type":"ListItem","position":1,"name":"Home","item":"https:\/\/blogdiario.info\/magazine\/"},{"@type":"ListItem","position":2,"name":"Cristianismo, crisis de fe"}]},{"@type":"WebSite","@id":"https:\/\/blogdiario.info\/magazine\/#website","url":"https:\/\/blogdiario.info\/magazine\/","name":"BlogDiario Magazine","description":"Suplemento multiling\u00fce de ElCanillita.Info","publisher":{"@id":"https:\/\/blogdiario.info\/magazine\/#organization"},"potentialAction":[{"@type":"SearchAction","target":{"@type":"EntryPoint","urlTemplate":"https:\/\/blogdiario.info\/magazine\/?s={search_term_string}"},"query-input":{"@type":"PropertyValueSpecification","valueRequired":true,"valueName":"search_term_string"}}],"inLanguage":"es-AR"},{"@type":"Organization","@id":"https:\/\/blogdiario.info\/magazine\/#organization","name":"Guzzo Photos & Graphic Publications","url":"https:\/\/blogdiario.info\/magazine\/","logo":{"@type":"ImageObject","inLanguage":"es-AR","@id":"https:\/\/blogdiario.info\/magazine\/#\/schema\/logo\/image\/","url":"https:\/\/blogdiario.info\/magazine\/images\/2020\/01\/cropped-blogdia_magazine.jpg","contentUrl":"https:\/\/blogdiario.info\/magazine\/images\/2020\/01\/cropped-blogdia_magazine.jpg","width":589,"height":55,"caption":"Guzzo Photos & Graphic Publications"},"image":{"@id":"https:\/\/blogdiario.info\/magazine\/#\/schema\/logo\/image\/"}},{"@type":"Person","@id":"https:\/\/blogdiario.info\/magazine\/#\/schema\/person\/b2422fe85574d945bad55513bb0c7354","name":"World Press Service | Servicio de Prensa Mundial"}]}},"views":405,"_links":{"self":[{"href":"https:\/\/blogdiario.info\/magazine\/wp-json\/wp\/v2\/posts\/827","targetHints":{"allow":["GET"]}}],"collection":[{"href":"https:\/\/blogdiario.info\/magazine\/wp-json\/wp\/v2\/posts"}],"about":[{"href":"https:\/\/blogdiario.info\/magazine\/wp-json\/wp\/v2\/types\/post"}],"author":[{"embeddable":true,"href":"https:\/\/blogdiario.info\/magazine\/wp-json\/wp\/v2\/users\/1"}],"replies":[{"embeddable":true,"href":"https:\/\/blogdiario.info\/magazine\/wp-json\/wp\/v2\/comments?post=827"}],"version-history":[{"count":0,"href":"https:\/\/blogdiario.info\/magazine\/wp-json\/wp\/v2\/posts\/827\/revisions"}],"wp:featuredmedia":[{"embeddable":true,"href":"https:\/\/blogdiario.info\/magazine\/wp-json\/wp\/v2\/media\/828"}],"wp:attachment":[{"href":"https:\/\/blogdiario.info\/magazine\/wp-json\/wp\/v2\/media?parent=827"}],"wp:term":[{"taxonomy":"category","embeddable":true,"href":"https:\/\/blogdiario.info\/magazine\/wp-json\/wp\/v2\/categories?post=827"},{"taxonomy":"post_tag","embeddable":true,"href":"https:\/\/blogdiario.info\/magazine\/wp-json\/wp\/v2\/tags?post=827"}],"curies":[{"name":"wp","href":"https:\/\/api.w.org\/{rel}","templated":true}]}}