{"id":822,"date":"2023-08-05T09:18:41","date_gmt":"2023-08-05T12:18:41","guid":{"rendered":"https:\/\/blogdiario.info\/magazine\/?p=822"},"modified":"2023-08-05T09:18:46","modified_gmt":"2023-08-05T12:18:46","slug":"las-democracias-del-mundo-bajo-presion","status":"publish","type":"post","link":"https:\/\/blogdiario.info\/magazine\/2023\/08\/05\/las-democracias-del-mundo-bajo-presion\/","title":{"rendered":"Las democracias del mundo, bajo presi\u00f3n"},"content":{"rendered":"\n<figure class=\"wp-block-video\"><video controls src=\"https:\/\/blogdiario.info\/magazine\/images\/2023\/08\/demo.m4v\"><\/video><\/figure>\n\n\n\n<p>Un balance del estado de las democracias en el mundo. \u00bfQu\u00e9 peso tienen los dem\u00f3cratas ante los aut\u00f3cratas? \u00bfPor qu\u00e9 la cuesti\u00f3n democr\u00e1tica es algo crucial para el mundo del futuro? Saquemos los mapas.<\/p>\n\n\n\n<p>Presentaci\u00f3n<br>Emilie Aubry,  Francia 2021<\/p>\n\n\n\n<p><\/p>\n\n\n\n<p><small>Copyright \u00a9 2023 ElCanillita.info \/ BlogDiario.info &#8211; SalaStampa.Eu, servicio mundial de prensa<\/small><\/p>\n","protected":false},"excerpt":{"rendered":"<p> Un balance del estado de las democracias en el mundo. \u00bfQu\u00e9 peso tienen los dem\u00f3cratas ante los aut\u00f3cratas?  <\/p>\n","protected":false},"author":1,"featured_media":823,"comment_status":"closed","ping_status":"closed","sticky":false,"template":"","format":"standard","meta":{"footnotes":"","_links_to":"","_links_to_target":""},"categories":[97,62,46,66],"tags":[107],"class_list":["post-822","post","type-post","status-publish","format-standard","has-post-thumbnail","hentry","category-elcanillita","category-actualidad","category-europa","category-multilingue","tag-francia","entry","rows"],"yoast_head":"<!-- This site is optimized with the Yoast SEO plugin v27.4 - https:\/\/yoast.com\/product\/yoast-seo-wordpress\/ -->\n<title>Las democracias del mundo, bajo presi\u00f3n - BlogDiario Magazine<\/title>\n<meta name=\"description\" content=\"Un balance del estado de las democracias en el mundo. \u00bfQu\u00e9 peso tienen los dem\u00f3cratas ante los aut\u00f3cratas?\" \/>\n<meta name=\"robots\" content=\"index, follow, max-snippet:-1, max-image-preview:large, max-video-preview:-1\" \/>\n<link rel=\"canonical\" href=\"https:\/\/blogdiario.info\/magazine\/2023\/08\/05\/las-democracias-del-mundo-bajo-presion\/\" \/>\n<meta property=\"og:locale\" content=\"es_ES\" \/>\n<meta property=\"og:type\" content=\"article\" \/>\n<meta property=\"og:title\" content=\"Las democracias del mundo, bajo presi\u00f3n - BlogDiario Magazine\" \/>\n<meta property=\"og:description\" content=\"Un balance del estado de las democracias en el mundo. \u00bfQu\u00e9 peso tienen los dem\u00f3cratas ante los aut\u00f3cratas?\" \/>\n<meta property=\"og:url\" content=\"https:\/\/blogdiario.info\/magazine\/2023\/08\/05\/las-democracias-del-mundo-bajo-presion\/\" \/>\n<meta property=\"og:site_name\" content=\"BlogDiario Magazine\" \/>\n<meta property=\"article:published_time\" content=\"2023-08-05T12:18:41+00:00\" \/>\n<meta property=\"article:modified_time\" content=\"2023-08-05T12:18:46+00:00\" \/>\n<meta property=\"og:image\" content=\"https:\/\/blogdiario.info\/magazine\/images\/2023\/08\/crazia_20230805.jpg\" \/>\n\t<meta property=\"og:image:width\" content=\"600\" \/>\n\t<meta property=\"og:image:height\" content=\"345\" \/>\n\t<meta property=\"og:image:type\" content=\"image\/jpeg\" \/>\n<meta name=\"author\" content=\"World Press Service | Servicio de Prensa Mundial\" \/>\n<meta name=\"twitter:card\" content=\"summary_large_image\" \/>\n<meta name=\"twitter:label1\" content=\"Escrito por\" \/>\n\t<meta name=\"twitter:data1\" content=\"World Press Service | Servicio de Prensa Mundial\" \/>\n\t<meta name=\"twitter:label2\" content=\"Tiempo de lectura\" \/>\n\t<meta name=\"twitter:data2\" content=\"1 minuto\" \/>\n<script type=\"application\/ld+json\" class=\"yoast-schema-graph\">{\"@context\":\"https:\\\/\\\/schema.org\",\"@graph\":[{\"@type\":\"Article\",\"@id\":\"https:\\\/\\\/blogdiario.info\\\/magazine\\\/2023\\\/08\\\/05\\\/las-democracias-del-mundo-bajo-presion\\\/#article\",\"isPartOf\":{\"@id\":\"https:\\\/\\\/blogdiario.info\\\/magazine\\\/2023\\\/08\\\/05\\\/las-democracias-del-mundo-bajo-presion\\\/\"},\"author\":{\"name\":\"World Press Service | Servicio de Prensa Mundial\",\"@id\":\"https:\\\/\\\/blogdiario.info\\\/magazine\\\/#\\\/schema\\\/person\\\/b2422fe85574d945bad55513bb0c7354\"},\"headline\":\"Las democracias del mundo, bajo presi\u00f3n\",\"datePublished\":\"2023-08-05T12:18:41+00:00\",\"dateModified\":\"2023-08-05T12:18:46+00:00\",\"mainEntityOfPage\":{\"@id\":\"https:\\\/\\\/blogdiario.info\\\/magazine\\\/2023\\\/08\\\/05\\\/las-democracias-del-mundo-bajo-presion\\\/\"},\"wordCount\":61,\"publisher\":{\"@id\":\"https:\\\/\\\/blogdiario.info\\\/magazine\\\/#organization\"},\"image\":{\"@id\":\"https:\\\/\\\/blogdiario.info\\\/magazine\\\/2023\\\/08\\\/05\\\/las-democracias-del-mundo-bajo-presion\\\/#primaryimage\"},\"thumbnailUrl\":\"https:\\\/\\\/blogdiario.info\\\/magazine\\\/images\\\/2023\\\/08\\\/crazia_20230805.jpg\",\"keywords\":[\"Francia\"],\"articleSection\":[\".\",\"Actualidad\",\"Europa\",\"Multilingue\"],\"inLanguage\":\"es-AR\"},{\"@type\":\"WebPage\",\"@id\":\"https:\\\/\\\/blogdiario.info\\\/magazine\\\/2023\\\/08\\\/05\\\/las-democracias-del-mundo-bajo-presion\\\/\",\"url\":\"https:\\\/\\\/blogdiario.info\\\/magazine\\\/2023\\\/08\\\/05\\\/las-democracias-del-mundo-bajo-presion\\\/\",\"name\":\"Las democracias del mundo, bajo presi\u00f3n - BlogDiario Magazine\",\"isPartOf\":{\"@id\":\"https:\\\/\\\/blogdiario.info\\\/magazine\\\/#website\"},\"primaryImageOfPage\":{\"@id\":\"https:\\\/\\\/blogdiario.info\\\/magazine\\\/2023\\\/08\\\/05\\\/las-democracias-del-mundo-bajo-presion\\\/#primaryimage\"},\"image\":{\"@id\":\"https:\\\/\\\/blogdiario.info\\\/magazine\\\/2023\\\/08\\\/05\\\/las-democracias-del-mundo-bajo-presion\\\/#primaryimage\"},\"thumbnailUrl\":\"https:\\\/\\\/blogdiario.info\\\/magazine\\\/images\\\/2023\\\/08\\\/crazia_20230805.jpg\",\"datePublished\":\"2023-08-05T12:18:41+00:00\",\"dateModified\":\"2023-08-05T12:18:46+00:00\",\"description\":\"Un balance del estado de las democracias en el mundo. \u00bfQu\u00e9 peso tienen los dem\u00f3cratas ante los aut\u00f3cratas?\",\"breadcrumb\":{\"@id\":\"https:\\\/\\\/blogdiario.info\\\/magazine\\\/2023\\\/08\\\/05\\\/las-democracias-del-mundo-bajo-presion\\\/#breadcrumb\"},\"inLanguage\":\"es-AR\",\"potentialAction\":[{\"@type\":\"ReadAction\",\"target\":[\"https:\\\/\\\/blogdiario.info\\\/magazine\\\/2023\\\/08\\\/05\\\/las-democracias-del-mundo-bajo-presion\\\/\"]}]},{\"@type\":\"ImageObject\",\"inLanguage\":\"es-AR\",\"@id\":\"https:\\\/\\\/blogdiario.info\\\/magazine\\\/2023\\\/08\\\/05\\\/las-democracias-del-mundo-bajo-presion\\\/#primaryimage\",\"url\":\"https:\\\/\\\/blogdiario.info\\\/magazine\\\/images\\\/2023\\\/08\\\/crazia_20230805.jpg\",\"contentUrl\":\"https:\\\/\\\/blogdiario.info\\\/magazine\\\/images\\\/2023\\\/08\\\/crazia_20230805.jpg\",\"width\":600,\"height\":345},{\"@type\":\"BreadcrumbList\",\"@id\":\"https:\\\/\\\/blogdiario.info\\\/magazine\\\/2023\\\/08\\\/05\\\/las-democracias-del-mundo-bajo-presion\\\/#breadcrumb\",\"itemListElement\":[{\"@type\":\"ListItem\",\"position\":1,\"name\":\"Home\",\"item\":\"https:\\\/\\\/blogdiario.info\\\/magazine\\\/\"},{\"@type\":\"ListItem\",\"position\":2,\"name\":\"Las democracias del mundo, bajo presi\u00f3n\"}]},{\"@type\":\"WebSite\",\"@id\":\"https:\\\/\\\/blogdiario.info\\\/magazine\\\/#website\",\"url\":\"https:\\\/\\\/blogdiario.info\\\/magazine\\\/\",\"name\":\"BlogDiario Magazine\",\"description\":\"Suplemento multiling\u00fce de ElCanillita.Info\",\"publisher\":{\"@id\":\"https:\\\/\\\/blogdiario.info\\\/magazine\\\/#organization\"},\"potentialAction\":[{\"@type\":\"SearchAction\",\"target\":{\"@type\":\"EntryPoint\",\"urlTemplate\":\"https:\\\/\\\/blogdiario.info\\\/magazine\\\/?s={search_term_string}\"},\"query-input\":{\"@type\":\"PropertyValueSpecification\",\"valueRequired\":true,\"valueName\":\"search_term_string\"}}],\"inLanguage\":\"es-AR\"},{\"@type\":\"Organization\",\"@id\":\"https:\\\/\\\/blogdiario.info\\\/magazine\\\/#organization\",\"name\":\"Guzzo Photos & Graphic Publications\",\"url\":\"https:\\\/\\\/blogdiario.info\\\/magazine\\\/\",\"logo\":{\"@type\":\"ImageObject\",\"inLanguage\":\"es-AR\",\"@id\":\"https:\\\/\\\/blogdiario.info\\\/magazine\\\/#\\\/schema\\\/logo\\\/image\\\/\",\"url\":\"https:\\\/\\\/blogdiario.info\\\/magazine\\\/images\\\/2020\\\/01\\\/cropped-blogdia_magazine.jpg\",\"contentUrl\":\"https:\\\/\\\/blogdiario.info\\\/magazine\\\/images\\\/2020\\\/01\\\/cropped-blogdia_magazine.jpg\",\"width\":589,\"height\":55,\"caption\":\"Guzzo Photos & Graphic Publications\"},\"image\":{\"@id\":\"https:\\\/\\\/blogdiario.info\\\/magazine\\\/#\\\/schema\\\/logo\\\/image\\\/\"}},{\"@type\":\"Person\",\"@id\":\"https:\\\/\\\/blogdiario.info\\\/magazine\\\/#\\\/schema\\\/person\\\/b2422fe85574d945bad55513bb0c7354\",\"name\":\"World Press Service | Servicio de Prensa Mundial\"}]}<\/script>\n<!-- \/ Yoast SEO plugin. -->","yoast_head_json":{"title":"Las democracias del mundo, bajo presi\u00f3n - BlogDiario Magazine","description":"Un balance del estado de las democracias en el mundo. \u00bfQu\u00e9 peso tienen los dem\u00f3cratas ante los aut\u00f3cratas?","robots":{"index":"index","follow":"follow","max-snippet":"max-snippet:-1","max-image-preview":"max-image-preview:large","max-video-preview":"max-video-preview:-1"},"canonical":"https:\/\/blogdiario.info\/magazine\/2023\/08\/05\/las-democracias-del-mundo-bajo-presion\/","og_locale":"es_ES","og_type":"article","og_title":"Las democracias del mundo, bajo presi\u00f3n - BlogDiario Magazine","og_description":"Un balance del estado de las democracias en el mundo. \u00bfQu\u00e9 peso tienen los dem\u00f3cratas ante los aut\u00f3cratas?","og_url":"https:\/\/blogdiario.info\/magazine\/2023\/08\/05\/las-democracias-del-mundo-bajo-presion\/","og_site_name":"BlogDiario Magazine","article_published_time":"2023-08-05T12:18:41+00:00","article_modified_time":"2023-08-05T12:18:46+00:00","og_image":[{"width":600,"height":345,"url":"https:\/\/blogdiario.info\/magazine\/images\/2023\/08\/crazia_20230805.jpg","type":"image\/jpeg"}],"author":"World Press Service | Servicio de Prensa Mundial","twitter_card":"summary_large_image","twitter_misc":{"Escrito por":"World Press Service | Servicio de Prensa Mundial","Tiempo de lectura":"1 minuto"},"schema":{"@context":"https:\/\/schema.org","@graph":[{"@type":"Article","@id":"https:\/\/blogdiario.info\/magazine\/2023\/08\/05\/las-democracias-del-mundo-bajo-presion\/#article","isPartOf":{"@id":"https:\/\/blogdiario.info\/magazine\/2023\/08\/05\/las-democracias-del-mundo-bajo-presion\/"},"author":{"name":"World Press Service | Servicio de Prensa Mundial","@id":"https:\/\/blogdiario.info\/magazine\/#\/schema\/person\/b2422fe85574d945bad55513bb0c7354"},"headline":"Las democracias del mundo, bajo presi\u00f3n","datePublished":"2023-08-05T12:18:41+00:00","dateModified":"2023-08-05T12:18:46+00:00","mainEntityOfPage":{"@id":"https:\/\/blogdiario.info\/magazine\/2023\/08\/05\/las-democracias-del-mundo-bajo-presion\/"},"wordCount":61,"publisher":{"@id":"https:\/\/blogdiario.info\/magazine\/#organization"},"image":{"@id":"https:\/\/blogdiario.info\/magazine\/2023\/08\/05\/las-democracias-del-mundo-bajo-presion\/#primaryimage"},"thumbnailUrl":"https:\/\/blogdiario.info\/magazine\/images\/2023\/08\/crazia_20230805.jpg","keywords":["Francia"],"articleSection":[".","Actualidad","Europa","Multilingue"],"inLanguage":"es-AR"},{"@type":"WebPage","@id":"https:\/\/blogdiario.info\/magazine\/2023\/08\/05\/las-democracias-del-mundo-bajo-presion\/","url":"https:\/\/blogdiario.info\/magazine\/2023\/08\/05\/las-democracias-del-mundo-bajo-presion\/","name":"Las democracias del mundo, bajo presi\u00f3n - BlogDiario Magazine","isPartOf":{"@id":"https:\/\/blogdiario.info\/magazine\/#website"},"primaryImageOfPage":{"@id":"https:\/\/blogdiario.info\/magazine\/2023\/08\/05\/las-democracias-del-mundo-bajo-presion\/#primaryimage"},"image":{"@id":"https:\/\/blogdiario.info\/magazine\/2023\/08\/05\/las-democracias-del-mundo-bajo-presion\/#primaryimage"},"thumbnailUrl":"https:\/\/blogdiario.info\/magazine\/images\/2023\/08\/crazia_20230805.jpg","datePublished":"2023-08-05T12:18:41+00:00","dateModified":"2023-08-05T12:18:46+00:00","description":"Un balance del estado de las democracias en el mundo. \u00bfQu\u00e9 peso tienen los dem\u00f3cratas ante los aut\u00f3cratas?","breadcrumb":{"@id":"https:\/\/blogdiario.info\/magazine\/2023\/08\/05\/las-democracias-del-mundo-bajo-presion\/#breadcrumb"},"inLanguage":"es-AR","potentialAction":[{"@type":"ReadAction","target":["https:\/\/blogdiario.info\/magazine\/2023\/08\/05\/las-democracias-del-mundo-bajo-presion\/"]}]},{"@type":"ImageObject","inLanguage":"es-AR","@id":"https:\/\/blogdiario.info\/magazine\/2023\/08\/05\/las-democracias-del-mundo-bajo-presion\/#primaryimage","url":"https:\/\/blogdiario.info\/magazine\/images\/2023\/08\/crazia_20230805.jpg","contentUrl":"https:\/\/blogdiario.info\/magazine\/images\/2023\/08\/crazia_20230805.jpg","width":600,"height":345},{"@type":"BreadcrumbList","@id":"https:\/\/blogdiario.info\/magazine\/2023\/08\/05\/las-democracias-del-mundo-bajo-presion\/#breadcrumb","itemListElement":[{"@type":"ListItem","position":1,"name":"Home","item":"https:\/\/blogdiario.info\/magazine\/"},{"@type":"ListItem","position":2,"name":"Las democracias del mundo, bajo presi\u00f3n"}]},{"@type":"WebSite","@id":"https:\/\/blogdiario.info\/magazine\/#website","url":"https:\/\/blogdiario.info\/magazine\/","name":"BlogDiario Magazine","description":"Suplemento multiling\u00fce de ElCanillita.Info","publisher":{"@id":"https:\/\/blogdiario.info\/magazine\/#organization"},"potentialAction":[{"@type":"SearchAction","target":{"@type":"EntryPoint","urlTemplate":"https:\/\/blogdiario.info\/magazine\/?s={search_term_string}"},"query-input":{"@type":"PropertyValueSpecification","valueRequired":true,"valueName":"search_term_string"}}],"inLanguage":"es-AR"},{"@type":"Organization","@id":"https:\/\/blogdiario.info\/magazine\/#organization","name":"Guzzo Photos & Graphic Publications","url":"https:\/\/blogdiario.info\/magazine\/","logo":{"@type":"ImageObject","inLanguage":"es-AR","@id":"https:\/\/blogdiario.info\/magazine\/#\/schema\/logo\/image\/","url":"https:\/\/blogdiario.info\/magazine\/images\/2020\/01\/cropped-blogdia_magazine.jpg","contentUrl":"https:\/\/blogdiario.info\/magazine\/images\/2020\/01\/cropped-blogdia_magazine.jpg","width":589,"height":55,"caption":"Guzzo Photos & Graphic Publications"},"image":{"@id":"https:\/\/blogdiario.info\/magazine\/#\/schema\/logo\/image\/"}},{"@type":"Person","@id":"https:\/\/blogdiario.info\/magazine\/#\/schema\/person\/b2422fe85574d945bad55513bb0c7354","name":"World Press Service | Servicio de Prensa Mundial"}]}},"views":681,"_links":{"self":[{"href":"https:\/\/blogdiario.info\/magazine\/wp-json\/wp\/v2\/posts\/822","targetHints":{"allow":["GET"]}}],"collection":[{"href":"https:\/\/blogdiario.info\/magazine\/wp-json\/wp\/v2\/posts"}],"about":[{"href":"https:\/\/blogdiario.info\/magazine\/wp-json\/wp\/v2\/types\/post"}],"author":[{"embeddable":true,"href":"https:\/\/blogdiario.info\/magazine\/wp-json\/wp\/v2\/users\/1"}],"replies":[{"embeddable":true,"href":"https:\/\/blogdiario.info\/magazine\/wp-json\/wp\/v2\/comments?post=822"}],"version-history":[{"count":0,"href":"https:\/\/blogdiario.info\/magazine\/wp-json\/wp\/v2\/posts\/822\/revisions"}],"wp:featuredmedia":[{"embeddable":true,"href":"https:\/\/blogdiario.info\/magazine\/wp-json\/wp\/v2\/media\/823"}],"wp:attachment":[{"href":"https:\/\/blogdiario.info\/magazine\/wp-json\/wp\/v2\/media?parent=822"}],"wp:term":[{"taxonomy":"category","embeddable":true,"href":"https:\/\/blogdiario.info\/magazine\/wp-json\/wp\/v2\/categories?post=822"},{"taxonomy":"post_tag","embeddable":true,"href":"https:\/\/blogdiario.info\/magazine\/wp-json\/wp\/v2\/tags?post=822"}],"curies":[{"name":"wp","href":"https:\/\/api.w.org\/{rel}","templated":true}]}}