{"id":814,"date":"2023-06-30T10:27:44","date_gmt":"2023-06-30T13:27:44","guid":{"rendered":"https:\/\/blogdiario.info\/magazine\/?p=814"},"modified":"2023-06-30T10:29:15","modified_gmt":"2023-06-30T13:29:15","slug":"argentina-hoy-desahuciados-en-pandemia","status":"publish","type":"post","link":"https:\/\/blogdiario.info\/magazine\/2023\/06\/30\/argentina-hoy-desahuciados-en-pandemia\/","title":{"rendered":"Argentina hoy, desahuciados en pandemia"},"content":{"rendered":"\n<p>La cr\u00edtica situaci\u00f3n econ\u00f3mica en Argentina sigue deterior\u00e1ndose de forma alarmante luego de la pandemia. La pobreza alcanz\u00f3 al 41 % de la poblaci\u00f3n en el primer semestre del a\u00f1o y ya afecta a 18,5 millones de personas. La crisis sanitaria y econ\u00f3mica ha empujado a muchas familias a las calles; solo en Guernica, 2500 viven en chabolas.<\/p>\n\n\n\n<figure class=\"wp-block-video\"><video controls src=\"https:\/\/blogdiario.info\/magazine\/images\/2023\/06\/Expulsados.m4v\"><\/video><\/figure>\n\n\n\n<p>Presentaci\u00f3n: Juliette Igier<br><small>Emisi\u00f3n del 23\/19\/2020 \u2013 Pa\u00eds: Francia<br><\/small><br><small>Copyright \u00a9 2023 Arte<\/small><br><small>Copyright \u00a9 2023 ElCanillita.info \/ BlogDiario.info \u2013 Informaci\u00f3n de dominio p\u00fablico<\/small><\/p>\n","protected":false},"excerpt":{"rendered":"<p>La cr\u00edtica situaci\u00f3n econ\u00f3mica en Argentina sigue deterior\u00e1ndose de forma alarmante luego de la pandemia. La pobreza alcanz\u00f3 al 41 % de la poblaci\u00f3n en el primer semestre del a\u00f1o y ya afecta a 18,5 millones de personas.<\/p>\n","protected":false},"author":1,"featured_media":815,"comment_status":"closed","ping_status":"closed","sticky":false,"template":"","format":"standard","meta":{"footnotes":"","_links_to":"","_links_to_target":""},"categories":[97,62,65,51,66,41,29],"tags":[23],"class_list":["post-814","post","type-post","status-publish","format-standard","has-post-thumbnail","hentry","category-elcanillita","category-actualidad","category-actualite","category-america-del-sud","category-multilingue","category-politica-esp","category-politique","tag-argentina","entry","rows"],"yoast_head":"<!-- This site is optimized with the Yoast SEO plugin v27.4 - https:\/\/yoast.com\/product\/yoast-seo-wordpress\/ -->\n<title>Argentina hoy, desahuciados en pandemia - BlogDiario Magazine<\/title>\n<meta name=\"description\" content=\"La cr\u00edtica situaci\u00f3n econ\u00f3mica en Argentina sigue deterior\u00e1ndose de forma alarmante luego de la pandemia. La pobreza alcanz\u00f3 al 41 % de la poblaci\u00f3n en el primer semestre del a\u00f1o y ya afecta a 18,5 millones de personas.\" \/>\n<meta name=\"robots\" content=\"index, follow, max-snippet:-1, max-image-preview:large, max-video-preview:-1\" \/>\n<link rel=\"canonical\" href=\"https:\/\/blogdiario.info\/magazine\/2023\/06\/30\/argentina-hoy-desahuciados-en-pandemia\/\" \/>\n<meta property=\"og:locale\" content=\"es_ES\" \/>\n<meta property=\"og:type\" content=\"article\" \/>\n<meta property=\"og:title\" content=\"Argentina hoy, desahuciados en pandemia - BlogDiario Magazine\" \/>\n<meta property=\"og:description\" content=\"La cr\u00edtica situaci\u00f3n econ\u00f3mica en Argentina sigue deterior\u00e1ndose de forma alarmante luego de la pandemia. La pobreza alcanz\u00f3 al 41 % de la poblaci\u00f3n en el primer semestre del a\u00f1o y ya afecta a 18,5 millones de personas.\" \/>\n<meta property=\"og:url\" content=\"https:\/\/blogdiario.info\/magazine\/2023\/06\/30\/argentina-hoy-desahuciados-en-pandemia\/\" \/>\n<meta property=\"og:site_name\" content=\"BlogDiario Magazine\" \/>\n<meta property=\"article:published_time\" content=\"2023-06-30T13:27:44+00:00\" \/>\n<meta property=\"article:modified_time\" content=\"2023-06-30T13:29:15+00:00\" \/>\n<meta property=\"og:image\" content=\"https:\/\/blogdiario.info\/magazine\/images\/2023\/06\/exp_20230630.jpg\" \/>\n\t<meta property=\"og:image:width\" content=\"600\" \/>\n\t<meta property=\"og:image:height\" content=\"400\" \/>\n\t<meta property=\"og:image:type\" content=\"image\/jpeg\" \/>\n<meta name=\"author\" content=\"World Press Service | Servicio de Prensa Mundial\" \/>\n<meta name=\"twitter:card\" content=\"summary_large_image\" \/>\n<meta name=\"twitter:label1\" content=\"Escrito por\" \/>\n\t<meta name=\"twitter:data1\" content=\"World Press Service | Servicio de Prensa Mundial\" \/>\n\t<meta name=\"twitter:label2\" content=\"Tiempo de lectura\" \/>\n\t<meta name=\"twitter:data2\" content=\"1 minuto\" \/>\n<script type=\"application\/ld+json\" class=\"yoast-schema-graph\">{\"@context\":\"https:\\\/\\\/schema.org\",\"@graph\":[{\"@type\":\"Article\",\"@id\":\"https:\\\/\\\/blogdiario.info\\\/magazine\\\/2023\\\/06\\\/30\\\/argentina-hoy-desahuciados-en-pandemia\\\/#article\",\"isPartOf\":{\"@id\":\"https:\\\/\\\/blogdiario.info\\\/magazine\\\/2023\\\/06\\\/30\\\/argentina-hoy-desahuciados-en-pandemia\\\/\"},\"author\":{\"name\":\"World Press Service | Servicio de Prensa Mundial\",\"@id\":\"https:\\\/\\\/blogdiario.info\\\/magazine\\\/#\\\/schema\\\/person\\\/b2422fe85574d945bad55513bb0c7354\"},\"headline\":\"Argentina hoy, desahuciados en pandemia\",\"datePublished\":\"2023-06-30T13:27:44+00:00\",\"dateModified\":\"2023-06-30T13:29:15+00:00\",\"mainEntityOfPage\":{\"@id\":\"https:\\\/\\\/blogdiario.info\\\/magazine\\\/2023\\\/06\\\/30\\\/argentina-hoy-desahuciados-en-pandemia\\\/\"},\"wordCount\":89,\"publisher\":{\"@id\":\"https:\\\/\\\/blogdiario.info\\\/magazine\\\/#organization\"},\"image\":{\"@id\":\"https:\\\/\\\/blogdiario.info\\\/magazine\\\/2023\\\/06\\\/30\\\/argentina-hoy-desahuciados-en-pandemia\\\/#primaryimage\"},\"thumbnailUrl\":\"https:\\\/\\\/blogdiario.info\\\/magazine\\\/images\\\/2023\\\/06\\\/exp_20230630.jpg\",\"keywords\":[\"Argentina\"],\"articleSection\":[\".\",\"Actualidad\",\"Actualit\u00e9\",\"America del Sud\",\"Multilingue\",\"Politica\",\"Politique\"],\"inLanguage\":\"es-AR\"},{\"@type\":\"WebPage\",\"@id\":\"https:\\\/\\\/blogdiario.info\\\/magazine\\\/2023\\\/06\\\/30\\\/argentina-hoy-desahuciados-en-pandemia\\\/\",\"url\":\"https:\\\/\\\/blogdiario.info\\\/magazine\\\/2023\\\/06\\\/30\\\/argentina-hoy-desahuciados-en-pandemia\\\/\",\"name\":\"Argentina hoy, desahuciados en pandemia - BlogDiario Magazine\",\"isPartOf\":{\"@id\":\"https:\\\/\\\/blogdiario.info\\\/magazine\\\/#website\"},\"primaryImageOfPage\":{\"@id\":\"https:\\\/\\\/blogdiario.info\\\/magazine\\\/2023\\\/06\\\/30\\\/argentina-hoy-desahuciados-en-pandemia\\\/#primaryimage\"},\"image\":{\"@id\":\"https:\\\/\\\/blogdiario.info\\\/magazine\\\/2023\\\/06\\\/30\\\/argentina-hoy-desahuciados-en-pandemia\\\/#primaryimage\"},\"thumbnailUrl\":\"https:\\\/\\\/blogdiario.info\\\/magazine\\\/images\\\/2023\\\/06\\\/exp_20230630.jpg\",\"datePublished\":\"2023-06-30T13:27:44+00:00\",\"dateModified\":\"2023-06-30T13:29:15+00:00\",\"description\":\"La cr\u00edtica situaci\u00f3n econ\u00f3mica en Argentina sigue deterior\u00e1ndose de forma alarmante luego de la pandemia. La pobreza alcanz\u00f3 al 41 % de la poblaci\u00f3n en el primer semestre del a\u00f1o y ya afecta a 18,5 millones de personas.\",\"breadcrumb\":{\"@id\":\"https:\\\/\\\/blogdiario.info\\\/magazine\\\/2023\\\/06\\\/30\\\/argentina-hoy-desahuciados-en-pandemia\\\/#breadcrumb\"},\"inLanguage\":\"es-AR\",\"potentialAction\":[{\"@type\":\"ReadAction\",\"target\":[\"https:\\\/\\\/blogdiario.info\\\/magazine\\\/2023\\\/06\\\/30\\\/argentina-hoy-desahuciados-en-pandemia\\\/\"]}]},{\"@type\":\"ImageObject\",\"inLanguage\":\"es-AR\",\"@id\":\"https:\\\/\\\/blogdiario.info\\\/magazine\\\/2023\\\/06\\\/30\\\/argentina-hoy-desahuciados-en-pandemia\\\/#primaryimage\",\"url\":\"https:\\\/\\\/blogdiario.info\\\/magazine\\\/images\\\/2023\\\/06\\\/exp_20230630.jpg\",\"contentUrl\":\"https:\\\/\\\/blogdiario.info\\\/magazine\\\/images\\\/2023\\\/06\\\/exp_20230630.jpg\",\"width\":600,\"height\":400},{\"@type\":\"BreadcrumbList\",\"@id\":\"https:\\\/\\\/blogdiario.info\\\/magazine\\\/2023\\\/06\\\/30\\\/argentina-hoy-desahuciados-en-pandemia\\\/#breadcrumb\",\"itemListElement\":[{\"@type\":\"ListItem\",\"position\":1,\"name\":\"Home\",\"item\":\"https:\\\/\\\/blogdiario.info\\\/magazine\\\/\"},{\"@type\":\"ListItem\",\"position\":2,\"name\":\"Argentina hoy, desahuciados en pandemia\"}]},{\"@type\":\"WebSite\",\"@id\":\"https:\\\/\\\/blogdiario.info\\\/magazine\\\/#website\",\"url\":\"https:\\\/\\\/blogdiario.info\\\/magazine\\\/\",\"name\":\"BlogDiario Magazine\",\"description\":\"Suplemento multiling\u00fce de ElCanillita.Info\",\"publisher\":{\"@id\":\"https:\\\/\\\/blogdiario.info\\\/magazine\\\/#organization\"},\"potentialAction\":[{\"@type\":\"SearchAction\",\"target\":{\"@type\":\"EntryPoint\",\"urlTemplate\":\"https:\\\/\\\/blogdiario.info\\\/magazine\\\/?s={search_term_string}\"},\"query-input\":{\"@type\":\"PropertyValueSpecification\",\"valueRequired\":true,\"valueName\":\"search_term_string\"}}],\"inLanguage\":\"es-AR\"},{\"@type\":\"Organization\",\"@id\":\"https:\\\/\\\/blogdiario.info\\\/magazine\\\/#organization\",\"name\":\"Guzzo Photos & Graphic Publications\",\"url\":\"https:\\\/\\\/blogdiario.info\\\/magazine\\\/\",\"logo\":{\"@type\":\"ImageObject\",\"inLanguage\":\"es-AR\",\"@id\":\"https:\\\/\\\/blogdiario.info\\\/magazine\\\/#\\\/schema\\\/logo\\\/image\\\/\",\"url\":\"https:\\\/\\\/blogdiario.info\\\/magazine\\\/images\\\/2020\\\/01\\\/cropped-blogdia_magazine.jpg\",\"contentUrl\":\"https:\\\/\\\/blogdiario.info\\\/magazine\\\/images\\\/2020\\\/01\\\/cropped-blogdia_magazine.jpg\",\"width\":589,\"height\":55,\"caption\":\"Guzzo Photos & Graphic Publications\"},\"image\":{\"@id\":\"https:\\\/\\\/blogdiario.info\\\/magazine\\\/#\\\/schema\\\/logo\\\/image\\\/\"}},{\"@type\":\"Person\",\"@id\":\"https:\\\/\\\/blogdiario.info\\\/magazine\\\/#\\\/schema\\\/person\\\/b2422fe85574d945bad55513bb0c7354\",\"name\":\"World Press Service | Servicio de Prensa Mundial\"}]}<\/script>\n<!-- \/ Yoast SEO plugin. -->","yoast_head_json":{"title":"Argentina hoy, desahuciados en pandemia - BlogDiario Magazine","description":"La cr\u00edtica situaci\u00f3n econ\u00f3mica en Argentina sigue deterior\u00e1ndose de forma alarmante luego de la pandemia. La pobreza alcanz\u00f3 al 41 % de la poblaci\u00f3n en el primer semestre del a\u00f1o y ya afecta a 18,5 millones de personas.","robots":{"index":"index","follow":"follow","max-snippet":"max-snippet:-1","max-image-preview":"max-image-preview:large","max-video-preview":"max-video-preview:-1"},"canonical":"https:\/\/blogdiario.info\/magazine\/2023\/06\/30\/argentina-hoy-desahuciados-en-pandemia\/","og_locale":"es_ES","og_type":"article","og_title":"Argentina hoy, desahuciados en pandemia - BlogDiario Magazine","og_description":"La cr\u00edtica situaci\u00f3n econ\u00f3mica en Argentina sigue deterior\u00e1ndose de forma alarmante luego de la pandemia. La pobreza alcanz\u00f3 al 41 % de la poblaci\u00f3n en el primer semestre del a\u00f1o y ya afecta a 18,5 millones de personas.","og_url":"https:\/\/blogdiario.info\/magazine\/2023\/06\/30\/argentina-hoy-desahuciados-en-pandemia\/","og_site_name":"BlogDiario Magazine","article_published_time":"2023-06-30T13:27:44+00:00","article_modified_time":"2023-06-30T13:29:15+00:00","og_image":[{"width":600,"height":400,"url":"https:\/\/blogdiario.info\/magazine\/images\/2023\/06\/exp_20230630.jpg","type":"image\/jpeg"}],"author":"World Press Service | Servicio de Prensa Mundial","twitter_card":"summary_large_image","twitter_misc":{"Escrito por":"World Press Service | Servicio de Prensa Mundial","Tiempo de lectura":"1 minuto"},"schema":{"@context":"https:\/\/schema.org","@graph":[{"@type":"Article","@id":"https:\/\/blogdiario.info\/magazine\/2023\/06\/30\/argentina-hoy-desahuciados-en-pandemia\/#article","isPartOf":{"@id":"https:\/\/blogdiario.info\/magazine\/2023\/06\/30\/argentina-hoy-desahuciados-en-pandemia\/"},"author":{"name":"World Press Service | Servicio de Prensa Mundial","@id":"https:\/\/blogdiario.info\/magazine\/#\/schema\/person\/b2422fe85574d945bad55513bb0c7354"},"headline":"Argentina hoy, desahuciados en pandemia","datePublished":"2023-06-30T13:27:44+00:00","dateModified":"2023-06-30T13:29:15+00:00","mainEntityOfPage":{"@id":"https:\/\/blogdiario.info\/magazine\/2023\/06\/30\/argentina-hoy-desahuciados-en-pandemia\/"},"wordCount":89,"publisher":{"@id":"https:\/\/blogdiario.info\/magazine\/#organization"},"image":{"@id":"https:\/\/blogdiario.info\/magazine\/2023\/06\/30\/argentina-hoy-desahuciados-en-pandemia\/#primaryimage"},"thumbnailUrl":"https:\/\/blogdiario.info\/magazine\/images\/2023\/06\/exp_20230630.jpg","keywords":["Argentina"],"articleSection":[".","Actualidad","Actualit\u00e9","America del Sud","Multilingue","Politica","Politique"],"inLanguage":"es-AR"},{"@type":"WebPage","@id":"https:\/\/blogdiario.info\/magazine\/2023\/06\/30\/argentina-hoy-desahuciados-en-pandemia\/","url":"https:\/\/blogdiario.info\/magazine\/2023\/06\/30\/argentina-hoy-desahuciados-en-pandemia\/","name":"Argentina hoy, desahuciados en pandemia - BlogDiario Magazine","isPartOf":{"@id":"https:\/\/blogdiario.info\/magazine\/#website"},"primaryImageOfPage":{"@id":"https:\/\/blogdiario.info\/magazine\/2023\/06\/30\/argentina-hoy-desahuciados-en-pandemia\/#primaryimage"},"image":{"@id":"https:\/\/blogdiario.info\/magazine\/2023\/06\/30\/argentina-hoy-desahuciados-en-pandemia\/#primaryimage"},"thumbnailUrl":"https:\/\/blogdiario.info\/magazine\/images\/2023\/06\/exp_20230630.jpg","datePublished":"2023-06-30T13:27:44+00:00","dateModified":"2023-06-30T13:29:15+00:00","description":"La cr\u00edtica situaci\u00f3n econ\u00f3mica en Argentina sigue deterior\u00e1ndose de forma alarmante luego de la pandemia. La pobreza alcanz\u00f3 al 41 % de la poblaci\u00f3n en el primer semestre del a\u00f1o y ya afecta a 18,5 millones de personas.","breadcrumb":{"@id":"https:\/\/blogdiario.info\/magazine\/2023\/06\/30\/argentina-hoy-desahuciados-en-pandemia\/#breadcrumb"},"inLanguage":"es-AR","potentialAction":[{"@type":"ReadAction","target":["https:\/\/blogdiario.info\/magazine\/2023\/06\/30\/argentina-hoy-desahuciados-en-pandemia\/"]}]},{"@type":"ImageObject","inLanguage":"es-AR","@id":"https:\/\/blogdiario.info\/magazine\/2023\/06\/30\/argentina-hoy-desahuciados-en-pandemia\/#primaryimage","url":"https:\/\/blogdiario.info\/magazine\/images\/2023\/06\/exp_20230630.jpg","contentUrl":"https:\/\/blogdiario.info\/magazine\/images\/2023\/06\/exp_20230630.jpg","width":600,"height":400},{"@type":"BreadcrumbList","@id":"https:\/\/blogdiario.info\/magazine\/2023\/06\/30\/argentina-hoy-desahuciados-en-pandemia\/#breadcrumb","itemListElement":[{"@type":"ListItem","position":1,"name":"Home","item":"https:\/\/blogdiario.info\/magazine\/"},{"@type":"ListItem","position":2,"name":"Argentina hoy, desahuciados en pandemia"}]},{"@type":"WebSite","@id":"https:\/\/blogdiario.info\/magazine\/#website","url":"https:\/\/blogdiario.info\/magazine\/","name":"BlogDiario Magazine","description":"Suplemento multiling\u00fce de ElCanillita.Info","publisher":{"@id":"https:\/\/blogdiario.info\/magazine\/#organization"},"potentialAction":[{"@type":"SearchAction","target":{"@type":"EntryPoint","urlTemplate":"https:\/\/blogdiario.info\/magazine\/?s={search_term_string}"},"query-input":{"@type":"PropertyValueSpecification","valueRequired":true,"valueName":"search_term_string"}}],"inLanguage":"es-AR"},{"@type":"Organization","@id":"https:\/\/blogdiario.info\/magazine\/#organization","name":"Guzzo Photos & Graphic Publications","url":"https:\/\/blogdiario.info\/magazine\/","logo":{"@type":"ImageObject","inLanguage":"es-AR","@id":"https:\/\/blogdiario.info\/magazine\/#\/schema\/logo\/image\/","url":"https:\/\/blogdiario.info\/magazine\/images\/2020\/01\/cropped-blogdia_magazine.jpg","contentUrl":"https:\/\/blogdiario.info\/magazine\/images\/2020\/01\/cropped-blogdia_magazine.jpg","width":589,"height":55,"caption":"Guzzo Photos & Graphic Publications"},"image":{"@id":"https:\/\/blogdiario.info\/magazine\/#\/schema\/logo\/image\/"}},{"@type":"Person","@id":"https:\/\/blogdiario.info\/magazine\/#\/schema\/person\/b2422fe85574d945bad55513bb0c7354","name":"World Press Service | Servicio de Prensa Mundial"}]}},"views":1104,"_links":{"self":[{"href":"https:\/\/blogdiario.info\/magazine\/wp-json\/wp\/v2\/posts\/814","targetHints":{"allow":["GET"]}}],"collection":[{"href":"https:\/\/blogdiario.info\/magazine\/wp-json\/wp\/v2\/posts"}],"about":[{"href":"https:\/\/blogdiario.info\/magazine\/wp-json\/wp\/v2\/types\/post"}],"author":[{"embeddable":true,"href":"https:\/\/blogdiario.info\/magazine\/wp-json\/wp\/v2\/users\/1"}],"replies":[{"embeddable":true,"href":"https:\/\/blogdiario.info\/magazine\/wp-json\/wp\/v2\/comments?post=814"}],"version-history":[{"count":0,"href":"https:\/\/blogdiario.info\/magazine\/wp-json\/wp\/v2\/posts\/814\/revisions"}],"wp:featuredmedia":[{"embeddable":true,"href":"https:\/\/blogdiario.info\/magazine\/wp-json\/wp\/v2\/media\/815"}],"wp:attachment":[{"href":"https:\/\/blogdiario.info\/magazine\/wp-json\/wp\/v2\/media?parent=814"}],"wp:term":[{"taxonomy":"category","embeddable":true,"href":"https:\/\/blogdiario.info\/magazine\/wp-json\/wp\/v2\/categories?post=814"},{"taxonomy":"post_tag","embeddable":true,"href":"https:\/\/blogdiario.info\/magazine\/wp-json\/wp\/v2\/tags?post=814"}],"curies":[{"name":"wp","href":"https:\/\/api.w.org\/{rel}","templated":true}]}}