{"id":801,"date":"2023-06-27T06:12:31","date_gmt":"2023-06-27T09:12:31","guid":{"rendered":"https:\/\/blogdiario.info\/magazine\/?p=801"},"modified":"2023-06-27T06:12:32","modified_gmt":"2023-06-27T09:12:32","slug":"manifestaciones-si-pero-respetando-el-codigo-penal","status":"publish","type":"post","link":"https:\/\/blogdiario.info\/magazine\/2023\/06\/27\/manifestaciones-si-pero-respetando-el-codigo-penal\/","title":{"rendered":"Manifestaciones s\u00ed..pero respetando el c\u00f3digo penal"},"content":{"rendered":"\n<p>Londres, 26\/06\/2023<br><br>Un portavoz de la Polic\u00eda Metropolitana declar\u00f3 que los agentes hab\u00edan emitido &#8220;una condici\u00f3n a los manifestantes de Just Stop Oil&#8221;  que se encontraban en la carretera de la Secci\u00f3n 12 a las 8.28 de la ma\u00f1ana , para salir de la calzada y a\u00f1adi\u00f3 que la calle hab\u00eda quedado despejada dos minutos despu\u00e9s.<br><\/p>\n\n\n\n<figure class=\"wp-block-video\"><video controls src=\"https:\/\/blogdiario.info\/magazine\/images\/2023\/06\/moto.mp4\"><\/video><figcaption class=\"wp-element-caption\">Un motociclista atraves\u00f3 la fila de manifestantes ecologistas en Camberwell antes de que la polic\u00eda interviniera para despejar el camino.<\/figcaption><\/figure>\n\n\n\n<p>Tambi\u00e9n el lunes, en Islington, al norte de Londres, un ciclista intent\u00f3 empujar a los manifestantes, dici\u00e9ndoles &#8220;f&#8212;&#8212; move&#8221;.<br><\/p>\n\n\n\n<figure class=\"wp-block-image size-full\"><img loading=\"lazy\" decoding=\"async\" width=\"600\" height=\"376\" src=\"https:\/\/blogdiario.info\/magazine\/images\/2023\/06\/ciclo_20230626.jpg\" alt=\"\" class=\"wp-image-802\" srcset=\"https:\/\/blogdiario.info\/magazine\/images\/2023\/06\/ciclo_20230626.jpg 600w, https:\/\/blogdiario.info\/magazine\/images\/2023\/06\/ciclo_20230626-300x188.jpg 300w\" sizes=\"auto, (max-width: 600px) 100vw, 600px\" \/><\/figure>\n\n\n\n<p>Just Stop Oil public\u00f3 im\u00e1genes del ciclista desafiando a los manifestantes y grit\u00e1ndoles que &#8220;fueran a protestar como es debido&#8221;. El grupo pregut\u00f3: &#8220;\u00bfQu\u00e9 se supone que debemos hacer en una crisis provocada por nuestro gobierno? \u00bfQuedarnos sentados y esperar a que decidan convocar elecciones?&#8221;.<\/p>\n\n\n\n<p>El grupo ha encontrado m\u00e1s dificultades para protestar en las \u00faltimas semanas debido a la capacidad de la polic\u00eda para promulgar condiciones de la Secci\u00f3n 12, lo que significa que los activistas pueden ser detenidos si permanecen en la acera.<\/p>\n\n\n\n<p>Los ciudadanos se han mostrado cada vez m\u00e1s frustrados con las acciones de Just Stop Oil, mientras que uno de los donantes del grupo ha declarado recientemente que dichas acciones son &#8220;contraproducentes&#8221;.<\/p>\n\n\n\n<p>Trevor Neilson, un empresario californiano cofundador del Fondo de Emergencia Clim\u00e1tica, uno de los principales financiadores de Just Stop Oil y Extinction Rebellion, afirm\u00f3 que las protestas se hab\u00edan convertido en &#8220;la perturbaci\u00f3n por la perturbaci\u00f3n&#8221;.<\/p>\n\n\n\n<p>Neilson declar\u00f3 a The Sunday Times que &#8220;los trabajadores intentan llegar a su puesto de trabajo, dejar a sus hijos en el colegio, sobrevivir a una brutal crisis del coste de la vida\u2026 tienen una cierta jerarqu\u00eda de necesidades&#8221;.<\/p>\n\n\n\n<p>Y a\u00f1adi\u00f3: &#8220;Si, al mismo tiempo, ven a un manifestante de chaqueta naranja, tatuado y con piercings delante de su coche, para que su hijo llegue tarde a su examen ese d\u00eda, eso no les anima a unirse al movimiento. Es s\u00f3lo una manifestaci\u00f3n de protesta cuando no consigue nada&#8221;.<br><br><small>Copyright \u00a9 2023 ElCanillita.info \/ BlogDiario.info &#8211;  SalaStampa.Eu, servicio mundial de prensa<\/small><\/p>\n\n\n\n<p><br> <\/p>\n","protected":false},"excerpt":{"rendered":"<p>El lunes, al norte de Londres, un ciclista intent\u00f3 empujar a los manifestantes, dici\u00e9ndoles &#8220;f&#8212;&#8212; move&#8221;.<\/p>\n","protected":false},"author":1,"featured_media":802,"comment_status":"closed","ping_status":"closed","sticky":false,"template":"","format":"standard","meta":{"footnotes":"","_links_to":"","_links_to_target":""},"categories":[97,62,43],"tags":[],"class_list":["post-801","post","type-post","status-publish","format-standard","has-post-thumbnail","hentry","category-elcanillita","category-actualidad","category-sociedad","entry","rows"],"yoast_head":"<!-- This site is optimized with the Yoast SEO plugin v27.4 - https:\/\/yoast.com\/product\/yoast-seo-wordpress\/ -->\n<title>Manifestaciones s\u00ed..pero respetando el c\u00f3digo penal - BlogDiario Magazine<\/title>\n<meta name=\"description\" content=\"El lunes, al norte de Londres, un ciclista intent\u00f3 empujar a los manifestantes, dici\u00e9ndoles &quot;f------ move&quot;.\" \/>\n<meta name=\"robots\" content=\"index, follow, max-snippet:-1, max-image-preview:large, max-video-preview:-1\" \/>\n<link rel=\"canonical\" href=\"https:\/\/blogdiario.info\/magazine\/2023\/06\/27\/manifestaciones-si-pero-respetando-el-codigo-penal\/\" \/>\n<meta property=\"og:locale\" content=\"es_ES\" \/>\n<meta property=\"og:type\" content=\"article\" \/>\n<meta property=\"og:title\" content=\"Manifestaciones s\u00ed..pero respetando el c\u00f3digo penal - BlogDiario Magazine\" \/>\n<meta property=\"og:description\" content=\"El lunes, al norte de Londres, un ciclista intent\u00f3 empujar a los manifestantes, dici\u00e9ndoles &quot;f------ move&quot;.\" \/>\n<meta property=\"og:url\" content=\"https:\/\/blogdiario.info\/magazine\/2023\/06\/27\/manifestaciones-si-pero-respetando-el-codigo-penal\/\" \/>\n<meta property=\"og:site_name\" content=\"BlogDiario Magazine\" \/>\n<meta property=\"article:published_time\" content=\"2023-06-27T09:12:31+00:00\" \/>\n<meta property=\"article:modified_time\" content=\"2023-06-27T09:12:32+00:00\" \/>\n<meta property=\"og:image\" content=\"https:\/\/blogdiario.info\/magazine\/images\/2023\/06\/ciclo_20230626.jpg\" \/>\n\t<meta property=\"og:image:width\" content=\"600\" \/>\n\t<meta property=\"og:image:height\" content=\"376\" \/>\n\t<meta property=\"og:image:type\" content=\"image\/jpeg\" \/>\n<meta name=\"author\" content=\"World Press Service | Servicio de Prensa Mundial\" \/>\n<meta name=\"twitter:card\" content=\"summary_large_image\" \/>\n<meta name=\"twitter:label1\" content=\"Escrito por\" \/>\n\t<meta name=\"twitter:data1\" content=\"World Press Service | Servicio de Prensa Mundial\" \/>\n\t<meta name=\"twitter:label2\" content=\"Tiempo de lectura\" \/>\n\t<meta name=\"twitter:data2\" content=\"3 minutos\" \/>\n<script type=\"application\/ld+json\" class=\"yoast-schema-graph\">{\"@context\":\"https:\\\/\\\/schema.org\",\"@graph\":[{\"@type\":\"Article\",\"@id\":\"https:\\\/\\\/blogdiario.info\\\/magazine\\\/2023\\\/06\\\/27\\\/manifestaciones-si-pero-respetando-el-codigo-penal\\\/#article\",\"isPartOf\":{\"@id\":\"https:\\\/\\\/blogdiario.info\\\/magazine\\\/2023\\\/06\\\/27\\\/manifestaciones-si-pero-respetando-el-codigo-penal\\\/\"},\"author\":{\"name\":\"World Press Service | Servicio de Prensa Mundial\",\"@id\":\"https:\\\/\\\/blogdiario.info\\\/magazine\\\/#\\\/schema\\\/person\\\/b2422fe85574d945bad55513bb0c7354\"},\"headline\":\"Manifestaciones s\u00ed..pero respetando el c\u00f3digo penal\",\"datePublished\":\"2023-06-27T09:12:31+00:00\",\"dateModified\":\"2023-06-27T09:12:32+00:00\",\"mainEntityOfPage\":{\"@id\":\"https:\\\/\\\/blogdiario.info\\\/magazine\\\/2023\\\/06\\\/27\\\/manifestaciones-si-pero-respetando-el-codigo-penal\\\/\"},\"wordCount\":378,\"publisher\":{\"@id\":\"https:\\\/\\\/blogdiario.info\\\/magazine\\\/#organization\"},\"image\":{\"@id\":\"https:\\\/\\\/blogdiario.info\\\/magazine\\\/2023\\\/06\\\/27\\\/manifestaciones-si-pero-respetando-el-codigo-penal\\\/#primaryimage\"},\"thumbnailUrl\":\"https:\\\/\\\/blogdiario.info\\\/magazine\\\/images\\\/2023\\\/06\\\/ciclo_20230626.jpg\",\"articleSection\":[\".\",\"Actualidad\",\"Sociedad\"],\"inLanguage\":\"es-AR\"},{\"@type\":\"WebPage\",\"@id\":\"https:\\\/\\\/blogdiario.info\\\/magazine\\\/2023\\\/06\\\/27\\\/manifestaciones-si-pero-respetando-el-codigo-penal\\\/\",\"url\":\"https:\\\/\\\/blogdiario.info\\\/magazine\\\/2023\\\/06\\\/27\\\/manifestaciones-si-pero-respetando-el-codigo-penal\\\/\",\"name\":\"Manifestaciones s\u00ed..pero respetando el c\u00f3digo penal - BlogDiario Magazine\",\"isPartOf\":{\"@id\":\"https:\\\/\\\/blogdiario.info\\\/magazine\\\/#website\"},\"primaryImageOfPage\":{\"@id\":\"https:\\\/\\\/blogdiario.info\\\/magazine\\\/2023\\\/06\\\/27\\\/manifestaciones-si-pero-respetando-el-codigo-penal\\\/#primaryimage\"},\"image\":{\"@id\":\"https:\\\/\\\/blogdiario.info\\\/magazine\\\/2023\\\/06\\\/27\\\/manifestaciones-si-pero-respetando-el-codigo-penal\\\/#primaryimage\"},\"thumbnailUrl\":\"https:\\\/\\\/blogdiario.info\\\/magazine\\\/images\\\/2023\\\/06\\\/ciclo_20230626.jpg\",\"datePublished\":\"2023-06-27T09:12:31+00:00\",\"dateModified\":\"2023-06-27T09:12:32+00:00\",\"description\":\"El lunes, al norte de Londres, un ciclista intent\u00f3 empujar a los manifestantes, dici\u00e9ndoles \\\"f------ move\\\".\",\"breadcrumb\":{\"@id\":\"https:\\\/\\\/blogdiario.info\\\/magazine\\\/2023\\\/06\\\/27\\\/manifestaciones-si-pero-respetando-el-codigo-penal\\\/#breadcrumb\"},\"inLanguage\":\"es-AR\",\"potentialAction\":[{\"@type\":\"ReadAction\",\"target\":[\"https:\\\/\\\/blogdiario.info\\\/magazine\\\/2023\\\/06\\\/27\\\/manifestaciones-si-pero-respetando-el-codigo-penal\\\/\"]}]},{\"@type\":\"ImageObject\",\"inLanguage\":\"es-AR\",\"@id\":\"https:\\\/\\\/blogdiario.info\\\/magazine\\\/2023\\\/06\\\/27\\\/manifestaciones-si-pero-respetando-el-codigo-penal\\\/#primaryimage\",\"url\":\"https:\\\/\\\/blogdiario.info\\\/magazine\\\/images\\\/2023\\\/06\\\/ciclo_20230626.jpg\",\"contentUrl\":\"https:\\\/\\\/blogdiario.info\\\/magazine\\\/images\\\/2023\\\/06\\\/ciclo_20230626.jpg\",\"width\":600,\"height\":376},{\"@type\":\"BreadcrumbList\",\"@id\":\"https:\\\/\\\/blogdiario.info\\\/magazine\\\/2023\\\/06\\\/27\\\/manifestaciones-si-pero-respetando-el-codigo-penal\\\/#breadcrumb\",\"itemListElement\":[{\"@type\":\"ListItem\",\"position\":1,\"name\":\"Home\",\"item\":\"https:\\\/\\\/blogdiario.info\\\/magazine\\\/\"},{\"@type\":\"ListItem\",\"position\":2,\"name\":\"Manifestaciones s\u00ed..pero respetando el c\u00f3digo penal\"}]},{\"@type\":\"WebSite\",\"@id\":\"https:\\\/\\\/blogdiario.info\\\/magazine\\\/#website\",\"url\":\"https:\\\/\\\/blogdiario.info\\\/magazine\\\/\",\"name\":\"BlogDiario Magazine\",\"description\":\"Suplemento multiling\u00fce de ElCanillita.Info\",\"publisher\":{\"@id\":\"https:\\\/\\\/blogdiario.info\\\/magazine\\\/#organization\"},\"potentialAction\":[{\"@type\":\"SearchAction\",\"target\":{\"@type\":\"EntryPoint\",\"urlTemplate\":\"https:\\\/\\\/blogdiario.info\\\/magazine\\\/?s={search_term_string}\"},\"query-input\":{\"@type\":\"PropertyValueSpecification\",\"valueRequired\":true,\"valueName\":\"search_term_string\"}}],\"inLanguage\":\"es-AR\"},{\"@type\":\"Organization\",\"@id\":\"https:\\\/\\\/blogdiario.info\\\/magazine\\\/#organization\",\"name\":\"Guzzo Photos & Graphic Publications\",\"url\":\"https:\\\/\\\/blogdiario.info\\\/magazine\\\/\",\"logo\":{\"@type\":\"ImageObject\",\"inLanguage\":\"es-AR\",\"@id\":\"https:\\\/\\\/blogdiario.info\\\/magazine\\\/#\\\/schema\\\/logo\\\/image\\\/\",\"url\":\"https:\\\/\\\/blogdiario.info\\\/magazine\\\/images\\\/2020\\\/01\\\/cropped-blogdia_magazine.jpg\",\"contentUrl\":\"https:\\\/\\\/blogdiario.info\\\/magazine\\\/images\\\/2020\\\/01\\\/cropped-blogdia_magazine.jpg\",\"width\":589,\"height\":55,\"caption\":\"Guzzo Photos & Graphic Publications\"},\"image\":{\"@id\":\"https:\\\/\\\/blogdiario.info\\\/magazine\\\/#\\\/schema\\\/logo\\\/image\\\/\"}},{\"@type\":\"Person\",\"@id\":\"https:\\\/\\\/blogdiario.info\\\/magazine\\\/#\\\/schema\\\/person\\\/b2422fe85574d945bad55513bb0c7354\",\"name\":\"World Press Service | Servicio de Prensa Mundial\"}]}<\/script>\n<!-- \/ Yoast SEO plugin. -->","yoast_head_json":{"title":"Manifestaciones s\u00ed..pero respetando el c\u00f3digo penal - BlogDiario Magazine","description":"El lunes, al norte de Londres, un ciclista intent\u00f3 empujar a los manifestantes, dici\u00e9ndoles \"f------ move\".","robots":{"index":"index","follow":"follow","max-snippet":"max-snippet:-1","max-image-preview":"max-image-preview:large","max-video-preview":"max-video-preview:-1"},"canonical":"https:\/\/blogdiario.info\/magazine\/2023\/06\/27\/manifestaciones-si-pero-respetando-el-codigo-penal\/","og_locale":"es_ES","og_type":"article","og_title":"Manifestaciones s\u00ed..pero respetando el c\u00f3digo penal - BlogDiario Magazine","og_description":"El lunes, al norte de Londres, un ciclista intent\u00f3 empujar a los manifestantes, dici\u00e9ndoles \"f------ move\".","og_url":"https:\/\/blogdiario.info\/magazine\/2023\/06\/27\/manifestaciones-si-pero-respetando-el-codigo-penal\/","og_site_name":"BlogDiario Magazine","article_published_time":"2023-06-27T09:12:31+00:00","article_modified_time":"2023-06-27T09:12:32+00:00","og_image":[{"width":600,"height":376,"url":"https:\/\/blogdiario.info\/magazine\/images\/2023\/06\/ciclo_20230626.jpg","type":"image\/jpeg"}],"author":"World Press Service | Servicio de Prensa Mundial","twitter_card":"summary_large_image","twitter_misc":{"Escrito por":"World Press Service | Servicio de Prensa Mundial","Tiempo de lectura":"3 minutos"},"schema":{"@context":"https:\/\/schema.org","@graph":[{"@type":"Article","@id":"https:\/\/blogdiario.info\/magazine\/2023\/06\/27\/manifestaciones-si-pero-respetando-el-codigo-penal\/#article","isPartOf":{"@id":"https:\/\/blogdiario.info\/magazine\/2023\/06\/27\/manifestaciones-si-pero-respetando-el-codigo-penal\/"},"author":{"name":"World Press Service | Servicio de Prensa Mundial","@id":"https:\/\/blogdiario.info\/magazine\/#\/schema\/person\/b2422fe85574d945bad55513bb0c7354"},"headline":"Manifestaciones s\u00ed..pero respetando el c\u00f3digo penal","datePublished":"2023-06-27T09:12:31+00:00","dateModified":"2023-06-27T09:12:32+00:00","mainEntityOfPage":{"@id":"https:\/\/blogdiario.info\/magazine\/2023\/06\/27\/manifestaciones-si-pero-respetando-el-codigo-penal\/"},"wordCount":378,"publisher":{"@id":"https:\/\/blogdiario.info\/magazine\/#organization"},"image":{"@id":"https:\/\/blogdiario.info\/magazine\/2023\/06\/27\/manifestaciones-si-pero-respetando-el-codigo-penal\/#primaryimage"},"thumbnailUrl":"https:\/\/blogdiario.info\/magazine\/images\/2023\/06\/ciclo_20230626.jpg","articleSection":[".","Actualidad","Sociedad"],"inLanguage":"es-AR"},{"@type":"WebPage","@id":"https:\/\/blogdiario.info\/magazine\/2023\/06\/27\/manifestaciones-si-pero-respetando-el-codigo-penal\/","url":"https:\/\/blogdiario.info\/magazine\/2023\/06\/27\/manifestaciones-si-pero-respetando-el-codigo-penal\/","name":"Manifestaciones s\u00ed..pero respetando el c\u00f3digo penal - BlogDiario Magazine","isPartOf":{"@id":"https:\/\/blogdiario.info\/magazine\/#website"},"primaryImageOfPage":{"@id":"https:\/\/blogdiario.info\/magazine\/2023\/06\/27\/manifestaciones-si-pero-respetando-el-codigo-penal\/#primaryimage"},"image":{"@id":"https:\/\/blogdiario.info\/magazine\/2023\/06\/27\/manifestaciones-si-pero-respetando-el-codigo-penal\/#primaryimage"},"thumbnailUrl":"https:\/\/blogdiario.info\/magazine\/images\/2023\/06\/ciclo_20230626.jpg","datePublished":"2023-06-27T09:12:31+00:00","dateModified":"2023-06-27T09:12:32+00:00","description":"El lunes, al norte de Londres, un ciclista intent\u00f3 empujar a los manifestantes, dici\u00e9ndoles \"f------ move\".","breadcrumb":{"@id":"https:\/\/blogdiario.info\/magazine\/2023\/06\/27\/manifestaciones-si-pero-respetando-el-codigo-penal\/#breadcrumb"},"inLanguage":"es-AR","potentialAction":[{"@type":"ReadAction","target":["https:\/\/blogdiario.info\/magazine\/2023\/06\/27\/manifestaciones-si-pero-respetando-el-codigo-penal\/"]}]},{"@type":"ImageObject","inLanguage":"es-AR","@id":"https:\/\/blogdiario.info\/magazine\/2023\/06\/27\/manifestaciones-si-pero-respetando-el-codigo-penal\/#primaryimage","url":"https:\/\/blogdiario.info\/magazine\/images\/2023\/06\/ciclo_20230626.jpg","contentUrl":"https:\/\/blogdiario.info\/magazine\/images\/2023\/06\/ciclo_20230626.jpg","width":600,"height":376},{"@type":"BreadcrumbList","@id":"https:\/\/blogdiario.info\/magazine\/2023\/06\/27\/manifestaciones-si-pero-respetando-el-codigo-penal\/#breadcrumb","itemListElement":[{"@type":"ListItem","position":1,"name":"Home","item":"https:\/\/blogdiario.info\/magazine\/"},{"@type":"ListItem","position":2,"name":"Manifestaciones s\u00ed..pero respetando el c\u00f3digo penal"}]},{"@type":"WebSite","@id":"https:\/\/blogdiario.info\/magazine\/#website","url":"https:\/\/blogdiario.info\/magazine\/","name":"BlogDiario Magazine","description":"Suplemento multiling\u00fce de ElCanillita.Info","publisher":{"@id":"https:\/\/blogdiario.info\/magazine\/#organization"},"potentialAction":[{"@type":"SearchAction","target":{"@type":"EntryPoint","urlTemplate":"https:\/\/blogdiario.info\/magazine\/?s={search_term_string}"},"query-input":{"@type":"PropertyValueSpecification","valueRequired":true,"valueName":"search_term_string"}}],"inLanguage":"es-AR"},{"@type":"Organization","@id":"https:\/\/blogdiario.info\/magazine\/#organization","name":"Guzzo Photos & Graphic Publications","url":"https:\/\/blogdiario.info\/magazine\/","logo":{"@type":"ImageObject","inLanguage":"es-AR","@id":"https:\/\/blogdiario.info\/magazine\/#\/schema\/logo\/image\/","url":"https:\/\/blogdiario.info\/magazine\/images\/2020\/01\/cropped-blogdia_magazine.jpg","contentUrl":"https:\/\/blogdiario.info\/magazine\/images\/2020\/01\/cropped-blogdia_magazine.jpg","width":589,"height":55,"caption":"Guzzo Photos & Graphic Publications"},"image":{"@id":"https:\/\/blogdiario.info\/magazine\/#\/schema\/logo\/image\/"}},{"@type":"Person","@id":"https:\/\/blogdiario.info\/magazine\/#\/schema\/person\/b2422fe85574d945bad55513bb0c7354","name":"World Press Service | Servicio de Prensa Mundial"}]}},"views":423,"_links":{"self":[{"href":"https:\/\/blogdiario.info\/magazine\/wp-json\/wp\/v2\/posts\/801","targetHints":{"allow":["GET"]}}],"collection":[{"href":"https:\/\/blogdiario.info\/magazine\/wp-json\/wp\/v2\/posts"}],"about":[{"href":"https:\/\/blogdiario.info\/magazine\/wp-json\/wp\/v2\/types\/post"}],"author":[{"embeddable":true,"href":"https:\/\/blogdiario.info\/magazine\/wp-json\/wp\/v2\/users\/1"}],"replies":[{"embeddable":true,"href":"https:\/\/blogdiario.info\/magazine\/wp-json\/wp\/v2\/comments?post=801"}],"version-history":[{"count":0,"href":"https:\/\/blogdiario.info\/magazine\/wp-json\/wp\/v2\/posts\/801\/revisions"}],"wp:featuredmedia":[{"embeddable":true,"href":"https:\/\/blogdiario.info\/magazine\/wp-json\/wp\/v2\/media\/802"}],"wp:attachment":[{"href":"https:\/\/blogdiario.info\/magazine\/wp-json\/wp\/v2\/media?parent=801"}],"wp:term":[{"taxonomy":"category","embeddable":true,"href":"https:\/\/blogdiario.info\/magazine\/wp-json\/wp\/v2\/categories?post=801"},{"taxonomy":"post_tag","embeddable":true,"href":"https:\/\/blogdiario.info\/magazine\/wp-json\/wp\/v2\/tags?post=801"}],"curies":[{"name":"wp","href":"https:\/\/api.w.org\/{rel}","templated":true}]}}