{"id":795,"date":"2023-05-02T15:37:07","date_gmt":"2023-05-02T18:37:07","guid":{"rendered":"https:\/\/blogdiario.info\/magazine\/?p=795"},"modified":"2023-05-02T15:37:10","modified_gmt":"2023-05-02T18:37:10","slug":"el-mundo-al-dia-01-05-2023","status":"publish","type":"post","link":"https:\/\/blogdiario.info\/magazine\/2023\/05\/02\/el-mundo-al-dia-01-05-2023\/","title":{"rendered":"El Mundo al D\u00eda 01\/05\/2023"},"content":{"rendered":"\n<figure class=\"wp-block-video\"><video controls src=\"https:\/\/blogdiario.info\/magazine\/images\/2023\/05\/El Mundo_20230502.m4v\"><\/video><\/figure>\n\n\n\n<p>Los acontecimientos de Estados Unidos, Am\u00e9rica Latina y el mundo, en 30 minutos. Con corresponsales en varios puntos del pa\u00eds, &#8220;El Mundo al D\u00eda&#8221; ofrece informaci\u00f3n del acontecer mundial, desde los estudios de VOA en Washington, capital de Estados Unidos.<br><br><small>\u00a9 2023 SalaStampa.Eu affiliate with USAGM \u2013 Edited by Guzzo Photos &amp; Graphic Publications. Copyright \u00a9 1998-2023, VOA. Reprinted by ElCanillita.info with the permission of USAGM \u2013 Washington DC 20036<\/small><\/p>\n","protected":false},"excerpt":{"rendered":"<p>Los acontecimientos de Estados Unidos, Am\u00e9rica Latina y el mundo, en 30 minutos.<\/p>\n","protected":false},"author":1,"featured_media":796,"comment_status":"closed","ping_status":"closed","sticky":false,"template":"","format":"standard","meta":{"footnotes":"","_links_to":"","_links_to_target":""},"categories":[97,62,48],"tags":[74],"class_list":["post-795","post","type-post","status-publish","format-standard","has-post-thumbnail","hentry","category-elcanillita","category-actualidad","category-america","tag-usa","entry","rows"],"yoast_head":"<!-- This site is optimized with the Yoast SEO plugin v27.4 - https:\/\/yoast.com\/product\/yoast-seo-wordpress\/ -->\n<title>El Mundo al D\u00eda 01\/05\/2023 - BlogDiario Magazine<\/title>\n<meta name=\"description\" content=\"Los acontecimientos de Estados Unidos, Am\u00e9rica Latina y el mundo, en 30 minutos. Con corresponsales en varios puntos del pa\u00eds, &quot;El Mundo al D\u00eda&quot; ofrece informaci\u00f3n del acontecer mundial, desde los estudios de VOA en Washington, capital de Estados Unidos.\" \/>\n<meta name=\"robots\" content=\"index, follow, max-snippet:-1, max-image-preview:large, max-video-preview:-1\" \/>\n<link rel=\"canonical\" href=\"https:\/\/blogdiario.info\/magazine\/2023\/05\/02\/el-mundo-al-dia-01-05-2023\/\" \/>\n<meta property=\"og:locale\" content=\"es_ES\" \/>\n<meta property=\"og:type\" content=\"article\" \/>\n<meta property=\"og:title\" content=\"El Mundo al D\u00eda 01\/05\/2023 - BlogDiario Magazine\" \/>\n<meta property=\"og:description\" content=\"Los acontecimientos de Estados Unidos, Am\u00e9rica Latina y el mundo, en 30 minutos. Con corresponsales en varios puntos del pa\u00eds, &quot;El Mundo al D\u00eda&quot; ofrece informaci\u00f3n del acontecer mundial, desde los estudios de VOA en Washington, capital de Estados Unidos.\" \/>\n<meta property=\"og:url\" content=\"https:\/\/blogdiario.info\/magazine\/2023\/05\/02\/el-mundo-al-dia-01-05-2023\/\" \/>\n<meta property=\"og:site_name\" content=\"BlogDiario Magazine\" \/>\n<meta property=\"article:published_time\" content=\"2023-05-02T18:37:07+00:00\" \/>\n<meta property=\"article:modified_time\" content=\"2023-05-02T18:37:10+00:00\" \/>\n<meta property=\"og:image\" content=\"https:\/\/blogdiario.info\/magazine\/images\/2023\/05\/El-Mundo-al-Dia_m310719.jpg\" \/>\n\t<meta property=\"og:image:width\" content=\"320\" \/>\n\t<meta property=\"og:image:height\" content=\"180\" \/>\n\t<meta property=\"og:image:type\" content=\"image\/jpeg\" \/>\n<meta name=\"author\" content=\"World Press Service | Servicio de Prensa Mundial\" \/>\n<meta name=\"twitter:card\" content=\"summary_large_image\" \/>\n<meta name=\"twitter:label1\" content=\"Escrito por\" \/>\n\t<meta name=\"twitter:data1\" content=\"World Press Service | Servicio de Prensa Mundial\" \/>\n\t<meta name=\"twitter:label2\" content=\"Tiempo de lectura\" \/>\n\t<meta name=\"twitter:data2\" content=\"1 minuto\" \/>\n<script type=\"application\/ld+json\" class=\"yoast-schema-graph\">{\"@context\":\"https:\\\/\\\/schema.org\",\"@graph\":[{\"@type\":\"Article\",\"@id\":\"https:\\\/\\\/blogdiario.info\\\/magazine\\\/2023\\\/05\\\/02\\\/el-mundo-al-dia-01-05-2023\\\/#article\",\"isPartOf\":{\"@id\":\"https:\\\/\\\/blogdiario.info\\\/magazine\\\/2023\\\/05\\\/02\\\/el-mundo-al-dia-01-05-2023\\\/\"},\"author\":{\"name\":\"World Press Service | Servicio de Prensa Mundial\",\"@id\":\"https:\\\/\\\/blogdiario.info\\\/magazine\\\/#\\\/schema\\\/person\\\/b2422fe85574d945bad55513bb0c7354\"},\"headline\":\"El Mundo al D\u00eda 01\\\/05\\\/2023\",\"datePublished\":\"2023-05-02T18:37:07+00:00\",\"dateModified\":\"2023-05-02T18:37:10+00:00\",\"mainEntityOfPage\":{\"@id\":\"https:\\\/\\\/blogdiario.info\\\/magazine\\\/2023\\\/05\\\/02\\\/el-mundo-al-dia-01-05-2023\\\/\"},\"wordCount\":74,\"publisher\":{\"@id\":\"https:\\\/\\\/blogdiario.info\\\/magazine\\\/#organization\"},\"image\":{\"@id\":\"https:\\\/\\\/blogdiario.info\\\/magazine\\\/2023\\\/05\\\/02\\\/el-mundo-al-dia-01-05-2023\\\/#primaryimage\"},\"thumbnailUrl\":\"https:\\\/\\\/blogdiario.info\\\/magazine\\\/images\\\/2023\\\/05\\\/El-Mundo-al-Dia_m310719.jpg\",\"keywords\":[\"USA\"],\"articleSection\":[\".\",\"Actualidad\",\"America\"],\"inLanguage\":\"es-AR\"},{\"@type\":\"WebPage\",\"@id\":\"https:\\\/\\\/blogdiario.info\\\/magazine\\\/2023\\\/05\\\/02\\\/el-mundo-al-dia-01-05-2023\\\/\",\"url\":\"https:\\\/\\\/blogdiario.info\\\/magazine\\\/2023\\\/05\\\/02\\\/el-mundo-al-dia-01-05-2023\\\/\",\"name\":\"El Mundo al D\u00eda 01\\\/05\\\/2023 - BlogDiario Magazine\",\"isPartOf\":{\"@id\":\"https:\\\/\\\/blogdiario.info\\\/magazine\\\/#website\"},\"primaryImageOfPage\":{\"@id\":\"https:\\\/\\\/blogdiario.info\\\/magazine\\\/2023\\\/05\\\/02\\\/el-mundo-al-dia-01-05-2023\\\/#primaryimage\"},\"image\":{\"@id\":\"https:\\\/\\\/blogdiario.info\\\/magazine\\\/2023\\\/05\\\/02\\\/el-mundo-al-dia-01-05-2023\\\/#primaryimage\"},\"thumbnailUrl\":\"https:\\\/\\\/blogdiario.info\\\/magazine\\\/images\\\/2023\\\/05\\\/El-Mundo-al-Dia_m310719.jpg\",\"datePublished\":\"2023-05-02T18:37:07+00:00\",\"dateModified\":\"2023-05-02T18:37:10+00:00\",\"description\":\"Los acontecimientos de Estados Unidos, Am\u00e9rica Latina y el mundo, en 30 minutos. Con corresponsales en varios puntos del pa\u00eds, \\\"El Mundo al D\u00eda\\\" ofrece informaci\u00f3n del acontecer mundial, desde los estudios de VOA en Washington, capital de Estados Unidos.\",\"breadcrumb\":{\"@id\":\"https:\\\/\\\/blogdiario.info\\\/magazine\\\/2023\\\/05\\\/02\\\/el-mundo-al-dia-01-05-2023\\\/#breadcrumb\"},\"inLanguage\":\"es-AR\",\"potentialAction\":[{\"@type\":\"ReadAction\",\"target\":[\"https:\\\/\\\/blogdiario.info\\\/magazine\\\/2023\\\/05\\\/02\\\/el-mundo-al-dia-01-05-2023\\\/\"]}]},{\"@type\":\"ImageObject\",\"inLanguage\":\"es-AR\",\"@id\":\"https:\\\/\\\/blogdiario.info\\\/magazine\\\/2023\\\/05\\\/02\\\/el-mundo-al-dia-01-05-2023\\\/#primaryimage\",\"url\":\"https:\\\/\\\/blogdiario.info\\\/magazine\\\/images\\\/2023\\\/05\\\/El-Mundo-al-Dia_m310719.jpg\",\"contentUrl\":\"https:\\\/\\\/blogdiario.info\\\/magazine\\\/images\\\/2023\\\/05\\\/El-Mundo-al-Dia_m310719.jpg\",\"width\":320,\"height\":180},{\"@type\":\"BreadcrumbList\",\"@id\":\"https:\\\/\\\/blogdiario.info\\\/magazine\\\/2023\\\/05\\\/02\\\/el-mundo-al-dia-01-05-2023\\\/#breadcrumb\",\"itemListElement\":[{\"@type\":\"ListItem\",\"position\":1,\"name\":\"Home\",\"item\":\"https:\\\/\\\/blogdiario.info\\\/magazine\\\/\"},{\"@type\":\"ListItem\",\"position\":2,\"name\":\"El Mundo al D\u00eda 01\\\/05\\\/2023\"}]},{\"@type\":\"WebSite\",\"@id\":\"https:\\\/\\\/blogdiario.info\\\/magazine\\\/#website\",\"url\":\"https:\\\/\\\/blogdiario.info\\\/magazine\\\/\",\"name\":\"BlogDiario Magazine\",\"description\":\"Suplemento multiling\u00fce de ElCanillita.Info\",\"publisher\":{\"@id\":\"https:\\\/\\\/blogdiario.info\\\/magazine\\\/#organization\"},\"potentialAction\":[{\"@type\":\"SearchAction\",\"target\":{\"@type\":\"EntryPoint\",\"urlTemplate\":\"https:\\\/\\\/blogdiario.info\\\/magazine\\\/?s={search_term_string}\"},\"query-input\":{\"@type\":\"PropertyValueSpecification\",\"valueRequired\":true,\"valueName\":\"search_term_string\"}}],\"inLanguage\":\"es-AR\"},{\"@type\":\"Organization\",\"@id\":\"https:\\\/\\\/blogdiario.info\\\/magazine\\\/#organization\",\"name\":\"Guzzo Photos & Graphic Publications\",\"url\":\"https:\\\/\\\/blogdiario.info\\\/magazine\\\/\",\"logo\":{\"@type\":\"ImageObject\",\"inLanguage\":\"es-AR\",\"@id\":\"https:\\\/\\\/blogdiario.info\\\/magazine\\\/#\\\/schema\\\/logo\\\/image\\\/\",\"url\":\"https:\\\/\\\/blogdiario.info\\\/magazine\\\/images\\\/2020\\\/01\\\/cropped-blogdia_magazine.jpg\",\"contentUrl\":\"https:\\\/\\\/blogdiario.info\\\/magazine\\\/images\\\/2020\\\/01\\\/cropped-blogdia_magazine.jpg\",\"width\":589,\"height\":55,\"caption\":\"Guzzo Photos & Graphic Publications\"},\"image\":{\"@id\":\"https:\\\/\\\/blogdiario.info\\\/magazine\\\/#\\\/schema\\\/logo\\\/image\\\/\"}},{\"@type\":\"Person\",\"@id\":\"https:\\\/\\\/blogdiario.info\\\/magazine\\\/#\\\/schema\\\/person\\\/b2422fe85574d945bad55513bb0c7354\",\"name\":\"World Press Service | Servicio de Prensa Mundial\"}]}<\/script>\n<!-- \/ Yoast SEO plugin. -->","yoast_head_json":{"title":"El Mundo al D\u00eda 01\/05\/2023 - BlogDiario Magazine","description":"Los acontecimientos de Estados Unidos, Am\u00e9rica Latina y el mundo, en 30 minutos. Con corresponsales en varios puntos del pa\u00eds, \"El Mundo al D\u00eda\" ofrece informaci\u00f3n del acontecer mundial, desde los estudios de VOA en Washington, capital de Estados Unidos.","robots":{"index":"index","follow":"follow","max-snippet":"max-snippet:-1","max-image-preview":"max-image-preview:large","max-video-preview":"max-video-preview:-1"},"canonical":"https:\/\/blogdiario.info\/magazine\/2023\/05\/02\/el-mundo-al-dia-01-05-2023\/","og_locale":"es_ES","og_type":"article","og_title":"El Mundo al D\u00eda 01\/05\/2023 - BlogDiario Magazine","og_description":"Los acontecimientos de Estados Unidos, Am\u00e9rica Latina y el mundo, en 30 minutos. Con corresponsales en varios puntos del pa\u00eds, \"El Mundo al D\u00eda\" ofrece informaci\u00f3n del acontecer mundial, desde los estudios de VOA en Washington, capital de Estados Unidos.","og_url":"https:\/\/blogdiario.info\/magazine\/2023\/05\/02\/el-mundo-al-dia-01-05-2023\/","og_site_name":"BlogDiario Magazine","article_published_time":"2023-05-02T18:37:07+00:00","article_modified_time":"2023-05-02T18:37:10+00:00","og_image":[{"width":320,"height":180,"url":"https:\/\/blogdiario.info\/magazine\/images\/2023\/05\/El-Mundo-al-Dia_m310719.jpg","type":"image\/jpeg"}],"author":"World Press Service | Servicio de Prensa Mundial","twitter_card":"summary_large_image","twitter_misc":{"Escrito por":"World Press Service | Servicio de Prensa Mundial","Tiempo de lectura":"1 minuto"},"schema":{"@context":"https:\/\/schema.org","@graph":[{"@type":"Article","@id":"https:\/\/blogdiario.info\/magazine\/2023\/05\/02\/el-mundo-al-dia-01-05-2023\/#article","isPartOf":{"@id":"https:\/\/blogdiario.info\/magazine\/2023\/05\/02\/el-mundo-al-dia-01-05-2023\/"},"author":{"name":"World Press Service | Servicio de Prensa Mundial","@id":"https:\/\/blogdiario.info\/magazine\/#\/schema\/person\/b2422fe85574d945bad55513bb0c7354"},"headline":"El Mundo al D\u00eda 01\/05\/2023","datePublished":"2023-05-02T18:37:07+00:00","dateModified":"2023-05-02T18:37:10+00:00","mainEntityOfPage":{"@id":"https:\/\/blogdiario.info\/magazine\/2023\/05\/02\/el-mundo-al-dia-01-05-2023\/"},"wordCount":74,"publisher":{"@id":"https:\/\/blogdiario.info\/magazine\/#organization"},"image":{"@id":"https:\/\/blogdiario.info\/magazine\/2023\/05\/02\/el-mundo-al-dia-01-05-2023\/#primaryimage"},"thumbnailUrl":"https:\/\/blogdiario.info\/magazine\/images\/2023\/05\/El-Mundo-al-Dia_m310719.jpg","keywords":["USA"],"articleSection":[".","Actualidad","America"],"inLanguage":"es-AR"},{"@type":"WebPage","@id":"https:\/\/blogdiario.info\/magazine\/2023\/05\/02\/el-mundo-al-dia-01-05-2023\/","url":"https:\/\/blogdiario.info\/magazine\/2023\/05\/02\/el-mundo-al-dia-01-05-2023\/","name":"El Mundo al D\u00eda 01\/05\/2023 - BlogDiario Magazine","isPartOf":{"@id":"https:\/\/blogdiario.info\/magazine\/#website"},"primaryImageOfPage":{"@id":"https:\/\/blogdiario.info\/magazine\/2023\/05\/02\/el-mundo-al-dia-01-05-2023\/#primaryimage"},"image":{"@id":"https:\/\/blogdiario.info\/magazine\/2023\/05\/02\/el-mundo-al-dia-01-05-2023\/#primaryimage"},"thumbnailUrl":"https:\/\/blogdiario.info\/magazine\/images\/2023\/05\/El-Mundo-al-Dia_m310719.jpg","datePublished":"2023-05-02T18:37:07+00:00","dateModified":"2023-05-02T18:37:10+00:00","description":"Los acontecimientos de Estados Unidos, Am\u00e9rica Latina y el mundo, en 30 minutos. Con corresponsales en varios puntos del pa\u00eds, \"El Mundo al D\u00eda\" ofrece informaci\u00f3n del acontecer mundial, desde los estudios de VOA en Washington, capital de Estados Unidos.","breadcrumb":{"@id":"https:\/\/blogdiario.info\/magazine\/2023\/05\/02\/el-mundo-al-dia-01-05-2023\/#breadcrumb"},"inLanguage":"es-AR","potentialAction":[{"@type":"ReadAction","target":["https:\/\/blogdiario.info\/magazine\/2023\/05\/02\/el-mundo-al-dia-01-05-2023\/"]}]},{"@type":"ImageObject","inLanguage":"es-AR","@id":"https:\/\/blogdiario.info\/magazine\/2023\/05\/02\/el-mundo-al-dia-01-05-2023\/#primaryimage","url":"https:\/\/blogdiario.info\/magazine\/images\/2023\/05\/El-Mundo-al-Dia_m310719.jpg","contentUrl":"https:\/\/blogdiario.info\/magazine\/images\/2023\/05\/El-Mundo-al-Dia_m310719.jpg","width":320,"height":180},{"@type":"BreadcrumbList","@id":"https:\/\/blogdiario.info\/magazine\/2023\/05\/02\/el-mundo-al-dia-01-05-2023\/#breadcrumb","itemListElement":[{"@type":"ListItem","position":1,"name":"Home","item":"https:\/\/blogdiario.info\/magazine\/"},{"@type":"ListItem","position":2,"name":"El Mundo al D\u00eda 01\/05\/2023"}]},{"@type":"WebSite","@id":"https:\/\/blogdiario.info\/magazine\/#website","url":"https:\/\/blogdiario.info\/magazine\/","name":"BlogDiario Magazine","description":"Suplemento multiling\u00fce de ElCanillita.Info","publisher":{"@id":"https:\/\/blogdiario.info\/magazine\/#organization"},"potentialAction":[{"@type":"SearchAction","target":{"@type":"EntryPoint","urlTemplate":"https:\/\/blogdiario.info\/magazine\/?s={search_term_string}"},"query-input":{"@type":"PropertyValueSpecification","valueRequired":true,"valueName":"search_term_string"}}],"inLanguage":"es-AR"},{"@type":"Organization","@id":"https:\/\/blogdiario.info\/magazine\/#organization","name":"Guzzo Photos & Graphic Publications","url":"https:\/\/blogdiario.info\/magazine\/","logo":{"@type":"ImageObject","inLanguage":"es-AR","@id":"https:\/\/blogdiario.info\/magazine\/#\/schema\/logo\/image\/","url":"https:\/\/blogdiario.info\/magazine\/images\/2020\/01\/cropped-blogdia_magazine.jpg","contentUrl":"https:\/\/blogdiario.info\/magazine\/images\/2020\/01\/cropped-blogdia_magazine.jpg","width":589,"height":55,"caption":"Guzzo Photos & Graphic Publications"},"image":{"@id":"https:\/\/blogdiario.info\/magazine\/#\/schema\/logo\/image\/"}},{"@type":"Person","@id":"https:\/\/blogdiario.info\/magazine\/#\/schema\/person\/b2422fe85574d945bad55513bb0c7354","name":"World Press Service | Servicio de Prensa Mundial"}]}},"views":394,"_links":{"self":[{"href":"https:\/\/blogdiario.info\/magazine\/wp-json\/wp\/v2\/posts\/795","targetHints":{"allow":["GET"]}}],"collection":[{"href":"https:\/\/blogdiario.info\/magazine\/wp-json\/wp\/v2\/posts"}],"about":[{"href":"https:\/\/blogdiario.info\/magazine\/wp-json\/wp\/v2\/types\/post"}],"author":[{"embeddable":true,"href":"https:\/\/blogdiario.info\/magazine\/wp-json\/wp\/v2\/users\/1"}],"replies":[{"embeddable":true,"href":"https:\/\/blogdiario.info\/magazine\/wp-json\/wp\/v2\/comments?post=795"}],"version-history":[{"count":0,"href":"https:\/\/blogdiario.info\/magazine\/wp-json\/wp\/v2\/posts\/795\/revisions"}],"wp:featuredmedia":[{"embeddable":true,"href":"https:\/\/blogdiario.info\/magazine\/wp-json\/wp\/v2\/media\/796"}],"wp:attachment":[{"href":"https:\/\/blogdiario.info\/magazine\/wp-json\/wp\/v2\/media?parent=795"}],"wp:term":[{"taxonomy":"category","embeddable":true,"href":"https:\/\/blogdiario.info\/magazine\/wp-json\/wp\/v2\/categories?post=795"},{"taxonomy":"post_tag","embeddable":true,"href":"https:\/\/blogdiario.info\/magazine\/wp-json\/wp\/v2\/tags?post=795"}],"curies":[{"name":"wp","href":"https:\/\/api.w.org\/{rel}","templated":true}]}}