{"id":781,"date":"2023-04-01T15:08:52","date_gmt":"2023-04-01T18:08:52","guid":{"rendered":"https:\/\/blogdiario.info\/magazine\/?p=781"},"modified":"2023-06-29T02:19:57","modified_gmt":"2023-06-29T05:19:57","slug":"el-reves-de-los-mapas","status":"publish","type":"post","link":"https:\/\/blogdiario.info\/magazine\/2023\/04\/01\/el-reves-de-los-mapas\/","title":{"rendered":"El rev\u00e9s de los mapas, Ucrania: un pa\u00eds en guerra"},"content":{"rendered":"\n<figure class=\"wp-block-video alignleft\"><video controls src=\"https:\/\/blogdiario.info\/magazine\/images\/2023\/04\/Ucrania.mp4\"><\/video><figcaption class=\"wp-element-caption\">La Guerra Ruso-Polaca (1654-1667), tambi\u00e9n llamada Guerra de Ucrania, fue el \u00faltimo gran conflicto entre el Reino Ruso y la Confederaci\u00f3n Polaco-Lituana. La guerra termin\u00f3 con una importante expansi\u00f3n territorial rusa y marc\u00f3 el comienzo del papel de Rusia como una importante potencia pol\u00edtica y militar en Europa del Este.<\/figcaption><\/figure>\n\n\n\n<p>El 24 de febrero de 2022, Rusia invadi\u00f3 Ucrania. Un a\u00f1o despu\u00e9s, la guerra contin\u00faa destruyendo un pa\u00eds situado en la confluencia de dos mundos, el de Vlad\u00edmir Putin y el de la Uni\u00f3n Europea. Sacamos los mapas para repasar la geograf\u00eda e historia de una regi\u00f3n que vive en combate.<\/p>\n\n\n\n<p><small>Presentaci\u00f3n: Emili Aubry<br>Pa\u00eds: Francia<br>A\u00f1o: 2022<br>Copyright \u00a9 2022 Arte <\/small><br><small>\u00a92023 Copyright \u00a9 2023 ElCanillita.info \/ SalaStampa.Eu &#8211; Informaci\u00f3n de dominio p\u00fablico<\/small><\/p>\n","protected":false},"excerpt":{"rendered":"<p>Jan Chrysostom Pasek en la batalla de Lachowicze 1660 &#8211; Pintura de Juliusz Kossak.<\/p>\n","protected":false},"author":1,"featured_media":782,"comment_status":"closed","ping_status":"closed","sticky":false,"template":"","format":"standard","meta":{"footnotes":"","_links_to":"","_links_to_target":""},"categories":[97,47,66,41,29,43,31],"tags":[],"class_list":["post-781","post","type-post","status-publish","format-standard","has-post-thumbnail","hentry","category-elcanillita","category-eurasia","category-multilingue","category-politica-esp","category-politique","category-sociedad","category-societe","entry","rows"],"yoast_head":"<!-- This site is optimized with the Yoast SEO plugin v27.4 - https:\/\/yoast.com\/product\/yoast-seo-wordpress\/ -->\n<title>El rev\u00e9s de los mapas, Ucrania: un pa\u00eds en guerra - BlogDiario Magazine<\/title>\n<meta name=\"description\" content=\"La Guerra Ruso-Polaca (1654-1667), tambi\u00e9n llamada Guerra de Ucrania, fue el \u00faltimo gran conflicto entre el Reino Ruso y la Confederaci\u00f3n Polaco-Lituana. La guerra termin\u00f3 con una importante expansi\u00f3n territorial rusa y marc\u00f3 el comienzo del papel de Rusia como una importante potencia pol\u00edtica y militar en Europa del Este.\" \/>\n<meta name=\"robots\" content=\"index, follow, max-snippet:-1, max-image-preview:large, max-video-preview:-1\" \/>\n<link rel=\"canonical\" href=\"https:\/\/blogdiario.info\/magazine\/2023\/04\/01\/el-reves-de-los-mapas\/\" \/>\n<meta property=\"og:locale\" content=\"es_ES\" \/>\n<meta property=\"og:type\" content=\"article\" \/>\n<meta property=\"og:title\" content=\"El rev\u00e9s de los mapas, Ucrania: un pa\u00eds en guerra - BlogDiario Magazine\" \/>\n<meta property=\"og:description\" content=\"La Guerra Ruso-Polaca (1654-1667), tambi\u00e9n llamada Guerra de Ucrania, fue el \u00faltimo gran conflicto entre el Reino Ruso y la Confederaci\u00f3n Polaco-Lituana. La guerra termin\u00f3 con una importante expansi\u00f3n territorial rusa y marc\u00f3 el comienzo del papel de Rusia como una importante potencia pol\u00edtica y militar en Europa del Este.\" \/>\n<meta property=\"og:url\" content=\"https:\/\/blogdiario.info\/magazine\/2023\/04\/01\/el-reves-de-los-mapas\/\" \/>\n<meta property=\"og:site_name\" content=\"BlogDiario Magazine\" \/>\n<meta property=\"article:published_time\" content=\"2023-04-01T18:08:52+00:00\" \/>\n<meta property=\"article:modified_time\" content=\"2023-06-29T05:19:57+00:00\" \/>\n<meta property=\"og:image\" content=\"https:\/\/blogdiario.info\/magazine\/images\/2023\/04\/Jan_Chryzostom_Pasek.jpg\" \/>\n\t<meta property=\"og:image:width\" content=\"600\" \/>\n\t<meta property=\"og:image:height\" content=\"444\" \/>\n\t<meta property=\"og:image:type\" content=\"image\/jpeg\" \/>\n<meta name=\"author\" content=\"World Press Service | Servicio de Prensa Mundial\" \/>\n<meta name=\"twitter:card\" content=\"summary_large_image\" \/>\n<meta name=\"twitter:label1\" content=\"Escrito por\" \/>\n\t<meta name=\"twitter:data1\" content=\"World Press Service | Servicio de Prensa Mundial\" \/>\n\t<meta name=\"twitter:label2\" content=\"Tiempo de lectura\" \/>\n\t<meta name=\"twitter:data2\" content=\"1 minuto\" \/>\n<script type=\"application\/ld+json\" class=\"yoast-schema-graph\">{\"@context\":\"https:\\\/\\\/schema.org\",\"@graph\":[{\"@type\":\"Article\",\"@id\":\"https:\\\/\\\/blogdiario.info\\\/magazine\\\/2023\\\/04\\\/01\\\/el-reves-de-los-mapas\\\/#article\",\"isPartOf\":{\"@id\":\"https:\\\/\\\/blogdiario.info\\\/magazine\\\/2023\\\/04\\\/01\\\/el-reves-de-los-mapas\\\/\"},\"author\":{\"name\":\"World Press Service | Servicio de Prensa Mundial\",\"@id\":\"https:\\\/\\\/blogdiario.info\\\/magazine\\\/#\\\/schema\\\/person\\\/b2422fe85574d945bad55513bb0c7354\"},\"headline\":\"El rev\u00e9s de los mapas, Ucrania: un pa\u00eds en guerra\",\"datePublished\":\"2023-04-01T18:08:52+00:00\",\"dateModified\":\"2023-06-29T05:19:57+00:00\",\"mainEntityOfPage\":{\"@id\":\"https:\\\/\\\/blogdiario.info\\\/magazine\\\/2023\\\/04\\\/01\\\/el-reves-de-los-mapas\\\/\"},\"wordCount\":144,\"publisher\":{\"@id\":\"https:\\\/\\\/blogdiario.info\\\/magazine\\\/#organization\"},\"image\":{\"@id\":\"https:\\\/\\\/blogdiario.info\\\/magazine\\\/2023\\\/04\\\/01\\\/el-reves-de-los-mapas\\\/#primaryimage\"},\"thumbnailUrl\":\"https:\\\/\\\/blogdiario.info\\\/magazine\\\/images\\\/2023\\\/04\\\/Jan_Chryzostom_Pasek.jpg\",\"articleSection\":[\".\",\"Eurasia\",\"Multilingue\",\"Politica\",\"Politique\",\"Sociedad\",\"Soci\u00e9t\u00e9\"],\"inLanguage\":\"es-AR\"},{\"@type\":\"WebPage\",\"@id\":\"https:\\\/\\\/blogdiario.info\\\/magazine\\\/2023\\\/04\\\/01\\\/el-reves-de-los-mapas\\\/\",\"url\":\"https:\\\/\\\/blogdiario.info\\\/magazine\\\/2023\\\/04\\\/01\\\/el-reves-de-los-mapas\\\/\",\"name\":\"El rev\u00e9s de los mapas, Ucrania: un pa\u00eds en guerra - BlogDiario Magazine\",\"isPartOf\":{\"@id\":\"https:\\\/\\\/blogdiario.info\\\/magazine\\\/#website\"},\"primaryImageOfPage\":{\"@id\":\"https:\\\/\\\/blogdiario.info\\\/magazine\\\/2023\\\/04\\\/01\\\/el-reves-de-los-mapas\\\/#primaryimage\"},\"image\":{\"@id\":\"https:\\\/\\\/blogdiario.info\\\/magazine\\\/2023\\\/04\\\/01\\\/el-reves-de-los-mapas\\\/#primaryimage\"},\"thumbnailUrl\":\"https:\\\/\\\/blogdiario.info\\\/magazine\\\/images\\\/2023\\\/04\\\/Jan_Chryzostom_Pasek.jpg\",\"datePublished\":\"2023-04-01T18:08:52+00:00\",\"dateModified\":\"2023-06-29T05:19:57+00:00\",\"description\":\"La Guerra Ruso-Polaca (1654-1667), tambi\u00e9n llamada Guerra de Ucrania, fue el \u00faltimo gran conflicto entre el Reino Ruso y la Confederaci\u00f3n Polaco-Lituana. La guerra termin\u00f3 con una importante expansi\u00f3n territorial rusa y marc\u00f3 el comienzo del papel de Rusia como una importante potencia pol\u00edtica y militar en Europa del Este.\",\"breadcrumb\":{\"@id\":\"https:\\\/\\\/blogdiario.info\\\/magazine\\\/2023\\\/04\\\/01\\\/el-reves-de-los-mapas\\\/#breadcrumb\"},\"inLanguage\":\"es-AR\",\"potentialAction\":[{\"@type\":\"ReadAction\",\"target\":[\"https:\\\/\\\/blogdiario.info\\\/magazine\\\/2023\\\/04\\\/01\\\/el-reves-de-los-mapas\\\/\"]}]},{\"@type\":\"ImageObject\",\"inLanguage\":\"es-AR\",\"@id\":\"https:\\\/\\\/blogdiario.info\\\/magazine\\\/2023\\\/04\\\/01\\\/el-reves-de-los-mapas\\\/#primaryimage\",\"url\":\"https:\\\/\\\/blogdiario.info\\\/magazine\\\/images\\\/2023\\\/04\\\/Jan_Chryzostom_Pasek.jpg\",\"contentUrl\":\"https:\\\/\\\/blogdiario.info\\\/magazine\\\/images\\\/2023\\\/04\\\/Jan_Chryzostom_Pasek.jpg\",\"width\":600,\"height\":444},{\"@type\":\"BreadcrumbList\",\"@id\":\"https:\\\/\\\/blogdiario.info\\\/magazine\\\/2023\\\/04\\\/01\\\/el-reves-de-los-mapas\\\/#breadcrumb\",\"itemListElement\":[{\"@type\":\"ListItem\",\"position\":1,\"name\":\"Home\",\"item\":\"https:\\\/\\\/blogdiario.info\\\/magazine\\\/\"},{\"@type\":\"ListItem\",\"position\":2,\"name\":\"El rev\u00e9s de los mapas, Ucrania: un pa\u00eds en guerra\"}]},{\"@type\":\"WebSite\",\"@id\":\"https:\\\/\\\/blogdiario.info\\\/magazine\\\/#website\",\"url\":\"https:\\\/\\\/blogdiario.info\\\/magazine\\\/\",\"name\":\"BlogDiario Magazine\",\"description\":\"Suplemento multiling\u00fce de ElCanillita.Info\",\"publisher\":{\"@id\":\"https:\\\/\\\/blogdiario.info\\\/magazine\\\/#organization\"},\"potentialAction\":[{\"@type\":\"SearchAction\",\"target\":{\"@type\":\"EntryPoint\",\"urlTemplate\":\"https:\\\/\\\/blogdiario.info\\\/magazine\\\/?s={search_term_string}\"},\"query-input\":{\"@type\":\"PropertyValueSpecification\",\"valueRequired\":true,\"valueName\":\"search_term_string\"}}],\"inLanguage\":\"es-AR\"},{\"@type\":\"Organization\",\"@id\":\"https:\\\/\\\/blogdiario.info\\\/magazine\\\/#organization\",\"name\":\"Guzzo Photos & Graphic Publications\",\"url\":\"https:\\\/\\\/blogdiario.info\\\/magazine\\\/\",\"logo\":{\"@type\":\"ImageObject\",\"inLanguage\":\"es-AR\",\"@id\":\"https:\\\/\\\/blogdiario.info\\\/magazine\\\/#\\\/schema\\\/logo\\\/image\\\/\",\"url\":\"https:\\\/\\\/blogdiario.info\\\/magazine\\\/images\\\/2020\\\/01\\\/cropped-blogdia_magazine.jpg\",\"contentUrl\":\"https:\\\/\\\/blogdiario.info\\\/magazine\\\/images\\\/2020\\\/01\\\/cropped-blogdia_magazine.jpg\",\"width\":589,\"height\":55,\"caption\":\"Guzzo Photos & Graphic Publications\"},\"image\":{\"@id\":\"https:\\\/\\\/blogdiario.info\\\/magazine\\\/#\\\/schema\\\/logo\\\/image\\\/\"}},{\"@type\":\"Person\",\"@id\":\"https:\\\/\\\/blogdiario.info\\\/magazine\\\/#\\\/schema\\\/person\\\/b2422fe85574d945bad55513bb0c7354\",\"name\":\"World Press Service | Servicio de Prensa Mundial\"}]}<\/script>\n<!-- \/ Yoast SEO plugin. -->","yoast_head_json":{"title":"El rev\u00e9s de los mapas, Ucrania: un pa\u00eds en guerra - BlogDiario Magazine","description":"La Guerra Ruso-Polaca (1654-1667), tambi\u00e9n llamada Guerra de Ucrania, fue el \u00faltimo gran conflicto entre el Reino Ruso y la Confederaci\u00f3n Polaco-Lituana. La guerra termin\u00f3 con una importante expansi\u00f3n territorial rusa y marc\u00f3 el comienzo del papel de Rusia como una importante potencia pol\u00edtica y militar en Europa del Este.","robots":{"index":"index","follow":"follow","max-snippet":"max-snippet:-1","max-image-preview":"max-image-preview:large","max-video-preview":"max-video-preview:-1"},"canonical":"https:\/\/blogdiario.info\/magazine\/2023\/04\/01\/el-reves-de-los-mapas\/","og_locale":"es_ES","og_type":"article","og_title":"El rev\u00e9s de los mapas, Ucrania: un pa\u00eds en guerra - BlogDiario Magazine","og_description":"La Guerra Ruso-Polaca (1654-1667), tambi\u00e9n llamada Guerra de Ucrania, fue el \u00faltimo gran conflicto entre el Reino Ruso y la Confederaci\u00f3n Polaco-Lituana. La guerra termin\u00f3 con una importante expansi\u00f3n territorial rusa y marc\u00f3 el comienzo del papel de Rusia como una importante potencia pol\u00edtica y militar en Europa del Este.","og_url":"https:\/\/blogdiario.info\/magazine\/2023\/04\/01\/el-reves-de-los-mapas\/","og_site_name":"BlogDiario Magazine","article_published_time":"2023-04-01T18:08:52+00:00","article_modified_time":"2023-06-29T05:19:57+00:00","og_image":[{"width":600,"height":444,"url":"https:\/\/blogdiario.info\/magazine\/images\/2023\/04\/Jan_Chryzostom_Pasek.jpg","type":"image\/jpeg"}],"author":"World Press Service | Servicio de Prensa Mundial","twitter_card":"summary_large_image","twitter_misc":{"Escrito por":"World Press Service | Servicio de Prensa Mundial","Tiempo de lectura":"1 minuto"},"schema":{"@context":"https:\/\/schema.org","@graph":[{"@type":"Article","@id":"https:\/\/blogdiario.info\/magazine\/2023\/04\/01\/el-reves-de-los-mapas\/#article","isPartOf":{"@id":"https:\/\/blogdiario.info\/magazine\/2023\/04\/01\/el-reves-de-los-mapas\/"},"author":{"name":"World Press Service | Servicio de Prensa Mundial","@id":"https:\/\/blogdiario.info\/magazine\/#\/schema\/person\/b2422fe85574d945bad55513bb0c7354"},"headline":"El rev\u00e9s de los mapas, Ucrania: un pa\u00eds en guerra","datePublished":"2023-04-01T18:08:52+00:00","dateModified":"2023-06-29T05:19:57+00:00","mainEntityOfPage":{"@id":"https:\/\/blogdiario.info\/magazine\/2023\/04\/01\/el-reves-de-los-mapas\/"},"wordCount":144,"publisher":{"@id":"https:\/\/blogdiario.info\/magazine\/#organization"},"image":{"@id":"https:\/\/blogdiario.info\/magazine\/2023\/04\/01\/el-reves-de-los-mapas\/#primaryimage"},"thumbnailUrl":"https:\/\/blogdiario.info\/magazine\/images\/2023\/04\/Jan_Chryzostom_Pasek.jpg","articleSection":[".","Eurasia","Multilingue","Politica","Politique","Sociedad","Soci\u00e9t\u00e9"],"inLanguage":"es-AR"},{"@type":"WebPage","@id":"https:\/\/blogdiario.info\/magazine\/2023\/04\/01\/el-reves-de-los-mapas\/","url":"https:\/\/blogdiario.info\/magazine\/2023\/04\/01\/el-reves-de-los-mapas\/","name":"El rev\u00e9s de los mapas, Ucrania: un pa\u00eds en guerra - BlogDiario Magazine","isPartOf":{"@id":"https:\/\/blogdiario.info\/magazine\/#website"},"primaryImageOfPage":{"@id":"https:\/\/blogdiario.info\/magazine\/2023\/04\/01\/el-reves-de-los-mapas\/#primaryimage"},"image":{"@id":"https:\/\/blogdiario.info\/magazine\/2023\/04\/01\/el-reves-de-los-mapas\/#primaryimage"},"thumbnailUrl":"https:\/\/blogdiario.info\/magazine\/images\/2023\/04\/Jan_Chryzostom_Pasek.jpg","datePublished":"2023-04-01T18:08:52+00:00","dateModified":"2023-06-29T05:19:57+00:00","description":"La Guerra Ruso-Polaca (1654-1667), tambi\u00e9n llamada Guerra de Ucrania, fue el \u00faltimo gran conflicto entre el Reino Ruso y la Confederaci\u00f3n Polaco-Lituana. La guerra termin\u00f3 con una importante expansi\u00f3n territorial rusa y marc\u00f3 el comienzo del papel de Rusia como una importante potencia pol\u00edtica y militar en Europa del Este.","breadcrumb":{"@id":"https:\/\/blogdiario.info\/magazine\/2023\/04\/01\/el-reves-de-los-mapas\/#breadcrumb"},"inLanguage":"es-AR","potentialAction":[{"@type":"ReadAction","target":["https:\/\/blogdiario.info\/magazine\/2023\/04\/01\/el-reves-de-los-mapas\/"]}]},{"@type":"ImageObject","inLanguage":"es-AR","@id":"https:\/\/blogdiario.info\/magazine\/2023\/04\/01\/el-reves-de-los-mapas\/#primaryimage","url":"https:\/\/blogdiario.info\/magazine\/images\/2023\/04\/Jan_Chryzostom_Pasek.jpg","contentUrl":"https:\/\/blogdiario.info\/magazine\/images\/2023\/04\/Jan_Chryzostom_Pasek.jpg","width":600,"height":444},{"@type":"BreadcrumbList","@id":"https:\/\/blogdiario.info\/magazine\/2023\/04\/01\/el-reves-de-los-mapas\/#breadcrumb","itemListElement":[{"@type":"ListItem","position":1,"name":"Home","item":"https:\/\/blogdiario.info\/magazine\/"},{"@type":"ListItem","position":2,"name":"El rev\u00e9s de los mapas, Ucrania: un pa\u00eds en guerra"}]},{"@type":"WebSite","@id":"https:\/\/blogdiario.info\/magazine\/#website","url":"https:\/\/blogdiario.info\/magazine\/","name":"BlogDiario Magazine","description":"Suplemento multiling\u00fce de ElCanillita.Info","publisher":{"@id":"https:\/\/blogdiario.info\/magazine\/#organization"},"potentialAction":[{"@type":"SearchAction","target":{"@type":"EntryPoint","urlTemplate":"https:\/\/blogdiario.info\/magazine\/?s={search_term_string}"},"query-input":{"@type":"PropertyValueSpecification","valueRequired":true,"valueName":"search_term_string"}}],"inLanguage":"es-AR"},{"@type":"Organization","@id":"https:\/\/blogdiario.info\/magazine\/#organization","name":"Guzzo Photos & Graphic Publications","url":"https:\/\/blogdiario.info\/magazine\/","logo":{"@type":"ImageObject","inLanguage":"es-AR","@id":"https:\/\/blogdiario.info\/magazine\/#\/schema\/logo\/image\/","url":"https:\/\/blogdiario.info\/magazine\/images\/2020\/01\/cropped-blogdia_magazine.jpg","contentUrl":"https:\/\/blogdiario.info\/magazine\/images\/2020\/01\/cropped-blogdia_magazine.jpg","width":589,"height":55,"caption":"Guzzo Photos & Graphic Publications"},"image":{"@id":"https:\/\/blogdiario.info\/magazine\/#\/schema\/logo\/image\/"}},{"@type":"Person","@id":"https:\/\/blogdiario.info\/magazine\/#\/schema\/person\/b2422fe85574d945bad55513bb0c7354","name":"World Press Service | Servicio de Prensa Mundial"}]}},"views":2715,"_links":{"self":[{"href":"https:\/\/blogdiario.info\/magazine\/wp-json\/wp\/v2\/posts\/781","targetHints":{"allow":["GET"]}}],"collection":[{"href":"https:\/\/blogdiario.info\/magazine\/wp-json\/wp\/v2\/posts"}],"about":[{"href":"https:\/\/blogdiario.info\/magazine\/wp-json\/wp\/v2\/types\/post"}],"author":[{"embeddable":true,"href":"https:\/\/blogdiario.info\/magazine\/wp-json\/wp\/v2\/users\/1"}],"replies":[{"embeddable":true,"href":"https:\/\/blogdiario.info\/magazine\/wp-json\/wp\/v2\/comments?post=781"}],"version-history":[{"count":0,"href":"https:\/\/blogdiario.info\/magazine\/wp-json\/wp\/v2\/posts\/781\/revisions"}],"wp:featuredmedia":[{"embeddable":true,"href":"https:\/\/blogdiario.info\/magazine\/wp-json\/wp\/v2\/media\/782"}],"wp:attachment":[{"href":"https:\/\/blogdiario.info\/magazine\/wp-json\/wp\/v2\/media?parent=781"}],"wp:term":[{"taxonomy":"category","embeddable":true,"href":"https:\/\/blogdiario.info\/magazine\/wp-json\/wp\/v2\/categories?post=781"},{"taxonomy":"post_tag","embeddable":true,"href":"https:\/\/blogdiario.info\/magazine\/wp-json\/wp\/v2\/tags?post=781"}],"curies":[{"name":"wp","href":"https:\/\/api.w.org\/{rel}","templated":true}]}}