{"id":773,"date":"2023-03-17T11:34:22","date_gmt":"2023-03-17T14:34:22","guid":{"rendered":"https:\/\/blogdiario.info\/magazine\/?p=773"},"modified":"2023-03-17T13:50:45","modified_gmt":"2023-03-17T16:50:45","slug":"crecen-los-disturbios-en-francia-mientras-macron-saca-adelante-la-reforma-de-las-pensiones-sin-votacion","status":"publish","type":"post","link":"https:\/\/blogdiario.info\/magazine\/2023\/03\/17\/crecen-los-disturbios-en-francia-mientras-macron-saca-adelante-la-reforma-de-las-pensiones-sin-votacion\/","title":{"rendered":"Crecen los disturbios en Francia mientras Macron saca adelante la reforma de las pensiones sin votaci\u00f3n"},"content":{"rendered":"\n<figure class=\"wp-block-image size-large\"><img decoding=\"async\" src=\" https:\/\/blogdiario.info\/magazine\/images\/2023\/03\/mac2_20230317.jpg\" alt=\"\"\/><\/figure>\n\n\n\n<p>Los sindicatos bloquearon la principal carretera de circunvalaci\u00f3n de Par\u00eds mientras intensificaban las protestas contra el plan del presidente Macron de aumentar la edad de jubilaci\u00f3n.<\/p>\n\n\n\n<p>Los manifestantes se enfrentaron a la polic\u00eda, saquearon tiendas y prendieron fuego a los montones de basura despu\u00e9s de que el Gobierno eludiera al Parlamento para aplicar la reforma de las pensiones de Macron sin someterla a votaci\u00f3n.<\/p>\n\n\n\n<p>En una medida que enfureci\u00f3 a la oposici\u00f3n y provoc\u00f3 escenas de caos en la Asamblea Nacional, \u00c9lisabeth Borne, la primera ministra, dijo que un decreto ejecutivo elevar\u00eda la edad de jubilaci\u00f3n para obtener una pensi\u00f3n estatal de 62 a 64 a\u00f1os.<\/p>\n\n\n\n<p>M\u00e1s de 500 personas fueron detenidas, 258 de ellas en la capital. Las huelgas en las refiner\u00edas de petr\u00f3leo est\u00e1n previstas para este fin de semana, renovando la amenaza de escasez de gasolina. Los sindicatos planean una novena jornada de huelga general el pr\u00f3ximo jueves.<br>Los manifestantes se concentraron en la plaza de la Concordia de Par\u00eds despu\u00e9s de que el presidente Macron sacara adelante la reforma sin someterla a votaci\u00f3n.<br><\/p>\n\n\n\n<figure class=\"wp-block-video\"><video controls src=\"https:\/\/blogdiario.info\/magazine\/images\/2023\/03\/Pensiones.mp4\"><\/video><\/figure>\n\n\n\n<p>La orden ejecutiva de Macron niega a los diputados la posibilidad de pronunciarse sobre la legislaci\u00f3n anunciada como la pieza central de su segundo mandato. Los partidos de la oposici\u00f3n s\u00f3lo pueden bloquear el proyecto de ley derrocando al Gobierno en una votaci\u00f3n que probablemente se celebrar\u00e1 la pr\u00f3xima semana; sus diputados indicaron que unir\u00edan sus fuerzas para votar en contra de Macron. <br><\/p>\n\n\n\n<p>Macron, que perdi\u00f3 la mayor\u00eda parlamentaria en las elecciones de la primavera pasada, esperaba convencer a los republicanos de centro-derecha de la oposici\u00f3n para que votaran a favor de su reforma. Sus ministros hab\u00edan dicho en repetidas ocasiones que no ten\u00eda intenci\u00f3n de utilizar una t\u00e1ctica denunciada por los cr\u00edticos como una negaci\u00f3n de la democracia. Sin embargo, incapaz de convencer a Los Republicanos, y ante la perspectiva de una derrota en la Asamblea, Macron orden\u00f3 dar marcha atr\u00e1s en el \u00faltimo minuto.<\/p>\n\n\n\n<p>La decisi\u00f3n provoc\u00f3 protestas en toda Francia, muchas de las cuales derivaron en violencia. La polic\u00eda libr\u00f3 batallas campales con los manifestantes en Par\u00eds tras dispersar una concentraci\u00f3n de unas 6.000 personas en la plaza de la Concordia. Un grupo intent\u00f3 acercarse al El\u00edseo, pero fue repelido por la polic\u00eda. Entre nubes de gas lacrim\u00f3geno y humo procedente de los montones de basura incendiados por los manifestantes, los turistas huyeron hacia sus hoteles mientras los activistas de izquierda llamaban a la sublevaci\u00f3n. Hubo escenas similares de caos en Lyon, donde el ayuntamiento fue apedreado y sus ventanas rotas, en Marsella, donde las tiendas fueron saqueadas, y en Rennes y Nantes.<\/p>\n\n\n\n<p>El Gobierno afirma que el sistema p\u00fablico de pensiones arrojar\u00e1 un d\u00e9ficit de entre 665.000 y 903.000 millones de euros -m\u00e1s de un tercio del PIB actual- en 2050, a menos que los franceses acepten trabajar m\u00e1s tiempo. Los ministros dijeron inicialmente que su reforma ahorrar\u00eda 17.700 millones de euros de aqu\u00ed a 2030, aunque desde entonces han anunciado medidas para distribuir 7.000 millones entre las personas con pensiones peque\u00f1as. <\/p>\n\n\n\n<figure class=\"wp-block-video\"><video controls src=\"https:\/\/blogdiario.info\/magazine\/images\/2023\/03\/PalarlamentoFr.mp4\"><\/video><\/figure>\n\n\n\n<p>Los diputados de la oposici\u00f3n cantaron La Marsellesa cuando Borne subi\u00f3 a anunciar el decreto en el Parlamento. A continuaci\u00f3n, abandonaron la c\u00e1mara.<\/p>\n\n\n\n<p>Marine Le Pen, de 54 a\u00f1os, la candidata populista de derechas de la Agrupaci\u00f3n Nacional en las elecciones presidenciales del a\u00f1o pasado, pidi\u00f3 la dimisi\u00f3n de Borne y describi\u00f3 el uso de una orden ejecutiva como un &#8220;fracaso personal&#8221; de Macron.<\/p>\n\n\n\n<p>Mathilde Panot, de 34 a\u00f1os, jefa del grupo parlamentario populista de izquierda France Unbowed, dijo: &#8220;Este es el primer d\u00eda del final del mandato de Emmanuel Macron. No tiene ni legitimidad parlamentaria ni popular y esto es una suprema declaraci\u00f3n de debilidad que est\u00e1 sumiendo al pa\u00eds en una crisis pol\u00edtica.&#8221;<\/p>\n\n\n\n<p>France Info, la radio estatal, dijo que Borne, la segunda mujer en ocupar el cargo de primera ministra en Francia, se encontraba en una posici\u00f3n &#8220;extremadamente fr\u00e1gil&#8221;. Macron le hab\u00eda encomendado la tarea de negociar una mayor\u00eda parlamentaria con los partidos de la oposici\u00f3n y ella hab\u00eda fracasado, seg\u00fan los comentaristas. <\/p>\n\n\n\n<p>Se especula con que sus d\u00edas est\u00e1n contados, sea cual sea el resultado del voto de confianza de la pr\u00f3xima semana. En el sistema franc\u00e9s, se espera que los Primeros Ministros caigan sobre sus espadas cuando se encuentran en dificultades para evitar que el Presidente corra semejante suerte.<\/p>\n\n\n\n<p>Se esperaba que los sindicatos reunidos anoche volvieran a convocar las huelgas y protestas iniciadas el 19 de enero. Hab\u00edan perdido parte de su impulso durante la semana pasada.<\/p>\n\n\n\n<p>En Par\u00eds, la polic\u00eda ha indicado que podr\u00eda requisar a los basureros en huelga para que retiren parte de las m\u00e1s de 6.000 toneladas de basura que hay en la ciudad.<\/p>\n\n\n\n<p>Es probable que los partidos de la oposici\u00f3n convoquen mociones de confianza a principios de la pr\u00f3xima semana. Sin embargo, los comentaristas afirman que es poco probable que se unan en torno a una \u00fanica moci\u00f3n, dado el abismo que separa a la izquierda radical de la derecha populista y a ambas de los republicanos.<\/p>\n\n\n\n<p><small>\u00a92023- BlogDiario.info \/ SalaStampa.Eu , servicio intercontinetal de prensa <\/small><\/p>\n","protected":false},"excerpt":{"rendered":"<p>Los manifestantes se concentraron en la plaza de la Concordia de Par\u00eds despu\u00e9s de que el presidente Macron sacara adelante la reforma sin someterla a votaci\u00f3n<\/p>\n","protected":false},"author":1,"featured_media":774,"comment_status":"closed","ping_status":"closed","sticky":false,"template":"","format":"standard","meta":{"footnotes":"","_links_to":"","_links_to_target":""},"categories":[97,62,46,66,41],"tags":[107],"class_list":["post-773","post","type-post","status-publish","format-standard","has-post-thumbnail","hentry","category-elcanillita","category-actualidad","category-europa","category-multilingue","category-politica-esp","tag-francia","entry","rows"],"yoast_head":"<!-- This site is optimized with the Yoast SEO plugin v27.4 - https:\/\/yoast.com\/product\/yoast-seo-wordpress\/ -->\n<title>Crecen los disturbios en Francia mientras Macron saca adelante la reforma de las pensiones sin votaci\u00f3n - BlogDiario Magazine<\/title>\n<meta name=\"description\" content=\"Los sindicatos bloquearon la principal carretera de circunvalaci\u00f3n de Par\u00eds mientras intensificaban las protestas contra el plan del presidente Macron de aumentar la edad de jubilaci\u00f3n.\" \/>\n<meta name=\"robots\" content=\"index, follow, max-snippet:-1, max-image-preview:large, max-video-preview:-1\" \/>\n<link rel=\"canonical\" href=\"https:\/\/blogdiario.info\/magazine\/2023\/03\/17\/crecen-los-disturbios-en-francia-mientras-macron-saca-adelante-la-reforma-de-las-pensiones-sin-votacion\/\" \/>\n<meta property=\"og:locale\" content=\"es_ES\" \/>\n<meta property=\"og:type\" content=\"article\" \/>\n<meta property=\"og:title\" content=\"Crecen los disturbios en Francia mientras Macron saca adelante la reforma de las pensiones sin votaci\u00f3n - BlogDiario Magazine\" \/>\n<meta property=\"og:description\" content=\"Los sindicatos bloquearon la principal carretera de circunvalaci\u00f3n de Par\u00eds mientras intensificaban las protestas contra el plan del presidente Macron de aumentar la edad de jubilaci\u00f3n.\" \/>\n<meta property=\"og:url\" content=\"https:\/\/blogdiario.info\/magazine\/2023\/03\/17\/crecen-los-disturbios-en-francia-mientras-macron-saca-adelante-la-reforma-de-las-pensiones-sin-votacion\/\" \/>\n<meta property=\"og:site_name\" content=\"BlogDiario Magazine\" \/>\n<meta property=\"article:published_time\" content=\"2023-03-17T14:34:22+00:00\" \/>\n<meta property=\"article:modified_time\" content=\"2023-03-17T16:50:45+00:00\" \/>\n<meta property=\"og:image\" content=\"https:\/\/blogdiario.info\/magazine\/images\/2023\/03\/mac0_20230317-1.jpg\" \/>\n\t<meta property=\"og:image:width\" content=\"600\" \/>\n\t<meta property=\"og:image:height\" content=\"400\" \/>\n\t<meta property=\"og:image:type\" content=\"image\/jpeg\" \/>\n<meta name=\"author\" content=\"World Press Service | Servicio de Prensa Mundial\" \/>\n<meta name=\"twitter:card\" content=\"summary_large_image\" \/>\n<meta name=\"twitter:label1\" content=\"Escrito por\" \/>\n\t<meta name=\"twitter:data1\" content=\"World Press Service | Servicio de Prensa Mundial\" \/>\n\t<meta name=\"twitter:label2\" content=\"Tiempo de lectura\" \/>\n\t<meta name=\"twitter:data2\" content=\"5 minutos\" \/>\n<script type=\"application\/ld+json\" class=\"yoast-schema-graph\">{\"@context\":\"https:\\\/\\\/schema.org\",\"@graph\":[{\"@type\":\"Article\",\"@id\":\"https:\\\/\\\/blogdiario.info\\\/magazine\\\/2023\\\/03\\\/17\\\/crecen-los-disturbios-en-francia-mientras-macron-saca-adelante-la-reforma-de-las-pensiones-sin-votacion\\\/#article\",\"isPartOf\":{\"@id\":\"https:\\\/\\\/blogdiario.info\\\/magazine\\\/2023\\\/03\\\/17\\\/crecen-los-disturbios-en-francia-mientras-macron-saca-adelante-la-reforma-de-las-pensiones-sin-votacion\\\/\"},\"author\":{\"name\":\"World Press Service | Servicio de Prensa Mundial\",\"@id\":\"https:\\\/\\\/blogdiario.info\\\/magazine\\\/#\\\/schema\\\/person\\\/b2422fe85574d945bad55513bb0c7354\"},\"headline\":\"Crecen los disturbios en Francia mientras Macron saca adelante la reforma de las pensiones sin votaci\u00f3n\",\"datePublished\":\"2023-03-17T14:34:22+00:00\",\"dateModified\":\"2023-03-17T16:50:45+00:00\",\"mainEntityOfPage\":{\"@id\":\"https:\\\/\\\/blogdiario.info\\\/magazine\\\/2023\\\/03\\\/17\\\/crecen-los-disturbios-en-francia-mientras-macron-saca-adelante-la-reforma-de-las-pensiones-sin-votacion\\\/\"},\"wordCount\":922,\"publisher\":{\"@id\":\"https:\\\/\\\/blogdiario.info\\\/magazine\\\/#organization\"},\"image\":{\"@id\":\"https:\\\/\\\/blogdiario.info\\\/magazine\\\/2023\\\/03\\\/17\\\/crecen-los-disturbios-en-francia-mientras-macron-saca-adelante-la-reforma-de-las-pensiones-sin-votacion\\\/#primaryimage\"},\"thumbnailUrl\":\"https:\\\/\\\/blogdiario.info\\\/magazine\\\/images\\\/2023\\\/03\\\/mac0_20230317-1.jpg\",\"keywords\":[\"Francia\"],\"articleSection\":[\".\",\"Actualidad\",\"Europa\",\"Multilingue\",\"Politica\"],\"inLanguage\":\"es-AR\"},{\"@type\":\"WebPage\",\"@id\":\"https:\\\/\\\/blogdiario.info\\\/magazine\\\/2023\\\/03\\\/17\\\/crecen-los-disturbios-en-francia-mientras-macron-saca-adelante-la-reforma-de-las-pensiones-sin-votacion\\\/\",\"url\":\"https:\\\/\\\/blogdiario.info\\\/magazine\\\/2023\\\/03\\\/17\\\/crecen-los-disturbios-en-francia-mientras-macron-saca-adelante-la-reforma-de-las-pensiones-sin-votacion\\\/\",\"name\":\"Crecen los disturbios en Francia mientras Macron saca adelante la reforma de las pensiones sin votaci\u00f3n - BlogDiario Magazine\",\"isPartOf\":{\"@id\":\"https:\\\/\\\/blogdiario.info\\\/magazine\\\/#website\"},\"primaryImageOfPage\":{\"@id\":\"https:\\\/\\\/blogdiario.info\\\/magazine\\\/2023\\\/03\\\/17\\\/crecen-los-disturbios-en-francia-mientras-macron-saca-adelante-la-reforma-de-las-pensiones-sin-votacion\\\/#primaryimage\"},\"image\":{\"@id\":\"https:\\\/\\\/blogdiario.info\\\/magazine\\\/2023\\\/03\\\/17\\\/crecen-los-disturbios-en-francia-mientras-macron-saca-adelante-la-reforma-de-las-pensiones-sin-votacion\\\/#primaryimage\"},\"thumbnailUrl\":\"https:\\\/\\\/blogdiario.info\\\/magazine\\\/images\\\/2023\\\/03\\\/mac0_20230317-1.jpg\",\"datePublished\":\"2023-03-17T14:34:22+00:00\",\"dateModified\":\"2023-03-17T16:50:45+00:00\",\"description\":\"Los sindicatos bloquearon la principal carretera de circunvalaci\u00f3n de Par\u00eds mientras intensificaban las protestas contra el plan del presidente Macron de aumentar la edad de jubilaci\u00f3n.\",\"breadcrumb\":{\"@id\":\"https:\\\/\\\/blogdiario.info\\\/magazine\\\/2023\\\/03\\\/17\\\/crecen-los-disturbios-en-francia-mientras-macron-saca-adelante-la-reforma-de-las-pensiones-sin-votacion\\\/#breadcrumb\"},\"inLanguage\":\"es-AR\",\"potentialAction\":[{\"@type\":\"ReadAction\",\"target\":[\"https:\\\/\\\/blogdiario.info\\\/magazine\\\/2023\\\/03\\\/17\\\/crecen-los-disturbios-en-francia-mientras-macron-saca-adelante-la-reforma-de-las-pensiones-sin-votacion\\\/\"]}]},{\"@type\":\"ImageObject\",\"inLanguage\":\"es-AR\",\"@id\":\"https:\\\/\\\/blogdiario.info\\\/magazine\\\/2023\\\/03\\\/17\\\/crecen-los-disturbios-en-francia-mientras-macron-saca-adelante-la-reforma-de-las-pensiones-sin-votacion\\\/#primaryimage\",\"url\":\"https:\\\/\\\/blogdiario.info\\\/magazine\\\/images\\\/2023\\\/03\\\/mac0_20230317-1.jpg\",\"contentUrl\":\"https:\\\/\\\/blogdiario.info\\\/magazine\\\/images\\\/2023\\\/03\\\/mac0_20230317-1.jpg\",\"width\":600,\"height\":400},{\"@type\":\"BreadcrumbList\",\"@id\":\"https:\\\/\\\/blogdiario.info\\\/magazine\\\/2023\\\/03\\\/17\\\/crecen-los-disturbios-en-francia-mientras-macron-saca-adelante-la-reforma-de-las-pensiones-sin-votacion\\\/#breadcrumb\",\"itemListElement\":[{\"@type\":\"ListItem\",\"position\":1,\"name\":\"Home\",\"item\":\"https:\\\/\\\/blogdiario.info\\\/magazine\\\/\"},{\"@type\":\"ListItem\",\"position\":2,\"name\":\"Crecen los disturbios en Francia mientras Macron saca adelante la reforma de las pensiones sin votaci\u00f3n\"}]},{\"@type\":\"WebSite\",\"@id\":\"https:\\\/\\\/blogdiario.info\\\/magazine\\\/#website\",\"url\":\"https:\\\/\\\/blogdiario.info\\\/magazine\\\/\",\"name\":\"BlogDiario Magazine\",\"description\":\"Suplemento multiling\u00fce de ElCanillita.Info\",\"publisher\":{\"@id\":\"https:\\\/\\\/blogdiario.info\\\/magazine\\\/#organization\"},\"potentialAction\":[{\"@type\":\"SearchAction\",\"target\":{\"@type\":\"EntryPoint\",\"urlTemplate\":\"https:\\\/\\\/blogdiario.info\\\/magazine\\\/?s={search_term_string}\"},\"query-input\":{\"@type\":\"PropertyValueSpecification\",\"valueRequired\":true,\"valueName\":\"search_term_string\"}}],\"inLanguage\":\"es-AR\"},{\"@type\":\"Organization\",\"@id\":\"https:\\\/\\\/blogdiario.info\\\/magazine\\\/#organization\",\"name\":\"Guzzo Photos & Graphic Publications\",\"url\":\"https:\\\/\\\/blogdiario.info\\\/magazine\\\/\",\"logo\":{\"@type\":\"ImageObject\",\"inLanguage\":\"es-AR\",\"@id\":\"https:\\\/\\\/blogdiario.info\\\/magazine\\\/#\\\/schema\\\/logo\\\/image\\\/\",\"url\":\"https:\\\/\\\/blogdiario.info\\\/magazine\\\/images\\\/2020\\\/01\\\/cropped-blogdia_magazine.jpg\",\"contentUrl\":\"https:\\\/\\\/blogdiario.info\\\/magazine\\\/images\\\/2020\\\/01\\\/cropped-blogdia_magazine.jpg\",\"width\":589,\"height\":55,\"caption\":\"Guzzo Photos & Graphic Publications\"},\"image\":{\"@id\":\"https:\\\/\\\/blogdiario.info\\\/magazine\\\/#\\\/schema\\\/logo\\\/image\\\/\"}},{\"@type\":\"Person\",\"@id\":\"https:\\\/\\\/blogdiario.info\\\/magazine\\\/#\\\/schema\\\/person\\\/b2422fe85574d945bad55513bb0c7354\",\"name\":\"World Press Service | Servicio de Prensa Mundial\"}]}<\/script>\n<!-- \/ Yoast SEO plugin. -->","yoast_head_json":{"title":"Crecen los disturbios en Francia mientras Macron saca adelante la reforma de las pensiones sin votaci\u00f3n - BlogDiario Magazine","description":"Los sindicatos bloquearon la principal carretera de circunvalaci\u00f3n de Par\u00eds mientras intensificaban las protestas contra el plan del presidente Macron de aumentar la edad de jubilaci\u00f3n.","robots":{"index":"index","follow":"follow","max-snippet":"max-snippet:-1","max-image-preview":"max-image-preview:large","max-video-preview":"max-video-preview:-1"},"canonical":"https:\/\/blogdiario.info\/magazine\/2023\/03\/17\/crecen-los-disturbios-en-francia-mientras-macron-saca-adelante-la-reforma-de-las-pensiones-sin-votacion\/","og_locale":"es_ES","og_type":"article","og_title":"Crecen los disturbios en Francia mientras Macron saca adelante la reforma de las pensiones sin votaci\u00f3n - BlogDiario Magazine","og_description":"Los sindicatos bloquearon la principal carretera de circunvalaci\u00f3n de Par\u00eds mientras intensificaban las protestas contra el plan del presidente Macron de aumentar la edad de jubilaci\u00f3n.","og_url":"https:\/\/blogdiario.info\/magazine\/2023\/03\/17\/crecen-los-disturbios-en-francia-mientras-macron-saca-adelante-la-reforma-de-las-pensiones-sin-votacion\/","og_site_name":"BlogDiario Magazine","article_published_time":"2023-03-17T14:34:22+00:00","article_modified_time":"2023-03-17T16:50:45+00:00","og_image":[{"width":600,"height":400,"url":"https:\/\/blogdiario.info\/magazine\/images\/2023\/03\/mac0_20230317-1.jpg","type":"image\/jpeg"}],"author":"World Press Service | Servicio de Prensa Mundial","twitter_card":"summary_large_image","twitter_misc":{"Escrito por":"World Press Service | Servicio de Prensa Mundial","Tiempo de lectura":"5 minutos"},"schema":{"@context":"https:\/\/schema.org","@graph":[{"@type":"Article","@id":"https:\/\/blogdiario.info\/magazine\/2023\/03\/17\/crecen-los-disturbios-en-francia-mientras-macron-saca-adelante-la-reforma-de-las-pensiones-sin-votacion\/#article","isPartOf":{"@id":"https:\/\/blogdiario.info\/magazine\/2023\/03\/17\/crecen-los-disturbios-en-francia-mientras-macron-saca-adelante-la-reforma-de-las-pensiones-sin-votacion\/"},"author":{"name":"World Press Service | Servicio de Prensa Mundial","@id":"https:\/\/blogdiario.info\/magazine\/#\/schema\/person\/b2422fe85574d945bad55513bb0c7354"},"headline":"Crecen los disturbios en Francia mientras Macron saca adelante la reforma de las pensiones sin votaci\u00f3n","datePublished":"2023-03-17T14:34:22+00:00","dateModified":"2023-03-17T16:50:45+00:00","mainEntityOfPage":{"@id":"https:\/\/blogdiario.info\/magazine\/2023\/03\/17\/crecen-los-disturbios-en-francia-mientras-macron-saca-adelante-la-reforma-de-las-pensiones-sin-votacion\/"},"wordCount":922,"publisher":{"@id":"https:\/\/blogdiario.info\/magazine\/#organization"},"image":{"@id":"https:\/\/blogdiario.info\/magazine\/2023\/03\/17\/crecen-los-disturbios-en-francia-mientras-macron-saca-adelante-la-reforma-de-las-pensiones-sin-votacion\/#primaryimage"},"thumbnailUrl":"https:\/\/blogdiario.info\/magazine\/images\/2023\/03\/mac0_20230317-1.jpg","keywords":["Francia"],"articleSection":[".","Actualidad","Europa","Multilingue","Politica"],"inLanguage":"es-AR"},{"@type":"WebPage","@id":"https:\/\/blogdiario.info\/magazine\/2023\/03\/17\/crecen-los-disturbios-en-francia-mientras-macron-saca-adelante-la-reforma-de-las-pensiones-sin-votacion\/","url":"https:\/\/blogdiario.info\/magazine\/2023\/03\/17\/crecen-los-disturbios-en-francia-mientras-macron-saca-adelante-la-reforma-de-las-pensiones-sin-votacion\/","name":"Crecen los disturbios en Francia mientras Macron saca adelante la reforma de las pensiones sin votaci\u00f3n - BlogDiario Magazine","isPartOf":{"@id":"https:\/\/blogdiario.info\/magazine\/#website"},"primaryImageOfPage":{"@id":"https:\/\/blogdiario.info\/magazine\/2023\/03\/17\/crecen-los-disturbios-en-francia-mientras-macron-saca-adelante-la-reforma-de-las-pensiones-sin-votacion\/#primaryimage"},"image":{"@id":"https:\/\/blogdiario.info\/magazine\/2023\/03\/17\/crecen-los-disturbios-en-francia-mientras-macron-saca-adelante-la-reforma-de-las-pensiones-sin-votacion\/#primaryimage"},"thumbnailUrl":"https:\/\/blogdiario.info\/magazine\/images\/2023\/03\/mac0_20230317-1.jpg","datePublished":"2023-03-17T14:34:22+00:00","dateModified":"2023-03-17T16:50:45+00:00","description":"Los sindicatos bloquearon la principal carretera de circunvalaci\u00f3n de Par\u00eds mientras intensificaban las protestas contra el plan del presidente Macron de aumentar la edad de jubilaci\u00f3n.","breadcrumb":{"@id":"https:\/\/blogdiario.info\/magazine\/2023\/03\/17\/crecen-los-disturbios-en-francia-mientras-macron-saca-adelante-la-reforma-de-las-pensiones-sin-votacion\/#breadcrumb"},"inLanguage":"es-AR","potentialAction":[{"@type":"ReadAction","target":["https:\/\/blogdiario.info\/magazine\/2023\/03\/17\/crecen-los-disturbios-en-francia-mientras-macron-saca-adelante-la-reforma-de-las-pensiones-sin-votacion\/"]}]},{"@type":"ImageObject","inLanguage":"es-AR","@id":"https:\/\/blogdiario.info\/magazine\/2023\/03\/17\/crecen-los-disturbios-en-francia-mientras-macron-saca-adelante-la-reforma-de-las-pensiones-sin-votacion\/#primaryimage","url":"https:\/\/blogdiario.info\/magazine\/images\/2023\/03\/mac0_20230317-1.jpg","contentUrl":"https:\/\/blogdiario.info\/magazine\/images\/2023\/03\/mac0_20230317-1.jpg","width":600,"height":400},{"@type":"BreadcrumbList","@id":"https:\/\/blogdiario.info\/magazine\/2023\/03\/17\/crecen-los-disturbios-en-francia-mientras-macron-saca-adelante-la-reforma-de-las-pensiones-sin-votacion\/#breadcrumb","itemListElement":[{"@type":"ListItem","position":1,"name":"Home","item":"https:\/\/blogdiario.info\/magazine\/"},{"@type":"ListItem","position":2,"name":"Crecen los disturbios en Francia mientras Macron saca adelante la reforma de las pensiones sin votaci\u00f3n"}]},{"@type":"WebSite","@id":"https:\/\/blogdiario.info\/magazine\/#website","url":"https:\/\/blogdiario.info\/magazine\/","name":"BlogDiario Magazine","description":"Suplemento multiling\u00fce de ElCanillita.Info","publisher":{"@id":"https:\/\/blogdiario.info\/magazine\/#organization"},"potentialAction":[{"@type":"SearchAction","target":{"@type":"EntryPoint","urlTemplate":"https:\/\/blogdiario.info\/magazine\/?s={search_term_string}"},"query-input":{"@type":"PropertyValueSpecification","valueRequired":true,"valueName":"search_term_string"}}],"inLanguage":"es-AR"},{"@type":"Organization","@id":"https:\/\/blogdiario.info\/magazine\/#organization","name":"Guzzo Photos & Graphic Publications","url":"https:\/\/blogdiario.info\/magazine\/","logo":{"@type":"ImageObject","inLanguage":"es-AR","@id":"https:\/\/blogdiario.info\/magazine\/#\/schema\/logo\/image\/","url":"https:\/\/blogdiario.info\/magazine\/images\/2020\/01\/cropped-blogdia_magazine.jpg","contentUrl":"https:\/\/blogdiario.info\/magazine\/images\/2020\/01\/cropped-blogdia_magazine.jpg","width":589,"height":55,"caption":"Guzzo Photos & Graphic Publications"},"image":{"@id":"https:\/\/blogdiario.info\/magazine\/#\/schema\/logo\/image\/"}},{"@type":"Person","@id":"https:\/\/blogdiario.info\/magazine\/#\/schema\/person\/b2422fe85574d945bad55513bb0c7354","name":"World Press Service | Servicio de Prensa Mundial"}]}},"views":436,"_links":{"self":[{"href":"https:\/\/blogdiario.info\/magazine\/wp-json\/wp\/v2\/posts\/773","targetHints":{"allow":["GET"]}}],"collection":[{"href":"https:\/\/blogdiario.info\/magazine\/wp-json\/wp\/v2\/posts"}],"about":[{"href":"https:\/\/blogdiario.info\/magazine\/wp-json\/wp\/v2\/types\/post"}],"author":[{"embeddable":true,"href":"https:\/\/blogdiario.info\/magazine\/wp-json\/wp\/v2\/users\/1"}],"replies":[{"embeddable":true,"href":"https:\/\/blogdiario.info\/magazine\/wp-json\/wp\/v2\/comments?post=773"}],"version-history":[{"count":0,"href":"https:\/\/blogdiario.info\/magazine\/wp-json\/wp\/v2\/posts\/773\/revisions"}],"wp:featuredmedia":[{"embeddable":true,"href":"https:\/\/blogdiario.info\/magazine\/wp-json\/wp\/v2\/media\/774"}],"wp:attachment":[{"href":"https:\/\/blogdiario.info\/magazine\/wp-json\/wp\/v2\/media?parent=773"}],"wp:term":[{"taxonomy":"category","embeddable":true,"href":"https:\/\/blogdiario.info\/magazine\/wp-json\/wp\/v2\/categories?post=773"},{"taxonomy":"post_tag","embeddable":true,"href":"https:\/\/blogdiario.info\/magazine\/wp-json\/wp\/v2\/tags?post=773"}],"curies":[{"name":"wp","href":"https:\/\/api.w.org\/{rel}","templated":true}]}}