{"id":723,"date":"2023-01-23T12:00:24","date_gmt":"2023-01-23T15:00:24","guid":{"rendered":"https:\/\/blogdiario.info\/magazine\/?p=723"},"modified":"2023-01-23T12:19:36","modified_gmt":"2023-01-23T15:19:36","slug":"probablemente-rusia-movilice-decenas-de-miles-soldados-en-ucrania","status":"publish","type":"post","link":"https:\/\/blogdiario.info\/magazine\/2023\/01\/23\/probablemente-rusia-movilice-decenas-de-miles-soldados-en-ucrania\/","title":{"rendered":"Probablemente Rusia movilice decenas de miles soldados en Ucrania"},"content":{"rendered":"\n<figure class=\"wp-block-image size-large\"><img decoding=\"async\" src=\"https:\/\/blogdiario.info\/magazine\/images\/2023\/01\/pt_1_20230122.jpg\" alt=\"\"\/><\/figure>\n\n\n\n<p>Mosc\u00fa, 21\/01\/2023<br>A los rusos se les hab\u00eda prometido que la invasi\u00f3n de Ucrania por parte del Kremlin en febrero del 2022 terminar\u00eda en unos d\u00edas. En cambio, las familias continuan a despedirse de los hombres reclutados.<br><br>En Rusia hay cada vez m\u00e1s indicios de que sus dirigentes se enfrentan a su propio dilema.<br>Ucrania lleva semanas advirtiendo de que medio mill\u00f3n de nuevos soldados podr\u00edan verse obligados a luchar contra el ejercito ruso.<\/p>\n\n\n\n<p>Y a\u00fan cuando el Kremlin sigue negando los planes, la semana pasada abandon\u00f3 discretamente una norma que exim\u00eda de la movilizaci\u00f3n a los padres de tres o m\u00e1s hijos.<\/p>\n\n\n\n<p>Los informes de las regiones rusas tambi\u00e9n indican que se ha ordenado a los comisarios militares que elaboren listas de hombres en edad de combatir. Tambi\u00e9n se ha preguntado a los directores de f\u00e1brica de qu\u00e9 trabajadores pueden prescindir para el ej\u00e9rcito.<\/p>\n\n\n\n<p>Ahora han propuesto una ley que dar\u00e1 m\u00e1s poder a la Guardia Nacional rusa para hacer cumplir las \u00f3rdenes de reclutamiento militar y otra que permitir\u00e1 confiscar propiedades a los rusos que huyan al extranjero.<\/p>\n\n\n\n<p>Se dice que la alcald\u00eda de Mosc\u00fa est\u00e1 contratando m\u00e1s personal para hacer frente al reclutamiento, mientras que se han cancelado las vacaciones de algunos funcionarios.<\/p>\n\n\n\n<p>Los rumores de ley marcial se han extendido por influyentes redes sociales.<\/p>\n\n\n\n<p>Putin insinu\u00f3 el pasado mi\u00e9rcoles que estaba a punto de ordenar una segunda movilizaci\u00f3n, cuando visit\u00f3 una f\u00e1brica de San Petersburgo dedicada a la producci\u00f3n militar y dijo a los trabajadores que estaban exentos de ser llamados a filas.<\/p>\n\n\n\n<p>Seg\u00fan algunos observadores, la convocatoria de una segunda movilizaci\u00f3n tambi\u00e9n entra\u00f1a grandes riesgos.<\/p>\n\n\n\n<p>&#8220;El Kremlin, Putin y la gente que rodea a Putin son conscientes del coste pol\u00edtico de todo lo que hacen&#8221;, afirm\u00f3 el profesor Mark Galeotti, analista de Rusia.<\/p>\n\n\n\n<p>Una movilizaci\u00f3n en septiembre, la primera en Rusia desde 1941, conmocion\u00f3 a los rusos de a pie y merm\u00f3 su confianza en el Kremlin.<\/p>\n\n\n\n<p>Se les hab\u00eda prometido que la invasi\u00f3n de Ucrania por el Kremlin en febrero acabar\u00eda en unos d\u00edas. En lugar de ello, las familias se desped\u00edan de sus hombres sin saber si volver\u00edan a verlos. Muchos de esos 320.000 hombres movilizados han muerto.<\/p>\n\n\n\n<p>El Kremlin ha cambiado de t\u00e1ctica propagand\u00edstica interna. Sigue refiri\u00e9ndose a su invasi\u00f3n de Ucrania como una &#8220;operaci\u00f3n militar especial&#8221;, pero ahora la enmarca como una lucha esencial por la supervivencia contra el Occidente que apoya a los nazis.<br><br>Sin duda, est\u00e1 preparando a los rusos para que cumplan con su deber en defensa de la Patria y hagan los mismos sacrificios que hicieron otras generaciones, especialmente en la Segunda Guerra Mundial.<\/p>\n\n\n\n<p>El Kremlin planea poner a prueba la determinaci\u00f3n de Occidente reforzando continuamente su ej\u00e9rcito.<\/p>\n\n\n\n<p>&#8220;Si Rusia anuncia otra oleada de movilizaciones y ampl\u00eda sus fuerzas armadas, la guerra en Ucrania durar\u00e1 a\u00f1os&#8221;, afirm\u00f3 Konrad Muzyka, director de la consultora de defensa Rochan.<\/p>\n\n\n\n<p>Los titubeos del Kremlin sobre una nueva movilizaci\u00f3n pueden delatar la divisi\u00f3n en Mosc\u00fa.<br>Su fuerza mercenaria Wagner cuenta con unos 50.000 hombres que combaten en Ucrania y ser\u00e1 dif\u00edcil ampliarla.<\/p>\n\n\n\n<p>Una alternativa podr\u00eda ser lanzar a los reclutas rusos a la lucha.<\/p>\n\n\n\n<p>Cada primavera y oto\u00f1o, Rusia recluta a 120.000 soldados durante 12 meses. El Kremlin podr\u00eda ampliar este reclutamiento a 24 meses y enviarlos a luchar a los territorios anexionados de Ucrania, lo que es legal seg\u00fan la legislaci\u00f3n rusa, pero podr\u00eda provocar la ira de los ciudadanos rusos.<\/p>\n\n\n\n<p>&#8220;Los reclutas no son m\u00e1s que jovenes a los que se ha enviado a completar su servicio nacional, y Putin sabe perfectamente que su utilizaci\u00f3n provocar\u00eda una reacci\u00f3n pol\u00edtica masiva&#8221;, afirma el profesor Galeotti.<br><br><small>Copyright \u00a9 2023 BlogDiario.info \/ SalaStampa.Eu &#8211; Derechos Reservados<\/small><\/p>\n","protected":false},"excerpt":{"rendered":"<p> Mientras el Kremlin sigue negando especulaciones, ha abandonado discretamente una norma que exim\u00eda de la movilizaci\u00f3n a los padres de tres o m\u00e1s hijos.<\/p>\n","protected":false},"author":1,"featured_media":724,"comment_status":"closed","ping_status":"closed","sticky":false,"template":"","format":"standard","meta":{"footnotes":"","_links_to":"","_links_to_target":""},"categories":[97,62,47,41],"tags":[78],"class_list":["post-723","post","type-post","status-publish","format-standard","has-post-thumbnail","hentry","category-elcanillita","category-actualidad","category-eurasia","category-politica-esp","tag-russia","entry","rows"],"yoast_head":"<!-- This site is optimized with the Yoast SEO plugin v27.4 - https:\/\/yoast.com\/product\/yoast-seo-wordpress\/ -->\n<title>Probablemente Rusia movilice decenas de miles soldados en Ucrania - BlogDiario Magazine<\/title>\n<meta name=\"description\" content=\"Una movilizaci\u00f3n en septiembre, la primera en Rusia desde 1941, conmocion\u00f3 a los rusos de a pie y merm\u00f3 su confianza en el Kremlin.\" \/>\n<meta name=\"robots\" content=\"index, follow, max-snippet:-1, max-image-preview:large, max-video-preview:-1\" \/>\n<link rel=\"canonical\" href=\"https:\/\/blogdiario.info\/magazine\/2023\/01\/23\/probablemente-rusia-movilice-decenas-de-miles-soldados-en-ucrania\/\" \/>\n<meta property=\"og:locale\" content=\"es_ES\" \/>\n<meta property=\"og:type\" content=\"article\" \/>\n<meta property=\"og:title\" content=\"Probablemente Rusia movilice decenas de miles soldados en Ucrania - BlogDiario Magazine\" \/>\n<meta property=\"og:description\" content=\"Una movilizaci\u00f3n en septiembre, la primera en Rusia desde 1941, conmocion\u00f3 a los rusos de a pie y merm\u00f3 su confianza en el Kremlin.\" \/>\n<meta property=\"og:url\" content=\"https:\/\/blogdiario.info\/magazine\/2023\/01\/23\/probablemente-rusia-movilice-decenas-de-miles-soldados-en-ucrania\/\" \/>\n<meta property=\"og:site_name\" content=\"BlogDiario Magazine\" \/>\n<meta property=\"article:published_time\" content=\"2023-01-23T15:00:24+00:00\" \/>\n<meta property=\"article:modified_time\" content=\"2023-01-23T15:19:36+00:00\" \/>\n<meta property=\"og:image\" content=\"https:\/\/blogdiario.info\/magazine\/images\/2023\/01\/pt_2_20230122-1.jpg\" \/>\n\t<meta property=\"og:image:width\" content=\"600\" \/>\n\t<meta property=\"og:image:height\" content=\"400\" \/>\n\t<meta property=\"og:image:type\" content=\"image\/jpeg\" \/>\n<meta name=\"author\" content=\"World Press Service | Servicio de Prensa Mundial\" \/>\n<meta name=\"twitter:card\" content=\"summary_large_image\" \/>\n<meta name=\"twitter:label1\" content=\"Escrito por\" \/>\n\t<meta name=\"twitter:data1\" content=\"World Press Service | Servicio de Prensa Mundial\" \/>\n\t<meta name=\"twitter:label2\" content=\"Tiempo de lectura\" \/>\n\t<meta name=\"twitter:data2\" content=\"4 minutos\" \/>\n<script type=\"application\/ld+json\" class=\"yoast-schema-graph\">{\"@context\":\"https:\\\/\\\/schema.org\",\"@graph\":[{\"@type\":\"Article\",\"@id\":\"https:\\\/\\\/blogdiario.info\\\/magazine\\\/2023\\\/01\\\/23\\\/probablemente-rusia-movilice-decenas-de-miles-soldados-en-ucrania\\\/#article\",\"isPartOf\":{\"@id\":\"https:\\\/\\\/blogdiario.info\\\/magazine\\\/2023\\\/01\\\/23\\\/probablemente-rusia-movilice-decenas-de-miles-soldados-en-ucrania\\\/\"},\"author\":{\"name\":\"World Press Service | Servicio de Prensa Mundial\",\"@id\":\"https:\\\/\\\/blogdiario.info\\\/magazine\\\/#\\\/schema\\\/person\\\/b2422fe85574d945bad55513bb0c7354\"},\"headline\":\"Probablemente Rusia movilice decenas de miles soldados en Ucrania\",\"datePublished\":\"2023-01-23T15:00:24+00:00\",\"dateModified\":\"2023-01-23T15:19:36+00:00\",\"mainEntityOfPage\":{\"@id\":\"https:\\\/\\\/blogdiario.info\\\/magazine\\\/2023\\\/01\\\/23\\\/probablemente-rusia-movilice-decenas-de-miles-soldados-en-ucrania\\\/\"},\"wordCount\":670,\"publisher\":{\"@id\":\"https:\\\/\\\/blogdiario.info\\\/magazine\\\/#organization\"},\"image\":{\"@id\":\"https:\\\/\\\/blogdiario.info\\\/magazine\\\/2023\\\/01\\\/23\\\/probablemente-rusia-movilice-decenas-de-miles-soldados-en-ucrania\\\/#primaryimage\"},\"thumbnailUrl\":\"https:\\\/\\\/blogdiario.info\\\/magazine\\\/images\\\/2023\\\/01\\\/pt_2_20230122-1.jpg\",\"keywords\":[\"Russia\"],\"articleSection\":[\".\",\"Actualidad\",\"Eurasia\",\"Politica\"],\"inLanguage\":\"es-AR\"},{\"@type\":\"WebPage\",\"@id\":\"https:\\\/\\\/blogdiario.info\\\/magazine\\\/2023\\\/01\\\/23\\\/probablemente-rusia-movilice-decenas-de-miles-soldados-en-ucrania\\\/\",\"url\":\"https:\\\/\\\/blogdiario.info\\\/magazine\\\/2023\\\/01\\\/23\\\/probablemente-rusia-movilice-decenas-de-miles-soldados-en-ucrania\\\/\",\"name\":\"Probablemente Rusia movilice decenas de miles soldados en Ucrania - BlogDiario Magazine\",\"isPartOf\":{\"@id\":\"https:\\\/\\\/blogdiario.info\\\/magazine\\\/#website\"},\"primaryImageOfPage\":{\"@id\":\"https:\\\/\\\/blogdiario.info\\\/magazine\\\/2023\\\/01\\\/23\\\/probablemente-rusia-movilice-decenas-de-miles-soldados-en-ucrania\\\/#primaryimage\"},\"image\":{\"@id\":\"https:\\\/\\\/blogdiario.info\\\/magazine\\\/2023\\\/01\\\/23\\\/probablemente-rusia-movilice-decenas-de-miles-soldados-en-ucrania\\\/#primaryimage\"},\"thumbnailUrl\":\"https:\\\/\\\/blogdiario.info\\\/magazine\\\/images\\\/2023\\\/01\\\/pt_2_20230122-1.jpg\",\"datePublished\":\"2023-01-23T15:00:24+00:00\",\"dateModified\":\"2023-01-23T15:19:36+00:00\",\"description\":\"Una movilizaci\u00f3n en septiembre, la primera en Rusia desde 1941, conmocion\u00f3 a los rusos de a pie y merm\u00f3 su confianza en el Kremlin.\",\"breadcrumb\":{\"@id\":\"https:\\\/\\\/blogdiario.info\\\/magazine\\\/2023\\\/01\\\/23\\\/probablemente-rusia-movilice-decenas-de-miles-soldados-en-ucrania\\\/#breadcrumb\"},\"inLanguage\":\"es-AR\",\"potentialAction\":[{\"@type\":\"ReadAction\",\"target\":[\"https:\\\/\\\/blogdiario.info\\\/magazine\\\/2023\\\/01\\\/23\\\/probablemente-rusia-movilice-decenas-de-miles-soldados-en-ucrania\\\/\"]}]},{\"@type\":\"ImageObject\",\"inLanguage\":\"es-AR\",\"@id\":\"https:\\\/\\\/blogdiario.info\\\/magazine\\\/2023\\\/01\\\/23\\\/probablemente-rusia-movilice-decenas-de-miles-soldados-en-ucrania\\\/#primaryimage\",\"url\":\"https:\\\/\\\/blogdiario.info\\\/magazine\\\/images\\\/2023\\\/01\\\/pt_2_20230122-1.jpg\",\"contentUrl\":\"https:\\\/\\\/blogdiario.info\\\/magazine\\\/images\\\/2023\\\/01\\\/pt_2_20230122-1.jpg\",\"width\":600,\"height\":400},{\"@type\":\"BreadcrumbList\",\"@id\":\"https:\\\/\\\/blogdiario.info\\\/magazine\\\/2023\\\/01\\\/23\\\/probablemente-rusia-movilice-decenas-de-miles-soldados-en-ucrania\\\/#breadcrumb\",\"itemListElement\":[{\"@type\":\"ListItem\",\"position\":1,\"name\":\"Home\",\"item\":\"https:\\\/\\\/blogdiario.info\\\/magazine\\\/\"},{\"@type\":\"ListItem\",\"position\":2,\"name\":\"Probablemente Rusia movilice decenas de miles soldados en Ucrania\"}]},{\"@type\":\"WebSite\",\"@id\":\"https:\\\/\\\/blogdiario.info\\\/magazine\\\/#website\",\"url\":\"https:\\\/\\\/blogdiario.info\\\/magazine\\\/\",\"name\":\"BlogDiario Magazine\",\"description\":\"Suplemento multiling\u00fce de ElCanillita.Info\",\"publisher\":{\"@id\":\"https:\\\/\\\/blogdiario.info\\\/magazine\\\/#organization\"},\"potentialAction\":[{\"@type\":\"SearchAction\",\"target\":{\"@type\":\"EntryPoint\",\"urlTemplate\":\"https:\\\/\\\/blogdiario.info\\\/magazine\\\/?s={search_term_string}\"},\"query-input\":{\"@type\":\"PropertyValueSpecification\",\"valueRequired\":true,\"valueName\":\"search_term_string\"}}],\"inLanguage\":\"es-AR\"},{\"@type\":\"Organization\",\"@id\":\"https:\\\/\\\/blogdiario.info\\\/magazine\\\/#organization\",\"name\":\"Guzzo Photos & Graphic Publications\",\"url\":\"https:\\\/\\\/blogdiario.info\\\/magazine\\\/\",\"logo\":{\"@type\":\"ImageObject\",\"inLanguage\":\"es-AR\",\"@id\":\"https:\\\/\\\/blogdiario.info\\\/magazine\\\/#\\\/schema\\\/logo\\\/image\\\/\",\"url\":\"https:\\\/\\\/blogdiario.info\\\/magazine\\\/images\\\/2020\\\/01\\\/cropped-blogdia_magazine.jpg\",\"contentUrl\":\"https:\\\/\\\/blogdiario.info\\\/magazine\\\/images\\\/2020\\\/01\\\/cropped-blogdia_magazine.jpg\",\"width\":589,\"height\":55,\"caption\":\"Guzzo Photos & Graphic Publications\"},\"image\":{\"@id\":\"https:\\\/\\\/blogdiario.info\\\/magazine\\\/#\\\/schema\\\/logo\\\/image\\\/\"}},{\"@type\":\"Person\",\"@id\":\"https:\\\/\\\/blogdiario.info\\\/magazine\\\/#\\\/schema\\\/person\\\/b2422fe85574d945bad55513bb0c7354\",\"name\":\"World Press Service | Servicio de Prensa Mundial\"}]}<\/script>\n<!-- \/ Yoast SEO plugin. -->","yoast_head_json":{"title":"Probablemente Rusia movilice decenas de miles soldados en Ucrania - BlogDiario Magazine","description":"Una movilizaci\u00f3n en septiembre, la primera en Rusia desde 1941, conmocion\u00f3 a los rusos de a pie y merm\u00f3 su confianza en el Kremlin.","robots":{"index":"index","follow":"follow","max-snippet":"max-snippet:-1","max-image-preview":"max-image-preview:large","max-video-preview":"max-video-preview:-1"},"canonical":"https:\/\/blogdiario.info\/magazine\/2023\/01\/23\/probablemente-rusia-movilice-decenas-de-miles-soldados-en-ucrania\/","og_locale":"es_ES","og_type":"article","og_title":"Probablemente Rusia movilice decenas de miles soldados en Ucrania - BlogDiario Magazine","og_description":"Una movilizaci\u00f3n en septiembre, la primera en Rusia desde 1941, conmocion\u00f3 a los rusos de a pie y merm\u00f3 su confianza en el Kremlin.","og_url":"https:\/\/blogdiario.info\/magazine\/2023\/01\/23\/probablemente-rusia-movilice-decenas-de-miles-soldados-en-ucrania\/","og_site_name":"BlogDiario Magazine","article_published_time":"2023-01-23T15:00:24+00:00","article_modified_time":"2023-01-23T15:19:36+00:00","og_image":[{"width":600,"height":400,"url":"https:\/\/blogdiario.info\/magazine\/images\/2023\/01\/pt_2_20230122-1.jpg","type":"image\/jpeg"}],"author":"World Press Service | Servicio de Prensa Mundial","twitter_card":"summary_large_image","twitter_misc":{"Escrito por":"World Press Service | Servicio de Prensa Mundial","Tiempo de lectura":"4 minutos"},"schema":{"@context":"https:\/\/schema.org","@graph":[{"@type":"Article","@id":"https:\/\/blogdiario.info\/magazine\/2023\/01\/23\/probablemente-rusia-movilice-decenas-de-miles-soldados-en-ucrania\/#article","isPartOf":{"@id":"https:\/\/blogdiario.info\/magazine\/2023\/01\/23\/probablemente-rusia-movilice-decenas-de-miles-soldados-en-ucrania\/"},"author":{"name":"World Press Service | Servicio de Prensa Mundial","@id":"https:\/\/blogdiario.info\/magazine\/#\/schema\/person\/b2422fe85574d945bad55513bb0c7354"},"headline":"Probablemente Rusia movilice decenas de miles soldados en Ucrania","datePublished":"2023-01-23T15:00:24+00:00","dateModified":"2023-01-23T15:19:36+00:00","mainEntityOfPage":{"@id":"https:\/\/blogdiario.info\/magazine\/2023\/01\/23\/probablemente-rusia-movilice-decenas-de-miles-soldados-en-ucrania\/"},"wordCount":670,"publisher":{"@id":"https:\/\/blogdiario.info\/magazine\/#organization"},"image":{"@id":"https:\/\/blogdiario.info\/magazine\/2023\/01\/23\/probablemente-rusia-movilice-decenas-de-miles-soldados-en-ucrania\/#primaryimage"},"thumbnailUrl":"https:\/\/blogdiario.info\/magazine\/images\/2023\/01\/pt_2_20230122-1.jpg","keywords":["Russia"],"articleSection":[".","Actualidad","Eurasia","Politica"],"inLanguage":"es-AR"},{"@type":"WebPage","@id":"https:\/\/blogdiario.info\/magazine\/2023\/01\/23\/probablemente-rusia-movilice-decenas-de-miles-soldados-en-ucrania\/","url":"https:\/\/blogdiario.info\/magazine\/2023\/01\/23\/probablemente-rusia-movilice-decenas-de-miles-soldados-en-ucrania\/","name":"Probablemente Rusia movilice decenas de miles soldados en Ucrania - BlogDiario Magazine","isPartOf":{"@id":"https:\/\/blogdiario.info\/magazine\/#website"},"primaryImageOfPage":{"@id":"https:\/\/blogdiario.info\/magazine\/2023\/01\/23\/probablemente-rusia-movilice-decenas-de-miles-soldados-en-ucrania\/#primaryimage"},"image":{"@id":"https:\/\/blogdiario.info\/magazine\/2023\/01\/23\/probablemente-rusia-movilice-decenas-de-miles-soldados-en-ucrania\/#primaryimage"},"thumbnailUrl":"https:\/\/blogdiario.info\/magazine\/images\/2023\/01\/pt_2_20230122-1.jpg","datePublished":"2023-01-23T15:00:24+00:00","dateModified":"2023-01-23T15:19:36+00:00","description":"Una movilizaci\u00f3n en septiembre, la primera en Rusia desde 1941, conmocion\u00f3 a los rusos de a pie y merm\u00f3 su confianza en el Kremlin.","breadcrumb":{"@id":"https:\/\/blogdiario.info\/magazine\/2023\/01\/23\/probablemente-rusia-movilice-decenas-de-miles-soldados-en-ucrania\/#breadcrumb"},"inLanguage":"es-AR","potentialAction":[{"@type":"ReadAction","target":["https:\/\/blogdiario.info\/magazine\/2023\/01\/23\/probablemente-rusia-movilice-decenas-de-miles-soldados-en-ucrania\/"]}]},{"@type":"ImageObject","inLanguage":"es-AR","@id":"https:\/\/blogdiario.info\/magazine\/2023\/01\/23\/probablemente-rusia-movilice-decenas-de-miles-soldados-en-ucrania\/#primaryimage","url":"https:\/\/blogdiario.info\/magazine\/images\/2023\/01\/pt_2_20230122-1.jpg","contentUrl":"https:\/\/blogdiario.info\/magazine\/images\/2023\/01\/pt_2_20230122-1.jpg","width":600,"height":400},{"@type":"BreadcrumbList","@id":"https:\/\/blogdiario.info\/magazine\/2023\/01\/23\/probablemente-rusia-movilice-decenas-de-miles-soldados-en-ucrania\/#breadcrumb","itemListElement":[{"@type":"ListItem","position":1,"name":"Home","item":"https:\/\/blogdiario.info\/magazine\/"},{"@type":"ListItem","position":2,"name":"Probablemente Rusia movilice decenas de miles soldados en Ucrania"}]},{"@type":"WebSite","@id":"https:\/\/blogdiario.info\/magazine\/#website","url":"https:\/\/blogdiario.info\/magazine\/","name":"BlogDiario Magazine","description":"Suplemento multiling\u00fce de ElCanillita.Info","publisher":{"@id":"https:\/\/blogdiario.info\/magazine\/#organization"},"potentialAction":[{"@type":"SearchAction","target":{"@type":"EntryPoint","urlTemplate":"https:\/\/blogdiario.info\/magazine\/?s={search_term_string}"},"query-input":{"@type":"PropertyValueSpecification","valueRequired":true,"valueName":"search_term_string"}}],"inLanguage":"es-AR"},{"@type":"Organization","@id":"https:\/\/blogdiario.info\/magazine\/#organization","name":"Guzzo Photos & Graphic Publications","url":"https:\/\/blogdiario.info\/magazine\/","logo":{"@type":"ImageObject","inLanguage":"es-AR","@id":"https:\/\/blogdiario.info\/magazine\/#\/schema\/logo\/image\/","url":"https:\/\/blogdiario.info\/magazine\/images\/2020\/01\/cropped-blogdia_magazine.jpg","contentUrl":"https:\/\/blogdiario.info\/magazine\/images\/2020\/01\/cropped-blogdia_magazine.jpg","width":589,"height":55,"caption":"Guzzo Photos & Graphic Publications"},"image":{"@id":"https:\/\/blogdiario.info\/magazine\/#\/schema\/logo\/image\/"}},{"@type":"Person","@id":"https:\/\/blogdiario.info\/magazine\/#\/schema\/person\/b2422fe85574d945bad55513bb0c7354","name":"World Press Service | Servicio de Prensa Mundial"}]}},"views":373,"_links":{"self":[{"href":"https:\/\/blogdiario.info\/magazine\/wp-json\/wp\/v2\/posts\/723","targetHints":{"allow":["GET"]}}],"collection":[{"href":"https:\/\/blogdiario.info\/magazine\/wp-json\/wp\/v2\/posts"}],"about":[{"href":"https:\/\/blogdiario.info\/magazine\/wp-json\/wp\/v2\/types\/post"}],"author":[{"embeddable":true,"href":"https:\/\/blogdiario.info\/magazine\/wp-json\/wp\/v2\/users\/1"}],"replies":[{"embeddable":true,"href":"https:\/\/blogdiario.info\/magazine\/wp-json\/wp\/v2\/comments?post=723"}],"version-history":[{"count":0,"href":"https:\/\/blogdiario.info\/magazine\/wp-json\/wp\/v2\/posts\/723\/revisions"}],"wp:featuredmedia":[{"embeddable":true,"href":"https:\/\/blogdiario.info\/magazine\/wp-json\/wp\/v2\/media\/724"}],"wp:attachment":[{"href":"https:\/\/blogdiario.info\/magazine\/wp-json\/wp\/v2\/media?parent=723"}],"wp:term":[{"taxonomy":"category","embeddable":true,"href":"https:\/\/blogdiario.info\/magazine\/wp-json\/wp\/v2\/categories?post=723"},{"taxonomy":"post_tag","embeddable":true,"href":"https:\/\/blogdiario.info\/magazine\/wp-json\/wp\/v2\/tags?post=723"}],"curies":[{"name":"wp","href":"https:\/\/api.w.org\/{rel}","templated":true}]}}