{"id":720,"date":"2023-01-19T20:16:56","date_gmt":"2023-01-19T23:16:56","guid":{"rendered":"https:\/\/blogdiario.info\/magazine\/?p=720"},"modified":"2023-01-19T20:16:58","modified_gmt":"2023-01-19T23:16:58","slug":"iran-utiliza-la-revelacion-del-conteo-de-muertes-talibanes-del-principe-harry-para-justificar-la-ejecucion-de-alireza-akbari","status":"publish","type":"post","link":"https:\/\/blogdiario.info\/magazine\/2023\/01\/19\/iran-utiliza-la-revelacion-del-conteo-de-muertes-talibanes-del-principe-harry-para-justificar-la-ejecucion-de-alireza-akbari\/","title":{"rendered":"Ir\u00e1n utiliza la revelaci\u00f3n del conteo de muertes talibanes del pr\u00edncipe Harry para justificar la ejecuci\u00f3n de Alireza Akbari"},"content":{"rendered":"\n<figure class=\"wp-block-image size-large\"><img decoding=\"async\" src=\"https:\/\/blogdiario.info\/magazine\/images\/2023\/01\/ira_1_20230118.jpg\" alt=\"\"\/><figcaption class=\"wp-element-caption\"><small>Alireza Akbari, de doble nacionalidad brit\u00e1nico-iran\u00ed, fue acusada por Teher\u00e1n de ser una esp\u00eda<\/small><\/figcaption><\/figure>\n\n\n\n<p>Ir\u00e1n ha intentado justificar la ejecuci\u00f3n de Alireza Akbari, acusada de espiar para el MI6, diciendo que Gran Breta\u00f1a no puede \u201cpredicar\u201d sobre cuestiones de derechos humanos despu\u00e9s de que el pr\u00edncipe Harry admitiera haber matado a 25 combatientes talibanes.<\/p>\n\n\n\n<p>En medio de una disputa cada vez mayor sobre la ejecuci\u00f3n del brit\u00e1nico con doble nacionalidad iran\u00ed, el Ministerio de Relaciones Exteriores de Ir\u00e1n golpe\u00f3 al Reino Unido al utilizar la controvertida revelaci\u00f3n del conteo de muertes en Afganist\u00e1n del duque de Sussex.<\/p>\n\n\n\n<p>La cuenta oficial de Twitter del ministerio dijo el martes que el duque \u201cno se arrepiente\u201d del tema y acus\u00f3 a Gran Breta\u00f1a de hacer la vista gorda ante este \u201ccrimen de guerra\u201d:<\/p>\n\n\n\n<p>El pr\u00edncipe Harry ya ha sido fuertemente criticado por importantes figuras militares por revelar su recuento de muertes en Spare, sus memorias escritas por fantasmas, que se publicaron el martes pasado.<\/p>\n\n\n\n<p>Afirmaron que fue una &#8220;traici\u00f3n&#8221; a los militares y presenta una amenaza para los soldados brit\u00e1nicos en servicio.<\/p>\n\n\n\n<p>Pero el Principe de 38 a\u00f1os insisti\u00f3 en que no se estaba &#8220;jactando&#8221; del n\u00famero y sugiri\u00f3 que deber\u00eda leerse en el contexto m\u00e1s amplio del libro.<\/p>\n\n\n\n<p>Tambi\u00e9n afirm\u00f3 que discutir abiertamente el tema lo ayud\u00f3 en su propio &#8220;viaje de curaci\u00f3n&#8221; y dijo que su objetivo era &#8220;reducir la cantidad de suicidios&#8221; en el ej\u00e9rcito al compartir los detalles.<\/p>\n\n\n\n<p>En el libro, el duque escribe que no est\u00e1 orgulloso ni avergonzado del n\u00famero y que en el fragor del combate pens\u00f3 en las personas que mat\u00f3 como &#8220;piezas de ajedrez&#8221; que hab\u00edan sido quitadas del tablero.<\/p>\n\n\n\n<p>Los comentarios, que tambi\u00e9n han despertado temores por la seguridad del Pr\u00edncipe, ya han proporcionado a los talibanes municiones para lanzar propaganda contra Gran Breta\u00f1a.<\/p>\n\n\n\n<figure class=\"wp-block-image size-large\"><img decoding=\"async\" src=\"https:\/\/blogdiario.info\/magazine\/images\/2023\/01\/ira_2_20230118.jpg\" alt=\"\"\/><figcaption class=\"wp-element-caption\"><small>Pr\u00edncipe Harry en Afganist\u00e1n<\/small><\/figcaption><\/figure>\n\n\n\n<p>Ahora, el r\u00e9gimen iran\u00ed ha aprovechado la controversia despu\u00e9s de ejecutar a Akbari, un ex viceministro de defensa en Teher\u00e1n que fue descrito por su ministerio de inteligencia como un \u201cs\u00faper esp\u00eda\u201d para Gran Breta\u00f1a, cargos que \u00e9l neg\u00f3.<\/p>\n\n\n\n<p>El hombre de 61 a\u00f1os hab\u00eda emigrado a Gran Breta\u00f1a y se convirti\u00f3 en ciudadano naturalizado antes de ser arrestado en 2019 durante una de sus visitas de regreso a Ir\u00e1n. Su detenci\u00f3n y sentencia de muerte fueron reveladas la semana pasada.<\/p>\n\n\n\n<p>La ejecuci\u00f3n de Akbari marc\u00f3 una gran escalada en las tensiones entre Londres y Teher\u00e1n, que ya estaban muy deterioradas por la represi\u00f3n de las protestas en todo el pa\u00eds por los derechos de las mujeres.<\/p>\n\n\n\n<p>Rishi Sunak lo calific\u00f3 como un \u201cacto insensible y cobarde, llevado a cabo por un r\u00e9gimen b\u00e1rbaro\u201d.<\/p>\n\n\n\n<p>James Cleverly, el Secretario de Relaciones Exteriores, anunci\u00f3 una serie de medidas en respuesta, incluida la sanci\u00f3n del fiscal general de Ir\u00e1n y dejar en claro el &#8220;disgusto&#8221; de Gran Breta\u00f1a.<\/p>\n\n\n\n<p>Sin embargo, en una serie de tuits del martes, el Ministerio de Relaciones Exteriores de Ir\u00e1n calific\u00f3 el \u201calboroto y el apoyo de algunos autoproclamados defensores europeos de los derechos humanos\u201d de Gran Breta\u00f1a como una \u201cse\u00f1al de su evasi\u00f3n y violaci\u00f3n de la ley\u201d.<\/p>\n\n\n\n<p>Cuando se le pregunt\u00f3 sobre la referencia de Ir\u00e1n al libro del duque el martes por la tarde, el portavoz oficial del primer ministro dijo: &#8220;No nos dejaremos llevar por la combinaci\u00f3n de dos cuestiones separadas. No har\u00e9 comentarios sobre la familia real en general&#8221;.<\/p>\n\n\n\n<p>&#8220;Nadie deber\u00eda tener ninguna duda de que la ejecuci\u00f3n de Alireza Akbari fue un acto b\u00e1rbaro y pol\u00edticamente motivado sin legitimidad, y las comparaciones entre eso y los hombres y mujeres en servicio que llevan a cabo acciones leg\u00edtimas ser\u00edan completamente falsas&#8221;.<\/p>\n\n\n\n<p>Ir\u00e1n no es el \u00fanico r\u00e9gimen de Oriente Medio que ha aprovechado los comentarios del duque en Spare, despu\u00e9s de que los propios talibanes criticaran la revelaci\u00f3n a principios de este mes.<\/p>\n\n\n\n<p>Un alto funcionario talib\u00e1n dijo que el pr\u00edncipe Harry deber\u00eda ser llevado ante un &#8220;tribunal internacional&#8221; despu\u00e9s de &#8220;confesar con orgullo el crimen&#8221; de matar a 25 personas en Afganist\u00e1n.<\/p>\n\n\n\n<p>Khalid Zadran, portavoz de la polic\u00eda talib\u00e1n en Kabul, dijo a la prensa que el duque \u201csiempre ser\u00e1 recordado en Helmand\u201d y lo tild\u00f3 de \u201ccriminal\u201d.<\/p>\n\n\n\n<p>M\u00e1s tarde, el duque fue acusado por una figura militar de alto rango de &#8220;explotar&#8221; los suicidios de veteranos militares en su &#8220;intento desesperado de limitar los da\u00f1os&#8221; durante una entrevista en un programa de chat de EE. UU. para promocionar su libro.<\/p>\n\n\n\n<p>El coronel Richard Kemp, excomandante de las fuerzas brit\u00e1nicas en Afganist\u00e1n, declar\u00f3 en una rueda de prensa: &#8220;Creo que es extremadamente c\u00ednico explotar los suicidios de los veteranos para excusar los comentarios que hizo sobre Afganist\u00e1n, ahora que han recibido una reacci\u00f3n violenta de tantos veteranos&#8221;.<\/p>\n\n\n\n<p>Mientras tanto, las memorias del duque han establecido un nuevo r\u00e9cord despu\u00e9s de que se vendieran tres cuartos de mill\u00f3n de copias en el Reino Unido desde su publicaci\u00f3n el 10 de enero.<\/p>\n\n\n\n<p>Larry Finlay, director gerente de la editorial Transworld Penguin Random House, dijo: \u201cAnunciamos la semana pasada que Spare fue el libro de no ficci\u00f3n m\u00e1s vendido en su primer d\u00eda de publicaci\u00f3n, un r\u00e9cord que ha sido confirmado por Guinness World Records.<\/p>\n\n\n\n<p>\u201cAhora sabemos que tambi\u00e9n son las memorias m\u00e1s vendidas en su primera semana de publicaci\u00f3n\u201d.<br><br><small>\u00a92023- BlogDiario.info \/ SalaStampa.Eu &#8211; Derechos Reservados<\/small><\/p>\n","protected":false},"excerpt":{"rendered":"<p>Teher\u00e1n afirm\u00f3 que Gran Breta\u00f1a no puede &#8220;predicar&#8221; sobre los derechos humanos y describi\u00f3 las acciones del duque como un crimen de guerra.<\/p>\n","protected":false},"author":1,"featured_media":721,"comment_status":"closed","ping_status":"closed","sticky":false,"template":"","format":"standard","meta":{"footnotes":"","_links_to":"","_links_to_target":""},"categories":[97,62,46,43],"tags":[86],"class_list":["post-720","post","type-post","status-publish","format-standard","has-post-thumbnail","hentry","category-elcanillita","category-actualidad","category-europa","category-sociedad","tag-regno-unito","entry","rows"],"yoast_head":"<!-- This site is optimized with the Yoast SEO plugin v27.4 - https:\/\/yoast.com\/product\/yoast-seo-wordpress\/ -->\n<title>Ir\u00e1n utiliza la revelaci\u00f3n del conteo de muertes talibanes del pr\u00edncipe Harry para justificar la ejecuci\u00f3n de Alireza Akbari - BlogDiario Magazine<\/title>\n<meta name=\"description\" content=\"Teher\u00e1n afirm\u00f3 que Gran Breta\u00f1a no puede &quot;predicar&quot; sobre los derechos humanos y describi\u00f3 las acciones del duque como un crimen de guerra.\" \/>\n<meta name=\"robots\" content=\"index, follow, max-snippet:-1, max-image-preview:large, max-video-preview:-1\" \/>\n<link rel=\"canonical\" href=\"https:\/\/blogdiario.info\/magazine\/2023\/01\/19\/iran-utiliza-la-revelacion-del-conteo-de-muertes-talibanes-del-principe-harry-para-justificar-la-ejecucion-de-alireza-akbari\/\" \/>\n<meta property=\"og:locale\" content=\"es_ES\" \/>\n<meta property=\"og:type\" content=\"article\" \/>\n<meta property=\"og:title\" content=\"Ir\u00e1n utiliza la revelaci\u00f3n del conteo de muertes talibanes del pr\u00edncipe Harry para justificar la ejecuci\u00f3n de Alireza Akbari - BlogDiario Magazine\" \/>\n<meta property=\"og:description\" content=\"Teher\u00e1n afirm\u00f3 que Gran Breta\u00f1a no puede &quot;predicar&quot; sobre los derechos humanos y describi\u00f3 las acciones del duque como un crimen de guerra.\" \/>\n<meta property=\"og:url\" content=\"https:\/\/blogdiario.info\/magazine\/2023\/01\/19\/iran-utiliza-la-revelacion-del-conteo-de-muertes-talibanes-del-principe-harry-para-justificar-la-ejecucion-de-alireza-akbari\/\" \/>\n<meta property=\"og:site_name\" content=\"BlogDiario Magazine\" \/>\n<meta property=\"article:published_time\" content=\"2023-01-19T23:16:56+00:00\" \/>\n<meta property=\"article:modified_time\" content=\"2023-01-19T23:16:58+00:00\" \/>\n<meta property=\"og:image\" content=\"https:\/\/blogdiario.info\/magazine\/images\/2023\/01\/ira_3_20230118-1.jpg\" \/>\n\t<meta property=\"og:image:width\" content=\"680\" \/>\n\t<meta property=\"og:image:height\" content=\"424\" \/>\n\t<meta property=\"og:image:type\" content=\"image\/jpeg\" \/>\n<meta name=\"author\" content=\"World Press Service | Servicio de Prensa Mundial\" \/>\n<meta name=\"twitter:card\" content=\"summary_large_image\" \/>\n<meta name=\"twitter:label1\" content=\"Escrito por\" \/>\n\t<meta name=\"twitter:data1\" content=\"World Press Service | Servicio de Prensa Mundial\" \/>\n\t<meta name=\"twitter:label2\" content=\"Tiempo de lectura\" \/>\n\t<meta name=\"twitter:data2\" content=\"6 minutos\" \/>\n<script type=\"application\/ld+json\" class=\"yoast-schema-graph\">{\"@context\":\"https:\\\/\\\/schema.org\",\"@graph\":[{\"@type\":\"Article\",\"@id\":\"https:\\\/\\\/blogdiario.info\\\/magazine\\\/2023\\\/01\\\/19\\\/iran-utiliza-la-revelacion-del-conteo-de-muertes-talibanes-del-principe-harry-para-justificar-la-ejecucion-de-alireza-akbari\\\/#article\",\"isPartOf\":{\"@id\":\"https:\\\/\\\/blogdiario.info\\\/magazine\\\/2023\\\/01\\\/19\\\/iran-utiliza-la-revelacion-del-conteo-de-muertes-talibanes-del-principe-harry-para-justificar-la-ejecucion-de-alireza-akbari\\\/\"},\"author\":{\"name\":\"World Press Service | Servicio de Prensa Mundial\",\"@id\":\"https:\\\/\\\/blogdiario.info\\\/magazine\\\/#\\\/schema\\\/person\\\/b2422fe85574d945bad55513bb0c7354\"},\"headline\":\"Ir\u00e1n utiliza la revelaci\u00f3n del conteo de muertes talibanes del pr\u00edncipe Harry para justificar la ejecuci\u00f3n de Alireza Akbari\",\"datePublished\":\"2023-01-19T23:16:56+00:00\",\"dateModified\":\"2023-01-19T23:16:58+00:00\",\"mainEntityOfPage\":{\"@id\":\"https:\\\/\\\/blogdiario.info\\\/magazine\\\/2023\\\/01\\\/19\\\/iran-utiliza-la-revelacion-del-conteo-de-muertes-talibanes-del-principe-harry-para-justificar-la-ejecucion-de-alireza-akbari\\\/\"},\"wordCount\":988,\"publisher\":{\"@id\":\"https:\\\/\\\/blogdiario.info\\\/magazine\\\/#organization\"},\"image\":{\"@id\":\"https:\\\/\\\/blogdiario.info\\\/magazine\\\/2023\\\/01\\\/19\\\/iran-utiliza-la-revelacion-del-conteo-de-muertes-talibanes-del-principe-harry-para-justificar-la-ejecucion-de-alireza-akbari\\\/#primaryimage\"},\"thumbnailUrl\":\"https:\\\/\\\/blogdiario.info\\\/magazine\\\/images\\\/2023\\\/01\\\/ira_3_20230118-1.jpg\",\"keywords\":[\"Regno Unito\"],\"articleSection\":[\".\",\"Actualidad\",\"Europa\",\"Sociedad\"],\"inLanguage\":\"es-AR\"},{\"@type\":\"WebPage\",\"@id\":\"https:\\\/\\\/blogdiario.info\\\/magazine\\\/2023\\\/01\\\/19\\\/iran-utiliza-la-revelacion-del-conteo-de-muertes-talibanes-del-principe-harry-para-justificar-la-ejecucion-de-alireza-akbari\\\/\",\"url\":\"https:\\\/\\\/blogdiario.info\\\/magazine\\\/2023\\\/01\\\/19\\\/iran-utiliza-la-revelacion-del-conteo-de-muertes-talibanes-del-principe-harry-para-justificar-la-ejecucion-de-alireza-akbari\\\/\",\"name\":\"Ir\u00e1n utiliza la revelaci\u00f3n del conteo de muertes talibanes del pr\u00edncipe Harry para justificar la ejecuci\u00f3n de Alireza Akbari - BlogDiario Magazine\",\"isPartOf\":{\"@id\":\"https:\\\/\\\/blogdiario.info\\\/magazine\\\/#website\"},\"primaryImageOfPage\":{\"@id\":\"https:\\\/\\\/blogdiario.info\\\/magazine\\\/2023\\\/01\\\/19\\\/iran-utiliza-la-revelacion-del-conteo-de-muertes-talibanes-del-principe-harry-para-justificar-la-ejecucion-de-alireza-akbari\\\/#primaryimage\"},\"image\":{\"@id\":\"https:\\\/\\\/blogdiario.info\\\/magazine\\\/2023\\\/01\\\/19\\\/iran-utiliza-la-revelacion-del-conteo-de-muertes-talibanes-del-principe-harry-para-justificar-la-ejecucion-de-alireza-akbari\\\/#primaryimage\"},\"thumbnailUrl\":\"https:\\\/\\\/blogdiario.info\\\/magazine\\\/images\\\/2023\\\/01\\\/ira_3_20230118-1.jpg\",\"datePublished\":\"2023-01-19T23:16:56+00:00\",\"dateModified\":\"2023-01-19T23:16:58+00:00\",\"description\":\"Teher\u00e1n afirm\u00f3 que Gran Breta\u00f1a no puede \\\"predicar\\\" sobre los derechos humanos y describi\u00f3 las acciones del duque como un crimen de guerra.\",\"breadcrumb\":{\"@id\":\"https:\\\/\\\/blogdiario.info\\\/magazine\\\/2023\\\/01\\\/19\\\/iran-utiliza-la-revelacion-del-conteo-de-muertes-talibanes-del-principe-harry-para-justificar-la-ejecucion-de-alireza-akbari\\\/#breadcrumb\"},\"inLanguage\":\"es-AR\",\"potentialAction\":[{\"@type\":\"ReadAction\",\"target\":[\"https:\\\/\\\/blogdiario.info\\\/magazine\\\/2023\\\/01\\\/19\\\/iran-utiliza-la-revelacion-del-conteo-de-muertes-talibanes-del-principe-harry-para-justificar-la-ejecucion-de-alireza-akbari\\\/\"]}]},{\"@type\":\"ImageObject\",\"inLanguage\":\"es-AR\",\"@id\":\"https:\\\/\\\/blogdiario.info\\\/magazine\\\/2023\\\/01\\\/19\\\/iran-utiliza-la-revelacion-del-conteo-de-muertes-talibanes-del-principe-harry-para-justificar-la-ejecucion-de-alireza-akbari\\\/#primaryimage\",\"url\":\"https:\\\/\\\/blogdiario.info\\\/magazine\\\/images\\\/2023\\\/01\\\/ira_3_20230118-1.jpg\",\"contentUrl\":\"https:\\\/\\\/blogdiario.info\\\/magazine\\\/images\\\/2023\\\/01\\\/ira_3_20230118-1.jpg\",\"width\":680,\"height\":424},{\"@type\":\"BreadcrumbList\",\"@id\":\"https:\\\/\\\/blogdiario.info\\\/magazine\\\/2023\\\/01\\\/19\\\/iran-utiliza-la-revelacion-del-conteo-de-muertes-talibanes-del-principe-harry-para-justificar-la-ejecucion-de-alireza-akbari\\\/#breadcrumb\",\"itemListElement\":[{\"@type\":\"ListItem\",\"position\":1,\"name\":\"Home\",\"item\":\"https:\\\/\\\/blogdiario.info\\\/magazine\\\/\"},{\"@type\":\"ListItem\",\"position\":2,\"name\":\"Ir\u00e1n utiliza la revelaci\u00f3n del conteo de muertes talibanes del pr\u00edncipe Harry para justificar la ejecuci\u00f3n de Alireza Akbari\"}]},{\"@type\":\"WebSite\",\"@id\":\"https:\\\/\\\/blogdiario.info\\\/magazine\\\/#website\",\"url\":\"https:\\\/\\\/blogdiario.info\\\/magazine\\\/\",\"name\":\"BlogDiario Magazine\",\"description\":\"Suplemento multiling\u00fce de ElCanillita.Info\",\"publisher\":{\"@id\":\"https:\\\/\\\/blogdiario.info\\\/magazine\\\/#organization\"},\"potentialAction\":[{\"@type\":\"SearchAction\",\"target\":{\"@type\":\"EntryPoint\",\"urlTemplate\":\"https:\\\/\\\/blogdiario.info\\\/magazine\\\/?s={search_term_string}\"},\"query-input\":{\"@type\":\"PropertyValueSpecification\",\"valueRequired\":true,\"valueName\":\"search_term_string\"}}],\"inLanguage\":\"es-AR\"},{\"@type\":\"Organization\",\"@id\":\"https:\\\/\\\/blogdiario.info\\\/magazine\\\/#organization\",\"name\":\"Guzzo Photos & Graphic Publications\",\"url\":\"https:\\\/\\\/blogdiario.info\\\/magazine\\\/\",\"logo\":{\"@type\":\"ImageObject\",\"inLanguage\":\"es-AR\",\"@id\":\"https:\\\/\\\/blogdiario.info\\\/magazine\\\/#\\\/schema\\\/logo\\\/image\\\/\",\"url\":\"https:\\\/\\\/blogdiario.info\\\/magazine\\\/images\\\/2020\\\/01\\\/cropped-blogdia_magazine.jpg\",\"contentUrl\":\"https:\\\/\\\/blogdiario.info\\\/magazine\\\/images\\\/2020\\\/01\\\/cropped-blogdia_magazine.jpg\",\"width\":589,\"height\":55,\"caption\":\"Guzzo Photos & Graphic Publications\"},\"image\":{\"@id\":\"https:\\\/\\\/blogdiario.info\\\/magazine\\\/#\\\/schema\\\/logo\\\/image\\\/\"}},{\"@type\":\"Person\",\"@id\":\"https:\\\/\\\/blogdiario.info\\\/magazine\\\/#\\\/schema\\\/person\\\/b2422fe85574d945bad55513bb0c7354\",\"name\":\"World Press Service | Servicio de Prensa Mundial\"}]}<\/script>\n<!-- \/ Yoast SEO plugin. -->","yoast_head_json":{"title":"Ir\u00e1n utiliza la revelaci\u00f3n del conteo de muertes talibanes del pr\u00edncipe Harry para justificar la ejecuci\u00f3n de Alireza Akbari - BlogDiario Magazine","description":"Teher\u00e1n afirm\u00f3 que Gran Breta\u00f1a no puede \"predicar\" sobre los derechos humanos y describi\u00f3 las acciones del duque como un crimen de guerra.","robots":{"index":"index","follow":"follow","max-snippet":"max-snippet:-1","max-image-preview":"max-image-preview:large","max-video-preview":"max-video-preview:-1"},"canonical":"https:\/\/blogdiario.info\/magazine\/2023\/01\/19\/iran-utiliza-la-revelacion-del-conteo-de-muertes-talibanes-del-principe-harry-para-justificar-la-ejecucion-de-alireza-akbari\/","og_locale":"es_ES","og_type":"article","og_title":"Ir\u00e1n utiliza la revelaci\u00f3n del conteo de muertes talibanes del pr\u00edncipe Harry para justificar la ejecuci\u00f3n de Alireza Akbari - BlogDiario Magazine","og_description":"Teher\u00e1n afirm\u00f3 que Gran Breta\u00f1a no puede \"predicar\" sobre los derechos humanos y describi\u00f3 las acciones del duque como un crimen de guerra.","og_url":"https:\/\/blogdiario.info\/magazine\/2023\/01\/19\/iran-utiliza-la-revelacion-del-conteo-de-muertes-talibanes-del-principe-harry-para-justificar-la-ejecucion-de-alireza-akbari\/","og_site_name":"BlogDiario Magazine","article_published_time":"2023-01-19T23:16:56+00:00","article_modified_time":"2023-01-19T23:16:58+00:00","og_image":[{"width":680,"height":424,"url":"https:\/\/blogdiario.info\/magazine\/images\/2023\/01\/ira_3_20230118-1.jpg","type":"image\/jpeg"}],"author":"World Press Service | Servicio de Prensa Mundial","twitter_card":"summary_large_image","twitter_misc":{"Escrito por":"World Press Service | Servicio de Prensa Mundial","Tiempo de lectura":"6 minutos"},"schema":{"@context":"https:\/\/schema.org","@graph":[{"@type":"Article","@id":"https:\/\/blogdiario.info\/magazine\/2023\/01\/19\/iran-utiliza-la-revelacion-del-conteo-de-muertes-talibanes-del-principe-harry-para-justificar-la-ejecucion-de-alireza-akbari\/#article","isPartOf":{"@id":"https:\/\/blogdiario.info\/magazine\/2023\/01\/19\/iran-utiliza-la-revelacion-del-conteo-de-muertes-talibanes-del-principe-harry-para-justificar-la-ejecucion-de-alireza-akbari\/"},"author":{"name":"World Press Service | Servicio de Prensa Mundial","@id":"https:\/\/blogdiario.info\/magazine\/#\/schema\/person\/b2422fe85574d945bad55513bb0c7354"},"headline":"Ir\u00e1n utiliza la revelaci\u00f3n del conteo de muertes talibanes del pr\u00edncipe Harry para justificar la ejecuci\u00f3n de Alireza Akbari","datePublished":"2023-01-19T23:16:56+00:00","dateModified":"2023-01-19T23:16:58+00:00","mainEntityOfPage":{"@id":"https:\/\/blogdiario.info\/magazine\/2023\/01\/19\/iran-utiliza-la-revelacion-del-conteo-de-muertes-talibanes-del-principe-harry-para-justificar-la-ejecucion-de-alireza-akbari\/"},"wordCount":988,"publisher":{"@id":"https:\/\/blogdiario.info\/magazine\/#organization"},"image":{"@id":"https:\/\/blogdiario.info\/magazine\/2023\/01\/19\/iran-utiliza-la-revelacion-del-conteo-de-muertes-talibanes-del-principe-harry-para-justificar-la-ejecucion-de-alireza-akbari\/#primaryimage"},"thumbnailUrl":"https:\/\/blogdiario.info\/magazine\/images\/2023\/01\/ira_3_20230118-1.jpg","keywords":["Regno Unito"],"articleSection":[".","Actualidad","Europa","Sociedad"],"inLanguage":"es-AR"},{"@type":"WebPage","@id":"https:\/\/blogdiario.info\/magazine\/2023\/01\/19\/iran-utiliza-la-revelacion-del-conteo-de-muertes-talibanes-del-principe-harry-para-justificar-la-ejecucion-de-alireza-akbari\/","url":"https:\/\/blogdiario.info\/magazine\/2023\/01\/19\/iran-utiliza-la-revelacion-del-conteo-de-muertes-talibanes-del-principe-harry-para-justificar-la-ejecucion-de-alireza-akbari\/","name":"Ir\u00e1n utiliza la revelaci\u00f3n del conteo de muertes talibanes del pr\u00edncipe Harry para justificar la ejecuci\u00f3n de Alireza Akbari - BlogDiario Magazine","isPartOf":{"@id":"https:\/\/blogdiario.info\/magazine\/#website"},"primaryImageOfPage":{"@id":"https:\/\/blogdiario.info\/magazine\/2023\/01\/19\/iran-utiliza-la-revelacion-del-conteo-de-muertes-talibanes-del-principe-harry-para-justificar-la-ejecucion-de-alireza-akbari\/#primaryimage"},"image":{"@id":"https:\/\/blogdiario.info\/magazine\/2023\/01\/19\/iran-utiliza-la-revelacion-del-conteo-de-muertes-talibanes-del-principe-harry-para-justificar-la-ejecucion-de-alireza-akbari\/#primaryimage"},"thumbnailUrl":"https:\/\/blogdiario.info\/magazine\/images\/2023\/01\/ira_3_20230118-1.jpg","datePublished":"2023-01-19T23:16:56+00:00","dateModified":"2023-01-19T23:16:58+00:00","description":"Teher\u00e1n afirm\u00f3 que Gran Breta\u00f1a no puede \"predicar\" sobre los derechos humanos y describi\u00f3 las acciones del duque como un crimen de guerra.","breadcrumb":{"@id":"https:\/\/blogdiario.info\/magazine\/2023\/01\/19\/iran-utiliza-la-revelacion-del-conteo-de-muertes-talibanes-del-principe-harry-para-justificar-la-ejecucion-de-alireza-akbari\/#breadcrumb"},"inLanguage":"es-AR","potentialAction":[{"@type":"ReadAction","target":["https:\/\/blogdiario.info\/magazine\/2023\/01\/19\/iran-utiliza-la-revelacion-del-conteo-de-muertes-talibanes-del-principe-harry-para-justificar-la-ejecucion-de-alireza-akbari\/"]}]},{"@type":"ImageObject","inLanguage":"es-AR","@id":"https:\/\/blogdiario.info\/magazine\/2023\/01\/19\/iran-utiliza-la-revelacion-del-conteo-de-muertes-talibanes-del-principe-harry-para-justificar-la-ejecucion-de-alireza-akbari\/#primaryimage","url":"https:\/\/blogdiario.info\/magazine\/images\/2023\/01\/ira_3_20230118-1.jpg","contentUrl":"https:\/\/blogdiario.info\/magazine\/images\/2023\/01\/ira_3_20230118-1.jpg","width":680,"height":424},{"@type":"BreadcrumbList","@id":"https:\/\/blogdiario.info\/magazine\/2023\/01\/19\/iran-utiliza-la-revelacion-del-conteo-de-muertes-talibanes-del-principe-harry-para-justificar-la-ejecucion-de-alireza-akbari\/#breadcrumb","itemListElement":[{"@type":"ListItem","position":1,"name":"Home","item":"https:\/\/blogdiario.info\/magazine\/"},{"@type":"ListItem","position":2,"name":"Ir\u00e1n utiliza la revelaci\u00f3n del conteo de muertes talibanes del pr\u00edncipe Harry para justificar la ejecuci\u00f3n de Alireza Akbari"}]},{"@type":"WebSite","@id":"https:\/\/blogdiario.info\/magazine\/#website","url":"https:\/\/blogdiario.info\/magazine\/","name":"BlogDiario Magazine","description":"Suplemento multiling\u00fce de ElCanillita.Info","publisher":{"@id":"https:\/\/blogdiario.info\/magazine\/#organization"},"potentialAction":[{"@type":"SearchAction","target":{"@type":"EntryPoint","urlTemplate":"https:\/\/blogdiario.info\/magazine\/?s={search_term_string}"},"query-input":{"@type":"PropertyValueSpecification","valueRequired":true,"valueName":"search_term_string"}}],"inLanguage":"es-AR"},{"@type":"Organization","@id":"https:\/\/blogdiario.info\/magazine\/#organization","name":"Guzzo Photos & Graphic Publications","url":"https:\/\/blogdiario.info\/magazine\/","logo":{"@type":"ImageObject","inLanguage":"es-AR","@id":"https:\/\/blogdiario.info\/magazine\/#\/schema\/logo\/image\/","url":"https:\/\/blogdiario.info\/magazine\/images\/2020\/01\/cropped-blogdia_magazine.jpg","contentUrl":"https:\/\/blogdiario.info\/magazine\/images\/2020\/01\/cropped-blogdia_magazine.jpg","width":589,"height":55,"caption":"Guzzo Photos & Graphic Publications"},"image":{"@id":"https:\/\/blogdiario.info\/magazine\/#\/schema\/logo\/image\/"}},{"@type":"Person","@id":"https:\/\/blogdiario.info\/magazine\/#\/schema\/person\/b2422fe85574d945bad55513bb0c7354","name":"World Press Service | Servicio de Prensa Mundial"}]}},"views":453,"_links":{"self":[{"href":"https:\/\/blogdiario.info\/magazine\/wp-json\/wp\/v2\/posts\/720","targetHints":{"allow":["GET"]}}],"collection":[{"href":"https:\/\/blogdiario.info\/magazine\/wp-json\/wp\/v2\/posts"}],"about":[{"href":"https:\/\/blogdiario.info\/magazine\/wp-json\/wp\/v2\/types\/post"}],"author":[{"embeddable":true,"href":"https:\/\/blogdiario.info\/magazine\/wp-json\/wp\/v2\/users\/1"}],"replies":[{"embeddable":true,"href":"https:\/\/blogdiario.info\/magazine\/wp-json\/wp\/v2\/comments?post=720"}],"version-history":[{"count":0,"href":"https:\/\/blogdiario.info\/magazine\/wp-json\/wp\/v2\/posts\/720\/revisions"}],"wp:featuredmedia":[{"embeddable":true,"href":"https:\/\/blogdiario.info\/magazine\/wp-json\/wp\/v2\/media\/721"}],"wp:attachment":[{"href":"https:\/\/blogdiario.info\/magazine\/wp-json\/wp\/v2\/media?parent=720"}],"wp:term":[{"taxonomy":"category","embeddable":true,"href":"https:\/\/blogdiario.info\/magazine\/wp-json\/wp\/v2\/categories?post=720"},{"taxonomy":"post_tag","embeddable":true,"href":"https:\/\/blogdiario.info\/magazine\/wp-json\/wp\/v2\/tags?post=720"}],"curies":[{"name":"wp","href":"https:\/\/api.w.org\/{rel}","templated":true}]}}