{"id":709,"date":"2023-01-13T18:01:10","date_gmt":"2023-01-13T21:01:10","guid":{"rendered":"https:\/\/blogdiario.info\/magazine\/?p=709"},"modified":"2023-01-13T21:33:11","modified_gmt":"2023-01-14T00:33:11","slug":"kraken-extiende-sus-tentaculos-en-europa","status":"publish","type":"post","link":"https:\/\/blogdiario.info\/magazine\/2023\/01\/13\/kraken-extiende-sus-tentaculos-en-europa\/","title":{"rendered":"Kraken extiende sus tent\u00e1culos en Europa"},"content":{"rendered":"\n<p><img decoding=\"async\" src=\"https:\/\/blogdiario.info\/magazine\/images\/2023\/01\/cov_20230113_3.jpg\"><br>Covid, Kraken pronto dominar\u00e1 en la UE y la OMS recomienda m\u00e1scaras en interiores<br>&#8216;M\u00e1s contagioso pero no m\u00e1s grave&#8217;. En Italia, los casos bajan un -38,2% y las muertes un -25,7% en siete d\u00edas<br><br>Apareciendo en Estados Unidos, donde ya se ha extendido ampliamente, la subvariante Omicron XBB.1.5, que lleva el nombre de un monstruo marino legendario, ha cruzado el Atl\u00e1ntico y podr\u00eda convertirse en dominante en el Viejo Continente &#8220;a distancia de uno o dos meses&#8221;.<br><br>Esta es la predicci\u00f3n del Centro Europeo para la Prevenci\u00f3n y el Control de Enfermedades (ECDC), que define la posibilidad de que esto suceda como &#8220;moderada&#8221;, al tiempo que asegura que la gravedad de la infecci\u00f3n no parece diferente a las variantes de Omicron ya extendidas anteriormente, especialmente para personas sanas y vacunadas.<br><br><img decoding=\"async\" src=\"https:\/\/blogdiario.info\/magazine\/images\/2023\/01\/cov_20230113_1.jpg\"><br>Pero ante la nueva propagaci\u00f3n del virus, a tres a\u00f1os de su aparici\u00f3n en el escenario mundial, la OMS vuelve a recomendar el uso de la mascarilla, especialmente en espacios cerrados.<\/p>\n\n\n\n<p>Kraken actualmente representa el 82% de los casos de covid en los EE. UU. y solo el 2,5% en Europa, pero es la subvariante m\u00e1s transmisible vista hasta ahora, inform\u00f3 la Organizaci\u00f3n Mundial de la Salud. Ciertamente tiene &#8220;una ventaja de crecimiento&#8221;, dijo Maria Van Kerkhove, gerente t\u00e9cnica de la OMS sobre covid, y agreg\u00f3, sin embargo, que &#8220;ning\u00fan dato muestra que sea m\u00e1s da\u00f1ino en t\u00e9rminos de enfermedades graves y muertes&#8221;.<\/p>\n\n\n\n<p>Covid, Kraken tiene una capacidad de difusi\u00f3n &#8216;impresionante&#8217; &#8211;<br>La subvariante XBB.1.5 tiene &#8220;una capacidad de propagaci\u00f3n impresionante&#8221;: lo escribe en el Washington Post Eric Topol, fundador del instituto californiano Scripps y uno de los investigadores que han estado siguiendo la evoluci\u00f3n de la pandemia de Covid-19 desde el principio.<br><br><small>\u00a92022- BlogDiario.info \/ SalaStampa.Eu &#8211; Derechos Reservados<\/small><\/p>\n","protected":false},"excerpt":{"rendered":"<p>La subvariante Omicron XBB.1.5, que lleva el nombre de un monstruo marino legendario, ha cruzado el Atl\u00e1ntico y podr\u00eda convertirse en dominante en el Viejo Continente<\/p>\n","protected":false},"author":1,"featured_media":710,"comment_status":"closed","ping_status":"closed","sticky":false,"template":"","format":"standard","meta":{"footnotes":"","_links_to":"","_links_to_target":""},"categories":[97,62,42,46],"tags":[103],"class_list":["post-709","post","type-post","status-publish","format-standard","has-post-thumbnail","hentry","category-elcanillita","category-actualidad","category-ciencia-tecnologia","category-europa","tag-europa","entry","rows"],"yoast_head":"<!-- This site is optimized with the Yoast SEO plugin v27.4 - https:\/\/yoast.com\/product\/yoast-seo-wordpress\/ -->\n<title>Kraken extiende sus tent\u00e1culos en Europa - BlogDiario Magazine<\/title>\n<meta name=\"robots\" content=\"index, follow, max-snippet:-1, max-image-preview:large, max-video-preview:-1\" \/>\n<link rel=\"canonical\" href=\"https:\/\/blogdiario.info\/magazine\/2023\/01\/13\/kraken-extiende-sus-tentaculos-en-europa\/\" \/>\n<meta property=\"og:locale\" content=\"es_ES\" \/>\n<meta property=\"og:type\" content=\"article\" \/>\n<meta property=\"og:title\" content=\"Kraken extiende sus tent\u00e1culos en Europa - BlogDiario Magazine\" \/>\n<meta property=\"og:description\" content=\"La subvariante Omicron XBB.1.5, que lleva el nombre de un monstruo marino legendario, ha cruzado el Atl\u00e1ntico y podr\u00eda convertirse en dominante en el Viejo Continente\" \/>\n<meta property=\"og:url\" content=\"https:\/\/blogdiario.info\/magazine\/2023\/01\/13\/kraken-extiende-sus-tentaculos-en-europa\/\" \/>\n<meta property=\"og:site_name\" content=\"BlogDiario Magazine\" \/>\n<meta property=\"article:published_time\" content=\"2023-01-13T21:01:10+00:00\" \/>\n<meta property=\"article:modified_time\" content=\"2023-01-14T00:33:11+00:00\" \/>\n<meta property=\"og:image\" content=\"https:\/\/blogdiario.info\/magazine\/images\/2023\/01\/cov_20230113_2-1.jpg\" \/>\n\t<meta property=\"og:image:width\" content=\"600\" \/>\n\t<meta property=\"og:image:height\" content=\"400\" \/>\n\t<meta property=\"og:image:type\" content=\"image\/jpeg\" \/>\n<meta name=\"author\" content=\"World Press Service | Servicio de Prensa Mundial\" \/>\n<meta name=\"twitter:card\" content=\"summary_large_image\" \/>\n<meta name=\"twitter:label1\" content=\"Escrito por\" \/>\n\t<meta name=\"twitter:data1\" content=\"World Press Service | Servicio de Prensa Mundial\" \/>\n\t<meta name=\"twitter:label2\" content=\"Tiempo de lectura\" \/>\n\t<meta name=\"twitter:data2\" content=\"2 minutos\" \/>\n<script type=\"application\/ld+json\" class=\"yoast-schema-graph\">{\"@context\":\"https:\\\/\\\/schema.org\",\"@graph\":[{\"@type\":\"Article\",\"@id\":\"https:\\\/\\\/blogdiario.info\\\/magazine\\\/2023\\\/01\\\/13\\\/kraken-extiende-sus-tentaculos-en-europa\\\/#article\",\"isPartOf\":{\"@id\":\"https:\\\/\\\/blogdiario.info\\\/magazine\\\/2023\\\/01\\\/13\\\/kraken-extiende-sus-tentaculos-en-europa\\\/\"},\"author\":{\"name\":\"World Press Service | Servicio de Prensa Mundial\",\"@id\":\"https:\\\/\\\/blogdiario.info\\\/magazine\\\/#\\\/schema\\\/person\\\/b2422fe85574d945bad55513bb0c7354\"},\"headline\":\"Kraken extiende sus tent\u00e1culos en Europa\",\"datePublished\":\"2023-01-13T21:01:10+00:00\",\"dateModified\":\"2023-01-14T00:33:11+00:00\",\"mainEntityOfPage\":{\"@id\":\"https:\\\/\\\/blogdiario.info\\\/magazine\\\/2023\\\/01\\\/13\\\/kraken-extiende-sus-tentaculos-en-europa\\\/\"},\"wordCount\":318,\"publisher\":{\"@id\":\"https:\\\/\\\/blogdiario.info\\\/magazine\\\/#organization\"},\"image\":{\"@id\":\"https:\\\/\\\/blogdiario.info\\\/magazine\\\/2023\\\/01\\\/13\\\/kraken-extiende-sus-tentaculos-en-europa\\\/#primaryimage\"},\"thumbnailUrl\":\"https:\\\/\\\/blogdiario.info\\\/magazine\\\/images\\\/2023\\\/01\\\/cov_20230113_2-1.jpg\",\"keywords\":[\"Europa\"],\"articleSection\":[\".\",\"Actualidad\",\"Ciencia y Tecnologia\",\"Europa\"],\"inLanguage\":\"es-AR\"},{\"@type\":\"WebPage\",\"@id\":\"https:\\\/\\\/blogdiario.info\\\/magazine\\\/2023\\\/01\\\/13\\\/kraken-extiende-sus-tentaculos-en-europa\\\/\",\"url\":\"https:\\\/\\\/blogdiario.info\\\/magazine\\\/2023\\\/01\\\/13\\\/kraken-extiende-sus-tentaculos-en-europa\\\/\",\"name\":\"Kraken extiende sus tent\u00e1culos en Europa - BlogDiario Magazine\",\"isPartOf\":{\"@id\":\"https:\\\/\\\/blogdiario.info\\\/magazine\\\/#website\"},\"primaryImageOfPage\":{\"@id\":\"https:\\\/\\\/blogdiario.info\\\/magazine\\\/2023\\\/01\\\/13\\\/kraken-extiende-sus-tentaculos-en-europa\\\/#primaryimage\"},\"image\":{\"@id\":\"https:\\\/\\\/blogdiario.info\\\/magazine\\\/2023\\\/01\\\/13\\\/kraken-extiende-sus-tentaculos-en-europa\\\/#primaryimage\"},\"thumbnailUrl\":\"https:\\\/\\\/blogdiario.info\\\/magazine\\\/images\\\/2023\\\/01\\\/cov_20230113_2-1.jpg\",\"datePublished\":\"2023-01-13T21:01:10+00:00\",\"dateModified\":\"2023-01-14T00:33:11+00:00\",\"breadcrumb\":{\"@id\":\"https:\\\/\\\/blogdiario.info\\\/magazine\\\/2023\\\/01\\\/13\\\/kraken-extiende-sus-tentaculos-en-europa\\\/#breadcrumb\"},\"inLanguage\":\"es-AR\",\"potentialAction\":[{\"@type\":\"ReadAction\",\"target\":[\"https:\\\/\\\/blogdiario.info\\\/magazine\\\/2023\\\/01\\\/13\\\/kraken-extiende-sus-tentaculos-en-europa\\\/\"]}]},{\"@type\":\"ImageObject\",\"inLanguage\":\"es-AR\",\"@id\":\"https:\\\/\\\/blogdiario.info\\\/magazine\\\/2023\\\/01\\\/13\\\/kraken-extiende-sus-tentaculos-en-europa\\\/#primaryimage\",\"url\":\"https:\\\/\\\/blogdiario.info\\\/magazine\\\/images\\\/2023\\\/01\\\/cov_20230113_2-1.jpg\",\"contentUrl\":\"https:\\\/\\\/blogdiario.info\\\/magazine\\\/images\\\/2023\\\/01\\\/cov_20230113_2-1.jpg\",\"width\":600,\"height\":400},{\"@type\":\"BreadcrumbList\",\"@id\":\"https:\\\/\\\/blogdiario.info\\\/magazine\\\/2023\\\/01\\\/13\\\/kraken-extiende-sus-tentaculos-en-europa\\\/#breadcrumb\",\"itemListElement\":[{\"@type\":\"ListItem\",\"position\":1,\"name\":\"Home\",\"item\":\"https:\\\/\\\/blogdiario.info\\\/magazine\\\/\"},{\"@type\":\"ListItem\",\"position\":2,\"name\":\"Kraken extiende sus tent\u00e1culos en Europa\"}]},{\"@type\":\"WebSite\",\"@id\":\"https:\\\/\\\/blogdiario.info\\\/magazine\\\/#website\",\"url\":\"https:\\\/\\\/blogdiario.info\\\/magazine\\\/\",\"name\":\"BlogDiario Magazine\",\"description\":\"Suplemento multiling\u00fce de ElCanillita.Info\",\"publisher\":{\"@id\":\"https:\\\/\\\/blogdiario.info\\\/magazine\\\/#organization\"},\"potentialAction\":[{\"@type\":\"SearchAction\",\"target\":{\"@type\":\"EntryPoint\",\"urlTemplate\":\"https:\\\/\\\/blogdiario.info\\\/magazine\\\/?s={search_term_string}\"},\"query-input\":{\"@type\":\"PropertyValueSpecification\",\"valueRequired\":true,\"valueName\":\"search_term_string\"}}],\"inLanguage\":\"es-AR\"},{\"@type\":\"Organization\",\"@id\":\"https:\\\/\\\/blogdiario.info\\\/magazine\\\/#organization\",\"name\":\"Guzzo Photos & Graphic Publications\",\"url\":\"https:\\\/\\\/blogdiario.info\\\/magazine\\\/\",\"logo\":{\"@type\":\"ImageObject\",\"inLanguage\":\"es-AR\",\"@id\":\"https:\\\/\\\/blogdiario.info\\\/magazine\\\/#\\\/schema\\\/logo\\\/image\\\/\",\"url\":\"https:\\\/\\\/blogdiario.info\\\/magazine\\\/images\\\/2020\\\/01\\\/cropped-blogdia_magazine.jpg\",\"contentUrl\":\"https:\\\/\\\/blogdiario.info\\\/magazine\\\/images\\\/2020\\\/01\\\/cropped-blogdia_magazine.jpg\",\"width\":589,\"height\":55,\"caption\":\"Guzzo Photos & Graphic Publications\"},\"image\":{\"@id\":\"https:\\\/\\\/blogdiario.info\\\/magazine\\\/#\\\/schema\\\/logo\\\/image\\\/\"}},{\"@type\":\"Person\",\"@id\":\"https:\\\/\\\/blogdiario.info\\\/magazine\\\/#\\\/schema\\\/person\\\/b2422fe85574d945bad55513bb0c7354\",\"name\":\"World Press Service | Servicio de Prensa Mundial\"}]}<\/script>\n<!-- \/ Yoast SEO plugin. -->","yoast_head_json":{"title":"Kraken extiende sus tent\u00e1culos en Europa - BlogDiario Magazine","robots":{"index":"index","follow":"follow","max-snippet":"max-snippet:-1","max-image-preview":"max-image-preview:large","max-video-preview":"max-video-preview:-1"},"canonical":"https:\/\/blogdiario.info\/magazine\/2023\/01\/13\/kraken-extiende-sus-tentaculos-en-europa\/","og_locale":"es_ES","og_type":"article","og_title":"Kraken extiende sus tent\u00e1culos en Europa - BlogDiario Magazine","og_description":"La subvariante Omicron XBB.1.5, que lleva el nombre de un monstruo marino legendario, ha cruzado el Atl\u00e1ntico y podr\u00eda convertirse en dominante en el Viejo Continente","og_url":"https:\/\/blogdiario.info\/magazine\/2023\/01\/13\/kraken-extiende-sus-tentaculos-en-europa\/","og_site_name":"BlogDiario Magazine","article_published_time":"2023-01-13T21:01:10+00:00","article_modified_time":"2023-01-14T00:33:11+00:00","og_image":[{"width":600,"height":400,"url":"https:\/\/blogdiario.info\/magazine\/images\/2023\/01\/cov_20230113_2-1.jpg","type":"image\/jpeg"}],"author":"World Press Service | Servicio de Prensa Mundial","twitter_card":"summary_large_image","twitter_misc":{"Escrito por":"World Press Service | Servicio de Prensa Mundial","Tiempo de lectura":"2 minutos"},"schema":{"@context":"https:\/\/schema.org","@graph":[{"@type":"Article","@id":"https:\/\/blogdiario.info\/magazine\/2023\/01\/13\/kraken-extiende-sus-tentaculos-en-europa\/#article","isPartOf":{"@id":"https:\/\/blogdiario.info\/magazine\/2023\/01\/13\/kraken-extiende-sus-tentaculos-en-europa\/"},"author":{"name":"World Press Service | Servicio de Prensa Mundial","@id":"https:\/\/blogdiario.info\/magazine\/#\/schema\/person\/b2422fe85574d945bad55513bb0c7354"},"headline":"Kraken extiende sus tent\u00e1culos en Europa","datePublished":"2023-01-13T21:01:10+00:00","dateModified":"2023-01-14T00:33:11+00:00","mainEntityOfPage":{"@id":"https:\/\/blogdiario.info\/magazine\/2023\/01\/13\/kraken-extiende-sus-tentaculos-en-europa\/"},"wordCount":318,"publisher":{"@id":"https:\/\/blogdiario.info\/magazine\/#organization"},"image":{"@id":"https:\/\/blogdiario.info\/magazine\/2023\/01\/13\/kraken-extiende-sus-tentaculos-en-europa\/#primaryimage"},"thumbnailUrl":"https:\/\/blogdiario.info\/magazine\/images\/2023\/01\/cov_20230113_2-1.jpg","keywords":["Europa"],"articleSection":[".","Actualidad","Ciencia y Tecnologia","Europa"],"inLanguage":"es-AR"},{"@type":"WebPage","@id":"https:\/\/blogdiario.info\/magazine\/2023\/01\/13\/kraken-extiende-sus-tentaculos-en-europa\/","url":"https:\/\/blogdiario.info\/magazine\/2023\/01\/13\/kraken-extiende-sus-tentaculos-en-europa\/","name":"Kraken extiende sus tent\u00e1culos en Europa - BlogDiario Magazine","isPartOf":{"@id":"https:\/\/blogdiario.info\/magazine\/#website"},"primaryImageOfPage":{"@id":"https:\/\/blogdiario.info\/magazine\/2023\/01\/13\/kraken-extiende-sus-tentaculos-en-europa\/#primaryimage"},"image":{"@id":"https:\/\/blogdiario.info\/magazine\/2023\/01\/13\/kraken-extiende-sus-tentaculos-en-europa\/#primaryimage"},"thumbnailUrl":"https:\/\/blogdiario.info\/magazine\/images\/2023\/01\/cov_20230113_2-1.jpg","datePublished":"2023-01-13T21:01:10+00:00","dateModified":"2023-01-14T00:33:11+00:00","breadcrumb":{"@id":"https:\/\/blogdiario.info\/magazine\/2023\/01\/13\/kraken-extiende-sus-tentaculos-en-europa\/#breadcrumb"},"inLanguage":"es-AR","potentialAction":[{"@type":"ReadAction","target":["https:\/\/blogdiario.info\/magazine\/2023\/01\/13\/kraken-extiende-sus-tentaculos-en-europa\/"]}]},{"@type":"ImageObject","inLanguage":"es-AR","@id":"https:\/\/blogdiario.info\/magazine\/2023\/01\/13\/kraken-extiende-sus-tentaculos-en-europa\/#primaryimage","url":"https:\/\/blogdiario.info\/magazine\/images\/2023\/01\/cov_20230113_2-1.jpg","contentUrl":"https:\/\/blogdiario.info\/magazine\/images\/2023\/01\/cov_20230113_2-1.jpg","width":600,"height":400},{"@type":"BreadcrumbList","@id":"https:\/\/blogdiario.info\/magazine\/2023\/01\/13\/kraken-extiende-sus-tentaculos-en-europa\/#breadcrumb","itemListElement":[{"@type":"ListItem","position":1,"name":"Home","item":"https:\/\/blogdiario.info\/magazine\/"},{"@type":"ListItem","position":2,"name":"Kraken extiende sus tent\u00e1culos en Europa"}]},{"@type":"WebSite","@id":"https:\/\/blogdiario.info\/magazine\/#website","url":"https:\/\/blogdiario.info\/magazine\/","name":"BlogDiario Magazine","description":"Suplemento multiling\u00fce de ElCanillita.Info","publisher":{"@id":"https:\/\/blogdiario.info\/magazine\/#organization"},"potentialAction":[{"@type":"SearchAction","target":{"@type":"EntryPoint","urlTemplate":"https:\/\/blogdiario.info\/magazine\/?s={search_term_string}"},"query-input":{"@type":"PropertyValueSpecification","valueRequired":true,"valueName":"search_term_string"}}],"inLanguage":"es-AR"},{"@type":"Organization","@id":"https:\/\/blogdiario.info\/magazine\/#organization","name":"Guzzo Photos & Graphic Publications","url":"https:\/\/blogdiario.info\/magazine\/","logo":{"@type":"ImageObject","inLanguage":"es-AR","@id":"https:\/\/blogdiario.info\/magazine\/#\/schema\/logo\/image\/","url":"https:\/\/blogdiario.info\/magazine\/images\/2020\/01\/cropped-blogdia_magazine.jpg","contentUrl":"https:\/\/blogdiario.info\/magazine\/images\/2020\/01\/cropped-blogdia_magazine.jpg","width":589,"height":55,"caption":"Guzzo Photos & Graphic Publications"},"image":{"@id":"https:\/\/blogdiario.info\/magazine\/#\/schema\/logo\/image\/"}},{"@type":"Person","@id":"https:\/\/blogdiario.info\/magazine\/#\/schema\/person\/b2422fe85574d945bad55513bb0c7354","name":"World Press Service | Servicio de Prensa Mundial"}]}},"views":780,"_links":{"self":[{"href":"https:\/\/blogdiario.info\/magazine\/wp-json\/wp\/v2\/posts\/709","targetHints":{"allow":["GET"]}}],"collection":[{"href":"https:\/\/blogdiario.info\/magazine\/wp-json\/wp\/v2\/posts"}],"about":[{"href":"https:\/\/blogdiario.info\/magazine\/wp-json\/wp\/v2\/types\/post"}],"author":[{"embeddable":true,"href":"https:\/\/blogdiario.info\/magazine\/wp-json\/wp\/v2\/users\/1"}],"replies":[{"embeddable":true,"href":"https:\/\/blogdiario.info\/magazine\/wp-json\/wp\/v2\/comments?post=709"}],"version-history":[{"count":0,"href":"https:\/\/blogdiario.info\/magazine\/wp-json\/wp\/v2\/posts\/709\/revisions"}],"wp:featuredmedia":[{"embeddable":true,"href":"https:\/\/blogdiario.info\/magazine\/wp-json\/wp\/v2\/media\/710"}],"wp:attachment":[{"href":"https:\/\/blogdiario.info\/magazine\/wp-json\/wp\/v2\/media?parent=709"}],"wp:term":[{"taxonomy":"category","embeddable":true,"href":"https:\/\/blogdiario.info\/magazine\/wp-json\/wp\/v2\/categories?post=709"},{"taxonomy":"post_tag","embeddable":true,"href":"https:\/\/blogdiario.info\/magazine\/wp-json\/wp\/v2\/tags?post=709"}],"curies":[{"name":"wp","href":"https:\/\/api.w.org\/{rel}","templated":true}]}}