{"id":684,"date":"2022-12-05T07:22:22","date_gmt":"2022-12-05T06:22:22","guid":{"rendered":"https:\/\/blogdiario.info\/magazine\/?p=684"},"modified":"2024-02-27T00:47:47","modified_gmt":"2024-02-26T23:47:47","slug":"la-repubblica-dal-cappello","status":"publish","type":"post","link":"https:\/\/blogdiario.info\/magazine\/2022\/12\/05\/la-repubblica-dal-cappello\/","title":{"rendered":"La Repubblica dal cappello"},"content":{"rendered":"\n<p><small><strong>di Enrique Guillermo Avogadro<\/strong><\/small><\/p>\n\n\n\n<p><small>&#8220;\u00c8 comune che i cittadini delle moderne democrazie liberali &#8211; un gran numero dei quali esercita il privilegio della libert\u00e0 interessandosi pi\u00f9 alle fortune di una squadra sportiva che alla politica &#8211; siano impressionati dai tifosi di altre culture&#8221;.<br><strong>Max Hastings<\/strong><\/small><\/p>\n\n\n\n<figure class=\"wp-block-image size-large\"><img decoding=\"async\" src=\"https:\/\/elcanillita.info\/press\/images\/2020\/09\/cristina-corteggiata-alberto_dolores-de-la-press-1.jpg\" alt=\"\"\/><\/figure>\n\n\n\n<p>La nostra &#8220;imperatrice degli hotel&#8221; (Cristina Fernandez, ndt) \u00e8 pronta a distruggere ci\u00f2 che resta del Paese per cercare un&#8217;impunit\u00e0 ormai impossibile. La strada che porta a marted\u00ec prossimo, giorno scelto dal Tribunale orale per emettere la sentenza sul caso Vialidad, che avr\u00e0 conseguenze solo simboliche per anni fino a quando non diventer\u00e0 definitiva, \u00e8 stata costellata di ostacoli posti dal kirchnerismo per impedirla; finora la Repubblica \u00e8 riuscita a rimuoverli.<\/p>\n\n\n\n<p>Le manovre che ha tentato per evitare l&#8217;inizio di una fine cos\u00ec amara &#8211; seguiranno altre sentenze sfavorevoli per Cristina Fern\u00e1ndez, i suoi figli e i suoi complici di ogni tipo &#8211; sono iniziate nella sua stessa amministrazione e hanno incluso la modifica della composizione del Consiglio della Magistratura (l&#8217;organo che sceglie e rimuove i giudici e amministra il bilancio del Potere Giudiziario), le pressioni sui magistrati affinch\u00e9 vadano in pensione e lascino posti vacanti possibilmente assegnabili ai militanti, le false accuse contro tutti coloro che sono considerati nemici della sua santa causa, il tentativo di &#8220;democratizzare&#8221; la giustizia, gli sporchi attacchi alla Corte Suprema, al Procuratore Generale, ai giudici e ai pubblici ministeri, e la persecuzione dei mezzi di comunicazione, ma tutte sono fallite.<\/p>\n\n\n\n<p>Gioved\u00ec, alla Camera dei Deputati e in pieno scandalo, il rinnovo del mandato della Presidente Cecilia Moreau \u00e8 stato vanificato dalla sua manovra di appoggiare sia il colpo di Stato che l&#8217;imperatrice degli hotel sta conducendo contro il Potere Giudiziario, sia la sua manovra per paralizzare tale Consiglio, ed \u00e8 stata dimostrata l&#8217;enorme debolezza legislativa e politica che affligge il Frente para Todos, che ha perso persino l&#8217;appoggio dei deputati della sinistra trotskista.<\/p>\n\n\n\n<p>Con lo slogan provocatorio &#8220;Se toccano Cristina\u2026&#8221;, hanno gi\u00e0 alzato le mani ATE Capital, i camionisti di Pablo Moyano e i &#8220;Miles?&#8221; di Luis D&#8217;El\u00eda che, con il loro solito linguaggio estorsivo, minacciano di paralizzare l&#8217;amministrazione statale e di bloccare tutte le strade del Paese; hanno anche anticipato che si opporranno, a qualsiasi costo, a una vittoria dell&#8217;opposizione nelle prossime elezioni. La domanda d&#8217;oro dovrebbe essere come reagir\u00e0 questa volta una societ\u00e0 cos\u00ec apatica, che si distrae solo guardando verso il Qatar, per respingere queste invasioni barbariche che promettono di devastare Roma.<\/p>\n\n\n\n<p>Non abbiamo fatto nulla quando i selvaggi teppisti hanno preso a sassate la Polizia Municipale mentre al Congresso si discuteva una riforma delle pensioni che, come si vede, avrebbe giovato a tanti pensionati, o quando si sono accampati nelle strade impedendoci di circolare; tollereremo pacificamente che attacchino di nuovo la democrazia e cerchino di radere al suolo Comodoro Py? Di quali forze reali dispone lo Stato per garantire la pace? Vorr\u00e0 usarle o sar\u00e0 complice di questi fanatici impazziti, come \u00e8 successo recentemente nel sud con i terroristi pseudo-mapuche?<\/p>\n\n\n\n<p>La situazione si sta avvicinando a un esito che si preannuncia violento; l&#8217;avvicinarsi delle festivit\u00e0 di fine anno, che mettono in primo piano i bisogni pi\u00f9 elementari di individui e famiglie, in un contesto di povert\u00e0 e miseria diffuse, insicurezza crescente, inflazione al 100%, recessione imminente, corruzione dilagante (sussidi, vaccini, prezzi eccessivi e nuovi aerei), indignazione e malcontento diffusi, tendono a rafforzare questa promessa.<\/p>\n\n\n\n<p>La Vicepresidente ha giocato a fare l&#8217;opposizione al governo che ha inventato e di cui fa parte; nessuno ha descritto questo ruolo schizofrenico meglio di Jorge Liotti quando ha scritto: &#8220;Cristina Kirchner elogia Massa in pubblico e in privato, perch\u00e9 ha bisogno che continui a sostenere la gestione di un governo di cui \u00e8 molto critica&#8221;. Ma un altro ingrediente della malsana zuppa \u00e8 la salute di Alberto Fern\u00e1ndez, che potrebbe costringerlo a dimettersi o a prendere un congedo; la Costituzione dice che lei dovrebbe prendere il suo posto e, insieme, la responsabilit\u00e0 di guidare questo Titanic che sta affondando.<\/p>\n\n\n\n<p>Se dovesse verificarsi una situazione del genere, dovr\u00e0 scegliere se accettare o dimettersi a sua volta, lasciando il tizzone ardente nelle mani della senatrice Claudia Ledesma Abdala de Zamora (o, successivamente, della deputata Cecilia Moreau e del presidente della Corte Suprema Horacio Rosatti), che dovrebbe convocare l&#8217;Assemblea legislativa per nominare chi dovr\u00e0 completare la legislatura. L'&#8221;avvocato di successo&#8221; (Cristina Fernandez, ndt) cercher\u00e0 di usare i suoi &#8220;giovani idealisti&#8221; per sconfiggere la giustizia o user\u00e0 ancora una volta la salute della figlia come scusa per fuggire a Cuba? Forse questo \u00e8 stato il tema dell&#8217;incontro che ha avuto di recente nel suo ufficio al Senato con l&#8217;ex presidente dell&#8217;Ecuador, Rafael Correa, condannato, latitante e rifugiato in Belgio.<\/p>\n\n\n\n<p>Un&#8217;altra possibilit\u00e0, che non si pu\u00f2 escludere ab initio, \u00e8 che il kircherismo proponga all&#8217;opposizione di anticipare il calendario elettorale. Non credo, ma se dovesse accadere, Juntos por el Cambio potrebbe accettarlo, magari solo per evitare che la disastrosa situazione socio-economica del Paese continui a peggiorare e per non aumentare il peso dell&#8217;eredit\u00e0 che, si presume, ricever\u00e0.<\/p>\n\n\n\n<p>Come si vede, la realt\u00e0 non d\u00e0 mai tregua in questa Argentina impazzita, un Paese sempre sull&#8217;orlo di un abisso ancora pi\u00f9 terribile della decadenza assoluta in cui si \u00e8 imbarcato con vocazione suicida tanti decenni fa. Ribadisco il mio consiglio di pregare, ma anche di comprare caschi e giubbotti antiproiettile, perch\u00e9 saranno indispensabili tra pochissimo tempo.<\/p>\n\n\n\n<p>Buenos Aires, 3 dicembre 2022<br><br><small>\u00a92022- BlogDiario.info \/ SalaStampa.Eu &#8211; Actio in rem, dominium ex iure Quiritium<\/small><\/p>\n","protected":false},"excerpt":{"rendered":"<p>La nostra &#8220;imperatrice degli hotel&#8221; Cristina Fernandez, \u00e8 pronta a distruggere ci\u00f2 che resta del Paese per cercare un&#8217;impunit\u00e0 ormai impossibile.<\/p>\n","protected":false},"author":1,"featured_media":685,"comment_status":"closed","ping_status":"closed","sticky":false,"template":"","format":"standard","meta":{"footnotes":"","_links_to":"","_links_to_target":""},"categories":[97,51,61,17,18],"tags":[23],"class_list":["post-684","post","type-post","status-publish","format-standard","has-post-thumbnail","hentry","category-elcanillita","category-america-del-sud","category-attualita","category-giustizia","category-politica-ita","tag-argentina","entry","rows"],"yoast_head":"<!-- This site is optimized with the Yoast SEO plugin v27.4 - https:\/\/yoast.com\/product\/yoast-seo-wordpress\/ -->\n<title>La Repubblica dal cappello - BlogDiario Magazine<\/title>\n<meta name=\"description\" content=\"La nostra &quot;imperatrice degli hotel&quot; Cristina Fernandez, \u00e8 pronta a distruggere ci\u00f2 che resta del Paese per cercare un&#039;impunit\u00e0 ormai impossibile.\" \/>\n<meta name=\"robots\" content=\"index, follow, max-snippet:-1, max-image-preview:large, max-video-preview:-1\" \/>\n<link rel=\"canonical\" href=\"https:\/\/blogdiario.info\/magazine\/2022\/12\/05\/la-repubblica-dal-cappello\/\" \/>\n<meta property=\"og:locale\" content=\"es_ES\" \/>\n<meta property=\"og:type\" content=\"article\" \/>\n<meta property=\"og:title\" content=\"La Repubblica dal cappello - BlogDiario Magazine\" \/>\n<meta property=\"og:description\" content=\"La nostra &quot;imperatrice degli hotel&quot; Cristina Fernandez, \u00e8 pronta a distruggere ci\u00f2 che resta del Paese per cercare un&#039;impunit\u00e0 ormai impossibile.\" \/>\n<meta property=\"og:url\" content=\"https:\/\/blogdiario.info\/magazine\/2022\/12\/05\/la-repubblica-dal-cappello\/\" \/>\n<meta property=\"og:site_name\" content=\"BlogDiario Magazine\" \/>\n<meta property=\"article:published_time\" content=\"2022-12-05T06:22:22+00:00\" \/>\n<meta property=\"article:modified_time\" content=\"2024-02-26T23:47:47+00:00\" \/>\n<meta property=\"og:image\" content=\"https:\/\/blogdiario.info\/magazine\/images\/2022\/12\/cristina-fernandez2_.jpg\" \/>\n\t<meta property=\"og:image:width\" content=\"600\" \/>\n\t<meta property=\"og:image:height\" content=\"400\" \/>\n\t<meta property=\"og:image:type\" content=\"image\/jpeg\" \/>\n<meta name=\"author\" content=\"World Press Service | Servicio de Prensa Mundial\" \/>\n<meta name=\"twitter:card\" content=\"summary_large_image\" \/>\n<meta name=\"twitter:label1\" content=\"Escrito por\" \/>\n\t<meta name=\"twitter:data1\" content=\"World Press Service | Servicio de Prensa Mundial\" \/>\n\t<meta name=\"twitter:label2\" content=\"Tiempo de lectura\" \/>\n\t<meta name=\"twitter:data2\" content=\"5 minutos\" \/>\n<script type=\"application\/ld+json\" class=\"yoast-schema-graph\">{\"@context\":\"https:\\\/\\\/schema.org\",\"@graph\":[{\"@type\":\"Article\",\"@id\":\"https:\\\/\\\/blogdiario.info\\\/magazine\\\/2022\\\/12\\\/05\\\/la-repubblica-dal-cappello\\\/#article\",\"isPartOf\":{\"@id\":\"https:\\\/\\\/blogdiario.info\\\/magazine\\\/2022\\\/12\\\/05\\\/la-repubblica-dal-cappello\\\/\"},\"author\":{\"name\":\"World Press Service | Servicio de Prensa Mundial\",\"@id\":\"https:\\\/\\\/blogdiario.info\\\/magazine\\\/#\\\/schema\\\/person\\\/b2422fe85574d945bad55513bb0c7354\"},\"headline\":\"La Repubblica dal cappello\",\"datePublished\":\"2022-12-05T06:22:22+00:00\",\"dateModified\":\"2024-02-26T23:47:47+00:00\",\"mainEntityOfPage\":{\"@id\":\"https:\\\/\\\/blogdiario.info\\\/magazine\\\/2022\\\/12\\\/05\\\/la-repubblica-dal-cappello\\\/\"},\"wordCount\":920,\"publisher\":{\"@id\":\"https:\\\/\\\/blogdiario.info\\\/magazine\\\/#organization\"},\"image\":{\"@id\":\"https:\\\/\\\/blogdiario.info\\\/magazine\\\/2022\\\/12\\\/05\\\/la-repubblica-dal-cappello\\\/#primaryimage\"},\"thumbnailUrl\":\"https:\\\/\\\/blogdiario.info\\\/magazine\\\/images\\\/2022\\\/12\\\/cristina-fernandez2_.jpg\",\"keywords\":[\"Argentina\"],\"articleSection\":[\".\",\"America del Sud\",\"Attualit\u00e0\",\"Giustizia\",\"Politica\"],\"inLanguage\":\"es-AR\"},{\"@type\":\"WebPage\",\"@id\":\"https:\\\/\\\/blogdiario.info\\\/magazine\\\/2022\\\/12\\\/05\\\/la-repubblica-dal-cappello\\\/\",\"url\":\"https:\\\/\\\/blogdiario.info\\\/magazine\\\/2022\\\/12\\\/05\\\/la-repubblica-dal-cappello\\\/\",\"name\":\"La Repubblica dal cappello - BlogDiario Magazine\",\"isPartOf\":{\"@id\":\"https:\\\/\\\/blogdiario.info\\\/magazine\\\/#website\"},\"primaryImageOfPage\":{\"@id\":\"https:\\\/\\\/blogdiario.info\\\/magazine\\\/2022\\\/12\\\/05\\\/la-repubblica-dal-cappello\\\/#primaryimage\"},\"image\":{\"@id\":\"https:\\\/\\\/blogdiario.info\\\/magazine\\\/2022\\\/12\\\/05\\\/la-repubblica-dal-cappello\\\/#primaryimage\"},\"thumbnailUrl\":\"https:\\\/\\\/blogdiario.info\\\/magazine\\\/images\\\/2022\\\/12\\\/cristina-fernandez2_.jpg\",\"datePublished\":\"2022-12-05T06:22:22+00:00\",\"dateModified\":\"2024-02-26T23:47:47+00:00\",\"description\":\"La nostra \\\"imperatrice degli hotel\\\" Cristina Fernandez, \u00e8 pronta a distruggere ci\u00f2 che resta del Paese per cercare un'impunit\u00e0 ormai impossibile.\",\"breadcrumb\":{\"@id\":\"https:\\\/\\\/blogdiario.info\\\/magazine\\\/2022\\\/12\\\/05\\\/la-repubblica-dal-cappello\\\/#breadcrumb\"},\"inLanguage\":\"es-AR\",\"potentialAction\":[{\"@type\":\"ReadAction\",\"target\":[\"https:\\\/\\\/blogdiario.info\\\/magazine\\\/2022\\\/12\\\/05\\\/la-repubblica-dal-cappello\\\/\"]}]},{\"@type\":\"ImageObject\",\"inLanguage\":\"es-AR\",\"@id\":\"https:\\\/\\\/blogdiario.info\\\/magazine\\\/2022\\\/12\\\/05\\\/la-repubblica-dal-cappello\\\/#primaryimage\",\"url\":\"https:\\\/\\\/blogdiario.info\\\/magazine\\\/images\\\/2022\\\/12\\\/cristina-fernandez2_.jpg\",\"contentUrl\":\"https:\\\/\\\/blogdiario.info\\\/magazine\\\/images\\\/2022\\\/12\\\/cristina-fernandez2_.jpg\",\"width\":600,\"height\":400},{\"@type\":\"BreadcrumbList\",\"@id\":\"https:\\\/\\\/blogdiario.info\\\/magazine\\\/2022\\\/12\\\/05\\\/la-repubblica-dal-cappello\\\/#breadcrumb\",\"itemListElement\":[{\"@type\":\"ListItem\",\"position\":1,\"name\":\"Home\",\"item\":\"https:\\\/\\\/blogdiario.info\\\/magazine\\\/\"},{\"@type\":\"ListItem\",\"position\":2,\"name\":\"La Repubblica dal cappello\"}]},{\"@type\":\"WebSite\",\"@id\":\"https:\\\/\\\/blogdiario.info\\\/magazine\\\/#website\",\"url\":\"https:\\\/\\\/blogdiario.info\\\/magazine\\\/\",\"name\":\"BlogDiario Magazine\",\"description\":\"Suplemento multiling\u00fce de ElCanillita.Info\",\"publisher\":{\"@id\":\"https:\\\/\\\/blogdiario.info\\\/magazine\\\/#organization\"},\"potentialAction\":[{\"@type\":\"SearchAction\",\"target\":{\"@type\":\"EntryPoint\",\"urlTemplate\":\"https:\\\/\\\/blogdiario.info\\\/magazine\\\/?s={search_term_string}\"},\"query-input\":{\"@type\":\"PropertyValueSpecification\",\"valueRequired\":true,\"valueName\":\"search_term_string\"}}],\"inLanguage\":\"es-AR\"},{\"@type\":\"Organization\",\"@id\":\"https:\\\/\\\/blogdiario.info\\\/magazine\\\/#organization\",\"name\":\"Guzzo Photos & Graphic Publications\",\"url\":\"https:\\\/\\\/blogdiario.info\\\/magazine\\\/\",\"logo\":{\"@type\":\"ImageObject\",\"inLanguage\":\"es-AR\",\"@id\":\"https:\\\/\\\/blogdiario.info\\\/magazine\\\/#\\\/schema\\\/logo\\\/image\\\/\",\"url\":\"https:\\\/\\\/blogdiario.info\\\/magazine\\\/images\\\/2020\\\/01\\\/cropped-blogdia_magazine.jpg\",\"contentUrl\":\"https:\\\/\\\/blogdiario.info\\\/magazine\\\/images\\\/2020\\\/01\\\/cropped-blogdia_magazine.jpg\",\"width\":589,\"height\":55,\"caption\":\"Guzzo Photos & Graphic Publications\"},\"image\":{\"@id\":\"https:\\\/\\\/blogdiario.info\\\/magazine\\\/#\\\/schema\\\/logo\\\/image\\\/\"}},{\"@type\":\"Person\",\"@id\":\"https:\\\/\\\/blogdiario.info\\\/magazine\\\/#\\\/schema\\\/person\\\/b2422fe85574d945bad55513bb0c7354\",\"name\":\"World Press Service | Servicio de Prensa Mundial\"}]}<\/script>\n<!-- \/ Yoast SEO plugin. -->","yoast_head_json":{"title":"La Repubblica dal cappello - BlogDiario Magazine","description":"La nostra \"imperatrice degli hotel\" Cristina Fernandez, \u00e8 pronta a distruggere ci\u00f2 che resta del Paese per cercare un'impunit\u00e0 ormai impossibile.","robots":{"index":"index","follow":"follow","max-snippet":"max-snippet:-1","max-image-preview":"max-image-preview:large","max-video-preview":"max-video-preview:-1"},"canonical":"https:\/\/blogdiario.info\/magazine\/2022\/12\/05\/la-repubblica-dal-cappello\/","og_locale":"es_ES","og_type":"article","og_title":"La Repubblica dal cappello - BlogDiario Magazine","og_description":"La nostra \"imperatrice degli hotel\" Cristina Fernandez, \u00e8 pronta a distruggere ci\u00f2 che resta del Paese per cercare un'impunit\u00e0 ormai impossibile.","og_url":"https:\/\/blogdiario.info\/magazine\/2022\/12\/05\/la-repubblica-dal-cappello\/","og_site_name":"BlogDiario Magazine","article_published_time":"2022-12-05T06:22:22+00:00","article_modified_time":"2024-02-26T23:47:47+00:00","og_image":[{"width":600,"height":400,"url":"https:\/\/blogdiario.info\/magazine\/images\/2022\/12\/cristina-fernandez2_.jpg","type":"image\/jpeg"}],"author":"World Press Service | Servicio de Prensa Mundial","twitter_card":"summary_large_image","twitter_misc":{"Escrito por":"World Press Service | Servicio de Prensa Mundial","Tiempo de lectura":"5 minutos"},"schema":{"@context":"https:\/\/schema.org","@graph":[{"@type":"Article","@id":"https:\/\/blogdiario.info\/magazine\/2022\/12\/05\/la-repubblica-dal-cappello\/#article","isPartOf":{"@id":"https:\/\/blogdiario.info\/magazine\/2022\/12\/05\/la-repubblica-dal-cappello\/"},"author":{"name":"World Press Service | Servicio de Prensa Mundial","@id":"https:\/\/blogdiario.info\/magazine\/#\/schema\/person\/b2422fe85574d945bad55513bb0c7354"},"headline":"La Repubblica dal cappello","datePublished":"2022-12-05T06:22:22+00:00","dateModified":"2024-02-26T23:47:47+00:00","mainEntityOfPage":{"@id":"https:\/\/blogdiario.info\/magazine\/2022\/12\/05\/la-repubblica-dal-cappello\/"},"wordCount":920,"publisher":{"@id":"https:\/\/blogdiario.info\/magazine\/#organization"},"image":{"@id":"https:\/\/blogdiario.info\/magazine\/2022\/12\/05\/la-repubblica-dal-cappello\/#primaryimage"},"thumbnailUrl":"https:\/\/blogdiario.info\/magazine\/images\/2022\/12\/cristina-fernandez2_.jpg","keywords":["Argentina"],"articleSection":[".","America del Sud","Attualit\u00e0","Giustizia","Politica"],"inLanguage":"es-AR"},{"@type":"WebPage","@id":"https:\/\/blogdiario.info\/magazine\/2022\/12\/05\/la-repubblica-dal-cappello\/","url":"https:\/\/blogdiario.info\/magazine\/2022\/12\/05\/la-repubblica-dal-cappello\/","name":"La Repubblica dal cappello - BlogDiario Magazine","isPartOf":{"@id":"https:\/\/blogdiario.info\/magazine\/#website"},"primaryImageOfPage":{"@id":"https:\/\/blogdiario.info\/magazine\/2022\/12\/05\/la-repubblica-dal-cappello\/#primaryimage"},"image":{"@id":"https:\/\/blogdiario.info\/magazine\/2022\/12\/05\/la-repubblica-dal-cappello\/#primaryimage"},"thumbnailUrl":"https:\/\/blogdiario.info\/magazine\/images\/2022\/12\/cristina-fernandez2_.jpg","datePublished":"2022-12-05T06:22:22+00:00","dateModified":"2024-02-26T23:47:47+00:00","description":"La nostra \"imperatrice degli hotel\" Cristina Fernandez, \u00e8 pronta a distruggere ci\u00f2 che resta del Paese per cercare un'impunit\u00e0 ormai impossibile.","breadcrumb":{"@id":"https:\/\/blogdiario.info\/magazine\/2022\/12\/05\/la-repubblica-dal-cappello\/#breadcrumb"},"inLanguage":"es-AR","potentialAction":[{"@type":"ReadAction","target":["https:\/\/blogdiario.info\/magazine\/2022\/12\/05\/la-repubblica-dal-cappello\/"]}]},{"@type":"ImageObject","inLanguage":"es-AR","@id":"https:\/\/blogdiario.info\/magazine\/2022\/12\/05\/la-repubblica-dal-cappello\/#primaryimage","url":"https:\/\/blogdiario.info\/magazine\/images\/2022\/12\/cristina-fernandez2_.jpg","contentUrl":"https:\/\/blogdiario.info\/magazine\/images\/2022\/12\/cristina-fernandez2_.jpg","width":600,"height":400},{"@type":"BreadcrumbList","@id":"https:\/\/blogdiario.info\/magazine\/2022\/12\/05\/la-repubblica-dal-cappello\/#breadcrumb","itemListElement":[{"@type":"ListItem","position":1,"name":"Home","item":"https:\/\/blogdiario.info\/magazine\/"},{"@type":"ListItem","position":2,"name":"La Repubblica dal cappello"}]},{"@type":"WebSite","@id":"https:\/\/blogdiario.info\/magazine\/#website","url":"https:\/\/blogdiario.info\/magazine\/","name":"BlogDiario Magazine","description":"Suplemento multiling\u00fce de ElCanillita.Info","publisher":{"@id":"https:\/\/blogdiario.info\/magazine\/#organization"},"potentialAction":[{"@type":"SearchAction","target":{"@type":"EntryPoint","urlTemplate":"https:\/\/blogdiario.info\/magazine\/?s={search_term_string}"},"query-input":{"@type":"PropertyValueSpecification","valueRequired":true,"valueName":"search_term_string"}}],"inLanguage":"es-AR"},{"@type":"Organization","@id":"https:\/\/blogdiario.info\/magazine\/#organization","name":"Guzzo Photos & Graphic Publications","url":"https:\/\/blogdiario.info\/magazine\/","logo":{"@type":"ImageObject","inLanguage":"es-AR","@id":"https:\/\/blogdiario.info\/magazine\/#\/schema\/logo\/image\/","url":"https:\/\/blogdiario.info\/magazine\/images\/2020\/01\/cropped-blogdia_magazine.jpg","contentUrl":"https:\/\/blogdiario.info\/magazine\/images\/2020\/01\/cropped-blogdia_magazine.jpg","width":589,"height":55,"caption":"Guzzo Photos & Graphic Publications"},"image":{"@id":"https:\/\/blogdiario.info\/magazine\/#\/schema\/logo\/image\/"}},{"@type":"Person","@id":"https:\/\/blogdiario.info\/magazine\/#\/schema\/person\/b2422fe85574d945bad55513bb0c7354","name":"World Press Service | Servicio de Prensa Mundial"}]}},"views":530,"_links":{"self":[{"href":"https:\/\/blogdiario.info\/magazine\/wp-json\/wp\/v2\/posts\/684","targetHints":{"allow":["GET"]}}],"collection":[{"href":"https:\/\/blogdiario.info\/magazine\/wp-json\/wp\/v2\/posts"}],"about":[{"href":"https:\/\/blogdiario.info\/magazine\/wp-json\/wp\/v2\/types\/post"}],"author":[{"embeddable":true,"href":"https:\/\/blogdiario.info\/magazine\/wp-json\/wp\/v2\/users\/1"}],"replies":[{"embeddable":true,"href":"https:\/\/blogdiario.info\/magazine\/wp-json\/wp\/v2\/comments?post=684"}],"version-history":[{"count":0,"href":"https:\/\/blogdiario.info\/magazine\/wp-json\/wp\/v2\/posts\/684\/revisions"}],"wp:featuredmedia":[{"embeddable":true,"href":"https:\/\/blogdiario.info\/magazine\/wp-json\/wp\/v2\/media\/685"}],"wp:attachment":[{"href":"https:\/\/blogdiario.info\/magazine\/wp-json\/wp\/v2\/media?parent=684"}],"wp:term":[{"taxonomy":"category","embeddable":true,"href":"https:\/\/blogdiario.info\/magazine\/wp-json\/wp\/v2\/categories?post=684"},{"taxonomy":"post_tag","embeddable":true,"href":"https:\/\/blogdiario.info\/magazine\/wp-json\/wp\/v2\/tags?post=684"}],"curies":[{"name":"wp","href":"https:\/\/api.w.org\/{rel}","templated":true}]}}