{"id":656,"date":"2022-11-03T04:54:00","date_gmt":"2022-11-03T07:54:00","guid":{"rendered":"https:\/\/blogdiario.info\/magazine\/?p=656"},"modified":"2022-11-03T13:57:46","modified_gmt":"2022-11-03T16:57:46","slug":"la-ministra-meloni-reivindico-las-normas-para-las-manifestaciones-delirio","status":"publish","type":"post","link":"https:\/\/blogdiario.info\/magazine\/2022\/11\/03\/la-ministra-meloni-reivindico-las-normas-para-las-manifestaciones-delirio\/","title":{"rendered":"La Ministra Meloni reivindic\u00f3 las normas para las &#8220;manifestaciones delirio&#8221;"},"content":{"rendered":"\n<p>Redacci\u00f3n, 2 noviembre 2022<\/p>\n\n\n\n<figure class=\"wp-block-image\"><img decoding=\"async\" src=\"https:\/\/blogdiario.info\/magazine\/images\/2022\/11\/cover_Meloni20221103.jpg\" alt=\"\"\/><\/figure>\n\n\n\n<p>&#8220;Es una normativa que reivindico y de la que estoy orgullosa porque Italia -tras a\u00f1os de gobiernos que han agachado la cabeza ante la ilegalidad- dejar\u00e1 de ser el jersey negro en materia de seguridad&#8221; &#8211; declar\u00f3 Meloni.<\/p>\n\n\n\n<p>&#8220;Es justo perseguir a quienes suelen llegar de toda Europa para participar en manifestaciones en las que se ocupan ilegalmente espacios privados o p\u00fablicos, sin respetar ninguna norma de seguridad y, adem\u00e1s, favoreciendo el tr\u00e1fico y el consumo de drogas&#8221;.<\/p>\n\n\n\n<p>&#8220;Las instrumentalizaciones sobre el derecho de manifestaci\u00f3n dejan tiempo para ser encontradas, pero quiero asegurar a los ciudadanos que no negaremos a nadie el derecho a expresar su disidencia&#8221;, agreg\u00f3 la Primera Ministra Giorgia Meloni.<\/p>\n\n\n\n<p>&#8216;La norma protege los bienes jur\u00eddicos de la seguridad y la salud p\u00fablica, en el momento en que estos bienes est\u00e1n expuestos al peligro&#8217;, dijo el ministro de Justicia, Carlo Nordio, &#8216;no afecta ni podr\u00eda afectar en lo m\u00e1s m\u00ednimo a los sacrosantos derechos de la libre expresi\u00f3n del pensamiento y la libre reuni\u00f3n, sea cual sea el n\u00famero de participantes&#8217;. Su compleja redacci\u00f3n est\u00e1 sometida al control del Parlamento, cuya funci\u00f3n es aprobarla o modificarla seg\u00fan sus intenciones soberanas&#8221;.<\/p>\n\n\n\n<p>El Ministro del Interior, Matteo Piantedosi advierte: &#8220;Todo el mundo tiene inter\u00e9s en contrarrestar las <a href=\"#manifestaciones delirantes ilegales\"> manifestaciones delirantes ilegales<\/a><\/p>\n\n\n\n<p>Creo que es de inter\u00e9s para todos contrarrestar los delirios ilegales. En cambio, me parece ofensivo atribuirnos la voluntad de intervenir en otros contextos, donde se ejercen derechos constitucionalmente garantizados, a los que la ley claramente no hace referencia&#8221;. El Ministro, Matteo Piantedosi, entrevistado por el Corriere della Sera, aclar\u00f3 el objetivo de la norma sobre las fiestas delirantes: &#8220;alinearnos con la legislaci\u00f3n de otros pa\u00edses europeos para disuadir de la organizaci\u00f3n de este tipo de eventos, que ponen en peligro sobre todo a los propios participantes -recuerdo que en M\u00f3dena se bail\u00f3 en un cobertizo peligroso y se corri\u00f3 el riesgo de una masacre- y acaban teniendo en jaque a zonas enteras, poniendo en peligro las actividades comerciales y la red viaria&#8221;.<\/p>\n\n\n\n<p>En cualquier caso, la conversi\u00f3n de los decretos se hace en el Parlamento, no en las redes sociales&#8221;, a\u00f1ade, &#8220;en ese foro cada propuesta ser\u00e1 examinada por el Gobierno&#8221;. Cuando se le se\u00f1ala que la manifestaci\u00f3n de Predappio no ha sido detenida, responde que &#8220;es una manifestaci\u00f3n, una payasada, que deploro de la manera m\u00e1s absoluta. Se lleva a cabo desde hace a\u00f1os, sin incidentes y bajo el control de las fuerzas policiales&#8221; y &#8220;puedo asegurar&#8221; que &#8220;denunciar\u00e1n ante las autoridades judiciales cualquier comportamiento que infrinja las disposiciones vigentes&#8221;.<\/p>\n\n\n\n<p>Durante la manifestaci\u00f3n de los estudiantes de la Universidaad de la Sapienza, &#8220;las fuerzas policiales intervinieron para evitar contactos arriesgados entre los organizadores de la conferencia y los manifestantes&#8221;. Mientras que la intervenci\u00f3n en el estadio del Mil\u00e1n, cuando los ultras despejaron la curva, podr\u00eda haber creado peligro. A continuaci\u00f3n, el Ministro Piantedosi respondi\u00f3 sobre las ONG y la inmigraci\u00f3n: &#8220;Hemos actuado desde el principio para dar una se\u00f1al inmediata a los Estados de abanderamiento: no podemos hacernos cargo de los migrantes recogidos en el mar por buques extranjeros que operan sistem\u00e1ticamente sin ninguna coordinaci\u00f3n previa de las autoridades. En la actualidad, estos representan el 16% de las personas desembarcadas en Italia&#8221;.<br><br><small>Copyright \u00a9 2022 BlogDiario.info \/ SalaStampa.Eu \u2013 Derechos Reservados<\/small><\/p>\n\n\n\n<p class=\"has-text-align-left\"><a name=\"manifestaciones delirantes ilegales\"><\/a> Manifestaciones delirantes ilegales<\/p>\n\n\n\n<p><iframe loading=\"lazy\" src=\"https:\/\/blogdiario.info\/magazine\/images\/2022\/11\/delirio\" name=\"BogDiario.info\" scrolling=\"no\" width=\"1000%\" height=\"600px\" frameborder=\"0\"><br \/>\n<noframes><body>BlogDiario.info<\/body><\/noframes><br \/><\/iframe><\/p>\n","protected":false},"excerpt":{"rendered":"<p>&#8220;Italia dejar\u00e1 de ser el jersey negro en materia de seguridad&#8221;<\/p>\n","protected":false},"author":1,"featured_media":658,"comment_status":"closed","ping_status":"closed","sticky":false,"template":"","format":"standard","meta":{"footnotes":"","_links_to":"","_links_to_target":""},"categories":[62,46,43],"tags":[],"class_list":["post-656","post","type-post","status-publish","format-standard","has-post-thumbnail","hentry","category-actualidad","category-europa","category-sociedad","entry","rows"],"yoast_head":"<!-- This site is optimized with the Yoast SEO plugin v27.4 - https:\/\/yoast.com\/product\/yoast-seo-wordpress\/ -->\n<title>La Ministra Meloni reivindic\u00f3 las normas para las &quot;manifestaciones delirio&quot; - BlogDiario Magazine<\/title>\n<meta name=\"description\" content=\"&quot;Es una normativa que reivindico y de la que estoy orgullosa porque Italia -tras a\u00f1os de gobiernos que han agachado la cabeza ante la ilegalidad- dejar\u00e1 de ser el jersey negro en materia de seguridad&quot; - declar\u00f3 Meloni.\" \/>\n<meta name=\"robots\" content=\"index, follow, max-snippet:-1, max-image-preview:large, max-video-preview:-1\" \/>\n<link rel=\"canonical\" href=\"https:\/\/blogdiario.info\/magazine\/2022\/11\/03\/la-ministra-meloni-reivindico-las-normas-para-las-manifestaciones-delirio\/\" \/>\n<meta property=\"og:locale\" content=\"es_ES\" \/>\n<meta property=\"og:type\" content=\"article\" \/>\n<meta property=\"og:title\" content=\"La Ministra Meloni reivindic\u00f3 las normas para las &quot;manifestaciones delirio&quot; - BlogDiario Magazine\" \/>\n<meta property=\"og:description\" content=\"&quot;Es una normativa que reivindico y de la que estoy orgullosa porque Italia -tras a\u00f1os de gobiernos que han agachado la cabeza ante la ilegalidad- dejar\u00e1 de ser el jersey negro en materia de seguridad&quot; - declar\u00f3 Meloni.\" \/>\n<meta property=\"og:url\" content=\"https:\/\/blogdiario.info\/magazine\/2022\/11\/03\/la-ministra-meloni-reivindico-las-normas-para-las-manifestaciones-delirio\/\" \/>\n<meta property=\"og:site_name\" content=\"BlogDiario Magazine\" \/>\n<meta property=\"article:published_time\" content=\"2022-11-03T07:54:00+00:00\" \/>\n<meta property=\"article:modified_time\" content=\"2022-11-03T16:57:46+00:00\" \/>\n<meta property=\"og:image\" content=\"https:\/\/blogdiario.info\/magazine\/images\/2022\/11\/3-Italia-Normas_seguridad.jpg\" \/>\n\t<meta property=\"og:image:width\" content=\"700\" \/>\n\t<meta property=\"og:image:height\" content=\"467\" \/>\n\t<meta property=\"og:image:type\" content=\"image\/jpeg\" \/>\n<meta name=\"author\" content=\"World Press Service | Servicio de Prensa Mundial\" \/>\n<meta name=\"twitter:card\" content=\"summary_large_image\" \/>\n<meta name=\"twitter:label1\" content=\"Escrito por\" \/>\n\t<meta name=\"twitter:data1\" content=\"World Press Service | Servicio de Prensa Mundial\" \/>\n\t<meta name=\"twitter:label2\" content=\"Tiempo de lectura\" \/>\n\t<meta name=\"twitter:data2\" content=\"4 minutos\" \/>\n<script type=\"application\/ld+json\" class=\"yoast-schema-graph\">{\"@context\":\"https:\\\/\\\/schema.org\",\"@graph\":[{\"@type\":\"Article\",\"@id\":\"https:\\\/\\\/blogdiario.info\\\/magazine\\\/2022\\\/11\\\/03\\\/la-ministra-meloni-reivindico-las-normas-para-las-manifestaciones-delirio\\\/#article\",\"isPartOf\":{\"@id\":\"https:\\\/\\\/blogdiario.info\\\/magazine\\\/2022\\\/11\\\/03\\\/la-ministra-meloni-reivindico-las-normas-para-las-manifestaciones-delirio\\\/\"},\"author\":{\"name\":\"World Press Service | Servicio de Prensa Mundial\",\"@id\":\"https:\\\/\\\/blogdiario.info\\\/magazine\\\/#\\\/schema\\\/person\\\/b2422fe85574d945bad55513bb0c7354\"},\"headline\":\"La Ministra Meloni reivindic\u00f3 las normas para las &#8220;manifestaciones delirio&#8221;\",\"datePublished\":\"2022-11-03T07:54:00+00:00\",\"dateModified\":\"2022-11-03T16:57:46+00:00\",\"mainEntityOfPage\":{\"@id\":\"https:\\\/\\\/blogdiario.info\\\/magazine\\\/2022\\\/11\\\/03\\\/la-ministra-meloni-reivindico-las-normas-para-las-manifestaciones-delirio\\\/\"},\"wordCount\":599,\"publisher\":{\"@id\":\"https:\\\/\\\/blogdiario.info\\\/magazine\\\/#organization\"},\"image\":{\"@id\":\"https:\\\/\\\/blogdiario.info\\\/magazine\\\/2022\\\/11\\\/03\\\/la-ministra-meloni-reivindico-las-normas-para-las-manifestaciones-delirio\\\/#primaryimage\"},\"thumbnailUrl\":\"https:\\\/\\\/blogdiario.info\\\/magazine\\\/images\\\/2022\\\/11\\\/3-Italia-Normas_seguridad.jpg\",\"articleSection\":[\"Actualidad\",\"Europa\",\"Sociedad\"],\"inLanguage\":\"es-AR\"},{\"@type\":\"WebPage\",\"@id\":\"https:\\\/\\\/blogdiario.info\\\/magazine\\\/2022\\\/11\\\/03\\\/la-ministra-meloni-reivindico-las-normas-para-las-manifestaciones-delirio\\\/\",\"url\":\"https:\\\/\\\/blogdiario.info\\\/magazine\\\/2022\\\/11\\\/03\\\/la-ministra-meloni-reivindico-las-normas-para-las-manifestaciones-delirio\\\/\",\"name\":\"La Ministra Meloni reivindic\u00f3 las normas para las \\\"manifestaciones delirio\\\" - BlogDiario Magazine\",\"isPartOf\":{\"@id\":\"https:\\\/\\\/blogdiario.info\\\/magazine\\\/#website\"},\"primaryImageOfPage\":{\"@id\":\"https:\\\/\\\/blogdiario.info\\\/magazine\\\/2022\\\/11\\\/03\\\/la-ministra-meloni-reivindico-las-normas-para-las-manifestaciones-delirio\\\/#primaryimage\"},\"image\":{\"@id\":\"https:\\\/\\\/blogdiario.info\\\/magazine\\\/2022\\\/11\\\/03\\\/la-ministra-meloni-reivindico-las-normas-para-las-manifestaciones-delirio\\\/#primaryimage\"},\"thumbnailUrl\":\"https:\\\/\\\/blogdiario.info\\\/magazine\\\/images\\\/2022\\\/11\\\/3-Italia-Normas_seguridad.jpg\",\"datePublished\":\"2022-11-03T07:54:00+00:00\",\"dateModified\":\"2022-11-03T16:57:46+00:00\",\"description\":\"\\\"Es una normativa que reivindico y de la que estoy orgullosa porque Italia -tras a\u00f1os de gobiernos que han agachado la cabeza ante la ilegalidad- dejar\u00e1 de ser el jersey negro en materia de seguridad\\\" - declar\u00f3 Meloni.\",\"breadcrumb\":{\"@id\":\"https:\\\/\\\/blogdiario.info\\\/magazine\\\/2022\\\/11\\\/03\\\/la-ministra-meloni-reivindico-las-normas-para-las-manifestaciones-delirio\\\/#breadcrumb\"},\"inLanguage\":\"es-AR\",\"potentialAction\":[{\"@type\":\"ReadAction\",\"target\":[\"https:\\\/\\\/blogdiario.info\\\/magazine\\\/2022\\\/11\\\/03\\\/la-ministra-meloni-reivindico-las-normas-para-las-manifestaciones-delirio\\\/\"]}]},{\"@type\":\"ImageObject\",\"inLanguage\":\"es-AR\",\"@id\":\"https:\\\/\\\/blogdiario.info\\\/magazine\\\/2022\\\/11\\\/03\\\/la-ministra-meloni-reivindico-las-normas-para-las-manifestaciones-delirio\\\/#primaryimage\",\"url\":\"https:\\\/\\\/blogdiario.info\\\/magazine\\\/images\\\/2022\\\/11\\\/3-Italia-Normas_seguridad.jpg\",\"contentUrl\":\"https:\\\/\\\/blogdiario.info\\\/magazine\\\/images\\\/2022\\\/11\\\/3-Italia-Normas_seguridad.jpg\",\"width\":700,\"height\":467,\"caption\":\"I blindati della polizia schierati davanti al capannone dove \u00e8 in corso un rave party nella zona nord di Modena in prossimit\u00e0 del quartiere fieristico e dell'ingresso dell'autostrada A1. Modena, 31 Ottobre 2022 . ANSA \\\/SERENA CAMPANINI\"},{\"@type\":\"BreadcrumbList\",\"@id\":\"https:\\\/\\\/blogdiario.info\\\/magazine\\\/2022\\\/11\\\/03\\\/la-ministra-meloni-reivindico-las-normas-para-las-manifestaciones-delirio\\\/#breadcrumb\",\"itemListElement\":[{\"@type\":\"ListItem\",\"position\":1,\"name\":\"Home\",\"item\":\"https:\\\/\\\/blogdiario.info\\\/magazine\\\/\"},{\"@type\":\"ListItem\",\"position\":2,\"name\":\"La Ministra Meloni reivindic\u00f3 las normas para las &#8220;manifestaciones delirio&#8221;\"}]},{\"@type\":\"WebSite\",\"@id\":\"https:\\\/\\\/blogdiario.info\\\/magazine\\\/#website\",\"url\":\"https:\\\/\\\/blogdiario.info\\\/magazine\\\/\",\"name\":\"BlogDiario Magazine\",\"description\":\"Suplemento multiling\u00fce de ElCanillita.Info\",\"publisher\":{\"@id\":\"https:\\\/\\\/blogdiario.info\\\/magazine\\\/#organization\"},\"potentialAction\":[{\"@type\":\"SearchAction\",\"target\":{\"@type\":\"EntryPoint\",\"urlTemplate\":\"https:\\\/\\\/blogdiario.info\\\/magazine\\\/?s={search_term_string}\"},\"query-input\":{\"@type\":\"PropertyValueSpecification\",\"valueRequired\":true,\"valueName\":\"search_term_string\"}}],\"inLanguage\":\"es-AR\"},{\"@type\":\"Organization\",\"@id\":\"https:\\\/\\\/blogdiario.info\\\/magazine\\\/#organization\",\"name\":\"Guzzo Photos & Graphic Publications\",\"url\":\"https:\\\/\\\/blogdiario.info\\\/magazine\\\/\",\"logo\":{\"@type\":\"ImageObject\",\"inLanguage\":\"es-AR\",\"@id\":\"https:\\\/\\\/blogdiario.info\\\/magazine\\\/#\\\/schema\\\/logo\\\/image\\\/\",\"url\":\"https:\\\/\\\/blogdiario.info\\\/magazine\\\/images\\\/2020\\\/01\\\/cropped-blogdia_magazine.jpg\",\"contentUrl\":\"https:\\\/\\\/blogdiario.info\\\/magazine\\\/images\\\/2020\\\/01\\\/cropped-blogdia_magazine.jpg\",\"width\":589,\"height\":55,\"caption\":\"Guzzo Photos & Graphic Publications\"},\"image\":{\"@id\":\"https:\\\/\\\/blogdiario.info\\\/magazine\\\/#\\\/schema\\\/logo\\\/image\\\/\"}},{\"@type\":\"Person\",\"@id\":\"https:\\\/\\\/blogdiario.info\\\/magazine\\\/#\\\/schema\\\/person\\\/b2422fe85574d945bad55513bb0c7354\",\"name\":\"World Press Service | Servicio de Prensa Mundial\"}]}<\/script>\n<!-- \/ Yoast SEO plugin. -->","yoast_head_json":{"title":"La Ministra Meloni reivindic\u00f3 las normas para las \"manifestaciones delirio\" - BlogDiario Magazine","description":"\"Es una normativa que reivindico y de la que estoy orgullosa porque Italia -tras a\u00f1os de gobiernos que han agachado la cabeza ante la ilegalidad- dejar\u00e1 de ser el jersey negro en materia de seguridad\" - declar\u00f3 Meloni.","robots":{"index":"index","follow":"follow","max-snippet":"max-snippet:-1","max-image-preview":"max-image-preview:large","max-video-preview":"max-video-preview:-1"},"canonical":"https:\/\/blogdiario.info\/magazine\/2022\/11\/03\/la-ministra-meloni-reivindico-las-normas-para-las-manifestaciones-delirio\/","og_locale":"es_ES","og_type":"article","og_title":"La Ministra Meloni reivindic\u00f3 las normas para las \"manifestaciones delirio\" - BlogDiario Magazine","og_description":"\"Es una normativa que reivindico y de la que estoy orgullosa porque Italia -tras a\u00f1os de gobiernos que han agachado la cabeza ante la ilegalidad- dejar\u00e1 de ser el jersey negro en materia de seguridad\" - declar\u00f3 Meloni.","og_url":"https:\/\/blogdiario.info\/magazine\/2022\/11\/03\/la-ministra-meloni-reivindico-las-normas-para-las-manifestaciones-delirio\/","og_site_name":"BlogDiario Magazine","article_published_time":"2022-11-03T07:54:00+00:00","article_modified_time":"2022-11-03T16:57:46+00:00","og_image":[{"width":700,"height":467,"url":"https:\/\/blogdiario.info\/magazine\/images\/2022\/11\/3-Italia-Normas_seguridad.jpg","type":"image\/jpeg"}],"author":"World Press Service | Servicio de Prensa Mundial","twitter_card":"summary_large_image","twitter_misc":{"Escrito por":"World Press Service | Servicio de Prensa Mundial","Tiempo de lectura":"4 minutos"},"schema":{"@context":"https:\/\/schema.org","@graph":[{"@type":"Article","@id":"https:\/\/blogdiario.info\/magazine\/2022\/11\/03\/la-ministra-meloni-reivindico-las-normas-para-las-manifestaciones-delirio\/#article","isPartOf":{"@id":"https:\/\/blogdiario.info\/magazine\/2022\/11\/03\/la-ministra-meloni-reivindico-las-normas-para-las-manifestaciones-delirio\/"},"author":{"name":"World Press Service | Servicio de Prensa Mundial","@id":"https:\/\/blogdiario.info\/magazine\/#\/schema\/person\/b2422fe85574d945bad55513bb0c7354"},"headline":"La Ministra Meloni reivindic\u00f3 las normas para las &#8220;manifestaciones delirio&#8221;","datePublished":"2022-11-03T07:54:00+00:00","dateModified":"2022-11-03T16:57:46+00:00","mainEntityOfPage":{"@id":"https:\/\/blogdiario.info\/magazine\/2022\/11\/03\/la-ministra-meloni-reivindico-las-normas-para-las-manifestaciones-delirio\/"},"wordCount":599,"publisher":{"@id":"https:\/\/blogdiario.info\/magazine\/#organization"},"image":{"@id":"https:\/\/blogdiario.info\/magazine\/2022\/11\/03\/la-ministra-meloni-reivindico-las-normas-para-las-manifestaciones-delirio\/#primaryimage"},"thumbnailUrl":"https:\/\/blogdiario.info\/magazine\/images\/2022\/11\/3-Italia-Normas_seguridad.jpg","articleSection":["Actualidad","Europa","Sociedad"],"inLanguage":"es-AR"},{"@type":"WebPage","@id":"https:\/\/blogdiario.info\/magazine\/2022\/11\/03\/la-ministra-meloni-reivindico-las-normas-para-las-manifestaciones-delirio\/","url":"https:\/\/blogdiario.info\/magazine\/2022\/11\/03\/la-ministra-meloni-reivindico-las-normas-para-las-manifestaciones-delirio\/","name":"La Ministra Meloni reivindic\u00f3 las normas para las \"manifestaciones delirio\" - BlogDiario Magazine","isPartOf":{"@id":"https:\/\/blogdiario.info\/magazine\/#website"},"primaryImageOfPage":{"@id":"https:\/\/blogdiario.info\/magazine\/2022\/11\/03\/la-ministra-meloni-reivindico-las-normas-para-las-manifestaciones-delirio\/#primaryimage"},"image":{"@id":"https:\/\/blogdiario.info\/magazine\/2022\/11\/03\/la-ministra-meloni-reivindico-las-normas-para-las-manifestaciones-delirio\/#primaryimage"},"thumbnailUrl":"https:\/\/blogdiario.info\/magazine\/images\/2022\/11\/3-Italia-Normas_seguridad.jpg","datePublished":"2022-11-03T07:54:00+00:00","dateModified":"2022-11-03T16:57:46+00:00","description":"\"Es una normativa que reivindico y de la que estoy orgullosa porque Italia -tras a\u00f1os de gobiernos que han agachado la cabeza ante la ilegalidad- dejar\u00e1 de ser el jersey negro en materia de seguridad\" - declar\u00f3 Meloni.","breadcrumb":{"@id":"https:\/\/blogdiario.info\/magazine\/2022\/11\/03\/la-ministra-meloni-reivindico-las-normas-para-las-manifestaciones-delirio\/#breadcrumb"},"inLanguage":"es-AR","potentialAction":[{"@type":"ReadAction","target":["https:\/\/blogdiario.info\/magazine\/2022\/11\/03\/la-ministra-meloni-reivindico-las-normas-para-las-manifestaciones-delirio\/"]}]},{"@type":"ImageObject","inLanguage":"es-AR","@id":"https:\/\/blogdiario.info\/magazine\/2022\/11\/03\/la-ministra-meloni-reivindico-las-normas-para-las-manifestaciones-delirio\/#primaryimage","url":"https:\/\/blogdiario.info\/magazine\/images\/2022\/11\/3-Italia-Normas_seguridad.jpg","contentUrl":"https:\/\/blogdiario.info\/magazine\/images\/2022\/11\/3-Italia-Normas_seguridad.jpg","width":700,"height":467,"caption":"I blindati della polizia schierati davanti al capannone dove \u00e8 in corso un rave party nella zona nord di Modena in prossimit\u00e0 del quartiere fieristico e dell'ingresso dell'autostrada A1. Modena, 31 Ottobre 2022 . ANSA \/SERENA CAMPANINI"},{"@type":"BreadcrumbList","@id":"https:\/\/blogdiario.info\/magazine\/2022\/11\/03\/la-ministra-meloni-reivindico-las-normas-para-las-manifestaciones-delirio\/#breadcrumb","itemListElement":[{"@type":"ListItem","position":1,"name":"Home","item":"https:\/\/blogdiario.info\/magazine\/"},{"@type":"ListItem","position":2,"name":"La Ministra Meloni reivindic\u00f3 las normas para las &#8220;manifestaciones delirio&#8221;"}]},{"@type":"WebSite","@id":"https:\/\/blogdiario.info\/magazine\/#website","url":"https:\/\/blogdiario.info\/magazine\/","name":"BlogDiario Magazine","description":"Suplemento multiling\u00fce de ElCanillita.Info","publisher":{"@id":"https:\/\/blogdiario.info\/magazine\/#organization"},"potentialAction":[{"@type":"SearchAction","target":{"@type":"EntryPoint","urlTemplate":"https:\/\/blogdiario.info\/magazine\/?s={search_term_string}"},"query-input":{"@type":"PropertyValueSpecification","valueRequired":true,"valueName":"search_term_string"}}],"inLanguage":"es-AR"},{"@type":"Organization","@id":"https:\/\/blogdiario.info\/magazine\/#organization","name":"Guzzo Photos & Graphic Publications","url":"https:\/\/blogdiario.info\/magazine\/","logo":{"@type":"ImageObject","inLanguage":"es-AR","@id":"https:\/\/blogdiario.info\/magazine\/#\/schema\/logo\/image\/","url":"https:\/\/blogdiario.info\/magazine\/images\/2020\/01\/cropped-blogdia_magazine.jpg","contentUrl":"https:\/\/blogdiario.info\/magazine\/images\/2020\/01\/cropped-blogdia_magazine.jpg","width":589,"height":55,"caption":"Guzzo Photos & Graphic Publications"},"image":{"@id":"https:\/\/blogdiario.info\/magazine\/#\/schema\/logo\/image\/"}},{"@type":"Person","@id":"https:\/\/blogdiario.info\/magazine\/#\/schema\/person\/b2422fe85574d945bad55513bb0c7354","name":"World Press Service | Servicio de Prensa Mundial"}]}},"views":347,"_links":{"self":[{"href":"https:\/\/blogdiario.info\/magazine\/wp-json\/wp\/v2\/posts\/656","targetHints":{"allow":["GET"]}}],"collection":[{"href":"https:\/\/blogdiario.info\/magazine\/wp-json\/wp\/v2\/posts"}],"about":[{"href":"https:\/\/blogdiario.info\/magazine\/wp-json\/wp\/v2\/types\/post"}],"author":[{"embeddable":true,"href":"https:\/\/blogdiario.info\/magazine\/wp-json\/wp\/v2\/users\/1"}],"replies":[{"embeddable":true,"href":"https:\/\/blogdiario.info\/magazine\/wp-json\/wp\/v2\/comments?post=656"}],"version-history":[{"count":0,"href":"https:\/\/blogdiario.info\/magazine\/wp-json\/wp\/v2\/posts\/656\/revisions"}],"wp:featuredmedia":[{"embeddable":true,"href":"https:\/\/blogdiario.info\/magazine\/wp-json\/wp\/v2\/media\/658"}],"wp:attachment":[{"href":"https:\/\/blogdiario.info\/magazine\/wp-json\/wp\/v2\/media?parent=656"}],"wp:term":[{"taxonomy":"category","embeddable":true,"href":"https:\/\/blogdiario.info\/magazine\/wp-json\/wp\/v2\/categories?post=656"},{"taxonomy":"post_tag","embeddable":true,"href":"https:\/\/blogdiario.info\/magazine\/wp-json\/wp\/v2\/tags?post=656"}],"curies":[{"name":"wp","href":"https:\/\/api.w.org\/{rel}","templated":true}]}}