{"id":635,"date":"2022-09-24T09:54:06","date_gmt":"2022-09-24T12:54:06","guid":{"rendered":"https:\/\/blogdiario.info\/magazine\/?p=635"},"modified":"2022-09-24T12:30:49","modified_gmt":"2022-09-24T15:30:49","slug":"pakistan-flagelada-por-el-covid-ahora-esta-imbestida-por-inundaciones","status":"publish","type":"post","link":"https:\/\/blogdiario.info\/magazine\/2022\/09\/24\/pakistan-flagelada-por-el-covid-ahora-esta-imbestida-por-inundaciones\/","title":{"rendered":"Pakist\u00e1n flagelada por el Covid ahora est\u00e1 imbestida por inundaciones"},"content":{"rendered":"\n<p>Pakist\u00e1n 22 \/09\/2022 <br>Millones de ni\u00f1os han quedado fuera de las aulas tras la destrucci\u00f3n de 18.500 escuelas, y se teme que muchos no vuelvan nunca m\u00e1s.<br><\/p>\n\n\n<div class=\"wp-block-image\">\n<figure class=\"alignleft size-large\"><img decoding=\"async\" src=\"https:\/\/blogdiario.info\/magazine\/images\/2022\/09\/PAKI__20220923.jpg\" alt=\"\"\/><figcaption>Personal de rescate utilizan botes de motor para dejar a los ni\u00f1os de vuelta en sus hogares despu\u00e9s de clases, en una zona afectada por las inundaciones en Pakist\u00e1n, donde las escuelas han sido destruidas.<\/figcaption><\/figure><\/div>\n\n\n<p>Sumergida hasta la cintura en aguas putrefactas, la poblaci\u00f3n se ha visto obligada a regresar a campos de refugiados improvisados que ahora llaman hogar.<\/p>\n\n\n\n<p>Desde que las inundaciones sumergieron las aldeas de la provincia pakistan\u00ed oriental de Punjab, muchos jovenes han intentado regresar a su escuela pero sin \u00e9xito.<\/p>\n\n\n\n<figure class=\"wp-block-video alignleft\"><video controls src=\"https:\/\/blogdiario.info\/magazine\/images\/2022\/09\/2022-09-23 17 00 21.mp4\"><\/video><figcaption>Imagen satelital de Basti Ahmadani, Pakist\u00e1n.<\/figcaption><\/figure>\n\n\n\n<p> El centro de la aldea de Basti Ahmadani ten\u00eda una escuela con capacidad para 800 alumnos. Pero es uno  de miles establecimientos destruidos por devastadoras inundaciones desde el mes de junio, descriptas por el Primer Ministro como las &#8220;peores de la historia de Pakist\u00e1n&#8221;.<\/p>\n\n\n\n<p>Un tercio del pa\u00eds del sur de Asia ha quedado sumergido por las aguas desde agosto, y m\u00e1s de 1.550 personas han muerto. Se prev\u00e9 que el coste econ\u00f3mico total supere los 40.000 millones de euros.<\/p>\n\n\n\n<p>A medida que las aguas de las inundaciones empiezan a bajar lentamente en algunas zonas de Sindh y Khyber Pakhtunkhwa, dos de las cuatro provincias de Pakist\u00e1n, la atenci\u00f3n se focaliza en las consecuencias que tendr\u00e1.<\/p>\n\n\n\n<p>Adem\u00e1s de una crisis sanitaria que se agrava, los expertos han advertido de la existencia de una generaci\u00f3n perdida de ni\u00f1os pakistan\u00edes, imposibilitados de llegar a las aulas despu\u00e9s de que se impidi\u00f3 la escolarizaci\u00f3n durante la pandemia del Covid-19.<\/p>\n\n\n\n<p>-De los 33 millones de personas desplazadas en Pakist\u00e1n, al menos la mitad son ni\u00f1os y nos enfrentamos a una p\u00e9rdida total de aprendizaje entre esta generaci\u00f3n actual-, afirm\u00f3 Khuram Gondal, director nacional de Save the Children Pakist\u00e1n.<\/p>\n\n\n\n<p>-Si no se hace algo r\u00e1pidamente, vamos a ver c\u00f3mo millones de ni\u00f1os, muchos de los cuales ya est\u00e1n traumatizados por las inundaciones, no vuelven a las escuelas-.         <div class=\"rmwr-wrapper\" \n             data-id=\"rmwr-69f223b5d6e36\"\n             data-mode=\"normal\"\n             data-animation=\"fade\"\n             data-duration=\"300\"\n             data-smooth-scroll=\"true\"\n             data-scroll-offset=\"0\">\n            <button \n                type=\"button\"\n                class=\"read-link\" \n                id=\"readlinkrmwr-69f223b5d6e36\"\n                data-open-text=\"Continuaci\u00f3n...\"\n                data-close-text=\"Replegar pagina\"\n                aria-expanded=\"false\"\n                aria-controls=\"readrmwr-69f223b5d6e36\"\n                aria-label=\"Continuaci\u00f3n...\"\n            >\n                <span class=\"rmwr-text\">Continuaci\u00f3n...<\/span>\n            <\/button>\n            <div \n                class=\"read_div\" \n                id=\"readrmwr-69f223b5d6e36\"\n                aria-hidden=\"true\"\n                data-animation=\"fade\"\n                data-duration=\"300\"\n                style=\"display: none;\"\n            >\n                <\/p>\n\n\n\n<p><strong>La zona cero de la crisis mundial de aprendizaje<\/strong><\/p>\n\n\n\n<p>Pakist\u00e1n ya ten\u00eda uno de los peores sistemas educativos del mundo. El Foro Econ\u00f3mico Mundial clasific\u00f3 a Pakist\u00e1n en el puesto 125 de 130 naciones por la calidad de la infraestructura educativa y el desarrollo de habilidades, en 2017.<\/p>\n\n\n\n<p>El inadecuado gasto en educaci\u00f3n -solo el 2,8% del PIB en 2021- ha provocado la falta de fondos para construir escuelas, formar a nuevos profesores o comprar equipamiento. En zonas rurales como el este del Punjab, es habitual que una escuela atienda a alumnos de varios pueblos. Algunos caminan durante horas para llegar a sus aulas.<\/p>\n\n\n\n<p>Pero las aguas de las inundaciones no s\u00f3lo han destruido m\u00e1s de 18.500 instalaciones, tambi\u00e9n han arrasado los caminos que los ni\u00f1os utilizaban para llegar a la escuela.<\/p>\n\n\n\n<p>-Este a\u00f1o apenas hab\u00eda empezado el curso cuando tuvimos las inundaciones. Incluso en las escuelas que no han quedado totalmente destruidas, tenemos que sustituir los pupitres, las pizarras y el mobiliario escolar-, explica la Dra. Mubina Agboatwalla, presidenta de Health Oriented Preventive Education, una ONG paquistan\u00ed que trabaja para mejorar la vida de los pobres del pa\u00eds.<\/p>\n\n\n\n<p>-Para ser muy franca, no creo que las escuelas empiecen a funcionar en las zonas afectadas por las inundaciones hasta dentro de seis meses como m\u00ednimo-.<\/p>\n\n\n\n<p><br>Las personas afectadas por las lluvias monz\u00f3nicas y las inundaciones, se refugian en los edificios del gobierno, despu\u00e9s de haber sido desplazadas de diferentes zonas afectadas por las inundaciones de la provincia de Sindh, en Karachi.<br><br>Varios factores est\u00e1n agravando la crisis. Muchas escuelas que sobrevivieron a las inundaciones, seg\u00fan los registros oficiales, se est\u00e1n utilizando ahora para albergar a los refugiados en todo Pakist\u00e1n y ya no pueden dar clases.<\/p>\n\n\n\n<p>Los profesores tambi\u00e9n se encuentran entre los desplazados y no est\u00e1 claro si muchos volver\u00e1n a sus antiguos pueblos y ciudades sumergidos. En Pakist\u00e1n ya hab\u00eda escasez de profesores antes de las inundaciones, y s\u00f3lo en la provincia de Punjab se registraba una escasez de 90.000 profesionales.<\/p>\n\n\n\n<p>A largo plazo, es probable que a consecuencia de las inundaciones millones de estudiantes abandonen el sistema educativo de Pakist\u00e1n para siempre, agravando  la tendencia ya existente. Seg\u00fan el Banco Mundial, al menos un mill\u00f3n de ni\u00f1os no han regresado tras la pandemia.<\/p>\n\n\n\n<p>El pa\u00eds ya ten\u00eda el segundo mayor n\u00famero de ni\u00f1os en edad escolar del mundo, unos diez millones. Los factores geogr\u00e1ficos y las deficientes redes de transporte, hacen temer por la seguridad y han alejado sobre todo a las ni\u00f1as m\u00e1s que a los ni\u00f1os.<\/p>\n\n\n\n<p>-Para nosotros, Pakist\u00e1n es la zona cero de la crisis mundial de aprendizaje-, dijo Zia Akhter Abbas, vicepresidente ejecutivo de The Citizens Foundation, una ONG pakistan\u00ed centrada en la educaci\u00f3n.<\/p>\n\n\n\n<p>-Incluso antes de la pandemia y las inundaciones, de cada diez ni\u00f1os en edad escolar, cuatro no se matriculan nunca y de los otros seis, tres no aprenden ni de lejos el nivel de su grado-.<\/p>\n\n\n\n<p>Ahora, con un tercio del pa\u00eds sumergido, los desplazamientos provocar\u00e1n m\u00e1s abandonos. Pero tambi\u00e9n aumenta la presi\u00f3n para que los ni\u00f1os se incorporen al mundo laboral y mantengan a sus familias, muchas de las cuales perdieron sus casas y negocios.<\/p>\n\n\n\n<p>Seg\u00fan el ministro de educaci\u00f3n de Sindh, Syed Sardar Ali Shah, al menos dos millones de ni\u00f1os s\u00f3lo en esa provincia podr\u00edan ser empujados a la fuerza de trabajo.<\/p>\n\n\n\n<p>Tambi\u00e9n preocupa si los padres podr\u00e1n permitirse enviar a sus hijos a las escuelas privadas asequibles de Pakist\u00e1n, en las que suelen estar matriculados cerca del 40% de los alumnos del pa\u00eds.<\/p>\n\n\n\n<p><strong>Prioridades contrapuestas<\/strong><\/p>\n\n\n\n<p>Pakist\u00e1n ya sufr\u00eda una crisis econ\u00f3mica agobiante antes de las inundaciones, y el Fondo Monetario Internacional acord\u00f3 un rescate de 1.200 millones de euros en agosto. Dada la magnitud de los da\u00f1os causados ahora por las inundaciones, no est\u00e1 claro c\u00f3mo podr\u00e1 el pa\u00eds evitar ahora un colapso econ\u00f3mico total.<\/p>\n\n\n\n<p>Los fondos de que dispone Islamabad se destinan actualmente a proporcionar alimentos y refugio a los afectados, as\u00ed como a combatir la r\u00e1pida propagaci\u00f3n de enfermedades mortales transmitidas por el agua, el c\u00f3lera y la fiebre tifoidea.<\/p>\n\n\n\n<p>La reconstrucci\u00f3n de 900 instalaciones sanitarias y la reparaci\u00f3n de la red de vacunaci\u00f3n de la cadena de fr\u00edo de Pakist\u00e1n son tambi\u00e9n una costosa prioridad. El pa\u00eds ha registrado 19 casos de polio este a\u00f1o.<\/p>\n\n\n\n<p>La instrucci\u00f3n no tiene lugar en ninguna parte en este momento. La atenci\u00f3n ahora est\u00e1 en c\u00f3mo llevar alimentos a las zonas afectadas por las inundaciones, alimentar a la gente y proporcionar tratamiento de emergencia para las enfermedades-.  <br><br>Las ONG intentan llenar el vac\u00edo, pero admiten que s\u00f3lo pueden ayudar a una parte de los afectados, mientras que muchas autoridades locales no pueden dar prioridad al dragado de las escuelas.<\/p>\n\n\n<div class=\"wp-block-image\">\n<figure class=\"alignleft size-large\"><img decoding=\"async\" src=\"https:\/\/blogdiario.info\/magazine\/images\/2022\/09\/PAKI_4_20220923.jpg\" alt=\"\" \/><figcaption>Mujeres pakistan\u00edes vadean las aguas de la inundaci\u00f3n camino a un refugio.<\/figcaption><\/figure><\/div>\n\n\n<p>Save the Children , abrir\u00e1 600 centros de aprendizaje temporales, con los que la organizaci\u00f3n espera llegar a cerca de 1,5 millones de ni\u00f1os pakistan\u00edes.<\/p>\n\n\n\n<p>Si esos alumnos no regresan a la escuela, no s\u00f3lo podr\u00edan entrar en la fuerza de trabajo, sino que podr\u00eda haber tr\u00e1fico de ni\u00f1os y matrimonios precoces. Tambi\u00e9n supone una gran oportunidad para los grupos extremistas, que pueden ofrecer a los ni\u00f1os dinero y oportunidades.<\/p>\n\n\n\n<p> <small>Copyright \u00a9 2022 ElCanillita.info \/ BlogDiario.info \/ Edited by Guzzo Photos &amp; Graphic Publications<\/small><\/p>\n\n\n\n<p>            <\/div>\n        <\/div>\n        <\/p>\n","protected":false},"excerpt":{"rendered":"<p>Los ni\u00f1os de Pakist\u00e1n ya se vieron perjudicados por Covid, y ahora llegaron inundaciones mortales.<\/p>\n","protected":false},"author":1,"featured_media":637,"comment_status":"closed","ping_status":"closed","sticky":false,"template":"","format":"standard","meta":{"footnotes":"","_links_to":"","_links_to_target":""},"categories":[97,62,55,38,39],"tags":[98],"class_list":["post-635","post","type-post","status-publish","format-standard","has-post-thumbnail","hentry","category-elcanillita","category-actualidad","category-asia","category-economia-esp","category-geo-esp","tag-pakistan","entry","rows"],"yoast_head":"<!-- This site is optimized with the Yoast SEO plugin v27.4 - https:\/\/yoast.com\/product\/yoast-seo-wordpress\/ -->\n<title>Pakist\u00e1n flagelada por el Covid ahora est\u00e1 imbestida por inundaciones - BlogDiario Magazine<\/title>\n<meta name=\"description\" content=\"Un tercio del pa\u00eds del sur de Asia ha quedado sumergido por las aguas desde agosto, y m\u00e1s de 1.550 personas han muerto. Se prev\u00e9 que el coste econ\u00f3mico total supere los 40.000 millones de euros.\" \/>\n<meta name=\"robots\" content=\"index, follow, max-snippet:-1, max-image-preview:large, max-video-preview:-1\" \/>\n<link rel=\"canonical\" href=\"https:\/\/blogdiario.info\/magazine\/2022\/09\/24\/pakistan-flagelada-por-el-covid-ahora-esta-imbestida-por-inundaciones\/\" \/>\n<meta property=\"og:locale\" content=\"es_ES\" \/>\n<meta property=\"og:type\" content=\"article\" \/>\n<meta property=\"og:title\" content=\"Pakist\u00e1n flagelada por el Covid ahora est\u00e1 imbestida por inundaciones - BlogDiario Magazine\" \/>\n<meta property=\"og:description\" content=\"Un tercio del pa\u00eds del sur de Asia ha quedado sumergido por las aguas desde agosto, y m\u00e1s de 1.550 personas han muerto. Se prev\u00e9 que el coste econ\u00f3mico total supere los 40.000 millones de euros.\" \/>\n<meta property=\"og:url\" content=\"https:\/\/blogdiario.info\/magazine\/2022\/09\/24\/pakistan-flagelada-por-el-covid-ahora-esta-imbestida-por-inundaciones\/\" \/>\n<meta property=\"og:site_name\" content=\"BlogDiario Magazine\" \/>\n<meta property=\"article:published_time\" content=\"2022-09-24T12:54:06+00:00\" \/>\n<meta property=\"article:modified_time\" content=\"2022-09-24T15:30:49+00:00\" \/>\n<meta property=\"og:image\" content=\"https:\/\/blogdiario.info\/magazine\/images\/2022\/09\/PAKI_6_20220923-1.jpg\" \/>\n\t<meta property=\"og:image:width\" content=\"600\" \/>\n\t<meta property=\"og:image:height\" content=\"375\" \/>\n\t<meta property=\"og:image:type\" content=\"image\/jpeg\" \/>\n<meta name=\"author\" content=\"World Press Service | Servicio de Prensa Mundial\" \/>\n<meta name=\"twitter:card\" content=\"summary_large_image\" \/>\n<meta name=\"twitter:label1\" content=\"Escrito por\" \/>\n\t<meta name=\"twitter:data1\" content=\"World Press Service | Servicio de Prensa Mundial\" \/>\n\t<meta name=\"twitter:label2\" content=\"Tiempo de lectura\" \/>\n\t<meta name=\"twitter:data2\" content=\"7 minutos\" \/>\n<script type=\"application\/ld+json\" class=\"yoast-schema-graph\">{\"@context\":\"https:\\\/\\\/schema.org\",\"@graph\":[{\"@type\":\"Article\",\"@id\":\"https:\\\/\\\/blogdiario.info\\\/magazine\\\/2022\\\/09\\\/24\\\/pakistan-flagelada-por-el-covid-ahora-esta-imbestida-por-inundaciones\\\/#article\",\"isPartOf\":{\"@id\":\"https:\\\/\\\/blogdiario.info\\\/magazine\\\/2022\\\/09\\\/24\\\/pakistan-flagelada-por-el-covid-ahora-esta-imbestida-por-inundaciones\\\/\"},\"author\":{\"name\":\"World Press Service | Servicio de Prensa Mundial\",\"@id\":\"https:\\\/\\\/blogdiario.info\\\/magazine\\\/#\\\/schema\\\/person\\\/b2422fe85574d945bad55513bb0c7354\"},\"headline\":\"Pakist\u00e1n flagelada por el Covid ahora est\u00e1 imbestida por inundaciones\",\"datePublished\":\"2022-09-24T12:54:06+00:00\",\"dateModified\":\"2022-09-24T15:30:49+00:00\",\"mainEntityOfPage\":{\"@id\":\"https:\\\/\\\/blogdiario.info\\\/magazine\\\/2022\\\/09\\\/24\\\/pakistan-flagelada-por-el-covid-ahora-esta-imbestida-por-inundaciones\\\/\"},\"wordCount\":1330,\"publisher\":{\"@id\":\"https:\\\/\\\/blogdiario.info\\\/magazine\\\/#organization\"},\"image\":{\"@id\":\"https:\\\/\\\/blogdiario.info\\\/magazine\\\/2022\\\/09\\\/24\\\/pakistan-flagelada-por-el-covid-ahora-esta-imbestida-por-inundaciones\\\/#primaryimage\"},\"thumbnailUrl\":\"https:\\\/\\\/blogdiario.info\\\/magazine\\\/images\\\/2022\\\/09\\\/PAKI_6_20220923-1.jpg\",\"keywords\":[\"Pakist\u00e1n\"],\"articleSection\":[\".\",\"Actualidad\",\"Asia\",\"Economia\",\"Geo\"],\"inLanguage\":\"es-AR\"},{\"@type\":\"WebPage\",\"@id\":\"https:\\\/\\\/blogdiario.info\\\/magazine\\\/2022\\\/09\\\/24\\\/pakistan-flagelada-por-el-covid-ahora-esta-imbestida-por-inundaciones\\\/\",\"url\":\"https:\\\/\\\/blogdiario.info\\\/magazine\\\/2022\\\/09\\\/24\\\/pakistan-flagelada-por-el-covid-ahora-esta-imbestida-por-inundaciones\\\/\",\"name\":\"Pakist\u00e1n flagelada por el Covid ahora est\u00e1 imbestida por inundaciones - BlogDiario Magazine\",\"isPartOf\":{\"@id\":\"https:\\\/\\\/blogdiario.info\\\/magazine\\\/#website\"},\"primaryImageOfPage\":{\"@id\":\"https:\\\/\\\/blogdiario.info\\\/magazine\\\/2022\\\/09\\\/24\\\/pakistan-flagelada-por-el-covid-ahora-esta-imbestida-por-inundaciones\\\/#primaryimage\"},\"image\":{\"@id\":\"https:\\\/\\\/blogdiario.info\\\/magazine\\\/2022\\\/09\\\/24\\\/pakistan-flagelada-por-el-covid-ahora-esta-imbestida-por-inundaciones\\\/#primaryimage\"},\"thumbnailUrl\":\"https:\\\/\\\/blogdiario.info\\\/magazine\\\/images\\\/2022\\\/09\\\/PAKI_6_20220923-1.jpg\",\"datePublished\":\"2022-09-24T12:54:06+00:00\",\"dateModified\":\"2022-09-24T15:30:49+00:00\",\"description\":\"Un tercio del pa\u00eds del sur de Asia ha quedado sumergido por las aguas desde agosto, y m\u00e1s de 1.550 personas han muerto. Se prev\u00e9 que el coste econ\u00f3mico total supere los 40.000 millones de euros.\",\"breadcrumb\":{\"@id\":\"https:\\\/\\\/blogdiario.info\\\/magazine\\\/2022\\\/09\\\/24\\\/pakistan-flagelada-por-el-covid-ahora-esta-imbestida-por-inundaciones\\\/#breadcrumb\"},\"inLanguage\":\"es-AR\",\"potentialAction\":[{\"@type\":\"ReadAction\",\"target\":[\"https:\\\/\\\/blogdiario.info\\\/magazine\\\/2022\\\/09\\\/24\\\/pakistan-flagelada-por-el-covid-ahora-esta-imbestida-por-inundaciones\\\/\"]}]},{\"@type\":\"ImageObject\",\"inLanguage\":\"es-AR\",\"@id\":\"https:\\\/\\\/blogdiario.info\\\/magazine\\\/2022\\\/09\\\/24\\\/pakistan-flagelada-por-el-covid-ahora-esta-imbestida-por-inundaciones\\\/#primaryimage\",\"url\":\"https:\\\/\\\/blogdiario.info\\\/magazine\\\/images\\\/2022\\\/09\\\/PAKI_6_20220923-1.jpg\",\"contentUrl\":\"https:\\\/\\\/blogdiario.info\\\/magazine\\\/images\\\/2022\\\/09\\\/PAKI_6_20220923-1.jpg\",\"width\":600,\"height\":375},{\"@type\":\"BreadcrumbList\",\"@id\":\"https:\\\/\\\/blogdiario.info\\\/magazine\\\/2022\\\/09\\\/24\\\/pakistan-flagelada-por-el-covid-ahora-esta-imbestida-por-inundaciones\\\/#breadcrumb\",\"itemListElement\":[{\"@type\":\"ListItem\",\"position\":1,\"name\":\"Home\",\"item\":\"https:\\\/\\\/blogdiario.info\\\/magazine\\\/\"},{\"@type\":\"ListItem\",\"position\":2,\"name\":\"Pakist\u00e1n flagelada por el Covid ahora est\u00e1 imbestida por inundaciones\"}]},{\"@type\":\"WebSite\",\"@id\":\"https:\\\/\\\/blogdiario.info\\\/magazine\\\/#website\",\"url\":\"https:\\\/\\\/blogdiario.info\\\/magazine\\\/\",\"name\":\"BlogDiario Magazine\",\"description\":\"Suplemento multiling\u00fce de ElCanillita.Info\",\"publisher\":{\"@id\":\"https:\\\/\\\/blogdiario.info\\\/magazine\\\/#organization\"},\"potentialAction\":[{\"@type\":\"SearchAction\",\"target\":{\"@type\":\"EntryPoint\",\"urlTemplate\":\"https:\\\/\\\/blogdiario.info\\\/magazine\\\/?s={search_term_string}\"},\"query-input\":{\"@type\":\"PropertyValueSpecification\",\"valueRequired\":true,\"valueName\":\"search_term_string\"}}],\"inLanguage\":\"es-AR\"},{\"@type\":\"Organization\",\"@id\":\"https:\\\/\\\/blogdiario.info\\\/magazine\\\/#organization\",\"name\":\"Guzzo Photos & Graphic Publications\",\"url\":\"https:\\\/\\\/blogdiario.info\\\/magazine\\\/\",\"logo\":{\"@type\":\"ImageObject\",\"inLanguage\":\"es-AR\",\"@id\":\"https:\\\/\\\/blogdiario.info\\\/magazine\\\/#\\\/schema\\\/logo\\\/image\\\/\",\"url\":\"https:\\\/\\\/blogdiario.info\\\/magazine\\\/images\\\/2020\\\/01\\\/cropped-blogdia_magazine.jpg\",\"contentUrl\":\"https:\\\/\\\/blogdiario.info\\\/magazine\\\/images\\\/2020\\\/01\\\/cropped-blogdia_magazine.jpg\",\"width\":589,\"height\":55,\"caption\":\"Guzzo Photos & Graphic Publications\"},\"image\":{\"@id\":\"https:\\\/\\\/blogdiario.info\\\/magazine\\\/#\\\/schema\\\/logo\\\/image\\\/\"}},{\"@type\":\"Person\",\"@id\":\"https:\\\/\\\/blogdiario.info\\\/magazine\\\/#\\\/schema\\\/person\\\/b2422fe85574d945bad55513bb0c7354\",\"name\":\"World Press Service | Servicio de Prensa Mundial\"}]}<\/script>\n<!-- \/ Yoast SEO plugin. -->","yoast_head_json":{"title":"Pakist\u00e1n flagelada por el Covid ahora est\u00e1 imbestida por inundaciones - BlogDiario Magazine","description":"Un tercio del pa\u00eds del sur de Asia ha quedado sumergido por las aguas desde agosto, y m\u00e1s de 1.550 personas han muerto. Se prev\u00e9 que el coste econ\u00f3mico total supere los 40.000 millones de euros.","robots":{"index":"index","follow":"follow","max-snippet":"max-snippet:-1","max-image-preview":"max-image-preview:large","max-video-preview":"max-video-preview:-1"},"canonical":"https:\/\/blogdiario.info\/magazine\/2022\/09\/24\/pakistan-flagelada-por-el-covid-ahora-esta-imbestida-por-inundaciones\/","og_locale":"es_ES","og_type":"article","og_title":"Pakist\u00e1n flagelada por el Covid ahora est\u00e1 imbestida por inundaciones - BlogDiario Magazine","og_description":"Un tercio del pa\u00eds del sur de Asia ha quedado sumergido por las aguas desde agosto, y m\u00e1s de 1.550 personas han muerto. Se prev\u00e9 que el coste econ\u00f3mico total supere los 40.000 millones de euros.","og_url":"https:\/\/blogdiario.info\/magazine\/2022\/09\/24\/pakistan-flagelada-por-el-covid-ahora-esta-imbestida-por-inundaciones\/","og_site_name":"BlogDiario Magazine","article_published_time":"2022-09-24T12:54:06+00:00","article_modified_time":"2022-09-24T15:30:49+00:00","og_image":[{"width":600,"height":375,"url":"https:\/\/blogdiario.info\/magazine\/images\/2022\/09\/PAKI_6_20220923-1.jpg","type":"image\/jpeg"}],"author":"World Press Service | Servicio de Prensa Mundial","twitter_card":"summary_large_image","twitter_misc":{"Escrito por":"World Press Service | Servicio de Prensa Mundial","Tiempo de lectura":"7 minutos"},"schema":{"@context":"https:\/\/schema.org","@graph":[{"@type":"Article","@id":"https:\/\/blogdiario.info\/magazine\/2022\/09\/24\/pakistan-flagelada-por-el-covid-ahora-esta-imbestida-por-inundaciones\/#article","isPartOf":{"@id":"https:\/\/blogdiario.info\/magazine\/2022\/09\/24\/pakistan-flagelada-por-el-covid-ahora-esta-imbestida-por-inundaciones\/"},"author":{"name":"World Press Service | Servicio de Prensa Mundial","@id":"https:\/\/blogdiario.info\/magazine\/#\/schema\/person\/b2422fe85574d945bad55513bb0c7354"},"headline":"Pakist\u00e1n flagelada por el Covid ahora est\u00e1 imbestida por inundaciones","datePublished":"2022-09-24T12:54:06+00:00","dateModified":"2022-09-24T15:30:49+00:00","mainEntityOfPage":{"@id":"https:\/\/blogdiario.info\/magazine\/2022\/09\/24\/pakistan-flagelada-por-el-covid-ahora-esta-imbestida-por-inundaciones\/"},"wordCount":1330,"publisher":{"@id":"https:\/\/blogdiario.info\/magazine\/#organization"},"image":{"@id":"https:\/\/blogdiario.info\/magazine\/2022\/09\/24\/pakistan-flagelada-por-el-covid-ahora-esta-imbestida-por-inundaciones\/#primaryimage"},"thumbnailUrl":"https:\/\/blogdiario.info\/magazine\/images\/2022\/09\/PAKI_6_20220923-1.jpg","keywords":["Pakist\u00e1n"],"articleSection":[".","Actualidad","Asia","Economia","Geo"],"inLanguage":"es-AR"},{"@type":"WebPage","@id":"https:\/\/blogdiario.info\/magazine\/2022\/09\/24\/pakistan-flagelada-por-el-covid-ahora-esta-imbestida-por-inundaciones\/","url":"https:\/\/blogdiario.info\/magazine\/2022\/09\/24\/pakistan-flagelada-por-el-covid-ahora-esta-imbestida-por-inundaciones\/","name":"Pakist\u00e1n flagelada por el Covid ahora est\u00e1 imbestida por inundaciones - BlogDiario Magazine","isPartOf":{"@id":"https:\/\/blogdiario.info\/magazine\/#website"},"primaryImageOfPage":{"@id":"https:\/\/blogdiario.info\/magazine\/2022\/09\/24\/pakistan-flagelada-por-el-covid-ahora-esta-imbestida-por-inundaciones\/#primaryimage"},"image":{"@id":"https:\/\/blogdiario.info\/magazine\/2022\/09\/24\/pakistan-flagelada-por-el-covid-ahora-esta-imbestida-por-inundaciones\/#primaryimage"},"thumbnailUrl":"https:\/\/blogdiario.info\/magazine\/images\/2022\/09\/PAKI_6_20220923-1.jpg","datePublished":"2022-09-24T12:54:06+00:00","dateModified":"2022-09-24T15:30:49+00:00","description":"Un tercio del pa\u00eds del sur de Asia ha quedado sumergido por las aguas desde agosto, y m\u00e1s de 1.550 personas han muerto. Se prev\u00e9 que el coste econ\u00f3mico total supere los 40.000 millones de euros.","breadcrumb":{"@id":"https:\/\/blogdiario.info\/magazine\/2022\/09\/24\/pakistan-flagelada-por-el-covid-ahora-esta-imbestida-por-inundaciones\/#breadcrumb"},"inLanguage":"es-AR","potentialAction":[{"@type":"ReadAction","target":["https:\/\/blogdiario.info\/magazine\/2022\/09\/24\/pakistan-flagelada-por-el-covid-ahora-esta-imbestida-por-inundaciones\/"]}]},{"@type":"ImageObject","inLanguage":"es-AR","@id":"https:\/\/blogdiario.info\/magazine\/2022\/09\/24\/pakistan-flagelada-por-el-covid-ahora-esta-imbestida-por-inundaciones\/#primaryimage","url":"https:\/\/blogdiario.info\/magazine\/images\/2022\/09\/PAKI_6_20220923-1.jpg","contentUrl":"https:\/\/blogdiario.info\/magazine\/images\/2022\/09\/PAKI_6_20220923-1.jpg","width":600,"height":375},{"@type":"BreadcrumbList","@id":"https:\/\/blogdiario.info\/magazine\/2022\/09\/24\/pakistan-flagelada-por-el-covid-ahora-esta-imbestida-por-inundaciones\/#breadcrumb","itemListElement":[{"@type":"ListItem","position":1,"name":"Home","item":"https:\/\/blogdiario.info\/magazine\/"},{"@type":"ListItem","position":2,"name":"Pakist\u00e1n flagelada por el Covid ahora est\u00e1 imbestida por inundaciones"}]},{"@type":"WebSite","@id":"https:\/\/blogdiario.info\/magazine\/#website","url":"https:\/\/blogdiario.info\/magazine\/","name":"BlogDiario Magazine","description":"Suplemento multiling\u00fce de ElCanillita.Info","publisher":{"@id":"https:\/\/blogdiario.info\/magazine\/#organization"},"potentialAction":[{"@type":"SearchAction","target":{"@type":"EntryPoint","urlTemplate":"https:\/\/blogdiario.info\/magazine\/?s={search_term_string}"},"query-input":{"@type":"PropertyValueSpecification","valueRequired":true,"valueName":"search_term_string"}}],"inLanguage":"es-AR"},{"@type":"Organization","@id":"https:\/\/blogdiario.info\/magazine\/#organization","name":"Guzzo Photos & Graphic Publications","url":"https:\/\/blogdiario.info\/magazine\/","logo":{"@type":"ImageObject","inLanguage":"es-AR","@id":"https:\/\/blogdiario.info\/magazine\/#\/schema\/logo\/image\/","url":"https:\/\/blogdiario.info\/magazine\/images\/2020\/01\/cropped-blogdia_magazine.jpg","contentUrl":"https:\/\/blogdiario.info\/magazine\/images\/2020\/01\/cropped-blogdia_magazine.jpg","width":589,"height":55,"caption":"Guzzo Photos & Graphic Publications"},"image":{"@id":"https:\/\/blogdiario.info\/magazine\/#\/schema\/logo\/image\/"}},{"@type":"Person","@id":"https:\/\/blogdiario.info\/magazine\/#\/schema\/person\/b2422fe85574d945bad55513bb0c7354","name":"World Press Service | Servicio de Prensa Mundial"}]}},"views":973,"_links":{"self":[{"href":"https:\/\/blogdiario.info\/magazine\/wp-json\/wp\/v2\/posts\/635","targetHints":{"allow":["GET"]}}],"collection":[{"href":"https:\/\/blogdiario.info\/magazine\/wp-json\/wp\/v2\/posts"}],"about":[{"href":"https:\/\/blogdiario.info\/magazine\/wp-json\/wp\/v2\/types\/post"}],"author":[{"embeddable":true,"href":"https:\/\/blogdiario.info\/magazine\/wp-json\/wp\/v2\/users\/1"}],"replies":[{"embeddable":true,"href":"https:\/\/blogdiario.info\/magazine\/wp-json\/wp\/v2\/comments?post=635"}],"version-history":[{"count":0,"href":"https:\/\/blogdiario.info\/magazine\/wp-json\/wp\/v2\/posts\/635\/revisions"}],"wp:featuredmedia":[{"embeddable":true,"href":"https:\/\/blogdiario.info\/magazine\/wp-json\/wp\/v2\/media\/637"}],"wp:attachment":[{"href":"https:\/\/blogdiario.info\/magazine\/wp-json\/wp\/v2\/media?parent=635"}],"wp:term":[{"taxonomy":"category","embeddable":true,"href":"https:\/\/blogdiario.info\/magazine\/wp-json\/wp\/v2\/categories?post=635"},{"taxonomy":"post_tag","embeddable":true,"href":"https:\/\/blogdiario.info\/magazine\/wp-json\/wp\/v2\/tags?post=635"}],"curies":[{"name":"wp","href":"https:\/\/api.w.org\/{rel}","templated":true}]}}