{"id":631,"date":"2022-09-21T07:14:16","date_gmt":"2022-09-21T10:14:16","guid":{"rendered":"https:\/\/blogdiario.info\/magazine\/?p=631"},"modified":"2022-09-21T18:43:08","modified_gmt":"2022-09-21T21:43:08","slug":"el-ministro-de-exteriores-argentino-pide-financiacion-entorno-onu","status":"publish","type":"post","link":"https:\/\/blogdiario.info\/magazine\/2022\/09\/21\/el-ministro-de-exteriores-argentino-pide-financiacion-entorno-onu\/","title":{"rendered":"El Ministro de exteriores argentino pide financiaci\u00f3n entorno ONU"},"content":{"rendered":"\n<p>En el marco de la Asamblea General de la ONU, el Canciller de Argentina, Santiago Cafiero, manifest\u00f3 a la Voz de Am\u00e9rica que su pa\u00eds rechaza la guerra de Ucrania y que cuando su presidente, Alberto Fern\u00e1ndez, ofreci\u00f3 a su similar ruso, Vladimir Putin, ser la puerta de entrada de Rusia al continente americano, se refer\u00eda al establecimiento de lazos comerciales. El Ministro de exteriores argentino, agreg\u00f3 que esto no impact\u00f3 la relaci\u00f3n de su pa\u00eds con ninguna otra naci\u00f3n en el continente. Motivo que le impulsa a solicitar financiaci\u00f3n para la Argentina, en modo de poder realizar proyectos muy bien descriptos que parecen cierto.<br><\/p>\n\n\n\n<figure class=\"wp-block-video\"><video controls src=\"https:\/\/blogdiario.info\/magazine\/images\/2022\/09\/Cafiero20220920.mp4\"><\/video><\/figure>\n\n\n\n<p><small>\u00a9 2022 ElCanillita.info \/ SalaStampa.Eu affiliate with USAGM \/ BBG &#8211; Edited by Guzzo Photos &amp; Graphic Publications.<\/small><\/p>\n","protected":false},"excerpt":{"rendered":"<p>A pesar de su cercan\u00eda con Rusia, Argentina condena la guerra en Ucrania y en la Patagonia<\/p>\n","protected":false},"author":1,"featured_media":632,"comment_status":"closed","ping_status":"closed","sticky":false,"template":"","format":"standard","meta":{"footnotes":"","_links_to":"","_links_to_target":""},"categories":[97,62,51,38],"tags":[23],"class_list":["post-631","post","type-post","status-publish","format-standard","has-post-thumbnail","hentry","category-elcanillita","category-actualidad","category-america-del-sud","category-economia-esp","tag-argentina","entry","rows"],"yoast_head":"<!-- This site is optimized with the Yoast SEO plugin v27.4 - https:\/\/yoast.com\/product\/yoast-seo-wordpress\/ -->\n<title>El Ministro de exteriores argentino pide financiaci\u00f3n entorno ONU - BlogDiario Magazine<\/title>\n<meta name=\"description\" content=\"A pesar de su cercan\u00eda con Rusia, el gobierno argentino ahora condena la guerra en Ucrania\" \/>\n<meta name=\"robots\" content=\"index, follow, max-snippet:-1, max-image-preview:large, max-video-preview:-1\" \/>\n<link rel=\"canonical\" href=\"https:\/\/blogdiario.info\/magazine\/2022\/09\/21\/el-ministro-de-exteriores-argentino-pide-financiacion-entorno-onu\/\" \/>\n<meta property=\"og:locale\" content=\"es_ES\" \/>\n<meta property=\"og:type\" content=\"article\" \/>\n<meta property=\"og:title\" content=\"El Ministro de exteriores argentino pide financiaci\u00f3n entorno ONU - BlogDiario Magazine\" \/>\n<meta property=\"og:description\" content=\"A pesar de su cercan\u00eda con Rusia, el gobierno argentino ahora condena la guerra en Ucrania\" \/>\n<meta property=\"og:url\" content=\"https:\/\/blogdiario.info\/magazine\/2022\/09\/21\/el-ministro-de-exteriores-argentino-pide-financiacion-entorno-onu\/\" \/>\n<meta property=\"og:site_name\" content=\"BlogDiario Magazine\" \/>\n<meta property=\"article:published_time\" content=\"2022-09-21T10:14:16+00:00\" \/>\n<meta property=\"article:modified_time\" content=\"2022-09-21T21:43:08+00:00\" \/>\n<meta property=\"og:image\" content=\"https:\/\/blogdiario.info\/magazine\/images\/2022\/09\/cafiero.jpg\" \/>\n\t<meta property=\"og:image:width\" content=\"600\" \/>\n\t<meta property=\"og:image:height\" content=\"338\" \/>\n\t<meta property=\"og:image:type\" content=\"image\/jpeg\" \/>\n<meta name=\"author\" content=\"World Press Service | Servicio de Prensa Mundial\" \/>\n<meta name=\"twitter:card\" content=\"summary_large_image\" \/>\n<meta name=\"twitter:label1\" content=\"Escrito por\" \/>\n\t<meta name=\"twitter:data1\" content=\"World Press Service | Servicio de Prensa Mundial\" \/>\n\t<meta name=\"twitter:label2\" content=\"Tiempo de lectura\" \/>\n\t<meta name=\"twitter:data2\" content=\"1 minuto\" \/>\n<script type=\"application\/ld+json\" class=\"yoast-schema-graph\">{\"@context\":\"https:\\\/\\\/schema.org\",\"@graph\":[{\"@type\":\"Article\",\"@id\":\"https:\\\/\\\/blogdiario.info\\\/magazine\\\/2022\\\/09\\\/21\\\/el-ministro-de-exteriores-argentino-pide-financiacion-entorno-onu\\\/#article\",\"isPartOf\":{\"@id\":\"https:\\\/\\\/blogdiario.info\\\/magazine\\\/2022\\\/09\\\/21\\\/el-ministro-de-exteriores-argentino-pide-financiacion-entorno-onu\\\/\"},\"author\":{\"name\":\"World Press Service | Servicio de Prensa Mundial\",\"@id\":\"https:\\\/\\\/blogdiario.info\\\/magazine\\\/#\\\/schema\\\/person\\\/b2422fe85574d945bad55513bb0c7354\"},\"headline\":\"El Ministro de exteriores argentino pide financiaci\u00f3n entorno ONU\",\"datePublished\":\"2022-09-21T10:14:16+00:00\",\"dateModified\":\"2022-09-21T21:43:08+00:00\",\"mainEntityOfPage\":{\"@id\":\"https:\\\/\\\/blogdiario.info\\\/magazine\\\/2022\\\/09\\\/21\\\/el-ministro-de-exteriores-argentino-pide-financiacion-entorno-onu\\\/\"},\"wordCount\":139,\"publisher\":{\"@id\":\"https:\\\/\\\/blogdiario.info\\\/magazine\\\/#organization\"},\"image\":{\"@id\":\"https:\\\/\\\/blogdiario.info\\\/magazine\\\/2022\\\/09\\\/21\\\/el-ministro-de-exteriores-argentino-pide-financiacion-entorno-onu\\\/#primaryimage\"},\"thumbnailUrl\":\"https:\\\/\\\/blogdiario.info\\\/magazine\\\/images\\\/2022\\\/09\\\/cafiero.jpg\",\"keywords\":[\"Argentina\"],\"articleSection\":[\".\",\"Actualidad\",\"America del Sud\",\"Economia\"],\"inLanguage\":\"es-AR\"},{\"@type\":\"WebPage\",\"@id\":\"https:\\\/\\\/blogdiario.info\\\/magazine\\\/2022\\\/09\\\/21\\\/el-ministro-de-exteriores-argentino-pide-financiacion-entorno-onu\\\/\",\"url\":\"https:\\\/\\\/blogdiario.info\\\/magazine\\\/2022\\\/09\\\/21\\\/el-ministro-de-exteriores-argentino-pide-financiacion-entorno-onu\\\/\",\"name\":\"El Ministro de exteriores argentino pide financiaci\u00f3n entorno ONU - BlogDiario Magazine\",\"isPartOf\":{\"@id\":\"https:\\\/\\\/blogdiario.info\\\/magazine\\\/#website\"},\"primaryImageOfPage\":{\"@id\":\"https:\\\/\\\/blogdiario.info\\\/magazine\\\/2022\\\/09\\\/21\\\/el-ministro-de-exteriores-argentino-pide-financiacion-entorno-onu\\\/#primaryimage\"},\"image\":{\"@id\":\"https:\\\/\\\/blogdiario.info\\\/magazine\\\/2022\\\/09\\\/21\\\/el-ministro-de-exteriores-argentino-pide-financiacion-entorno-onu\\\/#primaryimage\"},\"thumbnailUrl\":\"https:\\\/\\\/blogdiario.info\\\/magazine\\\/images\\\/2022\\\/09\\\/cafiero.jpg\",\"datePublished\":\"2022-09-21T10:14:16+00:00\",\"dateModified\":\"2022-09-21T21:43:08+00:00\",\"description\":\"A pesar de su cercan\u00eda con Rusia, el gobierno argentino ahora condena la guerra en Ucrania\",\"breadcrumb\":{\"@id\":\"https:\\\/\\\/blogdiario.info\\\/magazine\\\/2022\\\/09\\\/21\\\/el-ministro-de-exteriores-argentino-pide-financiacion-entorno-onu\\\/#breadcrumb\"},\"inLanguage\":\"es-AR\",\"potentialAction\":[{\"@type\":\"ReadAction\",\"target\":[\"https:\\\/\\\/blogdiario.info\\\/magazine\\\/2022\\\/09\\\/21\\\/el-ministro-de-exteriores-argentino-pide-financiacion-entorno-onu\\\/\"]}]},{\"@type\":\"ImageObject\",\"inLanguage\":\"es-AR\",\"@id\":\"https:\\\/\\\/blogdiario.info\\\/magazine\\\/2022\\\/09\\\/21\\\/el-ministro-de-exteriores-argentino-pide-financiacion-entorno-onu\\\/#primaryimage\",\"url\":\"https:\\\/\\\/blogdiario.info\\\/magazine\\\/images\\\/2022\\\/09\\\/cafiero.jpg\",\"contentUrl\":\"https:\\\/\\\/blogdiario.info\\\/magazine\\\/images\\\/2022\\\/09\\\/cafiero.jpg\",\"width\":600,\"height\":338},{\"@type\":\"BreadcrumbList\",\"@id\":\"https:\\\/\\\/blogdiario.info\\\/magazine\\\/2022\\\/09\\\/21\\\/el-ministro-de-exteriores-argentino-pide-financiacion-entorno-onu\\\/#breadcrumb\",\"itemListElement\":[{\"@type\":\"ListItem\",\"position\":1,\"name\":\"Home\",\"item\":\"https:\\\/\\\/blogdiario.info\\\/magazine\\\/\"},{\"@type\":\"ListItem\",\"position\":2,\"name\":\"El Ministro de exteriores argentino pide financiaci\u00f3n entorno ONU\"}]},{\"@type\":\"WebSite\",\"@id\":\"https:\\\/\\\/blogdiario.info\\\/magazine\\\/#website\",\"url\":\"https:\\\/\\\/blogdiario.info\\\/magazine\\\/\",\"name\":\"BlogDiario Magazine\",\"description\":\"Suplemento multiling\u00fce de ElCanillita.Info\",\"publisher\":{\"@id\":\"https:\\\/\\\/blogdiario.info\\\/magazine\\\/#organization\"},\"potentialAction\":[{\"@type\":\"SearchAction\",\"target\":{\"@type\":\"EntryPoint\",\"urlTemplate\":\"https:\\\/\\\/blogdiario.info\\\/magazine\\\/?s={search_term_string}\"},\"query-input\":{\"@type\":\"PropertyValueSpecification\",\"valueRequired\":true,\"valueName\":\"search_term_string\"}}],\"inLanguage\":\"es-AR\"},{\"@type\":\"Organization\",\"@id\":\"https:\\\/\\\/blogdiario.info\\\/magazine\\\/#organization\",\"name\":\"Guzzo Photos & Graphic Publications\",\"url\":\"https:\\\/\\\/blogdiario.info\\\/magazine\\\/\",\"logo\":{\"@type\":\"ImageObject\",\"inLanguage\":\"es-AR\",\"@id\":\"https:\\\/\\\/blogdiario.info\\\/magazine\\\/#\\\/schema\\\/logo\\\/image\\\/\",\"url\":\"https:\\\/\\\/blogdiario.info\\\/magazine\\\/images\\\/2020\\\/01\\\/cropped-blogdia_magazine.jpg\",\"contentUrl\":\"https:\\\/\\\/blogdiario.info\\\/magazine\\\/images\\\/2020\\\/01\\\/cropped-blogdia_magazine.jpg\",\"width\":589,\"height\":55,\"caption\":\"Guzzo Photos & Graphic Publications\"},\"image\":{\"@id\":\"https:\\\/\\\/blogdiario.info\\\/magazine\\\/#\\\/schema\\\/logo\\\/image\\\/\"}},{\"@type\":\"Person\",\"@id\":\"https:\\\/\\\/blogdiario.info\\\/magazine\\\/#\\\/schema\\\/person\\\/b2422fe85574d945bad55513bb0c7354\",\"name\":\"World Press Service | Servicio de Prensa Mundial\"}]}<\/script>\n<!-- \/ Yoast SEO plugin. -->","yoast_head_json":{"title":"El Ministro de exteriores argentino pide financiaci\u00f3n entorno ONU - BlogDiario Magazine","description":"A pesar de su cercan\u00eda con Rusia, el gobierno argentino ahora condena la guerra en Ucrania","robots":{"index":"index","follow":"follow","max-snippet":"max-snippet:-1","max-image-preview":"max-image-preview:large","max-video-preview":"max-video-preview:-1"},"canonical":"https:\/\/blogdiario.info\/magazine\/2022\/09\/21\/el-ministro-de-exteriores-argentino-pide-financiacion-entorno-onu\/","og_locale":"es_ES","og_type":"article","og_title":"El Ministro de exteriores argentino pide financiaci\u00f3n entorno ONU - BlogDiario Magazine","og_description":"A pesar de su cercan\u00eda con Rusia, el gobierno argentino ahora condena la guerra en Ucrania","og_url":"https:\/\/blogdiario.info\/magazine\/2022\/09\/21\/el-ministro-de-exteriores-argentino-pide-financiacion-entorno-onu\/","og_site_name":"BlogDiario Magazine","article_published_time":"2022-09-21T10:14:16+00:00","article_modified_time":"2022-09-21T21:43:08+00:00","og_image":[{"width":600,"height":338,"url":"https:\/\/blogdiario.info\/magazine\/images\/2022\/09\/cafiero.jpg","type":"image\/jpeg"}],"author":"World Press Service | Servicio de Prensa Mundial","twitter_card":"summary_large_image","twitter_misc":{"Escrito por":"World Press Service | Servicio de Prensa Mundial","Tiempo de lectura":"1 minuto"},"schema":{"@context":"https:\/\/schema.org","@graph":[{"@type":"Article","@id":"https:\/\/blogdiario.info\/magazine\/2022\/09\/21\/el-ministro-de-exteriores-argentino-pide-financiacion-entorno-onu\/#article","isPartOf":{"@id":"https:\/\/blogdiario.info\/magazine\/2022\/09\/21\/el-ministro-de-exteriores-argentino-pide-financiacion-entorno-onu\/"},"author":{"name":"World Press Service | Servicio de Prensa Mundial","@id":"https:\/\/blogdiario.info\/magazine\/#\/schema\/person\/b2422fe85574d945bad55513bb0c7354"},"headline":"El Ministro de exteriores argentino pide financiaci\u00f3n entorno ONU","datePublished":"2022-09-21T10:14:16+00:00","dateModified":"2022-09-21T21:43:08+00:00","mainEntityOfPage":{"@id":"https:\/\/blogdiario.info\/magazine\/2022\/09\/21\/el-ministro-de-exteriores-argentino-pide-financiacion-entorno-onu\/"},"wordCount":139,"publisher":{"@id":"https:\/\/blogdiario.info\/magazine\/#organization"},"image":{"@id":"https:\/\/blogdiario.info\/magazine\/2022\/09\/21\/el-ministro-de-exteriores-argentino-pide-financiacion-entorno-onu\/#primaryimage"},"thumbnailUrl":"https:\/\/blogdiario.info\/magazine\/images\/2022\/09\/cafiero.jpg","keywords":["Argentina"],"articleSection":[".","Actualidad","America del Sud","Economia"],"inLanguage":"es-AR"},{"@type":"WebPage","@id":"https:\/\/blogdiario.info\/magazine\/2022\/09\/21\/el-ministro-de-exteriores-argentino-pide-financiacion-entorno-onu\/","url":"https:\/\/blogdiario.info\/magazine\/2022\/09\/21\/el-ministro-de-exteriores-argentino-pide-financiacion-entorno-onu\/","name":"El Ministro de exteriores argentino pide financiaci\u00f3n entorno ONU - BlogDiario Magazine","isPartOf":{"@id":"https:\/\/blogdiario.info\/magazine\/#website"},"primaryImageOfPage":{"@id":"https:\/\/blogdiario.info\/magazine\/2022\/09\/21\/el-ministro-de-exteriores-argentino-pide-financiacion-entorno-onu\/#primaryimage"},"image":{"@id":"https:\/\/blogdiario.info\/magazine\/2022\/09\/21\/el-ministro-de-exteriores-argentino-pide-financiacion-entorno-onu\/#primaryimage"},"thumbnailUrl":"https:\/\/blogdiario.info\/magazine\/images\/2022\/09\/cafiero.jpg","datePublished":"2022-09-21T10:14:16+00:00","dateModified":"2022-09-21T21:43:08+00:00","description":"A pesar de su cercan\u00eda con Rusia, el gobierno argentino ahora condena la guerra en Ucrania","breadcrumb":{"@id":"https:\/\/blogdiario.info\/magazine\/2022\/09\/21\/el-ministro-de-exteriores-argentino-pide-financiacion-entorno-onu\/#breadcrumb"},"inLanguage":"es-AR","potentialAction":[{"@type":"ReadAction","target":["https:\/\/blogdiario.info\/magazine\/2022\/09\/21\/el-ministro-de-exteriores-argentino-pide-financiacion-entorno-onu\/"]}]},{"@type":"ImageObject","inLanguage":"es-AR","@id":"https:\/\/blogdiario.info\/magazine\/2022\/09\/21\/el-ministro-de-exteriores-argentino-pide-financiacion-entorno-onu\/#primaryimage","url":"https:\/\/blogdiario.info\/magazine\/images\/2022\/09\/cafiero.jpg","contentUrl":"https:\/\/blogdiario.info\/magazine\/images\/2022\/09\/cafiero.jpg","width":600,"height":338},{"@type":"BreadcrumbList","@id":"https:\/\/blogdiario.info\/magazine\/2022\/09\/21\/el-ministro-de-exteriores-argentino-pide-financiacion-entorno-onu\/#breadcrumb","itemListElement":[{"@type":"ListItem","position":1,"name":"Home","item":"https:\/\/blogdiario.info\/magazine\/"},{"@type":"ListItem","position":2,"name":"El Ministro de exteriores argentino pide financiaci\u00f3n entorno ONU"}]},{"@type":"WebSite","@id":"https:\/\/blogdiario.info\/magazine\/#website","url":"https:\/\/blogdiario.info\/magazine\/","name":"BlogDiario Magazine","description":"Suplemento multiling\u00fce de ElCanillita.Info","publisher":{"@id":"https:\/\/blogdiario.info\/magazine\/#organization"},"potentialAction":[{"@type":"SearchAction","target":{"@type":"EntryPoint","urlTemplate":"https:\/\/blogdiario.info\/magazine\/?s={search_term_string}"},"query-input":{"@type":"PropertyValueSpecification","valueRequired":true,"valueName":"search_term_string"}}],"inLanguage":"es-AR"},{"@type":"Organization","@id":"https:\/\/blogdiario.info\/magazine\/#organization","name":"Guzzo Photos & Graphic Publications","url":"https:\/\/blogdiario.info\/magazine\/","logo":{"@type":"ImageObject","inLanguage":"es-AR","@id":"https:\/\/blogdiario.info\/magazine\/#\/schema\/logo\/image\/","url":"https:\/\/blogdiario.info\/magazine\/images\/2020\/01\/cropped-blogdia_magazine.jpg","contentUrl":"https:\/\/blogdiario.info\/magazine\/images\/2020\/01\/cropped-blogdia_magazine.jpg","width":589,"height":55,"caption":"Guzzo Photos & Graphic Publications"},"image":{"@id":"https:\/\/blogdiario.info\/magazine\/#\/schema\/logo\/image\/"}},{"@type":"Person","@id":"https:\/\/blogdiario.info\/magazine\/#\/schema\/person\/b2422fe85574d945bad55513bb0c7354","name":"World Press Service | Servicio de Prensa Mundial"}]}},"views":515,"_links":{"self":[{"href":"https:\/\/blogdiario.info\/magazine\/wp-json\/wp\/v2\/posts\/631","targetHints":{"allow":["GET"]}}],"collection":[{"href":"https:\/\/blogdiario.info\/magazine\/wp-json\/wp\/v2\/posts"}],"about":[{"href":"https:\/\/blogdiario.info\/magazine\/wp-json\/wp\/v2\/types\/post"}],"author":[{"embeddable":true,"href":"https:\/\/blogdiario.info\/magazine\/wp-json\/wp\/v2\/users\/1"}],"replies":[{"embeddable":true,"href":"https:\/\/blogdiario.info\/magazine\/wp-json\/wp\/v2\/comments?post=631"}],"version-history":[{"count":0,"href":"https:\/\/blogdiario.info\/magazine\/wp-json\/wp\/v2\/posts\/631\/revisions"}],"wp:featuredmedia":[{"embeddable":true,"href":"https:\/\/blogdiario.info\/magazine\/wp-json\/wp\/v2\/media\/632"}],"wp:attachment":[{"href":"https:\/\/blogdiario.info\/magazine\/wp-json\/wp\/v2\/media?parent=631"}],"wp:term":[{"taxonomy":"category","embeddable":true,"href":"https:\/\/blogdiario.info\/magazine\/wp-json\/wp\/v2\/categories?post=631"},{"taxonomy":"post_tag","embeddable":true,"href":"https:\/\/blogdiario.info\/magazine\/wp-json\/wp\/v2\/tags?post=631"}],"curies":[{"name":"wp","href":"https:\/\/api.w.org\/{rel}","templated":true}]}}