{"id":626,"date":"2022-09-16T11:57:24","date_gmt":"2022-09-16T14:57:24","guid":{"rendered":"https:\/\/blogdiario.info\/magazine\/?p=626"},"modified":"2022-09-17T07:06:41","modified_gmt":"2022-09-17T10:06:41","slug":"9-victimas-de-la-ola-de-mal-tiempo-que-azoto-anoche-senigallia-italia","status":"publish","type":"post","link":"https:\/\/blogdiario.info\/magazine\/2022\/09\/16\/9-victimas-de-la-ola-de-mal-tiempo-que-azoto-anoche-senigallia-italia\/","title":{"rendered":"9 v\u00edctimas de la ola de mal tiempo que azot\u00f3 anoche Senigallia, Italia"},"content":{"rendered":"<div class=\"wp-block-image\">\n<figure class=\"alignleft size-large is-resized\"><img loading=\"lazy\" decoding=\"async\" src=\"https:\/\/blogdiario.info\/magazine\/images\/2022\/09\/ita3_20220916.jpg\" alt=\"\" width=\"600\" height=\"400\"\/><\/figure><\/div>\n\n\n<p>La cifra ha sido publicada por la Prefectura de Ancona, actualizando as\u00ed las proporcionadas anteriormente por la misma prefectura.<\/p>\n\n\n\n<p>Dos de las nueve v\u00edctimas est\u00e1n siendo identificadas y podr\u00edan incluirse en el n\u00famero de desaparecidos, que actualmente es de cuatro, dos de los cuales son menores.<\/p>\n\n\n\n<p>La Prefectura anuncia actualizaciones continuas (la pr\u00f3xima a las 15 horas), desde el Centro de Coordinaci\u00f3n de Socorro, que se encuentra en convocatoria permanente en la Sala de Operaciones de la Regi\u00f3n de las Marcas desde las 22.30 horas de anoche.<\/p>\n\n\n\n<p>El Consejo de Ministros ha resuelto el estado de emergencia para la Regi\u00f3n de las Marcas, aprobando una dotaci\u00f3n inicial de 5 millones de euros.<\/p>\n\n\n\n<p>Tras la rueda de prensa, el Primer Ministro Draghi viajar\u00e1 a la regi\u00f3n de las Marcas, a Ostra, en la provincia de Ancona, para visitar los territorios afectados por el mal tiempo y presidir reuniones operativas con la coordinaci\u00f3n de las ayudas y las autoridades locales. Durante la visita, se reunir\u00e1 con el Presidente Regional Francesco Acquaroli.<\/p>\n\n\n\n<p>&#8220;Lo que ha sucedido hoy demuestra que la lucha contra el cambio clim\u00e1tico es fundamental&#8221;, ha dicho el primer ministro, en la rueda de prensa posterior al Consejo de Ministros que ha dado luz verde al decreto de Aid ter.<\/p>\n\n\n\n<p>&#8220;Hubo momentos de terror, con cantidades de agua realmente extraordinarias&#8221;. Estas fueron las palabras del jefe de Protecci\u00f3n Civil, Fabrizio Curcio, tras la reuni\u00f3n en la prefectura de Ancona, a la que tambi\u00e9n asistieron los m\u00e1ximos responsables del cuerpo de bomberos, la jefa del departamento, Laura Lega, y el jefe del cuerpo, Giorgio Parisi. &#8220;Llovi\u00f3 en pocas horas un tercio de lo que normalmente llueve en estas zonas en un a\u00f1o&#8221;, a\u00f1adi\u00f3, &#8220;y en algunas zonas llovi\u00f3 el doble que en verano&#8221;. Fue una cantidad abrupta de agua que se derram\u00f3 sobre las zonas trayendo estragos y muerte&#8217;.<br>        <div class=\"rmwr-wrapper\" \n             data-id=\"rmwr-69f2101939194\"\n             data-mode=\"normal\"\n             data-animation=\"fade\"\n             data-duration=\"300\"\n             data-smooth-scroll=\"true\"\n             data-scroll-offset=\"0\">\n            <button \n                type=\"button\"\n                class=\"read-link\" \n                id=\"readlinkrmwr-69f2101939194\"\n                data-open-text=\"Continuaci\u00f3n...\"\n                data-close-text=\"Replegar pagina\"\n                aria-expanded=\"false\"\n                aria-controls=\"readrmwr-69f2101939194\"\n                aria-label=\"Continuaci\u00f3n...\"\n            >\n                <span class=\"rmwr-text\">Continuaci\u00f3n...<\/span>\n            <\/button>\n            <div \n                class=\"read_div\" \n                id=\"readrmwr-69f2101939194\"\n                aria-hidden=\"true\"\n                data-animation=\"fade\"\n                data-duration=\"300\"\n                style=\"display: none;\"\n            >\n                <\/p>\n\n\n<div class=\"wp-block-image\">\n<figure class=\"alignleft size-large\"><img decoding=\"async\" src=\"https:\/\/blogdiario.info\/magazine\/images\/2022\/09\/ita4_20220916.jpg\" alt=\"\" \/><\/figure><\/div>\n\n\n<p>En las zonas afectadas por la emergencia meteorol\u00f3gica en Las Marcas hay actualmente cientos de personas desplazadas&#8221;, dijo el prefecto de Ancona, Darco Pellos, al t\u00e9rmino de la reuni\u00f3n en la oficina regional de protecci\u00f3n civil. El prefecto no dio cifras precisas a los periodistas sobre las v\u00edctimas y los desaparecidos, que en cambio mencion\u00f3 durante la reuni\u00f3n a puerta cerrada. No obstante, confirm\u00f3 que hay &#8220;registros en curso relacionados con menores&#8221;.<\/p>\n\n\n\n<p>Al menos ciento ochenta bomberos est\u00e1n trabajando en la zona del chaparr\u00f3n que azot\u00f3 la regi\u00f3n: decenas de personas que se hab\u00edan refugiado en los tejados de las casas y en los \u00e1rboles fueron rescatadas durante la noche, explicaron los bomberos. Se realizaron m\u00e1s de ciento cincuenta intervenciones.<\/p>\n\n\n\n<p>Tres personas est\u00e1n desaparecidas en Barbara, uno de los municipios m\u00e1s afectados por las inundaciones de anoche en la regi\u00f3n de Las Marcas. Seg\u00fan ha reconstruido el intendente Riccardo Pasqualini, est\u00e1n desaparecidos el hijo de la farmac\u00e9utica Silvia Mereu, Mattia, de unos 8 a\u00f1os; Noemi Bartolucci, de 17 a\u00f1os, y su madre Brunella Chiu, de 56 a\u00f1os. En cambio, el otro hijo de la mujer, Simone, se salv\u00f3 aferr\u00e1ndose a la rama de una planta. La consejal Barbara Riccaro Pasqualini lleg\u00f3 a la zona del puente cerca del cual fueron arrastrados los tres hombres desaparecidos. El propietario de un molino cercano, inform\u00f3 el intendente, se asom\u00f3 a su ventana y vio 1,5 metros de agua. \u00bfResponsabilidad? &#8216;Estamos intentando resolver la situaci\u00f3n, no es el momento&#8217;, concluye, &#8216;ya veremos m\u00e1s adelante&#8217;.<\/p>\n\n\n\n<p>Adem\u00e1s de las v\u00edctimas, los da\u00f1os actuales son incalculables. El r\u00edo Misa, desbordado por las violentas lluvias de esta noche, tambi\u00e9n ha roto las balaustradas de piedra del puente Garibaldi, en el centro hist\u00f3rico de Senigallia. En el coraz\u00f3n de la ciudad de las Marcas, son visibles los da\u00f1os causados por los escombros, las ramas y el barro arrastrado por el torrente. Muchos ciudadanos se afanan en vaciar los s\u00f3tanos y las tiendas inundadas. Los testigos afirman que nunca han visto &#8220;algo as\u00ed&#8221;.<\/p>\n\n\n\n<p><strong>Mal tiempo en Las Marcas, ancianos rescatados en Senigallia con botes de rafting<\/strong><\/p>\n\n\n\n<p>Mientras tanto, aumenta la pol\u00e9mica sobre la falta de advertencias. &#8220;Los boletines se publican, hay una cuesti\u00f3n de advertencia. Es bastante evidente que el suceso, en la forma en que se manifest\u00f3, fue mucho m\u00e1s grave de lo que se hab\u00eda previsto&#8221;, explic\u00f3 el jefe de Protecci\u00f3n Civil, Fabrizio Curcio, en respuesta a quienes le preguntaron si se hab\u00eda emitido una alerta meteorol\u00f3gica. Ahora tenemos que centrarnos en las cosas que hay que hacer&#8221;, a\u00f1adi\u00f3. &#8220;Habr\u00e1 que estudiar a fondo el tema de la alerta, pero es un hecho que el suceso fue mucho peor de lo que se preve\u00eda inicialmente.<\/p>\n\n\n\n<p>La solidaridad de las regiones vecinas est\u00e1 llegando para el esfuerzo de socorro: desde la Toscana, el Lacio, Trentino,  V\u00e9neto, la Lombard\u00eda y hasta la Umbr\u00eda, los voluntarios est\u00e1n listos para movilizarse en caso de que sea necesario. A la espera de informaci\u00f3n oficial, tambi\u00e9n se conocen los nombres de las cuatro v\u00edctimas de Pianello di Ostra, gracias a las comunicaciones de familiares y amigos: son Andrea Tisba, de 25 a\u00f1os, y su padre Giuseppe, de 60, Diego Chiappetti, de 52, y Ferdinando Olivi, de 80. <br><br>Mientras tanto, como en las inundaciones del pasado, en primer lugar la de Florencia en 1966, est\u00e1n los &#8220;\u00e1ngeles del barro&#8221; en las Marcas. Cuentan con el rostro de vecinos, amigos y familiares que han entrado en acci\u00f3n desde esta ma\u00f1ana para ayudar a limpiar las carreteras y las casas de escombros. Algunos han acudido al rescate de un amigo, en las afueras de Ostra, incluso en bicicleta, para no verse bloqueados por las prohibiciones de circulaci\u00f3n decididas por la polic\u00eda. Adultos y j\u00f3venes llevan horas paleando el barro y retirando las ramas y otros restos que han arrasado casas, tiendas y almacenes.<br><br><small>Copyright \u00a9 2022 ElCanillita.info \/ SalaStampa.Eu \u2013 Derechos Reservados<\/small>             <\/div>\n        <\/div>\n        <\/p>\n","protected":false},"excerpt":{"rendered":"<p>Dos de las nueve v\u00edctimas est\u00e1n siendo identificadas y podr\u00edan incluirse en el n\u00famero de desaparecidos<\/p>\n","protected":false},"author":1,"featured_media":627,"comment_status":"closed","ping_status":"closed","sticky":false,"template":"","format":"standard","meta":{"footnotes":"","_links_to":"","_links_to_target":""},"categories":[97,62,46,39],"tags":[22],"class_list":["post-626","post","type-post","status-publish","format-standard","has-post-thumbnail","hentry","category-elcanillita","category-actualidad","category-europa","category-geo-esp","tag-italia","entry","rows"],"yoast_head":"<!-- This site is optimized with the Yoast SEO plugin v27.4 - https:\/\/yoast.com\/product\/yoast-seo-wordpress\/ -->\n<title>9 v\u00edctimas de la ola de mal tiempo que azot\u00f3 anoche Senigallia, Italia - BlogDiario Magazine<\/title>\n<meta name=\"description\" content=\"Al menos ciento ochenta bomberos est\u00e1n trabajando en la zona del chaparr\u00f3n que azot\u00f3 la regi\u00f3n: decenas de personas que se hab\u00edan refugiado en los tejados de las casas y en los \u00e1rboles fueron rescatadas durante la noche, explicaron los bomberos. Se realizaron m\u00e1s de ciento cincuenta intervenciones.\" \/>\n<meta name=\"robots\" content=\"index, follow, max-snippet:-1, max-image-preview:large, max-video-preview:-1\" \/>\n<link rel=\"canonical\" href=\"https:\/\/blogdiario.info\/magazine\/2022\/09\/16\/9-victimas-de-la-ola-de-mal-tiempo-que-azoto-anoche-senigallia-italia\/\" \/>\n<meta property=\"og:locale\" content=\"es_ES\" \/>\n<meta property=\"og:type\" content=\"article\" \/>\n<meta property=\"og:title\" content=\"9 v\u00edctimas de la ola de mal tiempo que azot\u00f3 anoche Senigallia, Italia - BlogDiario Magazine\" \/>\n<meta property=\"og:description\" content=\"Al menos ciento ochenta bomberos est\u00e1n trabajando en la zona del chaparr\u00f3n que azot\u00f3 la regi\u00f3n: decenas de personas que se hab\u00edan refugiado en los tejados de las casas y en los \u00e1rboles fueron rescatadas durante la noche, explicaron los bomberos. Se realizaron m\u00e1s de ciento cincuenta intervenciones.\" \/>\n<meta property=\"og:url\" content=\"https:\/\/blogdiario.info\/magazine\/2022\/09\/16\/9-victimas-de-la-ola-de-mal-tiempo-que-azoto-anoche-senigallia-italia\/\" \/>\n<meta property=\"og:site_name\" content=\"BlogDiario Magazine\" \/>\n<meta property=\"article:published_time\" content=\"2022-09-16T14:57:24+00:00\" \/>\n<meta property=\"article:modified_time\" content=\"2022-09-17T10:06:41+00:00\" \/>\n<meta property=\"og:image\" content=\"https:\/\/blogdiario.info\/magazine\/images\/2022\/09\/ita1_20220916-1.jpg\" \/>\n\t<meta property=\"og:image:width\" content=\"600\" \/>\n\t<meta property=\"og:image:height\" content=\"400\" \/>\n\t<meta property=\"og:image:type\" content=\"image\/jpeg\" \/>\n<meta name=\"author\" content=\"World Press Service | Servicio de Prensa Mundial\" \/>\n<meta name=\"twitter:card\" content=\"summary_large_image\" \/>\n<meta name=\"twitter:label1\" content=\"Escrito por\" \/>\n\t<meta name=\"twitter:data1\" content=\"World Press Service | Servicio de Prensa Mundial\" \/>\n\t<meta name=\"twitter:label2\" content=\"Tiempo de lectura\" \/>\n\t<meta name=\"twitter:data2\" content=\"6 minutos\" \/>\n<script type=\"application\/ld+json\" class=\"yoast-schema-graph\">{\"@context\":\"https:\\\/\\\/schema.org\",\"@graph\":[{\"@type\":\"Article\",\"@id\":\"https:\\\/\\\/blogdiario.info\\\/magazine\\\/2022\\\/09\\\/16\\\/9-victimas-de-la-ola-de-mal-tiempo-que-azoto-anoche-senigallia-italia\\\/#article\",\"isPartOf\":{\"@id\":\"https:\\\/\\\/blogdiario.info\\\/magazine\\\/2022\\\/09\\\/16\\\/9-victimas-de-la-ola-de-mal-tiempo-que-azoto-anoche-senigallia-italia\\\/\"},\"author\":{\"name\":\"World Press Service | Servicio de Prensa Mundial\",\"@id\":\"https:\\\/\\\/blogdiario.info\\\/magazine\\\/#\\\/schema\\\/person\\\/b2422fe85574d945bad55513bb0c7354\"},\"headline\":\"9 v\u00edctimas de la ola de mal tiempo que azot\u00f3 anoche Senigallia, Italia\",\"datePublished\":\"2022-09-16T14:57:24+00:00\",\"dateModified\":\"2022-09-17T10:06:41+00:00\",\"mainEntityOfPage\":{\"@id\":\"https:\\\/\\\/blogdiario.info\\\/magazine\\\/2022\\\/09\\\/16\\\/9-victimas-de-la-ola-de-mal-tiempo-que-azoto-anoche-senigallia-italia\\\/\"},\"wordCount\":1027,\"publisher\":{\"@id\":\"https:\\\/\\\/blogdiario.info\\\/magazine\\\/#organization\"},\"image\":{\"@id\":\"https:\\\/\\\/blogdiario.info\\\/magazine\\\/2022\\\/09\\\/16\\\/9-victimas-de-la-ola-de-mal-tiempo-que-azoto-anoche-senigallia-italia\\\/#primaryimage\"},\"thumbnailUrl\":\"https:\\\/\\\/blogdiario.info\\\/magazine\\\/images\\\/2022\\\/09\\\/ita1_20220916-1.jpg\",\"keywords\":[\"Italia\"],\"articleSection\":[\".\",\"Actualidad\",\"Europa\",\"Geo\"],\"inLanguage\":\"es-AR\"},{\"@type\":\"WebPage\",\"@id\":\"https:\\\/\\\/blogdiario.info\\\/magazine\\\/2022\\\/09\\\/16\\\/9-victimas-de-la-ola-de-mal-tiempo-que-azoto-anoche-senigallia-italia\\\/\",\"url\":\"https:\\\/\\\/blogdiario.info\\\/magazine\\\/2022\\\/09\\\/16\\\/9-victimas-de-la-ola-de-mal-tiempo-que-azoto-anoche-senigallia-italia\\\/\",\"name\":\"9 v\u00edctimas de la ola de mal tiempo que azot\u00f3 anoche Senigallia, Italia - BlogDiario Magazine\",\"isPartOf\":{\"@id\":\"https:\\\/\\\/blogdiario.info\\\/magazine\\\/#website\"},\"primaryImageOfPage\":{\"@id\":\"https:\\\/\\\/blogdiario.info\\\/magazine\\\/2022\\\/09\\\/16\\\/9-victimas-de-la-ola-de-mal-tiempo-que-azoto-anoche-senigallia-italia\\\/#primaryimage\"},\"image\":{\"@id\":\"https:\\\/\\\/blogdiario.info\\\/magazine\\\/2022\\\/09\\\/16\\\/9-victimas-de-la-ola-de-mal-tiempo-que-azoto-anoche-senigallia-italia\\\/#primaryimage\"},\"thumbnailUrl\":\"https:\\\/\\\/blogdiario.info\\\/magazine\\\/images\\\/2022\\\/09\\\/ita1_20220916-1.jpg\",\"datePublished\":\"2022-09-16T14:57:24+00:00\",\"dateModified\":\"2022-09-17T10:06:41+00:00\",\"description\":\"Al menos ciento ochenta bomberos est\u00e1n trabajando en la zona del chaparr\u00f3n que azot\u00f3 la regi\u00f3n: decenas de personas que se hab\u00edan refugiado en los tejados de las casas y en los \u00e1rboles fueron rescatadas durante la noche, explicaron los bomberos. Se realizaron m\u00e1s de ciento cincuenta intervenciones.\",\"breadcrumb\":{\"@id\":\"https:\\\/\\\/blogdiario.info\\\/magazine\\\/2022\\\/09\\\/16\\\/9-victimas-de-la-ola-de-mal-tiempo-que-azoto-anoche-senigallia-italia\\\/#breadcrumb\"},\"inLanguage\":\"es-AR\",\"potentialAction\":[{\"@type\":\"ReadAction\",\"target\":[\"https:\\\/\\\/blogdiario.info\\\/magazine\\\/2022\\\/09\\\/16\\\/9-victimas-de-la-ola-de-mal-tiempo-que-azoto-anoche-senigallia-italia\\\/\"]}]},{\"@type\":\"ImageObject\",\"inLanguage\":\"es-AR\",\"@id\":\"https:\\\/\\\/blogdiario.info\\\/magazine\\\/2022\\\/09\\\/16\\\/9-victimas-de-la-ola-de-mal-tiempo-que-azoto-anoche-senigallia-italia\\\/#primaryimage\",\"url\":\"https:\\\/\\\/blogdiario.info\\\/magazine\\\/images\\\/2022\\\/09\\\/ita1_20220916-1.jpg\",\"contentUrl\":\"https:\\\/\\\/blogdiario.info\\\/magazine\\\/images\\\/2022\\\/09\\\/ita1_20220916-1.jpg\",\"width\":600,\"height\":400},{\"@type\":\"BreadcrumbList\",\"@id\":\"https:\\\/\\\/blogdiario.info\\\/magazine\\\/2022\\\/09\\\/16\\\/9-victimas-de-la-ola-de-mal-tiempo-que-azoto-anoche-senigallia-italia\\\/#breadcrumb\",\"itemListElement\":[{\"@type\":\"ListItem\",\"position\":1,\"name\":\"Home\",\"item\":\"https:\\\/\\\/blogdiario.info\\\/magazine\\\/\"},{\"@type\":\"ListItem\",\"position\":2,\"name\":\"9 v\u00edctimas de la ola de mal tiempo que azot\u00f3 anoche Senigallia, Italia\"}]},{\"@type\":\"WebSite\",\"@id\":\"https:\\\/\\\/blogdiario.info\\\/magazine\\\/#website\",\"url\":\"https:\\\/\\\/blogdiario.info\\\/magazine\\\/\",\"name\":\"BlogDiario Magazine\",\"description\":\"Suplemento multiling\u00fce de ElCanillita.Info\",\"publisher\":{\"@id\":\"https:\\\/\\\/blogdiario.info\\\/magazine\\\/#organization\"},\"potentialAction\":[{\"@type\":\"SearchAction\",\"target\":{\"@type\":\"EntryPoint\",\"urlTemplate\":\"https:\\\/\\\/blogdiario.info\\\/magazine\\\/?s={search_term_string}\"},\"query-input\":{\"@type\":\"PropertyValueSpecification\",\"valueRequired\":true,\"valueName\":\"search_term_string\"}}],\"inLanguage\":\"es-AR\"},{\"@type\":\"Organization\",\"@id\":\"https:\\\/\\\/blogdiario.info\\\/magazine\\\/#organization\",\"name\":\"Guzzo Photos & Graphic Publications\",\"url\":\"https:\\\/\\\/blogdiario.info\\\/magazine\\\/\",\"logo\":{\"@type\":\"ImageObject\",\"inLanguage\":\"es-AR\",\"@id\":\"https:\\\/\\\/blogdiario.info\\\/magazine\\\/#\\\/schema\\\/logo\\\/image\\\/\",\"url\":\"https:\\\/\\\/blogdiario.info\\\/magazine\\\/images\\\/2020\\\/01\\\/cropped-blogdia_magazine.jpg\",\"contentUrl\":\"https:\\\/\\\/blogdiario.info\\\/magazine\\\/images\\\/2020\\\/01\\\/cropped-blogdia_magazine.jpg\",\"width\":589,\"height\":55,\"caption\":\"Guzzo Photos & Graphic Publications\"},\"image\":{\"@id\":\"https:\\\/\\\/blogdiario.info\\\/magazine\\\/#\\\/schema\\\/logo\\\/image\\\/\"}},{\"@type\":\"Person\",\"@id\":\"https:\\\/\\\/blogdiario.info\\\/magazine\\\/#\\\/schema\\\/person\\\/b2422fe85574d945bad55513bb0c7354\",\"name\":\"World Press Service | Servicio de Prensa Mundial\"}]}<\/script>\n<!-- \/ Yoast SEO plugin. -->","yoast_head_json":{"title":"9 v\u00edctimas de la ola de mal tiempo que azot\u00f3 anoche Senigallia, Italia - BlogDiario Magazine","description":"Al menos ciento ochenta bomberos est\u00e1n trabajando en la zona del chaparr\u00f3n que azot\u00f3 la regi\u00f3n: decenas de personas que se hab\u00edan refugiado en los tejados de las casas y en los \u00e1rboles fueron rescatadas durante la noche, explicaron los bomberos. Se realizaron m\u00e1s de ciento cincuenta intervenciones.","robots":{"index":"index","follow":"follow","max-snippet":"max-snippet:-1","max-image-preview":"max-image-preview:large","max-video-preview":"max-video-preview:-1"},"canonical":"https:\/\/blogdiario.info\/magazine\/2022\/09\/16\/9-victimas-de-la-ola-de-mal-tiempo-que-azoto-anoche-senigallia-italia\/","og_locale":"es_ES","og_type":"article","og_title":"9 v\u00edctimas de la ola de mal tiempo que azot\u00f3 anoche Senigallia, Italia - BlogDiario Magazine","og_description":"Al menos ciento ochenta bomberos est\u00e1n trabajando en la zona del chaparr\u00f3n que azot\u00f3 la regi\u00f3n: decenas de personas que se hab\u00edan refugiado en los tejados de las casas y en los \u00e1rboles fueron rescatadas durante la noche, explicaron los bomberos. Se realizaron m\u00e1s de ciento cincuenta intervenciones.","og_url":"https:\/\/blogdiario.info\/magazine\/2022\/09\/16\/9-victimas-de-la-ola-de-mal-tiempo-que-azoto-anoche-senigallia-italia\/","og_site_name":"BlogDiario Magazine","article_published_time":"2022-09-16T14:57:24+00:00","article_modified_time":"2022-09-17T10:06:41+00:00","og_image":[{"width":600,"height":400,"url":"https:\/\/blogdiario.info\/magazine\/images\/2022\/09\/ita1_20220916-1.jpg","type":"image\/jpeg"}],"author":"World Press Service | Servicio de Prensa Mundial","twitter_card":"summary_large_image","twitter_misc":{"Escrito por":"World Press Service | Servicio de Prensa Mundial","Tiempo de lectura":"6 minutos"},"schema":{"@context":"https:\/\/schema.org","@graph":[{"@type":"Article","@id":"https:\/\/blogdiario.info\/magazine\/2022\/09\/16\/9-victimas-de-la-ola-de-mal-tiempo-que-azoto-anoche-senigallia-italia\/#article","isPartOf":{"@id":"https:\/\/blogdiario.info\/magazine\/2022\/09\/16\/9-victimas-de-la-ola-de-mal-tiempo-que-azoto-anoche-senigallia-italia\/"},"author":{"name":"World Press Service | Servicio de Prensa Mundial","@id":"https:\/\/blogdiario.info\/magazine\/#\/schema\/person\/b2422fe85574d945bad55513bb0c7354"},"headline":"9 v\u00edctimas de la ola de mal tiempo que azot\u00f3 anoche Senigallia, Italia","datePublished":"2022-09-16T14:57:24+00:00","dateModified":"2022-09-17T10:06:41+00:00","mainEntityOfPage":{"@id":"https:\/\/blogdiario.info\/magazine\/2022\/09\/16\/9-victimas-de-la-ola-de-mal-tiempo-que-azoto-anoche-senigallia-italia\/"},"wordCount":1027,"publisher":{"@id":"https:\/\/blogdiario.info\/magazine\/#organization"},"image":{"@id":"https:\/\/blogdiario.info\/magazine\/2022\/09\/16\/9-victimas-de-la-ola-de-mal-tiempo-que-azoto-anoche-senigallia-italia\/#primaryimage"},"thumbnailUrl":"https:\/\/blogdiario.info\/magazine\/images\/2022\/09\/ita1_20220916-1.jpg","keywords":["Italia"],"articleSection":[".","Actualidad","Europa","Geo"],"inLanguage":"es-AR"},{"@type":"WebPage","@id":"https:\/\/blogdiario.info\/magazine\/2022\/09\/16\/9-victimas-de-la-ola-de-mal-tiempo-que-azoto-anoche-senigallia-italia\/","url":"https:\/\/blogdiario.info\/magazine\/2022\/09\/16\/9-victimas-de-la-ola-de-mal-tiempo-que-azoto-anoche-senigallia-italia\/","name":"9 v\u00edctimas de la ola de mal tiempo que azot\u00f3 anoche Senigallia, Italia - BlogDiario Magazine","isPartOf":{"@id":"https:\/\/blogdiario.info\/magazine\/#website"},"primaryImageOfPage":{"@id":"https:\/\/blogdiario.info\/magazine\/2022\/09\/16\/9-victimas-de-la-ola-de-mal-tiempo-que-azoto-anoche-senigallia-italia\/#primaryimage"},"image":{"@id":"https:\/\/blogdiario.info\/magazine\/2022\/09\/16\/9-victimas-de-la-ola-de-mal-tiempo-que-azoto-anoche-senigallia-italia\/#primaryimage"},"thumbnailUrl":"https:\/\/blogdiario.info\/magazine\/images\/2022\/09\/ita1_20220916-1.jpg","datePublished":"2022-09-16T14:57:24+00:00","dateModified":"2022-09-17T10:06:41+00:00","description":"Al menos ciento ochenta bomberos est\u00e1n trabajando en la zona del chaparr\u00f3n que azot\u00f3 la regi\u00f3n: decenas de personas que se hab\u00edan refugiado en los tejados de las casas y en los \u00e1rboles fueron rescatadas durante la noche, explicaron los bomberos. Se realizaron m\u00e1s de ciento cincuenta intervenciones.","breadcrumb":{"@id":"https:\/\/blogdiario.info\/magazine\/2022\/09\/16\/9-victimas-de-la-ola-de-mal-tiempo-que-azoto-anoche-senigallia-italia\/#breadcrumb"},"inLanguage":"es-AR","potentialAction":[{"@type":"ReadAction","target":["https:\/\/blogdiario.info\/magazine\/2022\/09\/16\/9-victimas-de-la-ola-de-mal-tiempo-que-azoto-anoche-senigallia-italia\/"]}]},{"@type":"ImageObject","inLanguage":"es-AR","@id":"https:\/\/blogdiario.info\/magazine\/2022\/09\/16\/9-victimas-de-la-ola-de-mal-tiempo-que-azoto-anoche-senigallia-italia\/#primaryimage","url":"https:\/\/blogdiario.info\/magazine\/images\/2022\/09\/ita1_20220916-1.jpg","contentUrl":"https:\/\/blogdiario.info\/magazine\/images\/2022\/09\/ita1_20220916-1.jpg","width":600,"height":400},{"@type":"BreadcrumbList","@id":"https:\/\/blogdiario.info\/magazine\/2022\/09\/16\/9-victimas-de-la-ola-de-mal-tiempo-que-azoto-anoche-senigallia-italia\/#breadcrumb","itemListElement":[{"@type":"ListItem","position":1,"name":"Home","item":"https:\/\/blogdiario.info\/magazine\/"},{"@type":"ListItem","position":2,"name":"9 v\u00edctimas de la ola de mal tiempo que azot\u00f3 anoche Senigallia, Italia"}]},{"@type":"WebSite","@id":"https:\/\/blogdiario.info\/magazine\/#website","url":"https:\/\/blogdiario.info\/magazine\/","name":"BlogDiario Magazine","description":"Suplemento multiling\u00fce de ElCanillita.Info","publisher":{"@id":"https:\/\/blogdiario.info\/magazine\/#organization"},"potentialAction":[{"@type":"SearchAction","target":{"@type":"EntryPoint","urlTemplate":"https:\/\/blogdiario.info\/magazine\/?s={search_term_string}"},"query-input":{"@type":"PropertyValueSpecification","valueRequired":true,"valueName":"search_term_string"}}],"inLanguage":"es-AR"},{"@type":"Organization","@id":"https:\/\/blogdiario.info\/magazine\/#organization","name":"Guzzo Photos & Graphic Publications","url":"https:\/\/blogdiario.info\/magazine\/","logo":{"@type":"ImageObject","inLanguage":"es-AR","@id":"https:\/\/blogdiario.info\/magazine\/#\/schema\/logo\/image\/","url":"https:\/\/blogdiario.info\/magazine\/images\/2020\/01\/cropped-blogdia_magazine.jpg","contentUrl":"https:\/\/blogdiario.info\/magazine\/images\/2020\/01\/cropped-blogdia_magazine.jpg","width":589,"height":55,"caption":"Guzzo Photos & Graphic Publications"},"image":{"@id":"https:\/\/blogdiario.info\/magazine\/#\/schema\/logo\/image\/"}},{"@type":"Person","@id":"https:\/\/blogdiario.info\/magazine\/#\/schema\/person\/b2422fe85574d945bad55513bb0c7354","name":"World Press Service | Servicio de Prensa Mundial"}]}},"views":958,"_links":{"self":[{"href":"https:\/\/blogdiario.info\/magazine\/wp-json\/wp\/v2\/posts\/626","targetHints":{"allow":["GET"]}}],"collection":[{"href":"https:\/\/blogdiario.info\/magazine\/wp-json\/wp\/v2\/posts"}],"about":[{"href":"https:\/\/blogdiario.info\/magazine\/wp-json\/wp\/v2\/types\/post"}],"author":[{"embeddable":true,"href":"https:\/\/blogdiario.info\/magazine\/wp-json\/wp\/v2\/users\/1"}],"replies":[{"embeddable":true,"href":"https:\/\/blogdiario.info\/magazine\/wp-json\/wp\/v2\/comments?post=626"}],"version-history":[{"count":0,"href":"https:\/\/blogdiario.info\/magazine\/wp-json\/wp\/v2\/posts\/626\/revisions"}],"wp:featuredmedia":[{"embeddable":true,"href":"https:\/\/blogdiario.info\/magazine\/wp-json\/wp\/v2\/media\/627"}],"wp:attachment":[{"href":"https:\/\/blogdiario.info\/magazine\/wp-json\/wp\/v2\/media?parent=626"}],"wp:term":[{"taxonomy":"category","embeddable":true,"href":"https:\/\/blogdiario.info\/magazine\/wp-json\/wp\/v2\/categories?post=626"},{"taxonomy":"post_tag","embeddable":true,"href":"https:\/\/blogdiario.info\/magazine\/wp-json\/wp\/v2\/tags?post=626"}],"curies":[{"name":"wp","href":"https:\/\/api.w.org\/{rel}","templated":true}]}}