{"id":615,"date":"2022-09-03T15:52:00","date_gmt":"2022-09-03T18:52:00","guid":{"rendered":"https:\/\/blogdiario.info\/magazine\/?p=615"},"modified":"2022-09-17T07:16:04","modified_gmt":"2022-09-17T10:16:04","slug":"largas-colas-en-el-funeral-de-gorbachov","status":"publish","type":"post","link":"https:\/\/blogdiario.info\/magazine\/2022\/09\/03\/largas-colas-en-el-funeral-de-gorbachov\/","title":{"rendered":"Largas colas en el funeral de Gorbachov"},"content":{"rendered":"\n<figure class=\"wp-block-image size-large\"><img decoding=\"async\" src=\"https:\/\/blogdiario.info\/magazine\/images\/2022\/09\/covergorby.jpg\" alt=\"\"\/><\/figure>\n\n\n\n<p>Miles de moscovitas han hecho cola durante horas para ver el f\u00e9retro abierto de Mija\u00edl Gorbachov antes de que el \u00faltimo l\u00edder de la Uni\u00f3n Sovi\u00e9tica fuera enterrado junto a su amada esposa, Raisa, la compa\u00f1era del alma y confidente pol\u00edtica a la que una vez describi\u00f3 como su &#8220;princesa&#8221;.<\/p>\n\n\n\n<p>La ceremonia del velatorio tuvo lugar en la Casa de los Sindicatos, una opulenta mansi\u00f3n del siglo XVIII cercana al Kremlin, donde los nobles bailaban en la \u00e9poca zarista y los l\u00edderes sovi\u00e9ticos anteriores que mor\u00edan eran velados. La afluencia de p\u00fablico fue lo suficientemente grande como para que el velatorio se prolongara dos horas m\u00e1s de las previstas.<\/p>\n\n\n\n<p>La presencia de tantos dolientes parec\u00eda no s\u00f3lo un homenaje al propio Gorbachov, fallecido el martes a los 91 a\u00f1os, sino tambi\u00e9n una se\u00f1al de desaf\u00edo a Vladimir Putin, el actual titular del Kremlin, que tanto ha hecho por anular el legado de su predecesor y que, en un claro desaire, se mantuvo al margen de los actos.<\/p>\n\n\n\n<figure class=\"wp-block-image size-large\"><img decoding=\"async\" src=\"https:\/\/blogdiario.info\/magazine\/images\/2022\/09\/funegorby.jpg\" alt=\"\"\/><figcaption><small>Soldados del Regimiento Presidencial montaron guardia en la ceremonia<\/small><\/figcaption><\/figure>\n\n\n\n<p>Entre ellos estaba Grigory Yavlinsky, de 70 a\u00f1os, l\u00edder de Yabloko, un partido de oposici\u00f3n liberal ahora min\u00fasculo, cuya carrera pol\u00edtica comenz\u00f3 bajo el mandato de Gorbachov. &#8220;He venido aqu\u00ed para mostrar mi gratitud por la oportunidad&#8221;, dijo. &#8220;Nadie se lo pidi\u00f3, simplemente dio a la gente la oportunidad de decir lo que piensa. Esto nunca hab\u00eda ocurrido en Rusia&#8221;.         <div class=\"rmwr-wrapper\" \n             data-id=\"rmwr-69f2102b22f79\"\n             data-mode=\"normal\"\n             data-animation=\"fade\"\n             data-duration=\"300\"\n             data-smooth-scroll=\"true\"\n             data-scroll-offset=\"0\">\n            <button \n                type=\"button\"\n                class=\"read-link\" \n                id=\"readlinkrmwr-69f2102b22f79\"\n                data-open-text=\"Continuaci\u00f3n...\"\n                data-close-text=\"Replegar pagina\"\n                aria-expanded=\"false\"\n                aria-controls=\"readrmwr-69f2102b22f79\"\n                aria-label=\"Continuaci\u00f3n...\"\n            >\n                <span class=\"rmwr-text\">Continuaci\u00f3n...<\/span>\n            <\/button>\n            <div \n                class=\"read_div\" \n                id=\"readrmwr-69f2102b22f79\"\n                aria-hidden=\"true\"\n                data-animation=\"fade\"\n                data-duration=\"300\"\n                style=\"display: none;\"\n            >\n                <\/p>\n\n\n\n<p>Sin embargo, fue una despedida muy discreta para una de las figuras m\u00e1s influyentes de finales del siglo XX. A Gorbachov se le neg\u00f3 un funeral de Estado, a diferencia de Boris Yeltsin, su sucesor, que allan\u00f3 el camino para la entrada de Putin en el Kremlin y fue recompensado en 2007 con una gran ceremonia de despedida televisada en la Catedral de Cristo Salvador de Mosc\u00fa.<\/p>\n\n\n\n<p>Desde la muerte de Gorbachov, los l\u00edderes occidentales han sido efusivos en sus elogios a su legado, pero el \u00fanico presente fue Viktor Orban, el primer ministro h\u00fangaro que se dio a conocer protestando contra la presencia sovi\u00e9tica en su pa\u00eds en 1989. Muchos de los dem\u00e1s, como Boris Johnson y Joe Biden, tienen prohibida la entrada a Rusia desde hace tiempo. Los embajadores brit\u00e1nico y estadounidense asistieron.<\/p>\n\n\n\n<p>Putin, que despreci\u00f3 a su predecesor por haber permitido el desmoronamiento de la Uni\u00f3n Sovi\u00e9tica, deposit\u00f3 flores junto al f\u00e9retro de Gorbachov durante una visita privada a principios de semana. Su portavoz atribuy\u00f3 su ausencia en los actos de hoy a compromisos laborales.<\/p>\n\n\n\n<figure class=\"wp-block-image size-large\"><img decoding=\"async\" src=\"https:\/\/blogdiario.info\/magazine\/images\/2022\/09\/funegorby03.jpg\" alt=\"\" \/><figcaption><small>Irina Virganskaya, hija de Mija\u00edl Gorbachov, presenta sus respetos<\/small><\/figcaption><\/figure>\n\n\n\n<p> <\/p>\n\n\n\n<p>Por su parte, Dmitri Medv\u00e9dev, ex primer ministro de Putin, aprovech\u00f3 la ocasi\u00f3n para acusar a Occidente de tramar la ruptura de la propia Rusia, advirtiendo que &#8220;una desintegraci\u00f3n forzada de una potencia nuclear es siempre una partida de ajedrez con la muerte&#8221;.<\/p>\n\n\n\n<p>La elecci\u00f3n de Novodevichy, el cementerio m\u00e1s importante de Rusia, como \u00faltima morada del ex presidente reflej\u00f3 su cercan\u00eda a Raisa, que est\u00e1 enterrada all\u00ed. La pareja descansar\u00e1 bajo una estatua de tama\u00f1o natural de ella. Se conocieron como estudiantes en Mosc\u00fa a principios de la d\u00e9cada de 1950, cuando Stalin a\u00fan gobernaba la Uni\u00f3n Sovi\u00e9tica, y pronto se hicieron inseparables. \u00c9l se sinti\u00f3 desolado cuando ella muri\u00f3 en 1999, a los 67 a\u00f1os, y nunca volvi\u00f3 a casarse.<\/p>\n\n\n\n<p>&#8220;Caminamos toda nuestra vida tomados de la mano&#8221;, dijo Gorbachov en un documental de 2012. &#8220;Ten\u00eda algo magn\u00edfico\u2026 era como una princesa&#8221;.<\/p>\n\n\n\n<p>Inteligente y glamurosa, Raisa ya se hab\u00eda convertido en una presencia muy visible al lado de Gorbachov -quiz\u00e1s demasiado visible para muchos rusos, poco acostumbrados a la idea de una &#8220;primera dama&#8221;-  cuando lleg\u00f3 a Mosc\u00fa en el verano de 1988.  Exactamente a mediados de un periodo de m\u00e1s de seis a\u00f1os en el Kremlin y un momento crucial en el que empezaba a perder el control de las fuerzas que sus reformas hab\u00edan desencadenado.<\/p>\n\n\n\n<p>Gran parte del sistema sovi\u00e9tico segu\u00eda sin modificarse desde la &#8220;era del estancamiento&#8221; que prevaleci\u00f3 bajo los predecesores de Gorbachov: los periodistas extranjeros establecidos en la ciudad, viv\u00edamos y trabajabamos en un recinto especial, cuya entrada estaba vigilada por la polic\u00eda.<\/p>\n\n\n\n<p>A menudo, al volver a nuestras habitaciones, encontr\u00e1bamos el caj\u00f3n en el que guard\u00e1bamos los documentos y dejado cerrado que estaba abierto. Muchas veces el tel\u00e9fono sonaba y luego: nadie respond\u00eda.<\/p>\n\n\n\n<p>En la escuela de periodistas, la maestra de idioma ruso, estructuraba las preguntas gramaticales de tal manera que extra\u00eda detalles sobre la vida privada de cada participante. Para viajar fuera de Mosc\u00fa era necesario avisar a los encargados con 24 horas de antelaci\u00f3n -o 48 en el caso de lugares sensibles- para que tuvieran tiempo de organizar equipos de vigilancia.<\/p>\n\n\n\n<p>Gorbachov hab\u00eda sido puesto en el poder por los viejos hombres del politbur\u00f3 con la esperanza de que diera nueva vida a este sistema. Esa tambi\u00e9n hab\u00eda sido la intenci\u00f3n inicial del propio Gorbachov, hijo de campesinos y leninista convencido que hab\u00eda ido ascendiendo en las filas del Partido Comunista.<\/p>\n\n\n\n<p>Pero cuando empez\u00f3 a introducir reformas se dio cuenta de lo inadecuada que se hab\u00eda vuelto la estructura pol\u00edtica y econ\u00f3mica de la Uni\u00f3n Sovi\u00e9tica. Tal como declar\u00f3 oportunamente: &#8220;No podemos seguir viviendo as\u00ed&#8221;.<\/p>\n\n\n\n<p>En 1988, \u00e9l y Ronald Reagan estaban en camino de poner fin a la Guerra Fr\u00eda, reduciendo dr\u00e1sticamente los arsenales nucleares de sus pa\u00edses y allanando el camino para la liberaci\u00f3n de los estados sat\u00e9lites centroeuropeos de Mosc\u00fa bajo lo que se denomin\u00f3 la doctrina Sinatra, que permiti\u00f3 a los pa\u00edses hacerlo &#8220;a su manera&#8221;. El resultado fue la ca\u00edda del Muro de Berl\u00edn y la reunificaci\u00f3n de Alemania.<\/p>\n\n\n\n<p>Sin ning\u00fan impedimento, las semillas de la propia destrucci\u00f3n pol\u00edtica de Gorbachov -y del vasto pa\u00eds que presid\u00eda- ya estaban sembradas. Los intelectuales estaban encantados con su disposici\u00f3n a hablar abiertamente de los cr\u00edmenes perpetrados bajo sus predecesores y a permitir la publicaci\u00f3n por primera vez de libros, desde Mil novecientos ochenta y cuatro de George Orwell hasta el Archipi\u00e9lago Gulag de Aleksandr Solzhenitsyn, que hasta entonces s\u00f3lo se hab\u00edan podido leer en ediciones clandestinas de samizdat. Los disidentes fueron liberados, y algunos incluso se dedicaron a la pol\u00edtica en oposici\u00f3n a Gorbachov, entre ellos Andrei S\u00e1jarov, el f\u00edsico ganador del premio Nobel convertido en defensor de los derechos humanos.<\/p>\n\n\n\n<p>Pero, los ciudadanos de a pie se vieron alienados por una campa\u00f1a mal pensada contra el alcohol que lanz\u00f3 poco despu\u00e9s de llegar al poder en 1985. Los \u00e1nimos se agriaron a\u00fan m\u00e1s cuando la econom\u00eda entr\u00f3 en ca\u00edda libre y las colas para adquirir productos b\u00e1sicos se hicieron m\u00e1s largas.<\/p>\n\n\n\n<p>En marzo de 1989 se celebraron elecciones (semilibres) y, para aparente consternaci\u00f3n de Gorbachov, muchos aprovecharon la oportunidad para expulsar a los comunistas.<\/p>\n\n\n\n<p>Lo m\u00e1s importante es que Gorbachov hab\u00eda tardado en reformar la econom\u00eda del pa\u00eds, un error que no repitieron los comunistas gobernantes de China, que siguieron precisamente el camino contrario. Deng Xiaoping, el hom\u00f3logo de Gorbachov, no estaba impresionado. &#8220;Mi padre piensa que Gorbachov es un idiota&#8221;, dijo su hijo, Zhifang, a un entrevistador estadounidense en 1990.<\/p>\n\n\n\n<p>Igualmente grave fue el hecho de que Gorbachov no supiera apreciar la fuerza del sentimiento nacionalista en las rep\u00fablicas no rusas y estuviera dispuesto a utilizar la fuerza para sofocar los disturbios en ellas, lo que ha dejado sentimientos amargos hacia \u00e9l, especialmente en los pa\u00edses b\u00e1lticos y en Ucrania, donde se le recuerda por minimizar el alcance del desastre de la central nuclear de Chern\u00f3bil en abril de 1986, exponiendo innecesariamente a millones de personas a la lluvia radiactiva.<\/p>\n\n\n\n<p>Temiendo por el futuro de su pa\u00eds, los partidarios de la l\u00ednea dura lo derrocaron temporalmente en agosto de 1991 en un golpe de estado. Fracas\u00f3 y, parad\u00f3jicamente, precipit\u00f3 lo que quer\u00edan evitar. En diciembre, los l\u00edderes de las 15 rep\u00fablicas que formaban la Uni\u00f3n Sovi\u00e9tica conspiraron para abolirla y, con ello, el papel de Gorbachov.<\/p>\n\n\n\n<p>El principal conspirador era Yeltsin, un antiguo comunista de alto nivel al que Gorbachov hab\u00eda despedido en 1987 por criticar la lentitud de las reformas.<\/p>\n\n\n\n<p>Cuando se le pregunt\u00f3 a Gorbachov, casi 30 a\u00f1os despu\u00e9s, c\u00f3mo habr\u00edan sido las cosas si la Uni\u00f3n Sovi\u00e9tica hubiera sobrevivido, su respuesta fue sencilla: &#8220;Creo que habr\u00eda sido un mundo mejor: m\u00e1s estable, m\u00e1s seguro, m\u00e1s justo&#8221;.<\/p>\n\n\n\n<p>Con su mismo esp\u00edritu apoy\u00f3 la anexi\u00f3n de Crimea de Ucrania por parte de Putin en 2014, citando un refer\u00e9ndum organizado en la pen\u00ednsula por el Kremlin -y condenado por Occidente-. &#8220;Siempre estoy con la libre voluntad del pueblo y la mayor\u00eda de Crimea quer\u00eda reunirse con Rusia&#8221;, declar\u00f3, en unas declaraciones que mermaron a\u00fan m\u00e1s su prestigio en Ucrania.<\/p>\n\n\n\n<p>Sin embargo, la invasi\u00f3n a gran escala del pasado mes de febrero fue un paso demasiado grande. Gorbachov qued\u00f3 &#8220;sorprendido y desconcertado por lo que estaba sucediendo por muchas razones&#8221;, dijo a Reuters Pavel Palazhchenko, su int\u00e9rprete de muchos a\u00f1os convertido en ayudante. &#8220;No s\u00f3lo cre\u00eda en la cercan\u00eda de los pueblos ruso y ucraniano, sino que cre\u00eda que esas dos naciones ya estaban entremezcladas&#8221;.<\/p>\n\n\n\n<p>Incluso antes de la invasi\u00f3n de Ucrania, Gorbachov estaba desesperado por el rumbo que hab\u00eda tomado el mundo en las tres d\u00e9cadas transcurridas desde que abandon\u00f3 el poder: en su \u00faltimo libro, What is at Stake Now (Lo que est\u00e1 en juego ahora), publicado en septiembre de 2020, advert\u00eda de que la carrera armament\u00edstica nuclear que \u00e9l y Reagan hab\u00edan ayudado a poner fin se estaba saliendo de control.<\/p>\n\n\n\n<figure class=\"wp-block-image size-large\"><img decoding=\"async\" src=\"https:\/\/blogdiario.info\/magazine\/images\/2022\/09\/visctor.jpg\" alt=\"\" \/><figcaption><small>Viktor Orban fue el \u00fanico l\u00edder occidental que asisti\u00f3 al funeral<\/small><\/figcaption><\/figure>\n\n\n\n<p>Las relaciones Este-Oeste son ahora tan malas -y en muchos aspectos m\u00e1s peligrosamente imprevisibles- que en la v\u00edspera de la llegada de Gorbachov al poder. En 1983, el mundo estuvo a punto de sufrir el Armaged\u00f3n, cuando el Kremlin malinterpret\u00f3 un ejercicio de la OTAN como pretexto para un primer ataque nuclear y estuvo a punto de responder.<\/p>\n\n\n\n<p>Hoy en d\u00eda, los comentaristas acalorados de los programas de entrevistas rusos incluso instan al Kremlin a &#8220;bombardear&#8221; a Occidente para darle una lecci\u00f3n, algo impensable en la \u00e9poca sovi\u00e9tica. M\u00e1s realista es el temor de que Putin, si se enfrenta a la derrota en Ucrania, pueda recurrir a las armas nucleares en el campo de batalla, con el consiguiente riesgo de escalada.<\/p>\n\n\n\n<p>A diferencia de los l\u00edderes ger\u00f3ntos que presid\u00edan la Uni\u00f3n Sovi\u00e9tica a principios de la d\u00e9cada de 1980, Putin parece gozar de buena salud, &#8220;demasiado saludable&#8221;, como se\u00f1al\u00f3 recientemente Bill Burns, el director de la CIA, en respuesta a los rumores de que padece una enfermedad que pone en peligro su vida. Tampoco, tr\u00e1gicamente, hay una figura al estilo de Gorbachov esperando en las alas para sucederle.             <\/div>\n        <\/div>\n        <br><small>\u00a9 2022 BlogDiario.info \/ SalaStampa.Eu \/ TxT: AM &#8211; Edited by Guzzo Photos &amp; Graphic Publications.<\/small><br><br><small><a href=\"https:\/\/elcanillita.info\/press\/2022\/08\/31\/el-ultimo-lider-de-la-union-sovietica\/\" target=\"_blank\" rel=\"noreferrer noopener\">Nota relacionada<\/a><\/small><\/p>\n","protected":false},"excerpt":{"rendered":"<p>Al ex presidente se le neg\u00f3 una ceremonia de Estado -y Putin se mantuvo al margen-, pero el visionado del f\u00e9retro abierto tuvo que ampliarse para dar cabida a las colas.<\/p>\n","protected":false},"author":1,"featured_media":616,"comment_status":"closed","ping_status":"closed","sticky":false,"template":"","format":"standard","meta":{"footnotes":"","_links_to":"","_links_to_target":""},"categories":[97,62,47,41,43],"tags":[78],"class_list":["post-615","post","type-post","status-publish","format-standard","has-post-thumbnail","hentry","category-elcanillita","category-actualidad","category-eurasia","category-politica-esp","category-sociedad","tag-russia","entry","rows"],"yoast_head":"<!-- This site is optimized with the Yoast SEO plugin v27.4 - https:\/\/yoast.com\/product\/yoast-seo-wordpress\/ -->\n<title>Largas colas en el funeral de Gorbachov - BlogDiario Magazine<\/title>\n<meta name=\"description\" content=\"Miles de moscovitas han hecho cola durante horas para ver el f\u00e9retro abierto de Mija\u00edl Gorbachov antes de que el \u00faltimo l\u00edder de la Uni\u00f3n Sovi\u00e9tica fuera enterrado junto a su amada esposa, Raisa, la compa\u00f1era del alma y confidente pol\u00edtica a la que una vez describi\u00f3 como su &quot;princesa&quot;.\" \/>\n<meta name=\"robots\" content=\"index, follow, max-snippet:-1, max-image-preview:large, max-video-preview:-1\" \/>\n<link rel=\"canonical\" href=\"https:\/\/blogdiario.info\/magazine\/2022\/09\/03\/largas-colas-en-el-funeral-de-gorbachov\/\" \/>\n<meta property=\"og:locale\" content=\"es_ES\" \/>\n<meta property=\"og:type\" content=\"article\" \/>\n<meta property=\"og:title\" content=\"Largas colas en el funeral de Gorbachov - BlogDiario Magazine\" \/>\n<meta property=\"og:description\" content=\"Miles de moscovitas han hecho cola durante horas para ver el f\u00e9retro abierto de Mija\u00edl Gorbachov antes de que el \u00faltimo l\u00edder de la Uni\u00f3n Sovi\u00e9tica fuera enterrado junto a su amada esposa, Raisa, la compa\u00f1era del alma y confidente pol\u00edtica a la que una vez describi\u00f3 como su &quot;princesa&quot;.\" \/>\n<meta property=\"og:url\" content=\"https:\/\/blogdiario.info\/magazine\/2022\/09\/03\/largas-colas-en-el-funeral-de-gorbachov\/\" \/>\n<meta property=\"og:site_name\" content=\"BlogDiario Magazine\" \/>\n<meta property=\"article:published_time\" content=\"2022-09-03T18:52:00+00:00\" \/>\n<meta property=\"article:modified_time\" content=\"2022-09-17T10:16:04+00:00\" \/>\n<meta property=\"og:image\" content=\"https:\/\/blogdiario.info\/magazine\/images\/2022\/09\/colas20220903-1.jpg\" \/>\n\t<meta property=\"og:image:width\" content=\"600\" \/>\n\t<meta property=\"og:image:height\" content=\"400\" \/>\n\t<meta property=\"og:image:type\" content=\"image\/jpeg\" \/>\n<meta name=\"author\" content=\"World Press Service | Servicio de Prensa Mundial\" \/>\n<meta name=\"twitter:card\" content=\"summary_large_image\" \/>\n<meta name=\"twitter:label1\" content=\"Escrito por\" \/>\n\t<meta name=\"twitter:data1\" content=\"World Press Service | Servicio de Prensa Mundial\" \/>\n\t<meta name=\"twitter:label2\" content=\"Tiempo de lectura\" \/>\n\t<meta name=\"twitter:data2\" content=\"11 minutos\" \/>\n<script type=\"application\/ld+json\" class=\"yoast-schema-graph\">{\"@context\":\"https:\\\/\\\/schema.org\",\"@graph\":[{\"@type\":\"Article\",\"@id\":\"https:\\\/\\\/blogdiario.info\\\/magazine\\\/2022\\\/09\\\/03\\\/largas-colas-en-el-funeral-de-gorbachov\\\/#article\",\"isPartOf\":{\"@id\":\"https:\\\/\\\/blogdiario.info\\\/magazine\\\/2022\\\/09\\\/03\\\/largas-colas-en-el-funeral-de-gorbachov\\\/\"},\"author\":{\"name\":\"World Press Service | Servicio de Prensa Mundial\",\"@id\":\"https:\\\/\\\/blogdiario.info\\\/magazine\\\/#\\\/schema\\\/person\\\/b2422fe85574d945bad55513bb0c7354\"},\"headline\":\"Largas colas en el funeral de Gorbachov\",\"datePublished\":\"2022-09-03T18:52:00+00:00\",\"dateModified\":\"2022-09-17T10:16:04+00:00\",\"mainEntityOfPage\":{\"@id\":\"https:\\\/\\\/blogdiario.info\\\/magazine\\\/2022\\\/09\\\/03\\\/largas-colas-en-el-funeral-de-gorbachov\\\/\"},\"wordCount\":1937,\"publisher\":{\"@id\":\"https:\\\/\\\/blogdiario.info\\\/magazine\\\/#organization\"},\"image\":{\"@id\":\"https:\\\/\\\/blogdiario.info\\\/magazine\\\/2022\\\/09\\\/03\\\/largas-colas-en-el-funeral-de-gorbachov\\\/#primaryimage\"},\"thumbnailUrl\":\"https:\\\/\\\/blogdiario.info\\\/magazine\\\/images\\\/2022\\\/09\\\/colas20220903-1.jpg\",\"keywords\":[\"Russia\"],\"articleSection\":[\".\",\"Actualidad\",\"Eurasia\",\"Politica\",\"Sociedad\"],\"inLanguage\":\"es-AR\"},{\"@type\":\"WebPage\",\"@id\":\"https:\\\/\\\/blogdiario.info\\\/magazine\\\/2022\\\/09\\\/03\\\/largas-colas-en-el-funeral-de-gorbachov\\\/\",\"url\":\"https:\\\/\\\/blogdiario.info\\\/magazine\\\/2022\\\/09\\\/03\\\/largas-colas-en-el-funeral-de-gorbachov\\\/\",\"name\":\"Largas colas en el funeral de Gorbachov - BlogDiario Magazine\",\"isPartOf\":{\"@id\":\"https:\\\/\\\/blogdiario.info\\\/magazine\\\/#website\"},\"primaryImageOfPage\":{\"@id\":\"https:\\\/\\\/blogdiario.info\\\/magazine\\\/2022\\\/09\\\/03\\\/largas-colas-en-el-funeral-de-gorbachov\\\/#primaryimage\"},\"image\":{\"@id\":\"https:\\\/\\\/blogdiario.info\\\/magazine\\\/2022\\\/09\\\/03\\\/largas-colas-en-el-funeral-de-gorbachov\\\/#primaryimage\"},\"thumbnailUrl\":\"https:\\\/\\\/blogdiario.info\\\/magazine\\\/images\\\/2022\\\/09\\\/colas20220903-1.jpg\",\"datePublished\":\"2022-09-03T18:52:00+00:00\",\"dateModified\":\"2022-09-17T10:16:04+00:00\",\"description\":\"Miles de moscovitas han hecho cola durante horas para ver el f\u00e9retro abierto de Mija\u00edl Gorbachov antes de que el \u00faltimo l\u00edder de la Uni\u00f3n Sovi\u00e9tica fuera enterrado junto a su amada esposa, Raisa, la compa\u00f1era del alma y confidente pol\u00edtica a la que una vez describi\u00f3 como su \\\"princesa\\\".\",\"breadcrumb\":{\"@id\":\"https:\\\/\\\/blogdiario.info\\\/magazine\\\/2022\\\/09\\\/03\\\/largas-colas-en-el-funeral-de-gorbachov\\\/#breadcrumb\"},\"inLanguage\":\"es-AR\",\"potentialAction\":[{\"@type\":\"ReadAction\",\"target\":[\"https:\\\/\\\/blogdiario.info\\\/magazine\\\/2022\\\/09\\\/03\\\/largas-colas-en-el-funeral-de-gorbachov\\\/\"]}]},{\"@type\":\"ImageObject\",\"inLanguage\":\"es-AR\",\"@id\":\"https:\\\/\\\/blogdiario.info\\\/magazine\\\/2022\\\/09\\\/03\\\/largas-colas-en-el-funeral-de-gorbachov\\\/#primaryimage\",\"url\":\"https:\\\/\\\/blogdiario.info\\\/magazine\\\/images\\\/2022\\\/09\\\/colas20220903-1.jpg\",\"contentUrl\":\"https:\\\/\\\/blogdiario.info\\\/magazine\\\/images\\\/2022\\\/09\\\/colas20220903-1.jpg\",\"width\":600,\"height\":400},{\"@type\":\"BreadcrumbList\",\"@id\":\"https:\\\/\\\/blogdiario.info\\\/magazine\\\/2022\\\/09\\\/03\\\/largas-colas-en-el-funeral-de-gorbachov\\\/#breadcrumb\",\"itemListElement\":[{\"@type\":\"ListItem\",\"position\":1,\"name\":\"Home\",\"item\":\"https:\\\/\\\/blogdiario.info\\\/magazine\\\/\"},{\"@type\":\"ListItem\",\"position\":2,\"name\":\"Largas colas en el funeral de Gorbachov\"}]},{\"@type\":\"WebSite\",\"@id\":\"https:\\\/\\\/blogdiario.info\\\/magazine\\\/#website\",\"url\":\"https:\\\/\\\/blogdiario.info\\\/magazine\\\/\",\"name\":\"BlogDiario Magazine\",\"description\":\"Suplemento multiling\u00fce de ElCanillita.Info\",\"publisher\":{\"@id\":\"https:\\\/\\\/blogdiario.info\\\/magazine\\\/#organization\"},\"potentialAction\":[{\"@type\":\"SearchAction\",\"target\":{\"@type\":\"EntryPoint\",\"urlTemplate\":\"https:\\\/\\\/blogdiario.info\\\/magazine\\\/?s={search_term_string}\"},\"query-input\":{\"@type\":\"PropertyValueSpecification\",\"valueRequired\":true,\"valueName\":\"search_term_string\"}}],\"inLanguage\":\"es-AR\"},{\"@type\":\"Organization\",\"@id\":\"https:\\\/\\\/blogdiario.info\\\/magazine\\\/#organization\",\"name\":\"Guzzo Photos & Graphic Publications\",\"url\":\"https:\\\/\\\/blogdiario.info\\\/magazine\\\/\",\"logo\":{\"@type\":\"ImageObject\",\"inLanguage\":\"es-AR\",\"@id\":\"https:\\\/\\\/blogdiario.info\\\/magazine\\\/#\\\/schema\\\/logo\\\/image\\\/\",\"url\":\"https:\\\/\\\/blogdiario.info\\\/magazine\\\/images\\\/2020\\\/01\\\/cropped-blogdia_magazine.jpg\",\"contentUrl\":\"https:\\\/\\\/blogdiario.info\\\/magazine\\\/images\\\/2020\\\/01\\\/cropped-blogdia_magazine.jpg\",\"width\":589,\"height\":55,\"caption\":\"Guzzo Photos & Graphic Publications\"},\"image\":{\"@id\":\"https:\\\/\\\/blogdiario.info\\\/magazine\\\/#\\\/schema\\\/logo\\\/image\\\/\"}},{\"@type\":\"Person\",\"@id\":\"https:\\\/\\\/blogdiario.info\\\/magazine\\\/#\\\/schema\\\/person\\\/b2422fe85574d945bad55513bb0c7354\",\"name\":\"World Press Service | Servicio de Prensa Mundial\"}]}<\/script>\n<!-- \/ Yoast SEO plugin. -->","yoast_head_json":{"title":"Largas colas en el funeral de Gorbachov - BlogDiario Magazine","description":"Miles de moscovitas han hecho cola durante horas para ver el f\u00e9retro abierto de Mija\u00edl Gorbachov antes de que el \u00faltimo l\u00edder de la Uni\u00f3n Sovi\u00e9tica fuera enterrado junto a su amada esposa, Raisa, la compa\u00f1era del alma y confidente pol\u00edtica a la que una vez describi\u00f3 como su \"princesa\".","robots":{"index":"index","follow":"follow","max-snippet":"max-snippet:-1","max-image-preview":"max-image-preview:large","max-video-preview":"max-video-preview:-1"},"canonical":"https:\/\/blogdiario.info\/magazine\/2022\/09\/03\/largas-colas-en-el-funeral-de-gorbachov\/","og_locale":"es_ES","og_type":"article","og_title":"Largas colas en el funeral de Gorbachov - BlogDiario Magazine","og_description":"Miles de moscovitas han hecho cola durante horas para ver el f\u00e9retro abierto de Mija\u00edl Gorbachov antes de que el \u00faltimo l\u00edder de la Uni\u00f3n Sovi\u00e9tica fuera enterrado junto a su amada esposa, Raisa, la compa\u00f1era del alma y confidente pol\u00edtica a la que una vez describi\u00f3 como su \"princesa\".","og_url":"https:\/\/blogdiario.info\/magazine\/2022\/09\/03\/largas-colas-en-el-funeral-de-gorbachov\/","og_site_name":"BlogDiario Magazine","article_published_time":"2022-09-03T18:52:00+00:00","article_modified_time":"2022-09-17T10:16:04+00:00","og_image":[{"width":600,"height":400,"url":"https:\/\/blogdiario.info\/magazine\/images\/2022\/09\/colas20220903-1.jpg","type":"image\/jpeg"}],"author":"World Press Service | Servicio de Prensa Mundial","twitter_card":"summary_large_image","twitter_misc":{"Escrito por":"World Press Service | Servicio de Prensa Mundial","Tiempo de lectura":"11 minutos"},"schema":{"@context":"https:\/\/schema.org","@graph":[{"@type":"Article","@id":"https:\/\/blogdiario.info\/magazine\/2022\/09\/03\/largas-colas-en-el-funeral-de-gorbachov\/#article","isPartOf":{"@id":"https:\/\/blogdiario.info\/magazine\/2022\/09\/03\/largas-colas-en-el-funeral-de-gorbachov\/"},"author":{"name":"World Press Service | Servicio de Prensa Mundial","@id":"https:\/\/blogdiario.info\/magazine\/#\/schema\/person\/b2422fe85574d945bad55513bb0c7354"},"headline":"Largas colas en el funeral de Gorbachov","datePublished":"2022-09-03T18:52:00+00:00","dateModified":"2022-09-17T10:16:04+00:00","mainEntityOfPage":{"@id":"https:\/\/blogdiario.info\/magazine\/2022\/09\/03\/largas-colas-en-el-funeral-de-gorbachov\/"},"wordCount":1937,"publisher":{"@id":"https:\/\/blogdiario.info\/magazine\/#organization"},"image":{"@id":"https:\/\/blogdiario.info\/magazine\/2022\/09\/03\/largas-colas-en-el-funeral-de-gorbachov\/#primaryimage"},"thumbnailUrl":"https:\/\/blogdiario.info\/magazine\/images\/2022\/09\/colas20220903-1.jpg","keywords":["Russia"],"articleSection":[".","Actualidad","Eurasia","Politica","Sociedad"],"inLanguage":"es-AR"},{"@type":"WebPage","@id":"https:\/\/blogdiario.info\/magazine\/2022\/09\/03\/largas-colas-en-el-funeral-de-gorbachov\/","url":"https:\/\/blogdiario.info\/magazine\/2022\/09\/03\/largas-colas-en-el-funeral-de-gorbachov\/","name":"Largas colas en el funeral de Gorbachov - BlogDiario Magazine","isPartOf":{"@id":"https:\/\/blogdiario.info\/magazine\/#website"},"primaryImageOfPage":{"@id":"https:\/\/blogdiario.info\/magazine\/2022\/09\/03\/largas-colas-en-el-funeral-de-gorbachov\/#primaryimage"},"image":{"@id":"https:\/\/blogdiario.info\/magazine\/2022\/09\/03\/largas-colas-en-el-funeral-de-gorbachov\/#primaryimage"},"thumbnailUrl":"https:\/\/blogdiario.info\/magazine\/images\/2022\/09\/colas20220903-1.jpg","datePublished":"2022-09-03T18:52:00+00:00","dateModified":"2022-09-17T10:16:04+00:00","description":"Miles de moscovitas han hecho cola durante horas para ver el f\u00e9retro abierto de Mija\u00edl Gorbachov antes de que el \u00faltimo l\u00edder de la Uni\u00f3n Sovi\u00e9tica fuera enterrado junto a su amada esposa, Raisa, la compa\u00f1era del alma y confidente pol\u00edtica a la que una vez describi\u00f3 como su \"princesa\".","breadcrumb":{"@id":"https:\/\/blogdiario.info\/magazine\/2022\/09\/03\/largas-colas-en-el-funeral-de-gorbachov\/#breadcrumb"},"inLanguage":"es-AR","potentialAction":[{"@type":"ReadAction","target":["https:\/\/blogdiario.info\/magazine\/2022\/09\/03\/largas-colas-en-el-funeral-de-gorbachov\/"]}]},{"@type":"ImageObject","inLanguage":"es-AR","@id":"https:\/\/blogdiario.info\/magazine\/2022\/09\/03\/largas-colas-en-el-funeral-de-gorbachov\/#primaryimage","url":"https:\/\/blogdiario.info\/magazine\/images\/2022\/09\/colas20220903-1.jpg","contentUrl":"https:\/\/blogdiario.info\/magazine\/images\/2022\/09\/colas20220903-1.jpg","width":600,"height":400},{"@type":"BreadcrumbList","@id":"https:\/\/blogdiario.info\/magazine\/2022\/09\/03\/largas-colas-en-el-funeral-de-gorbachov\/#breadcrumb","itemListElement":[{"@type":"ListItem","position":1,"name":"Home","item":"https:\/\/blogdiario.info\/magazine\/"},{"@type":"ListItem","position":2,"name":"Largas colas en el funeral de Gorbachov"}]},{"@type":"WebSite","@id":"https:\/\/blogdiario.info\/magazine\/#website","url":"https:\/\/blogdiario.info\/magazine\/","name":"BlogDiario Magazine","description":"Suplemento multiling\u00fce de ElCanillita.Info","publisher":{"@id":"https:\/\/blogdiario.info\/magazine\/#organization"},"potentialAction":[{"@type":"SearchAction","target":{"@type":"EntryPoint","urlTemplate":"https:\/\/blogdiario.info\/magazine\/?s={search_term_string}"},"query-input":{"@type":"PropertyValueSpecification","valueRequired":true,"valueName":"search_term_string"}}],"inLanguage":"es-AR"},{"@type":"Organization","@id":"https:\/\/blogdiario.info\/magazine\/#organization","name":"Guzzo Photos & Graphic Publications","url":"https:\/\/blogdiario.info\/magazine\/","logo":{"@type":"ImageObject","inLanguage":"es-AR","@id":"https:\/\/blogdiario.info\/magazine\/#\/schema\/logo\/image\/","url":"https:\/\/blogdiario.info\/magazine\/images\/2020\/01\/cropped-blogdia_magazine.jpg","contentUrl":"https:\/\/blogdiario.info\/magazine\/images\/2020\/01\/cropped-blogdia_magazine.jpg","width":589,"height":55,"caption":"Guzzo Photos & Graphic Publications"},"image":{"@id":"https:\/\/blogdiario.info\/magazine\/#\/schema\/logo\/image\/"}},{"@type":"Person","@id":"https:\/\/blogdiario.info\/magazine\/#\/schema\/person\/b2422fe85574d945bad55513bb0c7354","name":"World Press Service | Servicio de Prensa Mundial"}]}},"views":566,"_links":{"self":[{"href":"https:\/\/blogdiario.info\/magazine\/wp-json\/wp\/v2\/posts\/615","targetHints":{"allow":["GET"]}}],"collection":[{"href":"https:\/\/blogdiario.info\/magazine\/wp-json\/wp\/v2\/posts"}],"about":[{"href":"https:\/\/blogdiario.info\/magazine\/wp-json\/wp\/v2\/types\/post"}],"author":[{"embeddable":true,"href":"https:\/\/blogdiario.info\/magazine\/wp-json\/wp\/v2\/users\/1"}],"replies":[{"embeddable":true,"href":"https:\/\/blogdiario.info\/magazine\/wp-json\/wp\/v2\/comments?post=615"}],"version-history":[{"count":0,"href":"https:\/\/blogdiario.info\/magazine\/wp-json\/wp\/v2\/posts\/615\/revisions"}],"wp:featuredmedia":[{"embeddable":true,"href":"https:\/\/blogdiario.info\/magazine\/wp-json\/wp\/v2\/media\/616"}],"wp:attachment":[{"href":"https:\/\/blogdiario.info\/magazine\/wp-json\/wp\/v2\/media?parent=615"}],"wp:term":[{"taxonomy":"category","embeddable":true,"href":"https:\/\/blogdiario.info\/magazine\/wp-json\/wp\/v2\/categories?post=615"},{"taxonomy":"post_tag","embeddable":true,"href":"https:\/\/blogdiario.info\/magazine\/wp-json\/wp\/v2\/tags?post=615"}],"curies":[{"name":"wp","href":"https:\/\/api.w.org\/{rel}","templated":true}]}}