{"id":562,"date":"2022-07-05T06:48:28","date_gmt":"2022-07-05T09:48:28","guid":{"rendered":"https:\/\/blogdiario.info\/magazine\/?p=562"},"modified":"2022-08-17T19:13:45","modified_gmt":"2022-08-17T22:13:45","slug":"tiroteo-en-chicago-el-presunto-autor-fue-detenido-luego-de-asesinar-seis-personas","status":"publish","type":"post","link":"https:\/\/blogdiario.info\/magazine\/2022\/07\/05\/tiroteo-en-chicago-el-presunto-autor-fue-detenido-luego-de-asesinar-seis-personas\/","title":{"rendered":"Tiroteo en Chicago, el presunto autor fue detenido luego de asesinar seis personas"},"content":{"rendered":"<div class=\"wp-block-image\">\n<figure class=\"aligncenter\"><img decoding=\"async\" src=\"https:\/\/blogdiario.info\/magazine\/images\/2022\/07\/ch1.jpg\" alt=\"\"\/><figcaption><small>El presunto autor de la masacre es el rapero Robert &#8216;Bobby&#8217; Crimo III<\/small><\/figcaption><\/figure><\/div>\n\n\n<p>Illinois, 04\/07\/2022 \u2013 Robert E \u2018Bobby\u2019 Crimo III, un rapero local de 22 a\u00f1os que ha sido detenido como \u201cpersona de inter\u00e9s\u201d en relaci\u00f3n con el tiroteo masivo del desfile del D\u00eda de la Independencia<\/p>\n\n\n\n<p>El sospechoso del tiroteo masivo del desfile del D\u00eda de la Independencia, de 22 a\u00f1os, es un aspirante a rapero que subi\u00f3 a las redes sociales v\u00eddeos inquietantes, entre ellos una animaci\u00f3n rudimentaria de un pistolero abatido por la polic\u00eda.<\/p>\n\n\n\n<p>Robert \u201cBobby\u201d E Crimo III, de 22 a\u00f1os, act\u00faa bajo el nombre de \u201cAwake the Rapper\u201d. Sus redes sociales, incluido un canal de YouTube, est\u00e1n repletas de v\u00eddeos con fantas\u00edas de tiroteos masivos, mientras que otro contiene un titular que hace referencia a Lee Harvey Oswald, el hombre que asesin\u00f3 al presidente John F. Kennedy.<\/p>\n\n\n\n<p>Crimo, que inicialmente las autoridades dijeron que ten\u00eda 22 a\u00f1os pero que el FBI dice que tiene 21, fue detenido unas 7 horas despu\u00e9s de que presuntamente matara a tiros a seis personas e hiriera a otras 36 desde lo alto de una tienda en la avenida Central de Highland Park (Illinois).<\/p>\n\n\n\n<p>La polic\u00eda dice que el sospechoso utiliz\u00f3 un \u201crifle de alta potencia\u201d durante el ataque, mientras el jefe de la polic\u00eda de Highland Park, Lou Jogmen, describi\u00f3 a Crimo como \u201cmuy peligroso\u201d.<\/p>\n\n\n\n<figure class=\"wp-block-image\"><img decoding=\"async\" src=\"https:\/\/blogdiario.info\/magazine\/images\/2022\/07\/ch2.jpg\" alt=\"\"\/><figcaption><center><small>Las emisiones de televisi\u00f3n captaron el momento en que Crimo fue detenido por la polic\u00eda.<\/small><\/center><\/figcaption><\/figure>\n\n\n\n<p>En su cuenta de las redes sociales se muestra como un partidario de Trump, que ha acudido a uno de los m\u00edtines del expresidente, vestido como el personaje de ficci\u00f3n Waldo, de Where\u2019s Wally. En otras fotos se le puede ver llevando una bandera de Trump a modo de capa.<\/p>\n\n\n\n<p>Crimo tambi\u00e9n ha subido fotos en las que lleva un jersey con un meme de la rana Pepe, un s\u00edmbolo popular entre los grupos de la extrema derecha.<\/p>\n\n\n\n<p>En el canal de YouTube de Crimo se han subido v\u00eddeos inquietantes que parecen glorificar la violencia con armas de fuego.<\/p>\n\n\n\n<p>En uno de ellos, titulado \u2018On my Mind\u2019, se ve a Crimo dentro de un aula vac\u00eda con equipo t\u00e1ctico, sosteniendo la bandera estadounidense y dejando caer balas doradas en el suelo.<\/p>\n\n\n\n<p>En otro, ha dibujado una burda animaci\u00f3n de un hombre sosteniendo un rifle antes de ser disparado por la polic\u00eda y tendido en un charco de sangre.<\/p>\n\n\n\n<p>El joven de 22 a\u00f1os es el segundo de tres hijos que creci\u00f3 en el seno de una familia italoamericana en Highland Park, comunidad en la que naci\u00f3 su abuelo en 1928.<\/p>\n\n\n\n<p>Se cree que el padre de Crimo, Bob, de 58 a\u00f1os, es el propietario de una gastronomia, y que en una ocasi\u00f3n se present\u00f3 sin \u00e9xito a la alcald\u00eda de la localidad de Highwood, en Illinois, cercana a Highland Park, donde se produjo el tiroteo.<\/p>\n\n\n\n<p>Parece que se present\u00f3 a la alcald\u00eda como independiente, ya que su campa\u00f1a no estaba respaldada por ning\u00fan partido pol\u00edtico. El eslogan de su campa\u00f1a lo caracterizaba como \u201cuna persona del pueblo\u201d.<\/p>\n\n\n\n<p>El Sr. Crimo fue derrotado por la actual alcaldesa de la ciudad, Nancy Rotering, que realiz\u00f3 su campa\u00f1a liberal sobre una plataforma de control de armas.<\/p>\n\n\n\n<p>El joven Bob Crimo, parece ser un firme partidario del derecho a poseer armas. El d\u00eda de la masacre en la escuela de Uvalde, Texas, se dice que le gust\u00f3 un tuit que dec\u00eda: \u201cProtege la Segunda Enmienda como si tu vida dependiera de ella\u201d.<\/p>\n\n\n\n<p>Su madre, Denise Pesina, aparentemente es de fe mormona y es due\u00f1a de un negocio de curaci\u00f3n alternativa llamado Trilogy Energy Systems, establecido despu\u00e9s de que ella estudiara Medicina Tradicional China en la Universidad de Shanghai.<\/p>\n\n\n\n<p>En 2015, fue arrestada por cargos de agresi\u00f3n dom\u00e9stica mientras conduc\u00eda, seg\u00fan los informes.<\/p>\n\n\n\n<p>El t\u00edo de Crimo dijo a la CNN que la familia no hab\u00eda visto \u201cninguna se\u00f1al\u201d de que su sobrino fuera a cometer ese acto de violencia.<\/p>\n\n\n\n<p>\u201cNo hab\u00eda ninguna se\u00f1al que yo viera para que hiciera esto\u201d, dijo. \u201cEs un chico tranquilo. Suele estar solo. Es una persona solitaria y tranquila. Se lo guarda todo para s\u00ed mismo\u201d.<\/p>\n\n\n\n<p><small>\u00a9 2022 PanPress.eu \/ SalaStampa.eu \u2013 ElCanillita.info \/ BlogDiario.info \u2013 Derechos Reservados <small><\/small><\/small><\/p>\n","protected":false},"excerpt":{"rendered":"<p>El joven de 22 a\u00f1os subi\u00f3 a las redes sociales v\u00eddeos que parecen glorificar la violencia, incluyendo una animaci\u00f3n de un pistolero siendo abatido por la polic\u00eda.<\/p>\n","protected":false},"author":1,"featured_media":563,"comment_status":"closed","ping_status":"closed","sticky":false,"template":"","format":"standard","meta":{"footnotes":"","_links_to":"","_links_to_target":""},"categories":[62,49,43],"tags":[74],"class_list":["post-562","post","type-post","status-publish","format-standard","has-post-thumbnail","hentry","category-actualidad","category-america-del-nord","category-sociedad","tag-usa","entry","rows"],"yoast_head":"<!-- This site is optimized with the Yoast SEO plugin v27.4 - https:\/\/yoast.com\/product\/yoast-seo-wordpress\/ -->\n<title>Tiroteo en Chicago, el presunto autor fue detenido luego de asesinar seis personas - BlogDiario Magazine<\/title>\n<meta name=\"robots\" content=\"index, follow, max-snippet:-1, max-image-preview:large, max-video-preview:-1\" \/>\n<link rel=\"canonical\" href=\"https:\/\/blogdiario.info\/magazine\/2022\/07\/05\/tiroteo-en-chicago-el-presunto-autor-fue-detenido-luego-de-asesinar-seis-personas\/\" \/>\n<meta property=\"og:locale\" content=\"es_ES\" \/>\n<meta property=\"og:type\" content=\"article\" \/>\n<meta property=\"og:title\" content=\"Tiroteo en Chicago, el presunto autor fue detenido luego de asesinar seis personas - BlogDiario Magazine\" \/>\n<meta property=\"og:description\" content=\"El joven de 22 a\u00f1os subi\u00f3 a las redes sociales v\u00eddeos que parecen glorificar la violencia, incluyendo una animaci\u00f3n de un pistolero siendo abatido por la polic\u00eda.\" \/>\n<meta property=\"og:url\" content=\"https:\/\/blogdiario.info\/magazine\/2022\/07\/05\/tiroteo-en-chicago-el-presunto-autor-fue-detenido-luego-de-asesinar-seis-personas\/\" \/>\n<meta property=\"og:site_name\" content=\"BlogDiario Magazine\" \/>\n<meta property=\"article:published_time\" content=\"2022-07-05T09:48:28+00:00\" \/>\n<meta property=\"article:modified_time\" content=\"2022-08-17T22:13:45+00:00\" \/>\n<meta property=\"og:image\" content=\"https:\/\/blogdiario.info\/magazine\/images\/2022\/07\/ch6-1.jpg\" \/>\n\t<meta property=\"og:image:width\" content=\"600\" \/>\n\t<meta property=\"og:image:height\" content=\"379\" \/>\n\t<meta property=\"og:image:type\" content=\"image\/jpeg\" \/>\n<meta name=\"author\" content=\"World Press Service | Servicio de Prensa Mundial\" \/>\n<meta name=\"twitter:card\" content=\"summary_large_image\" \/>\n<meta name=\"twitter:label1\" content=\"Escrito por\" \/>\n\t<meta name=\"twitter:data1\" content=\"World Press Service | Servicio de Prensa Mundial\" \/>\n\t<meta name=\"twitter:label2\" content=\"Tiempo de lectura\" \/>\n\t<meta name=\"twitter:data2\" content=\"5 minutos\" \/>\n<script type=\"application\/ld+json\" class=\"yoast-schema-graph\">{\"@context\":\"https:\\\/\\\/schema.org\",\"@graph\":[{\"@type\":\"Article\",\"@id\":\"https:\\\/\\\/blogdiario.info\\\/magazine\\\/2022\\\/07\\\/05\\\/tiroteo-en-chicago-el-presunto-autor-fue-detenido-luego-de-asesinar-seis-personas\\\/#article\",\"isPartOf\":{\"@id\":\"https:\\\/\\\/blogdiario.info\\\/magazine\\\/2022\\\/07\\\/05\\\/tiroteo-en-chicago-el-presunto-autor-fue-detenido-luego-de-asesinar-seis-personas\\\/\"},\"author\":{\"name\":\"World Press Service | Servicio de Prensa Mundial\",\"@id\":\"https:\\\/\\\/blogdiario.info\\\/magazine\\\/#\\\/schema\\\/person\\\/b2422fe85574d945bad55513bb0c7354\"},\"headline\":\"Tiroteo en Chicago, el presunto autor fue detenido luego de asesinar seis personas\",\"datePublished\":\"2022-07-05T09:48:28+00:00\",\"dateModified\":\"2022-08-17T22:13:45+00:00\",\"mainEntityOfPage\":{\"@id\":\"https:\\\/\\\/blogdiario.info\\\/magazine\\\/2022\\\/07\\\/05\\\/tiroteo-en-chicago-el-presunto-autor-fue-detenido-luego-de-asesinar-seis-personas\\\/\"},\"wordCount\":754,\"publisher\":{\"@id\":\"https:\\\/\\\/blogdiario.info\\\/magazine\\\/#organization\"},\"image\":{\"@id\":\"https:\\\/\\\/blogdiario.info\\\/magazine\\\/2022\\\/07\\\/05\\\/tiroteo-en-chicago-el-presunto-autor-fue-detenido-luego-de-asesinar-seis-personas\\\/#primaryimage\"},\"thumbnailUrl\":\"https:\\\/\\\/blogdiario.info\\\/magazine\\\/images\\\/2022\\\/07\\\/ch6-1.jpg\",\"keywords\":[\"USA\"],\"articleSection\":[\"Actualidad\",\"America del Nord\",\"Sociedad\"],\"inLanguage\":\"es-AR\"},{\"@type\":\"WebPage\",\"@id\":\"https:\\\/\\\/blogdiario.info\\\/magazine\\\/2022\\\/07\\\/05\\\/tiroteo-en-chicago-el-presunto-autor-fue-detenido-luego-de-asesinar-seis-personas\\\/\",\"url\":\"https:\\\/\\\/blogdiario.info\\\/magazine\\\/2022\\\/07\\\/05\\\/tiroteo-en-chicago-el-presunto-autor-fue-detenido-luego-de-asesinar-seis-personas\\\/\",\"name\":\"Tiroteo en Chicago, el presunto autor fue detenido luego de asesinar seis personas - BlogDiario Magazine\",\"isPartOf\":{\"@id\":\"https:\\\/\\\/blogdiario.info\\\/magazine\\\/#website\"},\"primaryImageOfPage\":{\"@id\":\"https:\\\/\\\/blogdiario.info\\\/magazine\\\/2022\\\/07\\\/05\\\/tiroteo-en-chicago-el-presunto-autor-fue-detenido-luego-de-asesinar-seis-personas\\\/#primaryimage\"},\"image\":{\"@id\":\"https:\\\/\\\/blogdiario.info\\\/magazine\\\/2022\\\/07\\\/05\\\/tiroteo-en-chicago-el-presunto-autor-fue-detenido-luego-de-asesinar-seis-personas\\\/#primaryimage\"},\"thumbnailUrl\":\"https:\\\/\\\/blogdiario.info\\\/magazine\\\/images\\\/2022\\\/07\\\/ch6-1.jpg\",\"datePublished\":\"2022-07-05T09:48:28+00:00\",\"dateModified\":\"2022-08-17T22:13:45+00:00\",\"breadcrumb\":{\"@id\":\"https:\\\/\\\/blogdiario.info\\\/magazine\\\/2022\\\/07\\\/05\\\/tiroteo-en-chicago-el-presunto-autor-fue-detenido-luego-de-asesinar-seis-personas\\\/#breadcrumb\"},\"inLanguage\":\"es-AR\",\"potentialAction\":[{\"@type\":\"ReadAction\",\"target\":[\"https:\\\/\\\/blogdiario.info\\\/magazine\\\/2022\\\/07\\\/05\\\/tiroteo-en-chicago-el-presunto-autor-fue-detenido-luego-de-asesinar-seis-personas\\\/\"]}]},{\"@type\":\"ImageObject\",\"inLanguage\":\"es-AR\",\"@id\":\"https:\\\/\\\/blogdiario.info\\\/magazine\\\/2022\\\/07\\\/05\\\/tiroteo-en-chicago-el-presunto-autor-fue-detenido-luego-de-asesinar-seis-personas\\\/#primaryimage\",\"url\":\"https:\\\/\\\/blogdiario.info\\\/magazine\\\/images\\\/2022\\\/07\\\/ch6-1.jpg\",\"contentUrl\":\"https:\\\/\\\/blogdiario.info\\\/magazine\\\/images\\\/2022\\\/07\\\/ch6-1.jpg\",\"width\":600,\"height\":379},{\"@type\":\"BreadcrumbList\",\"@id\":\"https:\\\/\\\/blogdiario.info\\\/magazine\\\/2022\\\/07\\\/05\\\/tiroteo-en-chicago-el-presunto-autor-fue-detenido-luego-de-asesinar-seis-personas\\\/#breadcrumb\",\"itemListElement\":[{\"@type\":\"ListItem\",\"position\":1,\"name\":\"Home\",\"item\":\"https:\\\/\\\/blogdiario.info\\\/magazine\\\/\"},{\"@type\":\"ListItem\",\"position\":2,\"name\":\"Tiroteo en Chicago, el presunto autor fue detenido luego de asesinar seis personas\"}]},{\"@type\":\"WebSite\",\"@id\":\"https:\\\/\\\/blogdiario.info\\\/magazine\\\/#website\",\"url\":\"https:\\\/\\\/blogdiario.info\\\/magazine\\\/\",\"name\":\"BlogDiario Magazine\",\"description\":\"Suplemento multiling\u00fce de ElCanillita.Info\",\"publisher\":{\"@id\":\"https:\\\/\\\/blogdiario.info\\\/magazine\\\/#organization\"},\"potentialAction\":[{\"@type\":\"SearchAction\",\"target\":{\"@type\":\"EntryPoint\",\"urlTemplate\":\"https:\\\/\\\/blogdiario.info\\\/magazine\\\/?s={search_term_string}\"},\"query-input\":{\"@type\":\"PropertyValueSpecification\",\"valueRequired\":true,\"valueName\":\"search_term_string\"}}],\"inLanguage\":\"es-AR\"},{\"@type\":\"Organization\",\"@id\":\"https:\\\/\\\/blogdiario.info\\\/magazine\\\/#organization\",\"name\":\"Guzzo Photos & Graphic Publications\",\"url\":\"https:\\\/\\\/blogdiario.info\\\/magazine\\\/\",\"logo\":{\"@type\":\"ImageObject\",\"inLanguage\":\"es-AR\",\"@id\":\"https:\\\/\\\/blogdiario.info\\\/magazine\\\/#\\\/schema\\\/logo\\\/image\\\/\",\"url\":\"https:\\\/\\\/blogdiario.info\\\/magazine\\\/images\\\/2020\\\/01\\\/cropped-blogdia_magazine.jpg\",\"contentUrl\":\"https:\\\/\\\/blogdiario.info\\\/magazine\\\/images\\\/2020\\\/01\\\/cropped-blogdia_magazine.jpg\",\"width\":589,\"height\":55,\"caption\":\"Guzzo Photos & Graphic Publications\"},\"image\":{\"@id\":\"https:\\\/\\\/blogdiario.info\\\/magazine\\\/#\\\/schema\\\/logo\\\/image\\\/\"}},{\"@type\":\"Person\",\"@id\":\"https:\\\/\\\/blogdiario.info\\\/magazine\\\/#\\\/schema\\\/person\\\/b2422fe85574d945bad55513bb0c7354\",\"name\":\"World Press Service | Servicio de Prensa Mundial\"}]}<\/script>\n<!-- \/ Yoast SEO plugin. -->","yoast_head_json":{"title":"Tiroteo en Chicago, el presunto autor fue detenido luego de asesinar seis personas - BlogDiario Magazine","robots":{"index":"index","follow":"follow","max-snippet":"max-snippet:-1","max-image-preview":"max-image-preview:large","max-video-preview":"max-video-preview:-1"},"canonical":"https:\/\/blogdiario.info\/magazine\/2022\/07\/05\/tiroteo-en-chicago-el-presunto-autor-fue-detenido-luego-de-asesinar-seis-personas\/","og_locale":"es_ES","og_type":"article","og_title":"Tiroteo en Chicago, el presunto autor fue detenido luego de asesinar seis personas - BlogDiario Magazine","og_description":"El joven de 22 a\u00f1os subi\u00f3 a las redes sociales v\u00eddeos que parecen glorificar la violencia, incluyendo una animaci\u00f3n de un pistolero siendo abatido por la polic\u00eda.","og_url":"https:\/\/blogdiario.info\/magazine\/2022\/07\/05\/tiroteo-en-chicago-el-presunto-autor-fue-detenido-luego-de-asesinar-seis-personas\/","og_site_name":"BlogDiario Magazine","article_published_time":"2022-07-05T09:48:28+00:00","article_modified_time":"2022-08-17T22:13:45+00:00","og_image":[{"width":600,"height":379,"url":"https:\/\/blogdiario.info\/magazine\/images\/2022\/07\/ch6-1.jpg","type":"image\/jpeg"}],"author":"World Press Service | Servicio de Prensa Mundial","twitter_card":"summary_large_image","twitter_misc":{"Escrito por":"World Press Service | Servicio de Prensa Mundial","Tiempo de lectura":"5 minutos"},"schema":{"@context":"https:\/\/schema.org","@graph":[{"@type":"Article","@id":"https:\/\/blogdiario.info\/magazine\/2022\/07\/05\/tiroteo-en-chicago-el-presunto-autor-fue-detenido-luego-de-asesinar-seis-personas\/#article","isPartOf":{"@id":"https:\/\/blogdiario.info\/magazine\/2022\/07\/05\/tiroteo-en-chicago-el-presunto-autor-fue-detenido-luego-de-asesinar-seis-personas\/"},"author":{"name":"World Press Service | Servicio de Prensa Mundial","@id":"https:\/\/blogdiario.info\/magazine\/#\/schema\/person\/b2422fe85574d945bad55513bb0c7354"},"headline":"Tiroteo en Chicago, el presunto autor fue detenido luego de asesinar seis personas","datePublished":"2022-07-05T09:48:28+00:00","dateModified":"2022-08-17T22:13:45+00:00","mainEntityOfPage":{"@id":"https:\/\/blogdiario.info\/magazine\/2022\/07\/05\/tiroteo-en-chicago-el-presunto-autor-fue-detenido-luego-de-asesinar-seis-personas\/"},"wordCount":754,"publisher":{"@id":"https:\/\/blogdiario.info\/magazine\/#organization"},"image":{"@id":"https:\/\/blogdiario.info\/magazine\/2022\/07\/05\/tiroteo-en-chicago-el-presunto-autor-fue-detenido-luego-de-asesinar-seis-personas\/#primaryimage"},"thumbnailUrl":"https:\/\/blogdiario.info\/magazine\/images\/2022\/07\/ch6-1.jpg","keywords":["USA"],"articleSection":["Actualidad","America del Nord","Sociedad"],"inLanguage":"es-AR"},{"@type":"WebPage","@id":"https:\/\/blogdiario.info\/magazine\/2022\/07\/05\/tiroteo-en-chicago-el-presunto-autor-fue-detenido-luego-de-asesinar-seis-personas\/","url":"https:\/\/blogdiario.info\/magazine\/2022\/07\/05\/tiroteo-en-chicago-el-presunto-autor-fue-detenido-luego-de-asesinar-seis-personas\/","name":"Tiroteo en Chicago, el presunto autor fue detenido luego de asesinar seis personas - BlogDiario Magazine","isPartOf":{"@id":"https:\/\/blogdiario.info\/magazine\/#website"},"primaryImageOfPage":{"@id":"https:\/\/blogdiario.info\/magazine\/2022\/07\/05\/tiroteo-en-chicago-el-presunto-autor-fue-detenido-luego-de-asesinar-seis-personas\/#primaryimage"},"image":{"@id":"https:\/\/blogdiario.info\/magazine\/2022\/07\/05\/tiroteo-en-chicago-el-presunto-autor-fue-detenido-luego-de-asesinar-seis-personas\/#primaryimage"},"thumbnailUrl":"https:\/\/blogdiario.info\/magazine\/images\/2022\/07\/ch6-1.jpg","datePublished":"2022-07-05T09:48:28+00:00","dateModified":"2022-08-17T22:13:45+00:00","breadcrumb":{"@id":"https:\/\/blogdiario.info\/magazine\/2022\/07\/05\/tiroteo-en-chicago-el-presunto-autor-fue-detenido-luego-de-asesinar-seis-personas\/#breadcrumb"},"inLanguage":"es-AR","potentialAction":[{"@type":"ReadAction","target":["https:\/\/blogdiario.info\/magazine\/2022\/07\/05\/tiroteo-en-chicago-el-presunto-autor-fue-detenido-luego-de-asesinar-seis-personas\/"]}]},{"@type":"ImageObject","inLanguage":"es-AR","@id":"https:\/\/blogdiario.info\/magazine\/2022\/07\/05\/tiroteo-en-chicago-el-presunto-autor-fue-detenido-luego-de-asesinar-seis-personas\/#primaryimage","url":"https:\/\/blogdiario.info\/magazine\/images\/2022\/07\/ch6-1.jpg","contentUrl":"https:\/\/blogdiario.info\/magazine\/images\/2022\/07\/ch6-1.jpg","width":600,"height":379},{"@type":"BreadcrumbList","@id":"https:\/\/blogdiario.info\/magazine\/2022\/07\/05\/tiroteo-en-chicago-el-presunto-autor-fue-detenido-luego-de-asesinar-seis-personas\/#breadcrumb","itemListElement":[{"@type":"ListItem","position":1,"name":"Home","item":"https:\/\/blogdiario.info\/magazine\/"},{"@type":"ListItem","position":2,"name":"Tiroteo en Chicago, el presunto autor fue detenido luego de asesinar seis personas"}]},{"@type":"WebSite","@id":"https:\/\/blogdiario.info\/magazine\/#website","url":"https:\/\/blogdiario.info\/magazine\/","name":"BlogDiario Magazine","description":"Suplemento multiling\u00fce de ElCanillita.Info","publisher":{"@id":"https:\/\/blogdiario.info\/magazine\/#organization"},"potentialAction":[{"@type":"SearchAction","target":{"@type":"EntryPoint","urlTemplate":"https:\/\/blogdiario.info\/magazine\/?s={search_term_string}"},"query-input":{"@type":"PropertyValueSpecification","valueRequired":true,"valueName":"search_term_string"}}],"inLanguage":"es-AR"},{"@type":"Organization","@id":"https:\/\/blogdiario.info\/magazine\/#organization","name":"Guzzo Photos & Graphic Publications","url":"https:\/\/blogdiario.info\/magazine\/","logo":{"@type":"ImageObject","inLanguage":"es-AR","@id":"https:\/\/blogdiario.info\/magazine\/#\/schema\/logo\/image\/","url":"https:\/\/blogdiario.info\/magazine\/images\/2020\/01\/cropped-blogdia_magazine.jpg","contentUrl":"https:\/\/blogdiario.info\/magazine\/images\/2020\/01\/cropped-blogdia_magazine.jpg","width":589,"height":55,"caption":"Guzzo Photos & Graphic Publications"},"image":{"@id":"https:\/\/blogdiario.info\/magazine\/#\/schema\/logo\/image\/"}},{"@type":"Person","@id":"https:\/\/blogdiario.info\/magazine\/#\/schema\/person\/b2422fe85574d945bad55513bb0c7354","name":"World Press Service | Servicio de Prensa Mundial"}]}},"views":549,"_links":{"self":[{"href":"https:\/\/blogdiario.info\/magazine\/wp-json\/wp\/v2\/posts\/562","targetHints":{"allow":["GET"]}}],"collection":[{"href":"https:\/\/blogdiario.info\/magazine\/wp-json\/wp\/v2\/posts"}],"about":[{"href":"https:\/\/blogdiario.info\/magazine\/wp-json\/wp\/v2\/types\/post"}],"author":[{"embeddable":true,"href":"https:\/\/blogdiario.info\/magazine\/wp-json\/wp\/v2\/users\/1"}],"replies":[{"embeddable":true,"href":"https:\/\/blogdiario.info\/magazine\/wp-json\/wp\/v2\/comments?post=562"}],"version-history":[{"count":0,"href":"https:\/\/blogdiario.info\/magazine\/wp-json\/wp\/v2\/posts\/562\/revisions"}],"wp:featuredmedia":[{"embeddable":true,"href":"https:\/\/blogdiario.info\/magazine\/wp-json\/wp\/v2\/media\/563"}],"wp:attachment":[{"href":"https:\/\/blogdiario.info\/magazine\/wp-json\/wp\/v2\/media?parent=562"}],"wp:term":[{"taxonomy":"category","embeddable":true,"href":"https:\/\/blogdiario.info\/magazine\/wp-json\/wp\/v2\/categories?post=562"},{"taxonomy":"post_tag","embeddable":true,"href":"https:\/\/blogdiario.info\/magazine\/wp-json\/wp\/v2\/tags?post=562"}],"curies":[{"name":"wp","href":"https:\/\/api.w.org\/{rel}","templated":true}]}}