{"id":528,"date":"2022-06-21T19:55:15","date_gmt":"2022-06-21T22:55:15","guid":{"rendered":"https:\/\/blogdiario.info\/magazine\/?p=528"},"modified":"2022-06-21T19:55:17","modified_gmt":"2022-06-21T22:55:17","slug":"quien-es-gustavo-petro","status":"publish","type":"post","link":"https:\/\/blogdiario.info\/magazine\/2022\/06\/21\/quien-es-gustavo-petro\/","title":{"rendered":"\u00bfQui\u00e9n es Gustavo Petro?"},"content":{"rendered":"\n<figure class=\"wp-block-video aligncenter\"><video controls src=\"https:\/\/blogdiario.info\/magazine\/images\/2022\/06\/Petro.mp4\"><\/video><\/figure>\n\n\n\n<p>Gustavo Petro no s\u00f3lo hace historia al ser el primer pol\u00edtico de izquierda en llegar al poder en Colombia. Es tambi\u00e9n el m\u00e1s votado. El exguerrillero, exsenador y exalcalde gan\u00f3 con una propuesta de sacudir la pol\u00edtica tradicional. <br><br>Adriana N\u00fa\u00f1ez, nuestra enviada especial a Bogot\u00e1, con el reporte.<\/p>\n\n\n\n<p><small>\u00a9 2022 BlogDiario.info \/ SalaStampa.Eu affiliate of the networks operated by  VOA \/ USAGM<\/small><\/p>\n","protected":false},"excerpt":{"rendered":"<p>El 9 de diciembre de 2013, la Procuradur\u00eda General de la Naci\u00f3n resolvi\u00f3 destituirlo como alcalde mayor de Bogot\u00e1, e inhabilitarlo por quince a\u00f1os para ejercer cargos p\u00fablicos por haber afectado la salud p\u00fablica debido a la crisis de basuras que se present\u00f3 en la capital los d\u00edas 18, 19 y 20 de diciembre de 2012<\/p>\n","protected":false},"author":1,"featured_media":529,"comment_status":"closed","ping_status":"closed","sticky":false,"template":"","format":"standard","meta":{"footnotes":"","_links_to":"","_links_to_target":""},"categories":[62,41],"tags":[89],"class_list":["post-528","post","type-post","status-publish","format-standard","has-post-thumbnail","hentry","category-actualidad","category-politica-esp","tag-colombia","entry","rows"],"yoast_head":"<!-- This site is optimized with the Yoast SEO plugin v27.4 - https:\/\/yoast.com\/product\/yoast-seo-wordpress\/ -->\n<title>\u00bfQui\u00e9n es Gustavo Petro? - BlogDiario Magazine<\/title>\n<meta name=\"robots\" content=\"index, follow, max-snippet:-1, max-image-preview:large, max-video-preview:-1\" \/>\n<link rel=\"canonical\" href=\"https:\/\/blogdiario.info\/magazine\/2022\/06\/21\/quien-es-gustavo-petro\/\" \/>\n<meta property=\"og:locale\" content=\"es_ES\" \/>\n<meta property=\"og:type\" content=\"article\" \/>\n<meta property=\"og:title\" content=\"\u00bfQui\u00e9n es Gustavo Petro? - BlogDiario Magazine\" \/>\n<meta property=\"og:description\" content=\"El 9 de diciembre de 2013, la Procuradur\u00eda General de la Naci\u00f3n resolvi\u00f3 destituirlo como alcalde mayor de Bogot\u00e1, e inhabilitarlo por quince a\u00f1os para ejercer cargos p\u00fablicos por haber afectado la salud p\u00fablica debido a la crisis de basuras que se present\u00f3 en la capital los d\u00edas 18, 19 y 20 de diciembre de 2012\" \/>\n<meta property=\"og:url\" content=\"https:\/\/blogdiario.info\/magazine\/2022\/06\/21\/quien-es-gustavo-petro\/\" \/>\n<meta property=\"og:site_name\" content=\"BlogDiario Magazine\" \/>\n<meta property=\"article:published_time\" content=\"2022-06-21T22:55:15+00:00\" \/>\n<meta property=\"article:modified_time\" content=\"2022-06-21T22:55:17+00:00\" \/>\n<meta property=\"og:image\" content=\"https:\/\/blogdiario.info\/magazine\/images\/2022\/06\/basura.jpg\" \/>\n\t<meta property=\"og:image:width\" content=\"600\" \/>\n\t<meta property=\"og:image:height\" content=\"400\" \/>\n\t<meta property=\"og:image:type\" content=\"image\/jpeg\" \/>\n<meta name=\"author\" content=\"World Press Service | Servicio de Prensa Mundial\" \/>\n<meta name=\"twitter:card\" content=\"summary_large_image\" \/>\n<meta name=\"twitter:label1\" content=\"Escrito por\" \/>\n\t<meta name=\"twitter:data1\" content=\"World Press Service | Servicio de Prensa Mundial\" \/>\n\t<meta name=\"twitter:label2\" content=\"Tiempo de lectura\" \/>\n\t<meta name=\"twitter:data2\" content=\"1 minuto\" \/>\n<script type=\"application\/ld+json\" class=\"yoast-schema-graph\">{\"@context\":\"https:\\\/\\\/schema.org\",\"@graph\":[{\"@type\":\"Article\",\"@id\":\"https:\\\/\\\/blogdiario.info\\\/magazine\\\/2022\\\/06\\\/21\\\/quien-es-gustavo-petro\\\/#article\",\"isPartOf\":{\"@id\":\"https:\\\/\\\/blogdiario.info\\\/magazine\\\/2022\\\/06\\\/21\\\/quien-es-gustavo-petro\\\/\"},\"author\":{\"name\":\"World Press Service | Servicio de Prensa Mundial\",\"@id\":\"https:\\\/\\\/blogdiario.info\\\/magazine\\\/#\\\/schema\\\/person\\\/b2422fe85574d945bad55513bb0c7354\"},\"headline\":\"\u00bfQui\u00e9n es Gustavo Petro?\",\"datePublished\":\"2022-06-21T22:55:15+00:00\",\"dateModified\":\"2022-06-21T22:55:17+00:00\",\"mainEntityOfPage\":{\"@id\":\"https:\\\/\\\/blogdiario.info\\\/magazine\\\/2022\\\/06\\\/21\\\/quien-es-gustavo-petro\\\/\"},\"wordCount\":71,\"publisher\":{\"@id\":\"https:\\\/\\\/blogdiario.info\\\/magazine\\\/#organization\"},\"image\":{\"@id\":\"https:\\\/\\\/blogdiario.info\\\/magazine\\\/2022\\\/06\\\/21\\\/quien-es-gustavo-petro\\\/#primaryimage\"},\"thumbnailUrl\":\"https:\\\/\\\/blogdiario.info\\\/magazine\\\/images\\\/2022\\\/06\\\/basura.jpg\",\"keywords\":[\"Colombia\"],\"articleSection\":[\"Actualidad\",\"Politica\"],\"inLanguage\":\"es-AR\"},{\"@type\":\"WebPage\",\"@id\":\"https:\\\/\\\/blogdiario.info\\\/magazine\\\/2022\\\/06\\\/21\\\/quien-es-gustavo-petro\\\/\",\"url\":\"https:\\\/\\\/blogdiario.info\\\/magazine\\\/2022\\\/06\\\/21\\\/quien-es-gustavo-petro\\\/\",\"name\":\"\u00bfQui\u00e9n es Gustavo Petro? - BlogDiario Magazine\",\"isPartOf\":{\"@id\":\"https:\\\/\\\/blogdiario.info\\\/magazine\\\/#website\"},\"primaryImageOfPage\":{\"@id\":\"https:\\\/\\\/blogdiario.info\\\/magazine\\\/2022\\\/06\\\/21\\\/quien-es-gustavo-petro\\\/#primaryimage\"},\"image\":{\"@id\":\"https:\\\/\\\/blogdiario.info\\\/magazine\\\/2022\\\/06\\\/21\\\/quien-es-gustavo-petro\\\/#primaryimage\"},\"thumbnailUrl\":\"https:\\\/\\\/blogdiario.info\\\/magazine\\\/images\\\/2022\\\/06\\\/basura.jpg\",\"datePublished\":\"2022-06-21T22:55:15+00:00\",\"dateModified\":\"2022-06-21T22:55:17+00:00\",\"breadcrumb\":{\"@id\":\"https:\\\/\\\/blogdiario.info\\\/magazine\\\/2022\\\/06\\\/21\\\/quien-es-gustavo-petro\\\/#breadcrumb\"},\"inLanguage\":\"es-AR\",\"potentialAction\":[{\"@type\":\"ReadAction\",\"target\":[\"https:\\\/\\\/blogdiario.info\\\/magazine\\\/2022\\\/06\\\/21\\\/quien-es-gustavo-petro\\\/\"]}]},{\"@type\":\"ImageObject\",\"inLanguage\":\"es-AR\",\"@id\":\"https:\\\/\\\/blogdiario.info\\\/magazine\\\/2022\\\/06\\\/21\\\/quien-es-gustavo-petro\\\/#primaryimage\",\"url\":\"https:\\\/\\\/blogdiario.info\\\/magazine\\\/images\\\/2022\\\/06\\\/basura.jpg\",\"contentUrl\":\"https:\\\/\\\/blogdiario.info\\\/magazine\\\/images\\\/2022\\\/06\\\/basura.jpg\",\"width\":600,\"height\":400},{\"@type\":\"BreadcrumbList\",\"@id\":\"https:\\\/\\\/blogdiario.info\\\/magazine\\\/2022\\\/06\\\/21\\\/quien-es-gustavo-petro\\\/#breadcrumb\",\"itemListElement\":[{\"@type\":\"ListItem\",\"position\":1,\"name\":\"Home\",\"item\":\"https:\\\/\\\/blogdiario.info\\\/magazine\\\/\"},{\"@type\":\"ListItem\",\"position\":2,\"name\":\"\u00bfQui\u00e9n es Gustavo Petro?\"}]},{\"@type\":\"WebSite\",\"@id\":\"https:\\\/\\\/blogdiario.info\\\/magazine\\\/#website\",\"url\":\"https:\\\/\\\/blogdiario.info\\\/magazine\\\/\",\"name\":\"BlogDiario Magazine\",\"description\":\"Suplemento multiling\u00fce de ElCanillita.Info\",\"publisher\":{\"@id\":\"https:\\\/\\\/blogdiario.info\\\/magazine\\\/#organization\"},\"potentialAction\":[{\"@type\":\"SearchAction\",\"target\":{\"@type\":\"EntryPoint\",\"urlTemplate\":\"https:\\\/\\\/blogdiario.info\\\/magazine\\\/?s={search_term_string}\"},\"query-input\":{\"@type\":\"PropertyValueSpecification\",\"valueRequired\":true,\"valueName\":\"search_term_string\"}}],\"inLanguage\":\"es-AR\"},{\"@type\":\"Organization\",\"@id\":\"https:\\\/\\\/blogdiario.info\\\/magazine\\\/#organization\",\"name\":\"Guzzo Photos & Graphic Publications\",\"url\":\"https:\\\/\\\/blogdiario.info\\\/magazine\\\/\",\"logo\":{\"@type\":\"ImageObject\",\"inLanguage\":\"es-AR\",\"@id\":\"https:\\\/\\\/blogdiario.info\\\/magazine\\\/#\\\/schema\\\/logo\\\/image\\\/\",\"url\":\"https:\\\/\\\/blogdiario.info\\\/magazine\\\/images\\\/2020\\\/01\\\/cropped-blogdia_magazine.jpg\",\"contentUrl\":\"https:\\\/\\\/blogdiario.info\\\/magazine\\\/images\\\/2020\\\/01\\\/cropped-blogdia_magazine.jpg\",\"width\":589,\"height\":55,\"caption\":\"Guzzo Photos & Graphic Publications\"},\"image\":{\"@id\":\"https:\\\/\\\/blogdiario.info\\\/magazine\\\/#\\\/schema\\\/logo\\\/image\\\/\"}},{\"@type\":\"Person\",\"@id\":\"https:\\\/\\\/blogdiario.info\\\/magazine\\\/#\\\/schema\\\/person\\\/b2422fe85574d945bad55513bb0c7354\",\"name\":\"World Press Service | Servicio de Prensa Mundial\"}]}<\/script>\n<!-- \/ Yoast SEO plugin. -->","yoast_head_json":{"title":"\u00bfQui\u00e9n es Gustavo Petro? - BlogDiario Magazine","robots":{"index":"index","follow":"follow","max-snippet":"max-snippet:-1","max-image-preview":"max-image-preview:large","max-video-preview":"max-video-preview:-1"},"canonical":"https:\/\/blogdiario.info\/magazine\/2022\/06\/21\/quien-es-gustavo-petro\/","og_locale":"es_ES","og_type":"article","og_title":"\u00bfQui\u00e9n es Gustavo Petro? - BlogDiario Magazine","og_description":"El 9 de diciembre de 2013, la Procuradur\u00eda General de la Naci\u00f3n resolvi\u00f3 destituirlo como alcalde mayor de Bogot\u00e1, e inhabilitarlo por quince a\u00f1os para ejercer cargos p\u00fablicos por haber afectado la salud p\u00fablica debido a la crisis de basuras que se present\u00f3 en la capital los d\u00edas 18, 19 y 20 de diciembre de 2012","og_url":"https:\/\/blogdiario.info\/magazine\/2022\/06\/21\/quien-es-gustavo-petro\/","og_site_name":"BlogDiario Magazine","article_published_time":"2022-06-21T22:55:15+00:00","article_modified_time":"2022-06-21T22:55:17+00:00","og_image":[{"width":600,"height":400,"url":"https:\/\/blogdiario.info\/magazine\/images\/2022\/06\/basura.jpg","type":"image\/jpeg"}],"author":"World Press Service | Servicio de Prensa Mundial","twitter_card":"summary_large_image","twitter_misc":{"Escrito por":"World Press Service | Servicio de Prensa Mundial","Tiempo de lectura":"1 minuto"},"schema":{"@context":"https:\/\/schema.org","@graph":[{"@type":"Article","@id":"https:\/\/blogdiario.info\/magazine\/2022\/06\/21\/quien-es-gustavo-petro\/#article","isPartOf":{"@id":"https:\/\/blogdiario.info\/magazine\/2022\/06\/21\/quien-es-gustavo-petro\/"},"author":{"name":"World Press Service | Servicio de Prensa Mundial","@id":"https:\/\/blogdiario.info\/magazine\/#\/schema\/person\/b2422fe85574d945bad55513bb0c7354"},"headline":"\u00bfQui\u00e9n es Gustavo Petro?","datePublished":"2022-06-21T22:55:15+00:00","dateModified":"2022-06-21T22:55:17+00:00","mainEntityOfPage":{"@id":"https:\/\/blogdiario.info\/magazine\/2022\/06\/21\/quien-es-gustavo-petro\/"},"wordCount":71,"publisher":{"@id":"https:\/\/blogdiario.info\/magazine\/#organization"},"image":{"@id":"https:\/\/blogdiario.info\/magazine\/2022\/06\/21\/quien-es-gustavo-petro\/#primaryimage"},"thumbnailUrl":"https:\/\/blogdiario.info\/magazine\/images\/2022\/06\/basura.jpg","keywords":["Colombia"],"articleSection":["Actualidad","Politica"],"inLanguage":"es-AR"},{"@type":"WebPage","@id":"https:\/\/blogdiario.info\/magazine\/2022\/06\/21\/quien-es-gustavo-petro\/","url":"https:\/\/blogdiario.info\/magazine\/2022\/06\/21\/quien-es-gustavo-petro\/","name":"\u00bfQui\u00e9n es Gustavo Petro? - BlogDiario Magazine","isPartOf":{"@id":"https:\/\/blogdiario.info\/magazine\/#website"},"primaryImageOfPage":{"@id":"https:\/\/blogdiario.info\/magazine\/2022\/06\/21\/quien-es-gustavo-petro\/#primaryimage"},"image":{"@id":"https:\/\/blogdiario.info\/magazine\/2022\/06\/21\/quien-es-gustavo-petro\/#primaryimage"},"thumbnailUrl":"https:\/\/blogdiario.info\/magazine\/images\/2022\/06\/basura.jpg","datePublished":"2022-06-21T22:55:15+00:00","dateModified":"2022-06-21T22:55:17+00:00","breadcrumb":{"@id":"https:\/\/blogdiario.info\/magazine\/2022\/06\/21\/quien-es-gustavo-petro\/#breadcrumb"},"inLanguage":"es-AR","potentialAction":[{"@type":"ReadAction","target":["https:\/\/blogdiario.info\/magazine\/2022\/06\/21\/quien-es-gustavo-petro\/"]}]},{"@type":"ImageObject","inLanguage":"es-AR","@id":"https:\/\/blogdiario.info\/magazine\/2022\/06\/21\/quien-es-gustavo-petro\/#primaryimage","url":"https:\/\/blogdiario.info\/magazine\/images\/2022\/06\/basura.jpg","contentUrl":"https:\/\/blogdiario.info\/magazine\/images\/2022\/06\/basura.jpg","width":600,"height":400},{"@type":"BreadcrumbList","@id":"https:\/\/blogdiario.info\/magazine\/2022\/06\/21\/quien-es-gustavo-petro\/#breadcrumb","itemListElement":[{"@type":"ListItem","position":1,"name":"Home","item":"https:\/\/blogdiario.info\/magazine\/"},{"@type":"ListItem","position":2,"name":"\u00bfQui\u00e9n es Gustavo Petro?"}]},{"@type":"WebSite","@id":"https:\/\/blogdiario.info\/magazine\/#website","url":"https:\/\/blogdiario.info\/magazine\/","name":"BlogDiario Magazine","description":"Suplemento multiling\u00fce de ElCanillita.Info","publisher":{"@id":"https:\/\/blogdiario.info\/magazine\/#organization"},"potentialAction":[{"@type":"SearchAction","target":{"@type":"EntryPoint","urlTemplate":"https:\/\/blogdiario.info\/magazine\/?s={search_term_string}"},"query-input":{"@type":"PropertyValueSpecification","valueRequired":true,"valueName":"search_term_string"}}],"inLanguage":"es-AR"},{"@type":"Organization","@id":"https:\/\/blogdiario.info\/magazine\/#organization","name":"Guzzo Photos & Graphic Publications","url":"https:\/\/blogdiario.info\/magazine\/","logo":{"@type":"ImageObject","inLanguage":"es-AR","@id":"https:\/\/blogdiario.info\/magazine\/#\/schema\/logo\/image\/","url":"https:\/\/blogdiario.info\/magazine\/images\/2020\/01\/cropped-blogdia_magazine.jpg","contentUrl":"https:\/\/blogdiario.info\/magazine\/images\/2020\/01\/cropped-blogdia_magazine.jpg","width":589,"height":55,"caption":"Guzzo Photos & Graphic Publications"},"image":{"@id":"https:\/\/blogdiario.info\/magazine\/#\/schema\/logo\/image\/"}},{"@type":"Person","@id":"https:\/\/blogdiario.info\/magazine\/#\/schema\/person\/b2422fe85574d945bad55513bb0c7354","name":"World Press Service | Servicio de Prensa Mundial"}]}},"views":587,"_links":{"self":[{"href":"https:\/\/blogdiario.info\/magazine\/wp-json\/wp\/v2\/posts\/528","targetHints":{"allow":["GET"]}}],"collection":[{"href":"https:\/\/blogdiario.info\/magazine\/wp-json\/wp\/v2\/posts"}],"about":[{"href":"https:\/\/blogdiario.info\/magazine\/wp-json\/wp\/v2\/types\/post"}],"author":[{"embeddable":true,"href":"https:\/\/blogdiario.info\/magazine\/wp-json\/wp\/v2\/users\/1"}],"replies":[{"embeddable":true,"href":"https:\/\/blogdiario.info\/magazine\/wp-json\/wp\/v2\/comments?post=528"}],"version-history":[{"count":0,"href":"https:\/\/blogdiario.info\/magazine\/wp-json\/wp\/v2\/posts\/528\/revisions"}],"wp:featuredmedia":[{"embeddable":true,"href":"https:\/\/blogdiario.info\/magazine\/wp-json\/wp\/v2\/media\/529"}],"wp:attachment":[{"href":"https:\/\/blogdiario.info\/magazine\/wp-json\/wp\/v2\/media?parent=528"}],"wp:term":[{"taxonomy":"category","embeddable":true,"href":"https:\/\/blogdiario.info\/magazine\/wp-json\/wp\/v2\/categories?post=528"},{"taxonomy":"post_tag","embeddable":true,"href":"https:\/\/blogdiario.info\/magazine\/wp-json\/wp\/v2\/tags?post=528"}],"curies":[{"name":"wp","href":"https:\/\/api.w.org\/{rel}","templated":true}]}}