{"id":499,"date":"2022-05-29T20:31:43","date_gmt":"2022-05-29T23:31:43","guid":{"rendered":"https:\/\/blogdiario.info\/magazine\/?p=499"},"modified":"2022-06-01T09:18:53","modified_gmt":"2022-06-01T12:18:53","slug":"un-grupo-uigur-denuncia-a-la-jefa-de-los-ddhh-onu-por-la-oportunidad-perdida-durante-su-viaje-a-xinjiang","status":"publish","type":"post","link":"https:\/\/blogdiario.info\/magazine\/2022\/05\/29\/un-grupo-uigur-denuncia-a-la-jefa-de-los-ddhh-onu-por-la-oportunidad-perdida-durante-su-viaje-a-xinjiang\/","title":{"rendered":"Un grupo uigur denuncia a la jefa de los DDHH &#8211; ONU por la &#8220;oportunidad perdida&#8221; durante su viaje a Xinjiang"},"content":{"rendered":"\n<div class=\"wp-block-image\"><figure class=\"aligncenter\"><img decoding=\"async\" src=\"https:\/\/blogdiario.info\/magazine\/images\/2022\/05\/vis.jpg\" alt=\"\"\/><figcaption><small>Esta imagen tomada y difundida el 25\/05\/2022 por la Oficina del Alto Comisionado de las Naciones Unidas para los Derechos Humanos (ACNUDH) muestra a la jefa de derechos humanos de la ONU, Michelle Bachelet (2\u00aa izq.), al director de la divisi\u00f3n de operaciones sobre el terreno y cooperaci\u00f3n t\u00e9cnica del ACNUDH, Christian Salazar (izq.), al ministro de Asuntos Exteriores de China, Wang Yi (c), y al viceministro de Asuntos Exteriores de China, Mao Zhaoxu, asistiendo a una reuni\u00f3n virtual con el presidente de China, Xi Jinping, en Guangzhou<\/small><\/figcaption><\/figure><\/div>\n\n\n\n<div style=\"width:95%; padding-left:25px; font-size:0.8em; text-align: justify;\">\n<b>La visita de Michelle Bachelet se produjo mientras los uigures exig\u00edan una mayor acci\u00f3n mundial en una cumbre celebrada en M\u00fanich.<\/b><br><br>\nUn grupo de defensa de los derechos de los uigures expres\u00f3 el s\u00e1bado su &#8220;grave decepci\u00f3n&#8221; por la actuaci\u00f3n de la representante de los derechos humanos de la ONU, Michelle Bachelet, a Xinjiang, que, seg\u00fan manifestaron, hab\u00edan supuesto &#8220;una oportunidad de entendimiento para que China blanqueara sus cr\u00edmenes contra la humanidad y el genocidio contra el pueblo uigur&#8221;. \n<br>\n<br>\nAntes de la visita, los grupos de derechos exigieron garant\u00edas de que la Alta Comisionada de las Naciones Unidas para los Derechos Humanos tuviera acceso sin restricciones a la regi\u00f3n y la posibilidad de hablar libremente con los uigures sin temor a represalias. De lo contrario, advirtieron, el viaje de Bachelet podr\u00eda dar legitimidad a la justificaci\u00f3n de Pek\u00edn para una campa\u00f1a de &#8220;lucha contra el terrorismo&#8221; que ha visto hasta 1,8 millones de miembros de la minor\u00eda \u00e9tnica detenidos en una red de campos de internamiento desde 2017.\n<br>\n<br>\nDurante una sesi\u00f3n informativa al final de su viaje de seis d\u00edas a China el s\u00e1bado, Bachelet dijo que no estaba en China para una investigaci\u00f3n oficial de la situaci\u00f3n en la Regi\u00f3n Aut\u00f3noma Uigur de Xinjiang (XUAR), pero afirm\u00f3 haber tenido acceso &#8220;no supervisado&#8221; a fuentes que la ONU hab\u00eda organizado para reunirse en la regi\u00f3n.\n<br><br>\nA\u00f1adi\u00f3 que hab\u00eda instado a China a evitar &#8220;medidas arbitrarias e indiscriminadas&#8221; en su represi\u00f3n en la XUAR y dijo que los funcionarios de la regi\u00f3n le hab\u00edan asegurado que los campos de internamiento que llaman &#8220;centros de formaci\u00f3n profesional&#8221; han sido desmantelados.\n<br><br>\nSin embargo, RFA y otros medios de comunicaci\u00f3n han informado en el per\u00edodo previo a la visita de que China presion\u00f3 a los uigures de Xinjiang y a sus familiares en el extranjero para que no hablaran sobre los campos de internamiento y otros abusos en la regi\u00f3n.\n<br><br>\nEn una declaraci\u00f3n desde Alemania, el presidente del Congreso Mundial Uigur (WUC), Dolkun Isa, advirti\u00f3 que la visita de Bachelet -la primera de un miembro de la comisi\u00f3n DDHH &#8211; ONU en casi dos d\u00e9cadas- s\u00f3lo reforzaba la narrativa de China sobre sus pol\u00edticas en la regi\u00f3n, que seg\u00fan los pa\u00edses occidentales equivalen a un genocidio del pueblo uigur.\n<br><br>\n&#8220;Como era de esperar, el Alto Comisionado ha desperdiciado una oportunidad hist\u00f3rica para investigar el genocidio uigur y hacer justicia al pueblo uigur&#8221;, dijo Isa.\n<br><br>\n\n&#8220;La Alta Comisionada ha arruinado la credibilidad de su oficina al alinearse con los deseos de China y llevar a cabo una visita que de ninguna manera aborda adecuadamente la justicia para los uigures y la rendici\u00f3n de cuentas para los responsables&#8221;.\n<br><br>\nLa WUC dijo que una lista policial recientemente publicada con los nombres de m\u00e1s de 10.000 uigures supuestamente detenidos, conocida como los Archivos Policiales de Xinjiang, subraya exactamente por qu\u00e9 es necesaria una investigaci\u00f3n de la situaci\u00f3n en la XUAR e inst\u00f3 a la oficina de Bachelet a publicar su evaluaci\u00f3n independiente &#8220;como muestra de la voluntad de hacer que el gobierno chino rinda cuentas por los cr\u00edmenes contra la humanidad y el genocidio que se est\u00e1n cometiendo&#8221;.\n<br><br>\nLa visita de Bachelet tambi\u00e9n fue criticada por el investigador alem\u00e1n Adrian Zenz, director de estudios sobre China en la Fundaci\u00f3n Memorial de las V\u00edctimas del Comunismo en Washington, D.C., quien public\u00f3 un mensaje en Twitter diciendo que el resultado era &#8220;significativamente peor de lo que se tem\u00eda&#8221;.\n<br><br>\n&#8220;La que quiz\u00e1 sea la peor violaci\u00f3n de los derechos humanos de nuestro tiempo es tratada como un asunto de revisi\u00f3n interna por el autor&#8221;, tuite\u00f3.\n<br><br>\n&#8220;La principal conclusi\u00f3n es que Bachelet trata al gobierno de Xinjiang como un actor racional que deber\u00eda llevar a cabo su propia &#8220;revisi\u00f3n&#8221; de c\u00f3mo sus pol\u00edticas de &#8220;desradicalizaci\u00f3n&#8221; pueden no estar cumpliendo con las normas internacionales&#8221;, escribi\u00f3 el investigador, calificando de &#8220;absolutamente sorprendente&#8221; la rueda de prensa de la funcionaria de la ONU.\n<br><br>\n<b>Llamamiento a medidas m\u00e1s contundentes<\/b><br>\nEl final del viaje de Bachelet se produjo mientras la WUC convocaba una cumbre del 26 al 28 de mayo en M\u00fanich (Alemania) sobre las mejores pr\u00e1cticas para la defensa de los derechos, que Isa abri\u00f3 instando a la comunidad mundial a adoptar medidas m\u00e1s contundentes si pretende que Pek\u00edn rinda cuentas por el trato que da a los uigures en el noroeste de China.\n<br><br>\nEn un discurso dirigido a m\u00e1s de 200 responsables pol\u00edticos, activistas, abogados y miembros de la di\u00e1spora uigur reunidos para la cumbre -celebrada a s\u00f3lo media hora en coche del antiguo campo de concentraci\u00f3n nazi de Dachau-, Isa se congratul\u00f3 de la atenci\u00f3n internacional que los Archivos Policiales de Xinjiang hab\u00edan atra\u00eddo sobre la situaci\u00f3n en la Regi\u00f3n Aut\u00f3noma Xinjiang Uygur (XUAR).\n<br><br>\n\nPero advirti\u00f3 que la recopilaci\u00f3n de pruebas de las pol\u00edticas chinas dirigidas a los uigures es s\u00f3lo una parte de lo que debe ser un esfuerzo internacional urgente y concertado para acabar con las atrocidades en la regi\u00f3n.\n<br><br>\n&#8220;Los &#8216;Archivos policiales de Xinjiang&#8217;, como se denominan, recuerdan al mundo la naturaleza de los cr\u00edmenes atroces y el genocidio de los uigures por parte del gobierno chino&#8221;, dijo Isa a los asistentes a la sala de conferencias.\n<br><br>\n\n&#8220;Para nosotros [los uigures], esto no es una noticia de \u00faltima hora: es la realidad diaria de nuestras vidas&#8230; Millones de uigures est\u00e1n detenidos en campos de concentraci\u00f3n del siglo XXI, donde son sometidos a todo tipo de abusos: tortura, violaci\u00f3n, abusos sexuales, trabajos forzados, [y] esterilizaci\u00f3n&#8221;.\n<br><br>\n\nAunque el gobierno de Estados Unidos y los parlamentos de varias naciones occidentales han declarado que la situaci\u00f3n en la XUAR constituye un genocidio, la \u00fanica acci\u00f3n emprendida contra China hasta la fecha ha consistido en sancionar a los funcionarios y empresas chinos considerados c\u00f3mplices de estas pol\u00edticas.\n<br><br>\nA principios de diciembre, el Tribunal Uigur, un tribunal popular independiente con sede en Londres, determin\u00f3 que China hab\u00eda cometido genocidio y cr\u00edmenes contra la humanidad contra los uigures y otras minor\u00edas \u00e9tnicas de Xinjiang, aunque sus conclusiones no son vinculantes y carecen de respaldo estatal.\n<br><br>\nMientras tanto, transcurridos m\u00e1s de cinco a\u00f1os desde la creaci\u00f3n de los campos, poco ha cambiado para los uigures de la XUAR de Xinjiang. Las autoridades de la regi\u00f3n utilizan un sistema de vigilancia exhaustivo y de alta tecnolog\u00eda para controlar cualquier signo de oposici\u00f3n al dominio chino, que incluye cada vez m\u00e1s cualquier expresi\u00f3n externa de los uigures de su cultura tradicional, como la vestimenta, la lengua y la religi\u00f3n.<br><br>\nIsa afirm\u00f3 que las potencias mundiales tienen la responsabilidad de exigir a Pek\u00edn que cambie de rumbo o se enfrente a las consecuencias.<br><br>\n\n&#8220;Durante los \u00faltimos cinco a\u00f1os, todos los uigures, kazajos y miembros de la di\u00e1spora hemos tratado de encontrar cualquier informaci\u00f3n sobre el paradero y el bienestar de nuestras familias en la patria. Lo que hemos aprendido en estos cinco a\u00f1os ya deber\u00eda haber conmocionado la conciencia del mundo&#8221;, dijo.\n<br><br>\n&#8220;Con los archivos de la polic\u00eda de Xinjiang como una raz\u00f3n m\u00e1s, [el WUC] hace un llamamiento a la comunidad internacional para que ponga fin a su enfoque de &#8220;seguir como siempre&#8221; con China&#8221;.\n<br><br>\n<img decoding=\"async\" src=\"https:\/\/blogdiario.info\/magazine\/images\/2022\/05\/vis1.jpg\">\n<br>\n<small>Los asistentes a la cumbre escuchan una grabaci\u00f3n del himno nacional del Turquest\u00e1n Oriental, el Uyghurs, nombre que utilizan los uigures para referirse a su tierra natal en el noroeste de China, en una sala de conferencias en M\u00fanich, Alemania, el 26\/05\/2022. Cr\u00e9dito: RFA<\/small>\n<br><br>\n<b>Leyes de esclavitud forzada<\/b><br>\nLos expertos jur\u00eddicos presentes en la cumbre de esta semana afirmaron que las nuevas leyes que proh\u00edben el comercio de productos fabricados con trabajos forzados podr\u00edan servir para que China se replantee sus pol\u00edticas en el XUAR, donde los uigures retenidos en campos de internamiento suelen ser puestos a trabajar en f\u00e1bricas por un salario escaso o nulo.\n<br><br>\nDurante un panel sobre &#8220;La prevenci\u00f3n del genocidio y la responsabilidad de proteger&#8221;, Nick Vetch, vicepresidente del Tribunal Uigur, hizo un llamamiento a la convergencia de intereses jur\u00eddicos, pol\u00edticos y empresariales, que consider\u00f3 &#8220;fundamental&#8221; para influir en Pek\u00edn.\n<br><br>\n&#8220;El pacto que el Partido Comunista Chino y el Estado ha hecho con el pueblo de China es que no se regir\u00e1 por el imperio de la ley, sino por la ley del imperio&#8221;, dijo.<br><br>\n\n&#8220;Y la raz\u00f3n por la que el pueblo ha aceptado esto, y por la que es sostenible para el Partido y el Estado, es porque el pacto es que el Estado les proporcionar\u00e1 estabilidad, les proporcionar\u00e1 bienes de consumo, les proporcionar\u00e1 un grado de riqueza y bienestar, a cambio de lo cual someten sus instintos pol\u00edticos&#8221;.\n<br><br>\nVetch, que es el presidente ejecutivo del grupo brit\u00e1nico Big Yellow, compar\u00f3 las amenazas a la estabilidad econ\u00f3mica de China con los ataques a su integridad pol\u00edtica, y se\u00f1al\u00f3 que en el pasado esas acciones han provocado &#8220;respuestas poderosas y viscerales y muy agudas&#8221;.\n<br><br>\n&#8220;En mi opini\u00f3n, las empresas son la fuerza m\u00e1s poderosa del planeta (&#8230;) y la forma en que se comporten las empresas tendr\u00e1 una profunda influencia en la forma en que se comporte China&#8221;, dijo, se\u00f1alando que leyes como la Ley contra la Esclavitud del Reino Unido proh\u00edben expl\u00edcitamente la venta de productos obtenidos mediante mano de obra esclava y deber\u00edan utilizarse para influir en las pol\u00edticas de la XUAR.\n<br><br>\nPuso el ejemplo de los paneles solares, que son cada vez m\u00e1s cr\u00edticos a medida que los pa\u00edses de todo el mundo se esfuerzan por ajustarse a la normativa que regula la producci\u00f3n de energ\u00eda en medio del cambio clim\u00e1tico.\n<br><br>\n&#8220;Si el 85 por ciento de la producci\u00f3n mundial de paneles solares se fabrica en China y no podemos verificar su origen, pero creemos -como hemos visto las pruebas y sabemos- que es de origen ilegal, eso significa que&#8230; los gobiernos de todo el mundo occidental y de otros lugares, las mayores empresas del planeta, est\u00e1n utilizando productos ilegales&#8221;, dijo.\n<br><br>\n&#8220;Por tanto, la ley existe, los pol\u00edticos han hecho la ley, han creado el marco, s\u00f3lo hay que hacerla cumplir ahora&#8221;.\n<br><br>\nVetch dijo que estas situaciones tambi\u00e9n presentan oportunidades para el mundo de los negocios al quitarle a China la capacidad de ofrecer los productos m\u00e1s baratos, lo que ha hecho utilizando el trabajo forzado.\n<br><br>\n&#8220;Si se quita ese imperativo, se reequilibra la econom\u00eda y se crea un incentivo para que las empresas&#8230; generen nuevos mercados&#8221;, dijo, y a\u00f1adi\u00f3 que, adem\u00e1s de los paneles solares, los mercados del algod\u00f3n y los tomates podr\u00edan proporcionar una ventaja similar.\n<br><br>\nLa comunidad uigur debe convencer a las empresas para que colaboren con los pol\u00edticos y los legisladores en la aplicaci\u00f3n de estas leyes, dijo Vetch, y al hacerlo &#8220;elevar el precio del comportamiento&#8221; del gobierno chino.\n<br><br>\n<b>Una &#8220;gran responsabilidad<\/b>\n<br><br>\nGeoffrey Nice, presidente del Tribunal Uigur, coincidi\u00f3 en que es fundamental que la comunidad uigur investigue nuevas formas de forzar el cambio de China.<br><br>\n&#8220;Nueve personas sin ning\u00fan inter\u00e9s especial decidieron que la cuesti\u00f3n de lo que estaba ocurriendo a los uigures deb\u00eda ser examinada de forma desapasionada, objetiva, seg\u00fan las pruebas m\u00e1s estrictas, y que hab\u00eda que emitir un juicio, diciendo lo que ha ocurrido, lo que est\u00e1 ocurriendo y lo que puede ocurrir, y eso es lo que hicimos&#8221;, dijo sobre el fallo del tribunal de Diciembre.<br><br>\nPero advirti\u00f3 que tales pronunciamientos -as\u00ed como las declaraciones de genocidio por parte de legisladores occidentales- no son m\u00e1s que herramientas que la comunidad uigur utilizar\u00e1 en una campa\u00f1a de influencia m\u00e1s amplia.<br><br>\n&#8220;No nos hagamos ilusiones: aunque otros diez poderosos Estados nacionales declararan que lo que est\u00e1 ocurriendo en Xinjiang es un genocidio, el problema no habr\u00eda terminado&#8221;, afirm\u00f3.<br><br>\n\n&#8220;Sobre el Congreso Mundial Uigur y todos los dem\u00e1s grupos uigures recae la enorme responsabilidad&#8230; de salvar a un grupo \u00e9tnico que es su pariente en el otro extremo del planeta .. de la matanza, de todas las formas conocidas de persecuci\u00f3n, de la asimilaci\u00f3n forzada de un grupo a otro, de la destrucci\u00f3n de una cultura, de la p\u00e9rdida de una lengua y de la aniquilaci\u00f3n de una identidad&#8221;.\n<br><br>\n<small>\u00a9 2022 SalaStampa.Eu affiliate with USAGM \/ BBG \u2013 Translated in italian and spanich by Guzzo P.&amp; G.P \u2013 Copyright \u00a9 1998-2022, RFA. Reprinted by ElCanillita.Info with the permission of Radio Free Asia, 2025 M St. NW, Suite 300, Washington DC 20036<\/small>\n<br><br>\n\n<\/div>\n","protected":false},"excerpt":{"rendered":"<p>La visita de Michelle Bachelet se produjo mientras los uigures exig\u00edan una mayor acci\u00f3n mundial en una cumbre celebrada en M\u00fanich. Un grupo de defensa&#8230;<\/p>\n","protected":false},"author":1,"featured_media":500,"comment_status":"closed","ping_status":"closed","sticky":false,"template":"","format":"standard","meta":{"footnotes":"","_links_to":"","_links_to_target":""},"categories":[62,55,41],"tags":[],"class_list":["post-499","post","type-post","status-publish","format-standard","has-post-thumbnail","hentry","category-actualidad","category-asia","category-politica-esp","entry","rows"],"yoast_head":"<!-- This site is optimized with the Yoast SEO plugin v27.4 - https:\/\/yoast.com\/product\/yoast-seo-wordpress\/ -->\n<title>Un grupo uigur denuncia a la jefa de los DDHH - ONU por la &quot;oportunidad perdida&quot; durante su viaje a Xinjiang - BlogDiario Magazine<\/title>\n<meta name=\"robots\" content=\"index, follow, max-snippet:-1, max-image-preview:large, max-video-preview:-1\" \/>\n<link rel=\"canonical\" href=\"https:\/\/blogdiario.info\/magazine\/2022\/05\/29\/un-grupo-uigur-denuncia-a-la-jefa-de-los-ddhh-onu-por-la-oportunidad-perdida-durante-su-viaje-a-xinjiang\/\" \/>\n<meta property=\"og:locale\" content=\"es_ES\" \/>\n<meta property=\"og:type\" content=\"article\" \/>\n<meta property=\"og:title\" content=\"Un grupo uigur denuncia a la jefa de los DDHH - ONU por la &quot;oportunidad perdida&quot; durante su viaje a Xinjiang - BlogDiario Magazine\" \/>\n<meta property=\"og:description\" content=\"La visita de Michelle Bachelet se produjo mientras los uigures exig\u00edan una mayor acci\u00f3n mundial en una cumbre celebrada en M\u00fanich. Un grupo de defensa&#8230;\" \/>\n<meta property=\"og:url\" content=\"https:\/\/blogdiario.info\/magazine\/2022\/05\/29\/un-grupo-uigur-denuncia-a-la-jefa-de-los-ddhh-onu-por-la-oportunidad-perdida-durante-su-viaje-a-xinjiang\/\" \/>\n<meta property=\"og:site_name\" content=\"BlogDiario Magazine\" \/>\n<meta property=\"article:published_time\" content=\"2022-05-29T23:31:43+00:00\" \/>\n<meta property=\"article:modified_time\" content=\"2022-06-01T12:18:53+00:00\" \/>\n<meta property=\"og:image\" content=\"https:\/\/blogdiario.info\/magazine\/images\/2022\/05\/barche2.jpg\" \/>\n\t<meta property=\"og:image:width\" content=\"600\" \/>\n\t<meta property=\"og:image:height\" content=\"338\" \/>\n\t<meta property=\"og:image:type\" content=\"image\/jpeg\" \/>\n<meta name=\"author\" content=\"World Press Service | Servicio de Prensa Mundial\" \/>\n<meta name=\"twitter:card\" content=\"summary_large_image\" \/>\n<meta name=\"twitter:label1\" content=\"Escrito por\" \/>\n\t<meta name=\"twitter:data1\" content=\"World Press Service | Servicio de Prensa Mundial\" \/>\n\t<meta name=\"twitter:label2\" content=\"Tiempo de lectura\" \/>\n\t<meta name=\"twitter:data2\" content=\"12 minutos\" \/>\n<script type=\"application\/ld+json\" class=\"yoast-schema-graph\">{\"@context\":\"https:\\\/\\\/schema.org\",\"@graph\":[{\"@type\":\"Article\",\"@id\":\"https:\\\/\\\/blogdiario.info\\\/magazine\\\/2022\\\/05\\\/29\\\/un-grupo-uigur-denuncia-a-la-jefa-de-los-ddhh-onu-por-la-oportunidad-perdida-durante-su-viaje-a-xinjiang\\\/#article\",\"isPartOf\":{\"@id\":\"https:\\\/\\\/blogdiario.info\\\/magazine\\\/2022\\\/05\\\/29\\\/un-grupo-uigur-denuncia-a-la-jefa-de-los-ddhh-onu-por-la-oportunidad-perdida-durante-su-viaje-a-xinjiang\\\/\"},\"author\":{\"name\":\"World Press Service | Servicio de Prensa Mundial\",\"@id\":\"https:\\\/\\\/blogdiario.info\\\/magazine\\\/#\\\/schema\\\/person\\\/b2422fe85574d945bad55513bb0c7354\"},\"headline\":\"Un grupo uigur denuncia a la jefa de los DDHH &#8211; ONU por la &#8220;oportunidad perdida&#8221; durante su viaje a Xinjiang\",\"datePublished\":\"2022-05-29T23:31:43+00:00\",\"dateModified\":\"2022-06-01T12:18:53+00:00\",\"mainEntityOfPage\":{\"@id\":\"https:\\\/\\\/blogdiario.info\\\/magazine\\\/2022\\\/05\\\/29\\\/un-grupo-uigur-denuncia-a-la-jefa-de-los-ddhh-onu-por-la-oportunidad-perdida-durante-su-viaje-a-xinjiang\\\/\"},\"wordCount\":2292,\"publisher\":{\"@id\":\"https:\\\/\\\/blogdiario.info\\\/magazine\\\/#organization\"},\"image\":{\"@id\":\"https:\\\/\\\/blogdiario.info\\\/magazine\\\/2022\\\/05\\\/29\\\/un-grupo-uigur-denuncia-a-la-jefa-de-los-ddhh-onu-por-la-oportunidad-perdida-durante-su-viaje-a-xinjiang\\\/#primaryimage\"},\"thumbnailUrl\":\"https:\\\/\\\/blogdiario.info\\\/magazine\\\/images\\\/2022\\\/05\\\/barche2.jpg\",\"articleSection\":[\"Actualidad\",\"Asia\",\"Politica\"],\"inLanguage\":\"es-AR\"},{\"@type\":\"WebPage\",\"@id\":\"https:\\\/\\\/blogdiario.info\\\/magazine\\\/2022\\\/05\\\/29\\\/un-grupo-uigur-denuncia-a-la-jefa-de-los-ddhh-onu-por-la-oportunidad-perdida-durante-su-viaje-a-xinjiang\\\/\",\"url\":\"https:\\\/\\\/blogdiario.info\\\/magazine\\\/2022\\\/05\\\/29\\\/un-grupo-uigur-denuncia-a-la-jefa-de-los-ddhh-onu-por-la-oportunidad-perdida-durante-su-viaje-a-xinjiang\\\/\",\"name\":\"Un grupo uigur denuncia a la jefa de los DDHH - ONU por la \\\"oportunidad perdida\\\" durante su viaje a Xinjiang - BlogDiario Magazine\",\"isPartOf\":{\"@id\":\"https:\\\/\\\/blogdiario.info\\\/magazine\\\/#website\"},\"primaryImageOfPage\":{\"@id\":\"https:\\\/\\\/blogdiario.info\\\/magazine\\\/2022\\\/05\\\/29\\\/un-grupo-uigur-denuncia-a-la-jefa-de-los-ddhh-onu-por-la-oportunidad-perdida-durante-su-viaje-a-xinjiang\\\/#primaryimage\"},\"image\":{\"@id\":\"https:\\\/\\\/blogdiario.info\\\/magazine\\\/2022\\\/05\\\/29\\\/un-grupo-uigur-denuncia-a-la-jefa-de-los-ddhh-onu-por-la-oportunidad-perdida-durante-su-viaje-a-xinjiang\\\/#primaryimage\"},\"thumbnailUrl\":\"https:\\\/\\\/blogdiario.info\\\/magazine\\\/images\\\/2022\\\/05\\\/barche2.jpg\",\"datePublished\":\"2022-05-29T23:31:43+00:00\",\"dateModified\":\"2022-06-01T12:18:53+00:00\",\"breadcrumb\":{\"@id\":\"https:\\\/\\\/blogdiario.info\\\/magazine\\\/2022\\\/05\\\/29\\\/un-grupo-uigur-denuncia-a-la-jefa-de-los-ddhh-onu-por-la-oportunidad-perdida-durante-su-viaje-a-xinjiang\\\/#breadcrumb\"},\"inLanguage\":\"es-AR\",\"potentialAction\":[{\"@type\":\"ReadAction\",\"target\":[\"https:\\\/\\\/blogdiario.info\\\/magazine\\\/2022\\\/05\\\/29\\\/un-grupo-uigur-denuncia-a-la-jefa-de-los-ddhh-onu-por-la-oportunidad-perdida-durante-su-viaje-a-xinjiang\\\/\"]}]},{\"@type\":\"ImageObject\",\"inLanguage\":\"es-AR\",\"@id\":\"https:\\\/\\\/blogdiario.info\\\/magazine\\\/2022\\\/05\\\/29\\\/un-grupo-uigur-denuncia-a-la-jefa-de-los-ddhh-onu-por-la-oportunidad-perdida-durante-su-viaje-a-xinjiang\\\/#primaryimage\",\"url\":\"https:\\\/\\\/blogdiario.info\\\/magazine\\\/images\\\/2022\\\/05\\\/barche2.jpg\",\"contentUrl\":\"https:\\\/\\\/blogdiario.info\\\/magazine\\\/images\\\/2022\\\/05\\\/barche2.jpg\",\"width\":600,\"height\":338},{\"@type\":\"BreadcrumbList\",\"@id\":\"https:\\\/\\\/blogdiario.info\\\/magazine\\\/2022\\\/05\\\/29\\\/un-grupo-uigur-denuncia-a-la-jefa-de-los-ddhh-onu-por-la-oportunidad-perdida-durante-su-viaje-a-xinjiang\\\/#breadcrumb\",\"itemListElement\":[{\"@type\":\"ListItem\",\"position\":1,\"name\":\"Home\",\"item\":\"https:\\\/\\\/blogdiario.info\\\/magazine\\\/\"},{\"@type\":\"ListItem\",\"position\":2,\"name\":\"Un grupo uigur denuncia a la jefa de los DDHH &#8211; ONU por la &#8220;oportunidad perdida&#8221; durante su viaje a Xinjiang\"}]},{\"@type\":\"WebSite\",\"@id\":\"https:\\\/\\\/blogdiario.info\\\/magazine\\\/#website\",\"url\":\"https:\\\/\\\/blogdiario.info\\\/magazine\\\/\",\"name\":\"BlogDiario Magazine\",\"description\":\"Suplemento multiling\u00fce de ElCanillita.Info\",\"publisher\":{\"@id\":\"https:\\\/\\\/blogdiario.info\\\/magazine\\\/#organization\"},\"potentialAction\":[{\"@type\":\"SearchAction\",\"target\":{\"@type\":\"EntryPoint\",\"urlTemplate\":\"https:\\\/\\\/blogdiario.info\\\/magazine\\\/?s={search_term_string}\"},\"query-input\":{\"@type\":\"PropertyValueSpecification\",\"valueRequired\":true,\"valueName\":\"search_term_string\"}}],\"inLanguage\":\"es-AR\"},{\"@type\":\"Organization\",\"@id\":\"https:\\\/\\\/blogdiario.info\\\/magazine\\\/#organization\",\"name\":\"Guzzo Photos & Graphic Publications\",\"url\":\"https:\\\/\\\/blogdiario.info\\\/magazine\\\/\",\"logo\":{\"@type\":\"ImageObject\",\"inLanguage\":\"es-AR\",\"@id\":\"https:\\\/\\\/blogdiario.info\\\/magazine\\\/#\\\/schema\\\/logo\\\/image\\\/\",\"url\":\"https:\\\/\\\/blogdiario.info\\\/magazine\\\/images\\\/2020\\\/01\\\/cropped-blogdia_magazine.jpg\",\"contentUrl\":\"https:\\\/\\\/blogdiario.info\\\/magazine\\\/images\\\/2020\\\/01\\\/cropped-blogdia_magazine.jpg\",\"width\":589,\"height\":55,\"caption\":\"Guzzo Photos & Graphic Publications\"},\"image\":{\"@id\":\"https:\\\/\\\/blogdiario.info\\\/magazine\\\/#\\\/schema\\\/logo\\\/image\\\/\"}},{\"@type\":\"Person\",\"@id\":\"https:\\\/\\\/blogdiario.info\\\/magazine\\\/#\\\/schema\\\/person\\\/b2422fe85574d945bad55513bb0c7354\",\"name\":\"World Press Service | Servicio de Prensa Mundial\"}]}<\/script>\n<!-- \/ Yoast SEO plugin. -->","yoast_head_json":{"title":"Un grupo uigur denuncia a la jefa de los DDHH - ONU por la \"oportunidad perdida\" durante su viaje a Xinjiang - BlogDiario Magazine","robots":{"index":"index","follow":"follow","max-snippet":"max-snippet:-1","max-image-preview":"max-image-preview:large","max-video-preview":"max-video-preview:-1"},"canonical":"https:\/\/blogdiario.info\/magazine\/2022\/05\/29\/un-grupo-uigur-denuncia-a-la-jefa-de-los-ddhh-onu-por-la-oportunidad-perdida-durante-su-viaje-a-xinjiang\/","og_locale":"es_ES","og_type":"article","og_title":"Un grupo uigur denuncia a la jefa de los DDHH - ONU por la \"oportunidad perdida\" durante su viaje a Xinjiang - BlogDiario Magazine","og_description":"La visita de Michelle Bachelet se produjo mientras los uigures exig\u00edan una mayor acci\u00f3n mundial en una cumbre celebrada en M\u00fanich. Un grupo de defensa&#8230;","og_url":"https:\/\/blogdiario.info\/magazine\/2022\/05\/29\/un-grupo-uigur-denuncia-a-la-jefa-de-los-ddhh-onu-por-la-oportunidad-perdida-durante-su-viaje-a-xinjiang\/","og_site_name":"BlogDiario Magazine","article_published_time":"2022-05-29T23:31:43+00:00","article_modified_time":"2022-06-01T12:18:53+00:00","og_image":[{"width":600,"height":338,"url":"https:\/\/blogdiario.info\/magazine\/images\/2022\/05\/barche2.jpg","type":"image\/jpeg"}],"author":"World Press Service | Servicio de Prensa Mundial","twitter_card":"summary_large_image","twitter_misc":{"Escrito por":"World Press Service | Servicio de Prensa Mundial","Tiempo de lectura":"12 minutos"},"schema":{"@context":"https:\/\/schema.org","@graph":[{"@type":"Article","@id":"https:\/\/blogdiario.info\/magazine\/2022\/05\/29\/un-grupo-uigur-denuncia-a-la-jefa-de-los-ddhh-onu-por-la-oportunidad-perdida-durante-su-viaje-a-xinjiang\/#article","isPartOf":{"@id":"https:\/\/blogdiario.info\/magazine\/2022\/05\/29\/un-grupo-uigur-denuncia-a-la-jefa-de-los-ddhh-onu-por-la-oportunidad-perdida-durante-su-viaje-a-xinjiang\/"},"author":{"name":"World Press Service | Servicio de Prensa Mundial","@id":"https:\/\/blogdiario.info\/magazine\/#\/schema\/person\/b2422fe85574d945bad55513bb0c7354"},"headline":"Un grupo uigur denuncia a la jefa de los DDHH &#8211; ONU por la &#8220;oportunidad perdida&#8221; durante su viaje a Xinjiang","datePublished":"2022-05-29T23:31:43+00:00","dateModified":"2022-06-01T12:18:53+00:00","mainEntityOfPage":{"@id":"https:\/\/blogdiario.info\/magazine\/2022\/05\/29\/un-grupo-uigur-denuncia-a-la-jefa-de-los-ddhh-onu-por-la-oportunidad-perdida-durante-su-viaje-a-xinjiang\/"},"wordCount":2292,"publisher":{"@id":"https:\/\/blogdiario.info\/magazine\/#organization"},"image":{"@id":"https:\/\/blogdiario.info\/magazine\/2022\/05\/29\/un-grupo-uigur-denuncia-a-la-jefa-de-los-ddhh-onu-por-la-oportunidad-perdida-durante-su-viaje-a-xinjiang\/#primaryimage"},"thumbnailUrl":"https:\/\/blogdiario.info\/magazine\/images\/2022\/05\/barche2.jpg","articleSection":["Actualidad","Asia","Politica"],"inLanguage":"es-AR"},{"@type":"WebPage","@id":"https:\/\/blogdiario.info\/magazine\/2022\/05\/29\/un-grupo-uigur-denuncia-a-la-jefa-de-los-ddhh-onu-por-la-oportunidad-perdida-durante-su-viaje-a-xinjiang\/","url":"https:\/\/blogdiario.info\/magazine\/2022\/05\/29\/un-grupo-uigur-denuncia-a-la-jefa-de-los-ddhh-onu-por-la-oportunidad-perdida-durante-su-viaje-a-xinjiang\/","name":"Un grupo uigur denuncia a la jefa de los DDHH - ONU por la \"oportunidad perdida\" durante su viaje a Xinjiang - BlogDiario Magazine","isPartOf":{"@id":"https:\/\/blogdiario.info\/magazine\/#website"},"primaryImageOfPage":{"@id":"https:\/\/blogdiario.info\/magazine\/2022\/05\/29\/un-grupo-uigur-denuncia-a-la-jefa-de-los-ddhh-onu-por-la-oportunidad-perdida-durante-su-viaje-a-xinjiang\/#primaryimage"},"image":{"@id":"https:\/\/blogdiario.info\/magazine\/2022\/05\/29\/un-grupo-uigur-denuncia-a-la-jefa-de-los-ddhh-onu-por-la-oportunidad-perdida-durante-su-viaje-a-xinjiang\/#primaryimage"},"thumbnailUrl":"https:\/\/blogdiario.info\/magazine\/images\/2022\/05\/barche2.jpg","datePublished":"2022-05-29T23:31:43+00:00","dateModified":"2022-06-01T12:18:53+00:00","breadcrumb":{"@id":"https:\/\/blogdiario.info\/magazine\/2022\/05\/29\/un-grupo-uigur-denuncia-a-la-jefa-de-los-ddhh-onu-por-la-oportunidad-perdida-durante-su-viaje-a-xinjiang\/#breadcrumb"},"inLanguage":"es-AR","potentialAction":[{"@type":"ReadAction","target":["https:\/\/blogdiario.info\/magazine\/2022\/05\/29\/un-grupo-uigur-denuncia-a-la-jefa-de-los-ddhh-onu-por-la-oportunidad-perdida-durante-su-viaje-a-xinjiang\/"]}]},{"@type":"ImageObject","inLanguage":"es-AR","@id":"https:\/\/blogdiario.info\/magazine\/2022\/05\/29\/un-grupo-uigur-denuncia-a-la-jefa-de-los-ddhh-onu-por-la-oportunidad-perdida-durante-su-viaje-a-xinjiang\/#primaryimage","url":"https:\/\/blogdiario.info\/magazine\/images\/2022\/05\/barche2.jpg","contentUrl":"https:\/\/blogdiario.info\/magazine\/images\/2022\/05\/barche2.jpg","width":600,"height":338},{"@type":"BreadcrumbList","@id":"https:\/\/blogdiario.info\/magazine\/2022\/05\/29\/un-grupo-uigur-denuncia-a-la-jefa-de-los-ddhh-onu-por-la-oportunidad-perdida-durante-su-viaje-a-xinjiang\/#breadcrumb","itemListElement":[{"@type":"ListItem","position":1,"name":"Home","item":"https:\/\/blogdiario.info\/magazine\/"},{"@type":"ListItem","position":2,"name":"Un grupo uigur denuncia a la jefa de los DDHH &#8211; ONU por la &#8220;oportunidad perdida&#8221; durante su viaje a Xinjiang"}]},{"@type":"WebSite","@id":"https:\/\/blogdiario.info\/magazine\/#website","url":"https:\/\/blogdiario.info\/magazine\/","name":"BlogDiario Magazine","description":"Suplemento multiling\u00fce de ElCanillita.Info","publisher":{"@id":"https:\/\/blogdiario.info\/magazine\/#organization"},"potentialAction":[{"@type":"SearchAction","target":{"@type":"EntryPoint","urlTemplate":"https:\/\/blogdiario.info\/magazine\/?s={search_term_string}"},"query-input":{"@type":"PropertyValueSpecification","valueRequired":true,"valueName":"search_term_string"}}],"inLanguage":"es-AR"},{"@type":"Organization","@id":"https:\/\/blogdiario.info\/magazine\/#organization","name":"Guzzo Photos & Graphic Publications","url":"https:\/\/blogdiario.info\/magazine\/","logo":{"@type":"ImageObject","inLanguage":"es-AR","@id":"https:\/\/blogdiario.info\/magazine\/#\/schema\/logo\/image\/","url":"https:\/\/blogdiario.info\/magazine\/images\/2020\/01\/cropped-blogdia_magazine.jpg","contentUrl":"https:\/\/blogdiario.info\/magazine\/images\/2020\/01\/cropped-blogdia_magazine.jpg","width":589,"height":55,"caption":"Guzzo Photos & Graphic Publications"},"image":{"@id":"https:\/\/blogdiario.info\/magazine\/#\/schema\/logo\/image\/"}},{"@type":"Person","@id":"https:\/\/blogdiario.info\/magazine\/#\/schema\/person\/b2422fe85574d945bad55513bb0c7354","name":"World Press Service | Servicio de Prensa Mundial"}]}},"views":635,"_links":{"self":[{"href":"https:\/\/blogdiario.info\/magazine\/wp-json\/wp\/v2\/posts\/499","targetHints":{"allow":["GET"]}}],"collection":[{"href":"https:\/\/blogdiario.info\/magazine\/wp-json\/wp\/v2\/posts"}],"about":[{"href":"https:\/\/blogdiario.info\/magazine\/wp-json\/wp\/v2\/types\/post"}],"author":[{"embeddable":true,"href":"https:\/\/blogdiario.info\/magazine\/wp-json\/wp\/v2\/users\/1"}],"replies":[{"embeddable":true,"href":"https:\/\/blogdiario.info\/magazine\/wp-json\/wp\/v2\/comments?post=499"}],"version-history":[{"count":0,"href":"https:\/\/blogdiario.info\/magazine\/wp-json\/wp\/v2\/posts\/499\/revisions"}],"wp:featuredmedia":[{"embeddable":true,"href":"https:\/\/blogdiario.info\/magazine\/wp-json\/wp\/v2\/media\/500"}],"wp:attachment":[{"href":"https:\/\/blogdiario.info\/magazine\/wp-json\/wp\/v2\/media?parent=499"}],"wp:term":[{"taxonomy":"category","embeddable":true,"href":"https:\/\/blogdiario.info\/magazine\/wp-json\/wp\/v2\/categories?post=499"},{"taxonomy":"post_tag","embeddable":true,"href":"https:\/\/blogdiario.info\/magazine\/wp-json\/wp\/v2\/tags?post=499"}],"curies":[{"name":"wp","href":"https:\/\/api.w.org\/{rel}","templated":true}]}}