{"id":439,"date":"2022-03-14T10:30:05","date_gmt":"2022-03-14T13:30:05","guid":{"rendered":"https:\/\/blogdiario.info\/magazine\/?p=439"},"modified":"2023-08-19T04:42:21","modified_gmt":"2023-08-19T07:42:21","slug":"los-artistas-de-odesa-piden-una-zona-de-exclusion-aerea","status":"publish","type":"post","link":"https:\/\/blogdiario.info\/magazine\/2022\/03\/14\/los-artistas-de-odesa-piden-una-zona-de-exclusion-aerea\/","title":{"rendered":"Los artistas de Odesa piden una zona de exclusi\u00f3n a\u00e9rea"},"content":{"rendered":"\n<figure class=\"wp-block-video\"><video controls src=\"https:\/\/blogdiario.info\/magazine\/images\/2022\/03\/Odessa.mp4\"><\/video><figcaption class=\"wp-element-caption\"><small>El primer teatro de \u00f3pera fue inaugurado en 1810 y destruido por un incendio en 1873. El moderno edificio fue construido por Fellner &amp; Helmer en estilo neobarroco (barroco vien\u00e9s) e inaugurado en 1887. La arquitectura de la lujosa sala de audiencias sigue el estilo franc\u00e9s estilo rococ\u00f3 tard\u00edo. La ac\u00fastica \u00fanica de la sala con dise\u00f1o de herradura permite a los artistas emitir incluso un tono de voz bajo desde el escenario, audible en cualquier lugar de la sala. La renovaci\u00f3n m\u00e1s reciente del teatro se complet\u00f3 en 2007.<\/small><\/figcaption><\/figure>\n\n\n\n<p>M\u00fasicos y cantantes de \u00f3pera ucranianos actuaron en Odesa el 12 de marzo para pedir la imposici\u00f3n de una zona de exclusi\u00f3n a\u00e9rea sobre Ucrania. Los miembros del Teatro Acad\u00e9mico Nacional de \u00d3pera y Ballet de Odesa ofrecieron un concierto al aire libre frente al edificio del teatro. Interpretaron el himno nacional de Ucrania, un fragmento de Nabucco de Giuseppe Verdi, y el himno patri\u00f3tico Oraci\u00f3n por Ucrania del compositor ucraniano Mykola Lysenko. La ciudad portuaria del Mar Negro se prepara para un ataque ruso. Las ciudades orientales de Kharkiv y Mariupol han sido fuertemente golpeadas por los ataques a\u00e9reos y de misiles rusos.<\/p>\n\n\n\n<p><small>Copyright \u00a9 2022 ElCanillita.info \/ DC24.News \/ SalaStampa.Eu, affiliate of the networks operated by Broadcasting Board of Governors &#8211; VOA &#8211; All Rights Reserved<\/small><\/p>\n\n\n<p><\/p>","protected":false},"excerpt":{"rendered":"<p>El primer Teatro Acad\u00e9mico Nacional de \u00d3pera y Ballet de Odesa fue inaugurado en 1810 y destruido por un incendio en 1873. El moderno edificio fue construido por Fellner &#038; Helmer en estilo neobarroco (barroco vien\u00e9s) e inaugurado en 1887.<\/p>\n","protected":false},"author":1,"featured_media":440,"comment_status":"closed","ping_status":"closed","sticky":false,"template":"","format":"standard","meta":{"footnotes":"","_links_to":"","_links_to_target":""},"categories":[62,37,47,66,41],"tags":[79],"class_list":["post-439","post","type-post","status-publish","format-standard","has-post-thumbnail","hentry","category-actualidad","category-cultura-esp","category-eurasia","category-multilingue","category-politica-esp","tag-ucraina","entry","rows"],"yoast_head":"<!-- This site is optimized with the Yoast SEO plugin v27.4 - https:\/\/yoast.com\/product\/yoast-seo-wordpress\/ -->\n<title>Los artistas de Odesa piden una zona de exclusi\u00f3n a\u00e9rea - BlogDiario Magazine<\/title>\n<meta name=\"robots\" content=\"index, follow, max-snippet:-1, max-image-preview:large, max-video-preview:-1\" \/>\n<link rel=\"canonical\" href=\"https:\/\/blogdiario.info\/magazine\/2022\/03\/14\/los-artistas-de-odesa-piden-una-zona-de-exclusion-aerea\/\" \/>\n<meta property=\"og:locale\" content=\"es_ES\" \/>\n<meta property=\"og:type\" content=\"article\" \/>\n<meta property=\"og:title\" content=\"Los artistas de Odesa piden una zona de exclusi\u00f3n a\u00e9rea - BlogDiario Magazine\" \/>\n<meta property=\"og:description\" content=\"El primer Teatro Acad\u00e9mico Nacional de \u00d3pera y Ballet de Odesa fue inaugurado en 1810 y destruido por un incendio en 1873. El moderno edificio fue construido por Fellner &amp; Helmer en estilo neobarroco (barroco vien\u00e9s) e inaugurado en 1887.\" \/>\n<meta property=\"og:url\" content=\"https:\/\/blogdiario.info\/magazine\/2022\/03\/14\/los-artistas-de-odesa-piden-una-zona-de-exclusion-aerea\/\" \/>\n<meta property=\"og:site_name\" content=\"BlogDiario Magazine\" \/>\n<meta property=\"article:published_time\" content=\"2022-03-14T13:30:05+00:00\" \/>\n<meta property=\"article:modified_time\" content=\"2023-08-19T07:42:21+00:00\" \/>\n<meta property=\"og:image\" content=\"https:\/\/blogdiario.info\/magazine\/images\/2022\/03\/Odesa-TheaterII.jpg\" \/>\n\t<meta property=\"og:image:width\" content=\"600\" \/>\n\t<meta property=\"og:image:height\" content=\"338\" \/>\n\t<meta property=\"og:image:type\" content=\"image\/jpeg\" \/>\n<meta name=\"author\" content=\"World Press Service | Servicio de Prensa Mundial\" \/>\n<meta name=\"twitter:card\" content=\"summary_large_image\" \/>\n<meta name=\"twitter:label1\" content=\"Escrito por\" \/>\n\t<meta name=\"twitter:data1\" content=\"World Press Service | Servicio de Prensa Mundial\" \/>\n\t<meta name=\"twitter:label2\" content=\"Tiempo de lectura\" \/>\n\t<meta name=\"twitter:data2\" content=\"2 minutos\" \/>\n<script type=\"application\/ld+json\" class=\"yoast-schema-graph\">{\"@context\":\"https:\\\/\\\/schema.org\",\"@graph\":[{\"@type\":\"Article\",\"@id\":\"https:\\\/\\\/blogdiario.info\\\/magazine\\\/2022\\\/03\\\/14\\\/los-artistas-de-odesa-piden-una-zona-de-exclusion-aerea\\\/#article\",\"isPartOf\":{\"@id\":\"https:\\\/\\\/blogdiario.info\\\/magazine\\\/2022\\\/03\\\/14\\\/los-artistas-de-odesa-piden-una-zona-de-exclusion-aerea\\\/\"},\"author\":{\"name\":\"World Press Service | Servicio de Prensa Mundial\",\"@id\":\"https:\\\/\\\/blogdiario.info\\\/magazine\\\/#\\\/schema\\\/person\\\/b2422fe85574d945bad55513bb0c7354\"},\"headline\":\"Los artistas de Odesa piden una zona de exclusi\u00f3n a\u00e9rea\",\"datePublished\":\"2022-03-14T13:30:05+00:00\",\"dateModified\":\"2023-08-19T07:42:21+00:00\",\"mainEntityOfPage\":{\"@id\":\"https:\\\/\\\/blogdiario.info\\\/magazine\\\/2022\\\/03\\\/14\\\/los-artistas-de-odesa-piden-una-zona-de-exclusion-aerea\\\/\"},\"wordCount\":239,\"publisher\":{\"@id\":\"https:\\\/\\\/blogdiario.info\\\/magazine\\\/#organization\"},\"image\":{\"@id\":\"https:\\\/\\\/blogdiario.info\\\/magazine\\\/2022\\\/03\\\/14\\\/los-artistas-de-odesa-piden-una-zona-de-exclusion-aerea\\\/#primaryimage\"},\"thumbnailUrl\":\"https:\\\/\\\/blogdiario.info\\\/magazine\\\/images\\\/2022\\\/03\\\/Odesa-TheaterII.jpg\",\"keywords\":[\"Ucraina\"],\"articleSection\":[\"Actualidad\",\"Cultura\",\"Eurasia\",\"Multilingue\",\"Politica\"],\"inLanguage\":\"es-AR\"},{\"@type\":\"WebPage\",\"@id\":\"https:\\\/\\\/blogdiario.info\\\/magazine\\\/2022\\\/03\\\/14\\\/los-artistas-de-odesa-piden-una-zona-de-exclusion-aerea\\\/\",\"url\":\"https:\\\/\\\/blogdiario.info\\\/magazine\\\/2022\\\/03\\\/14\\\/los-artistas-de-odesa-piden-una-zona-de-exclusion-aerea\\\/\",\"name\":\"Los artistas de Odesa piden una zona de exclusi\u00f3n a\u00e9rea - BlogDiario Magazine\",\"isPartOf\":{\"@id\":\"https:\\\/\\\/blogdiario.info\\\/magazine\\\/#website\"},\"primaryImageOfPage\":{\"@id\":\"https:\\\/\\\/blogdiario.info\\\/magazine\\\/2022\\\/03\\\/14\\\/los-artistas-de-odesa-piden-una-zona-de-exclusion-aerea\\\/#primaryimage\"},\"image\":{\"@id\":\"https:\\\/\\\/blogdiario.info\\\/magazine\\\/2022\\\/03\\\/14\\\/los-artistas-de-odesa-piden-una-zona-de-exclusion-aerea\\\/#primaryimage\"},\"thumbnailUrl\":\"https:\\\/\\\/blogdiario.info\\\/magazine\\\/images\\\/2022\\\/03\\\/Odesa-TheaterII.jpg\",\"datePublished\":\"2022-03-14T13:30:05+00:00\",\"dateModified\":\"2023-08-19T07:42:21+00:00\",\"breadcrumb\":{\"@id\":\"https:\\\/\\\/blogdiario.info\\\/magazine\\\/2022\\\/03\\\/14\\\/los-artistas-de-odesa-piden-una-zona-de-exclusion-aerea\\\/#breadcrumb\"},\"inLanguage\":\"es-AR\",\"potentialAction\":[{\"@type\":\"ReadAction\",\"target\":[\"https:\\\/\\\/blogdiario.info\\\/magazine\\\/2022\\\/03\\\/14\\\/los-artistas-de-odesa-piden-una-zona-de-exclusion-aerea\\\/\"]}]},{\"@type\":\"ImageObject\",\"inLanguage\":\"es-AR\",\"@id\":\"https:\\\/\\\/blogdiario.info\\\/magazine\\\/2022\\\/03\\\/14\\\/los-artistas-de-odesa-piden-una-zona-de-exclusion-aerea\\\/#primaryimage\",\"url\":\"https:\\\/\\\/blogdiario.info\\\/magazine\\\/images\\\/2022\\\/03\\\/Odesa-TheaterII.jpg\",\"contentUrl\":\"https:\\\/\\\/blogdiario.info\\\/magazine\\\/images\\\/2022\\\/03\\\/Odesa-TheaterII.jpg\",\"width\":600,\"height\":338},{\"@type\":\"BreadcrumbList\",\"@id\":\"https:\\\/\\\/blogdiario.info\\\/magazine\\\/2022\\\/03\\\/14\\\/los-artistas-de-odesa-piden-una-zona-de-exclusion-aerea\\\/#breadcrumb\",\"itemListElement\":[{\"@type\":\"ListItem\",\"position\":1,\"name\":\"Home\",\"item\":\"https:\\\/\\\/blogdiario.info\\\/magazine\\\/\"},{\"@type\":\"ListItem\",\"position\":2,\"name\":\"Los artistas de Odesa piden una zona de exclusi\u00f3n a\u00e9rea\"}]},{\"@type\":\"WebSite\",\"@id\":\"https:\\\/\\\/blogdiario.info\\\/magazine\\\/#website\",\"url\":\"https:\\\/\\\/blogdiario.info\\\/magazine\\\/\",\"name\":\"BlogDiario Magazine\",\"description\":\"Suplemento multiling\u00fce de ElCanillita.Info\",\"publisher\":{\"@id\":\"https:\\\/\\\/blogdiario.info\\\/magazine\\\/#organization\"},\"potentialAction\":[{\"@type\":\"SearchAction\",\"target\":{\"@type\":\"EntryPoint\",\"urlTemplate\":\"https:\\\/\\\/blogdiario.info\\\/magazine\\\/?s={search_term_string}\"},\"query-input\":{\"@type\":\"PropertyValueSpecification\",\"valueRequired\":true,\"valueName\":\"search_term_string\"}}],\"inLanguage\":\"es-AR\"},{\"@type\":\"Organization\",\"@id\":\"https:\\\/\\\/blogdiario.info\\\/magazine\\\/#organization\",\"name\":\"Guzzo Photos & Graphic Publications\",\"url\":\"https:\\\/\\\/blogdiario.info\\\/magazine\\\/\",\"logo\":{\"@type\":\"ImageObject\",\"inLanguage\":\"es-AR\",\"@id\":\"https:\\\/\\\/blogdiario.info\\\/magazine\\\/#\\\/schema\\\/logo\\\/image\\\/\",\"url\":\"https:\\\/\\\/blogdiario.info\\\/magazine\\\/images\\\/2020\\\/01\\\/cropped-blogdia_magazine.jpg\",\"contentUrl\":\"https:\\\/\\\/blogdiario.info\\\/magazine\\\/images\\\/2020\\\/01\\\/cropped-blogdia_magazine.jpg\",\"width\":589,\"height\":55,\"caption\":\"Guzzo Photos & Graphic Publications\"},\"image\":{\"@id\":\"https:\\\/\\\/blogdiario.info\\\/magazine\\\/#\\\/schema\\\/logo\\\/image\\\/\"}},{\"@type\":\"Person\",\"@id\":\"https:\\\/\\\/blogdiario.info\\\/magazine\\\/#\\\/schema\\\/person\\\/b2422fe85574d945bad55513bb0c7354\",\"name\":\"World Press Service | Servicio de Prensa Mundial\"}]}<\/script>\n<!-- \/ Yoast SEO plugin. -->","yoast_head_json":{"title":"Los artistas de Odesa piden una zona de exclusi\u00f3n a\u00e9rea - BlogDiario Magazine","robots":{"index":"index","follow":"follow","max-snippet":"max-snippet:-1","max-image-preview":"max-image-preview:large","max-video-preview":"max-video-preview:-1"},"canonical":"https:\/\/blogdiario.info\/magazine\/2022\/03\/14\/los-artistas-de-odesa-piden-una-zona-de-exclusion-aerea\/","og_locale":"es_ES","og_type":"article","og_title":"Los artistas de Odesa piden una zona de exclusi\u00f3n a\u00e9rea - BlogDiario Magazine","og_description":"El primer Teatro Acad\u00e9mico Nacional de \u00d3pera y Ballet de Odesa fue inaugurado en 1810 y destruido por un incendio en 1873. El moderno edificio fue construido por Fellner & Helmer en estilo neobarroco (barroco vien\u00e9s) e inaugurado en 1887.","og_url":"https:\/\/blogdiario.info\/magazine\/2022\/03\/14\/los-artistas-de-odesa-piden-una-zona-de-exclusion-aerea\/","og_site_name":"BlogDiario Magazine","article_published_time":"2022-03-14T13:30:05+00:00","article_modified_time":"2023-08-19T07:42:21+00:00","og_image":[{"width":600,"height":338,"url":"https:\/\/blogdiario.info\/magazine\/images\/2022\/03\/Odesa-TheaterII.jpg","type":"image\/jpeg"}],"author":"World Press Service | Servicio de Prensa Mundial","twitter_card":"summary_large_image","twitter_misc":{"Escrito por":"World Press Service | Servicio de Prensa Mundial","Tiempo de lectura":"2 minutos"},"schema":{"@context":"https:\/\/schema.org","@graph":[{"@type":"Article","@id":"https:\/\/blogdiario.info\/magazine\/2022\/03\/14\/los-artistas-de-odesa-piden-una-zona-de-exclusion-aerea\/#article","isPartOf":{"@id":"https:\/\/blogdiario.info\/magazine\/2022\/03\/14\/los-artistas-de-odesa-piden-una-zona-de-exclusion-aerea\/"},"author":{"name":"World Press Service | Servicio de Prensa Mundial","@id":"https:\/\/blogdiario.info\/magazine\/#\/schema\/person\/b2422fe85574d945bad55513bb0c7354"},"headline":"Los artistas de Odesa piden una zona de exclusi\u00f3n a\u00e9rea","datePublished":"2022-03-14T13:30:05+00:00","dateModified":"2023-08-19T07:42:21+00:00","mainEntityOfPage":{"@id":"https:\/\/blogdiario.info\/magazine\/2022\/03\/14\/los-artistas-de-odesa-piden-una-zona-de-exclusion-aerea\/"},"wordCount":239,"publisher":{"@id":"https:\/\/blogdiario.info\/magazine\/#organization"},"image":{"@id":"https:\/\/blogdiario.info\/magazine\/2022\/03\/14\/los-artistas-de-odesa-piden-una-zona-de-exclusion-aerea\/#primaryimage"},"thumbnailUrl":"https:\/\/blogdiario.info\/magazine\/images\/2022\/03\/Odesa-TheaterII.jpg","keywords":["Ucraina"],"articleSection":["Actualidad","Cultura","Eurasia","Multilingue","Politica"],"inLanguage":"es-AR"},{"@type":"WebPage","@id":"https:\/\/blogdiario.info\/magazine\/2022\/03\/14\/los-artistas-de-odesa-piden-una-zona-de-exclusion-aerea\/","url":"https:\/\/blogdiario.info\/magazine\/2022\/03\/14\/los-artistas-de-odesa-piden-una-zona-de-exclusion-aerea\/","name":"Los artistas de Odesa piden una zona de exclusi\u00f3n a\u00e9rea - BlogDiario Magazine","isPartOf":{"@id":"https:\/\/blogdiario.info\/magazine\/#website"},"primaryImageOfPage":{"@id":"https:\/\/blogdiario.info\/magazine\/2022\/03\/14\/los-artistas-de-odesa-piden-una-zona-de-exclusion-aerea\/#primaryimage"},"image":{"@id":"https:\/\/blogdiario.info\/magazine\/2022\/03\/14\/los-artistas-de-odesa-piden-una-zona-de-exclusion-aerea\/#primaryimage"},"thumbnailUrl":"https:\/\/blogdiario.info\/magazine\/images\/2022\/03\/Odesa-TheaterII.jpg","datePublished":"2022-03-14T13:30:05+00:00","dateModified":"2023-08-19T07:42:21+00:00","breadcrumb":{"@id":"https:\/\/blogdiario.info\/magazine\/2022\/03\/14\/los-artistas-de-odesa-piden-una-zona-de-exclusion-aerea\/#breadcrumb"},"inLanguage":"es-AR","potentialAction":[{"@type":"ReadAction","target":["https:\/\/blogdiario.info\/magazine\/2022\/03\/14\/los-artistas-de-odesa-piden-una-zona-de-exclusion-aerea\/"]}]},{"@type":"ImageObject","inLanguage":"es-AR","@id":"https:\/\/blogdiario.info\/magazine\/2022\/03\/14\/los-artistas-de-odesa-piden-una-zona-de-exclusion-aerea\/#primaryimage","url":"https:\/\/blogdiario.info\/magazine\/images\/2022\/03\/Odesa-TheaterII.jpg","contentUrl":"https:\/\/blogdiario.info\/magazine\/images\/2022\/03\/Odesa-TheaterII.jpg","width":600,"height":338},{"@type":"BreadcrumbList","@id":"https:\/\/blogdiario.info\/magazine\/2022\/03\/14\/los-artistas-de-odesa-piden-una-zona-de-exclusion-aerea\/#breadcrumb","itemListElement":[{"@type":"ListItem","position":1,"name":"Home","item":"https:\/\/blogdiario.info\/magazine\/"},{"@type":"ListItem","position":2,"name":"Los artistas de Odesa piden una zona de exclusi\u00f3n a\u00e9rea"}]},{"@type":"WebSite","@id":"https:\/\/blogdiario.info\/magazine\/#website","url":"https:\/\/blogdiario.info\/magazine\/","name":"BlogDiario Magazine","description":"Suplemento multiling\u00fce de ElCanillita.Info","publisher":{"@id":"https:\/\/blogdiario.info\/magazine\/#organization"},"potentialAction":[{"@type":"SearchAction","target":{"@type":"EntryPoint","urlTemplate":"https:\/\/blogdiario.info\/magazine\/?s={search_term_string}"},"query-input":{"@type":"PropertyValueSpecification","valueRequired":true,"valueName":"search_term_string"}}],"inLanguage":"es-AR"},{"@type":"Organization","@id":"https:\/\/blogdiario.info\/magazine\/#organization","name":"Guzzo Photos & Graphic Publications","url":"https:\/\/blogdiario.info\/magazine\/","logo":{"@type":"ImageObject","inLanguage":"es-AR","@id":"https:\/\/blogdiario.info\/magazine\/#\/schema\/logo\/image\/","url":"https:\/\/blogdiario.info\/magazine\/images\/2020\/01\/cropped-blogdia_magazine.jpg","contentUrl":"https:\/\/blogdiario.info\/magazine\/images\/2020\/01\/cropped-blogdia_magazine.jpg","width":589,"height":55,"caption":"Guzzo Photos & Graphic Publications"},"image":{"@id":"https:\/\/blogdiario.info\/magazine\/#\/schema\/logo\/image\/"}},{"@type":"Person","@id":"https:\/\/blogdiario.info\/magazine\/#\/schema\/person\/b2422fe85574d945bad55513bb0c7354","name":"World Press Service | Servicio de Prensa Mundial"}]}},"views":796,"_links":{"self":[{"href":"https:\/\/blogdiario.info\/magazine\/wp-json\/wp\/v2\/posts\/439","targetHints":{"allow":["GET"]}}],"collection":[{"href":"https:\/\/blogdiario.info\/magazine\/wp-json\/wp\/v2\/posts"}],"about":[{"href":"https:\/\/blogdiario.info\/magazine\/wp-json\/wp\/v2\/types\/post"}],"author":[{"embeddable":true,"href":"https:\/\/blogdiario.info\/magazine\/wp-json\/wp\/v2\/users\/1"}],"replies":[{"embeddable":true,"href":"https:\/\/blogdiario.info\/magazine\/wp-json\/wp\/v2\/comments?post=439"}],"version-history":[{"count":0,"href":"https:\/\/blogdiario.info\/magazine\/wp-json\/wp\/v2\/posts\/439\/revisions"}],"wp:featuredmedia":[{"embeddable":true,"href":"https:\/\/blogdiario.info\/magazine\/wp-json\/wp\/v2\/media\/440"}],"wp:attachment":[{"href":"https:\/\/blogdiario.info\/magazine\/wp-json\/wp\/v2\/media?parent=439"}],"wp:term":[{"taxonomy":"category","embeddable":true,"href":"https:\/\/blogdiario.info\/magazine\/wp-json\/wp\/v2\/categories?post=439"},{"taxonomy":"post_tag","embeddable":true,"href":"https:\/\/blogdiario.info\/magazine\/wp-json\/wp\/v2\/tags?post=439"}],"curies":[{"name":"wp","href":"https:\/\/api.w.org\/{rel}","templated":true}]}}