{"id":403,"date":"2022-03-09T00:04:27","date_gmt":"2022-03-09T03:04:27","guid":{"rendered":"https:\/\/blogdiario.info\/magazine\/?p=403"},"modified":"2023-08-19T04:53:30","modified_gmt":"2023-08-19T07:53:30","slug":"protestas-contra-la-guerra-en-toda-rusia","status":"publish","type":"post","link":"https:\/\/blogdiario.info\/magazine\/2022\/03\/09\/protestas-contra-la-guerra-en-toda-rusia\/","title":{"rendered":"Protestas contra la guerra en toda Rusia"},"content":{"rendered":"\n<figure class=\"wp-block-video\"><video controls src=\"https:\/\/blogdiario.info\/magazine\/images\/2022\/03\/Russia.mp4\"><\/video><\/figure>\n\n\n\n<p>El gobierno de Mosc\u00fa aplica severas sanciones penales a los ciudadanos de la Federaci\u00f3n Rusa que manifiesten contra la invasi\u00f3n de Ucrania. Incluso, las leyes prev\u00e9en cargos de traici\u00f3n a la patria.<br><br>\n<small>\u00a9 2022 PanPress.Eu\/SalaStampa.Eu\/DC24.News affiliate with USAGM \/ BBG &#8211; Translated and edited by Guzzo Photos &amp; Graphic Publications.\nCopyright \u00a9 1998-2022, RFA. Reprinted by BlogDiario.info with the permission of Radio Free Asia, 2025 M St. NW, Suite 300, Washington DC 20036<\/small> <\/p>\n","protected":false},"excerpt":{"rendered":"<p>El gobierno de Mosc\u00fa aplica severas sanciones penales a los ciudadanos de la Federaci\u00f3n Rusa que manifiesten contra la invasi\u00f3n de Ucrania<\/p>\n","protected":false},"author":1,"featured_media":404,"comment_status":"closed","ping_status":"closed","sticky":false,"template":"","format":"standard","meta":{"footnotes":"","_links_to":"","_links_to_target":""},"categories":[62,47,66,43],"tags":[78],"class_list":["post-403","post","type-post","status-publish","format-standard","has-post-thumbnail","hentry","category-actualidad","category-eurasia","category-multilingue","category-sociedad","tag-russia","entry","rows"],"yoast_head":"<!-- This site is optimized with the Yoast SEO plugin v27.4 - https:\/\/yoast.com\/product\/yoast-seo-wordpress\/ -->\n<title>Protestas contra la guerra en toda Rusia - BlogDiario Magazine<\/title>\n<meta name=\"robots\" content=\"index, follow, max-snippet:-1, max-image-preview:large, max-video-preview:-1\" \/>\n<link rel=\"canonical\" href=\"https:\/\/blogdiario.info\/magazine\/2022\/03\/09\/protestas-contra-la-guerra-en-toda-rusia\/\" \/>\n<meta property=\"og:locale\" content=\"es_ES\" \/>\n<meta property=\"og:type\" content=\"article\" \/>\n<meta property=\"og:title\" content=\"Protestas contra la guerra en toda Rusia - BlogDiario Magazine\" \/>\n<meta property=\"og:description\" content=\"El gobierno de Mosc\u00fa aplica severas sanciones penales a los ciudadanos de la Federaci\u00f3n Rusa que manifiesten contra la invasi\u00f3n de Ucrania\" \/>\n<meta property=\"og:url\" content=\"https:\/\/blogdiario.info\/magazine\/2022\/03\/09\/protestas-contra-la-guerra-en-toda-rusia\/\" \/>\n<meta property=\"og:site_name\" content=\"BlogDiario Magazine\" \/>\n<meta property=\"article:published_time\" content=\"2022-03-09T03:04:27+00:00\" \/>\n<meta property=\"article:modified_time\" content=\"2023-08-19T07:53:30+00:00\" \/>\n<meta property=\"og:image\" content=\"https:\/\/blogdiario.info\/magazine\/images\/2022\/03\/blog.jpg\" \/>\n\t<meta property=\"og:image:width\" content=\"600\" \/>\n\t<meta property=\"og:image:height\" content=\"400\" \/>\n\t<meta property=\"og:image:type\" content=\"image\/jpeg\" \/>\n<meta name=\"author\" content=\"World Press Service | Servicio de Prensa Mundial\" \/>\n<meta name=\"twitter:card\" content=\"summary_large_image\" \/>\n<meta name=\"twitter:label1\" content=\"Escrito por\" \/>\n\t<meta name=\"twitter:data1\" content=\"World Press Service | Servicio de Prensa Mundial\" \/>\n\t<meta name=\"twitter:label2\" content=\"Tiempo de lectura\" \/>\n\t<meta name=\"twitter:data2\" content=\"1 minuto\" \/>\n<script type=\"application\/ld+json\" class=\"yoast-schema-graph\">{\"@context\":\"https:\\\/\\\/schema.org\",\"@graph\":[{\"@type\":\"Article\",\"@id\":\"https:\\\/\\\/blogdiario.info\\\/magazine\\\/2022\\\/03\\\/09\\\/protestas-contra-la-guerra-en-toda-rusia\\\/#article\",\"isPartOf\":{\"@id\":\"https:\\\/\\\/blogdiario.info\\\/magazine\\\/2022\\\/03\\\/09\\\/protestas-contra-la-guerra-en-toda-rusia\\\/\"},\"author\":{\"name\":\"World Press Service | Servicio de Prensa Mundial\",\"@id\":\"https:\\\/\\\/blogdiario.info\\\/magazine\\\/#\\\/schema\\\/person\\\/b2422fe85574d945bad55513bb0c7354\"},\"headline\":\"Protestas contra la guerra en toda Rusia\",\"datePublished\":\"2022-03-09T03:04:27+00:00\",\"dateModified\":\"2023-08-19T07:53:30+00:00\",\"mainEntityOfPage\":{\"@id\":\"https:\\\/\\\/blogdiario.info\\\/magazine\\\/2022\\\/03\\\/09\\\/protestas-contra-la-guerra-en-toda-rusia\\\/\"},\"wordCount\":83,\"publisher\":{\"@id\":\"https:\\\/\\\/blogdiario.info\\\/magazine\\\/#organization\"},\"image\":{\"@id\":\"https:\\\/\\\/blogdiario.info\\\/magazine\\\/2022\\\/03\\\/09\\\/protestas-contra-la-guerra-en-toda-rusia\\\/#primaryimage\"},\"thumbnailUrl\":\"https:\\\/\\\/blogdiario.info\\\/magazine\\\/images\\\/2022\\\/03\\\/blog.jpg\",\"keywords\":[\"Russia\"],\"articleSection\":[\"Actualidad\",\"Eurasia\",\"Multilingue\",\"Sociedad\"],\"inLanguage\":\"es-AR\"},{\"@type\":\"WebPage\",\"@id\":\"https:\\\/\\\/blogdiario.info\\\/magazine\\\/2022\\\/03\\\/09\\\/protestas-contra-la-guerra-en-toda-rusia\\\/\",\"url\":\"https:\\\/\\\/blogdiario.info\\\/magazine\\\/2022\\\/03\\\/09\\\/protestas-contra-la-guerra-en-toda-rusia\\\/\",\"name\":\"Protestas contra la guerra en toda Rusia - BlogDiario Magazine\",\"isPartOf\":{\"@id\":\"https:\\\/\\\/blogdiario.info\\\/magazine\\\/#website\"},\"primaryImageOfPage\":{\"@id\":\"https:\\\/\\\/blogdiario.info\\\/magazine\\\/2022\\\/03\\\/09\\\/protestas-contra-la-guerra-en-toda-rusia\\\/#primaryimage\"},\"image\":{\"@id\":\"https:\\\/\\\/blogdiario.info\\\/magazine\\\/2022\\\/03\\\/09\\\/protestas-contra-la-guerra-en-toda-rusia\\\/#primaryimage\"},\"thumbnailUrl\":\"https:\\\/\\\/blogdiario.info\\\/magazine\\\/images\\\/2022\\\/03\\\/blog.jpg\",\"datePublished\":\"2022-03-09T03:04:27+00:00\",\"dateModified\":\"2023-08-19T07:53:30+00:00\",\"breadcrumb\":{\"@id\":\"https:\\\/\\\/blogdiario.info\\\/magazine\\\/2022\\\/03\\\/09\\\/protestas-contra-la-guerra-en-toda-rusia\\\/#breadcrumb\"},\"inLanguage\":\"es-AR\",\"potentialAction\":[{\"@type\":\"ReadAction\",\"target\":[\"https:\\\/\\\/blogdiario.info\\\/magazine\\\/2022\\\/03\\\/09\\\/protestas-contra-la-guerra-en-toda-rusia\\\/\"]}]},{\"@type\":\"ImageObject\",\"inLanguage\":\"es-AR\",\"@id\":\"https:\\\/\\\/blogdiario.info\\\/magazine\\\/2022\\\/03\\\/09\\\/protestas-contra-la-guerra-en-toda-rusia\\\/#primaryimage\",\"url\":\"https:\\\/\\\/blogdiario.info\\\/magazine\\\/images\\\/2022\\\/03\\\/blog.jpg\",\"contentUrl\":\"https:\\\/\\\/blogdiario.info\\\/magazine\\\/images\\\/2022\\\/03\\\/blog.jpg\",\"width\":600,\"height\":400},{\"@type\":\"BreadcrumbList\",\"@id\":\"https:\\\/\\\/blogdiario.info\\\/magazine\\\/2022\\\/03\\\/09\\\/protestas-contra-la-guerra-en-toda-rusia\\\/#breadcrumb\",\"itemListElement\":[{\"@type\":\"ListItem\",\"position\":1,\"name\":\"Home\",\"item\":\"https:\\\/\\\/blogdiario.info\\\/magazine\\\/\"},{\"@type\":\"ListItem\",\"position\":2,\"name\":\"Protestas contra la guerra en toda Rusia\"}]},{\"@type\":\"WebSite\",\"@id\":\"https:\\\/\\\/blogdiario.info\\\/magazine\\\/#website\",\"url\":\"https:\\\/\\\/blogdiario.info\\\/magazine\\\/\",\"name\":\"BlogDiario Magazine\",\"description\":\"Suplemento multiling\u00fce de ElCanillita.Info\",\"publisher\":{\"@id\":\"https:\\\/\\\/blogdiario.info\\\/magazine\\\/#organization\"},\"potentialAction\":[{\"@type\":\"SearchAction\",\"target\":{\"@type\":\"EntryPoint\",\"urlTemplate\":\"https:\\\/\\\/blogdiario.info\\\/magazine\\\/?s={search_term_string}\"},\"query-input\":{\"@type\":\"PropertyValueSpecification\",\"valueRequired\":true,\"valueName\":\"search_term_string\"}}],\"inLanguage\":\"es-AR\"},{\"@type\":\"Organization\",\"@id\":\"https:\\\/\\\/blogdiario.info\\\/magazine\\\/#organization\",\"name\":\"Guzzo Photos & Graphic Publications\",\"url\":\"https:\\\/\\\/blogdiario.info\\\/magazine\\\/\",\"logo\":{\"@type\":\"ImageObject\",\"inLanguage\":\"es-AR\",\"@id\":\"https:\\\/\\\/blogdiario.info\\\/magazine\\\/#\\\/schema\\\/logo\\\/image\\\/\",\"url\":\"https:\\\/\\\/blogdiario.info\\\/magazine\\\/images\\\/2020\\\/01\\\/cropped-blogdia_magazine.jpg\",\"contentUrl\":\"https:\\\/\\\/blogdiario.info\\\/magazine\\\/images\\\/2020\\\/01\\\/cropped-blogdia_magazine.jpg\",\"width\":589,\"height\":55,\"caption\":\"Guzzo Photos & Graphic Publications\"},\"image\":{\"@id\":\"https:\\\/\\\/blogdiario.info\\\/magazine\\\/#\\\/schema\\\/logo\\\/image\\\/\"}},{\"@type\":\"Person\",\"@id\":\"https:\\\/\\\/blogdiario.info\\\/magazine\\\/#\\\/schema\\\/person\\\/b2422fe85574d945bad55513bb0c7354\",\"name\":\"World Press Service | Servicio de Prensa Mundial\"}]}<\/script>\n<!-- \/ Yoast SEO plugin. -->","yoast_head_json":{"title":"Protestas contra la guerra en toda Rusia - BlogDiario Magazine","robots":{"index":"index","follow":"follow","max-snippet":"max-snippet:-1","max-image-preview":"max-image-preview:large","max-video-preview":"max-video-preview:-1"},"canonical":"https:\/\/blogdiario.info\/magazine\/2022\/03\/09\/protestas-contra-la-guerra-en-toda-rusia\/","og_locale":"es_ES","og_type":"article","og_title":"Protestas contra la guerra en toda Rusia - BlogDiario Magazine","og_description":"El gobierno de Mosc\u00fa aplica severas sanciones penales a los ciudadanos de la Federaci\u00f3n Rusa que manifiesten contra la invasi\u00f3n de Ucrania","og_url":"https:\/\/blogdiario.info\/magazine\/2022\/03\/09\/protestas-contra-la-guerra-en-toda-rusia\/","og_site_name":"BlogDiario Magazine","article_published_time":"2022-03-09T03:04:27+00:00","article_modified_time":"2023-08-19T07:53:30+00:00","og_image":[{"width":600,"height":400,"url":"https:\/\/blogdiario.info\/magazine\/images\/2022\/03\/blog.jpg","type":"image\/jpeg"}],"author":"World Press Service | Servicio de Prensa Mundial","twitter_card":"summary_large_image","twitter_misc":{"Escrito por":"World Press Service | Servicio de Prensa Mundial","Tiempo de lectura":"1 minuto"},"schema":{"@context":"https:\/\/schema.org","@graph":[{"@type":"Article","@id":"https:\/\/blogdiario.info\/magazine\/2022\/03\/09\/protestas-contra-la-guerra-en-toda-rusia\/#article","isPartOf":{"@id":"https:\/\/blogdiario.info\/magazine\/2022\/03\/09\/protestas-contra-la-guerra-en-toda-rusia\/"},"author":{"name":"World Press Service | Servicio de Prensa Mundial","@id":"https:\/\/blogdiario.info\/magazine\/#\/schema\/person\/b2422fe85574d945bad55513bb0c7354"},"headline":"Protestas contra la guerra en toda Rusia","datePublished":"2022-03-09T03:04:27+00:00","dateModified":"2023-08-19T07:53:30+00:00","mainEntityOfPage":{"@id":"https:\/\/blogdiario.info\/magazine\/2022\/03\/09\/protestas-contra-la-guerra-en-toda-rusia\/"},"wordCount":83,"publisher":{"@id":"https:\/\/blogdiario.info\/magazine\/#organization"},"image":{"@id":"https:\/\/blogdiario.info\/magazine\/2022\/03\/09\/protestas-contra-la-guerra-en-toda-rusia\/#primaryimage"},"thumbnailUrl":"https:\/\/blogdiario.info\/magazine\/images\/2022\/03\/blog.jpg","keywords":["Russia"],"articleSection":["Actualidad","Eurasia","Multilingue","Sociedad"],"inLanguage":"es-AR"},{"@type":"WebPage","@id":"https:\/\/blogdiario.info\/magazine\/2022\/03\/09\/protestas-contra-la-guerra-en-toda-rusia\/","url":"https:\/\/blogdiario.info\/magazine\/2022\/03\/09\/protestas-contra-la-guerra-en-toda-rusia\/","name":"Protestas contra la guerra en toda Rusia - BlogDiario Magazine","isPartOf":{"@id":"https:\/\/blogdiario.info\/magazine\/#website"},"primaryImageOfPage":{"@id":"https:\/\/blogdiario.info\/magazine\/2022\/03\/09\/protestas-contra-la-guerra-en-toda-rusia\/#primaryimage"},"image":{"@id":"https:\/\/blogdiario.info\/magazine\/2022\/03\/09\/protestas-contra-la-guerra-en-toda-rusia\/#primaryimage"},"thumbnailUrl":"https:\/\/blogdiario.info\/magazine\/images\/2022\/03\/blog.jpg","datePublished":"2022-03-09T03:04:27+00:00","dateModified":"2023-08-19T07:53:30+00:00","breadcrumb":{"@id":"https:\/\/blogdiario.info\/magazine\/2022\/03\/09\/protestas-contra-la-guerra-en-toda-rusia\/#breadcrumb"},"inLanguage":"es-AR","potentialAction":[{"@type":"ReadAction","target":["https:\/\/blogdiario.info\/magazine\/2022\/03\/09\/protestas-contra-la-guerra-en-toda-rusia\/"]}]},{"@type":"ImageObject","inLanguage":"es-AR","@id":"https:\/\/blogdiario.info\/magazine\/2022\/03\/09\/protestas-contra-la-guerra-en-toda-rusia\/#primaryimage","url":"https:\/\/blogdiario.info\/magazine\/images\/2022\/03\/blog.jpg","contentUrl":"https:\/\/blogdiario.info\/magazine\/images\/2022\/03\/blog.jpg","width":600,"height":400},{"@type":"BreadcrumbList","@id":"https:\/\/blogdiario.info\/magazine\/2022\/03\/09\/protestas-contra-la-guerra-en-toda-rusia\/#breadcrumb","itemListElement":[{"@type":"ListItem","position":1,"name":"Home","item":"https:\/\/blogdiario.info\/magazine\/"},{"@type":"ListItem","position":2,"name":"Protestas contra la guerra en toda Rusia"}]},{"@type":"WebSite","@id":"https:\/\/blogdiario.info\/magazine\/#website","url":"https:\/\/blogdiario.info\/magazine\/","name":"BlogDiario Magazine","description":"Suplemento multiling\u00fce de ElCanillita.Info","publisher":{"@id":"https:\/\/blogdiario.info\/magazine\/#organization"},"potentialAction":[{"@type":"SearchAction","target":{"@type":"EntryPoint","urlTemplate":"https:\/\/blogdiario.info\/magazine\/?s={search_term_string}"},"query-input":{"@type":"PropertyValueSpecification","valueRequired":true,"valueName":"search_term_string"}}],"inLanguage":"es-AR"},{"@type":"Organization","@id":"https:\/\/blogdiario.info\/magazine\/#organization","name":"Guzzo Photos & Graphic Publications","url":"https:\/\/blogdiario.info\/magazine\/","logo":{"@type":"ImageObject","inLanguage":"es-AR","@id":"https:\/\/blogdiario.info\/magazine\/#\/schema\/logo\/image\/","url":"https:\/\/blogdiario.info\/magazine\/images\/2020\/01\/cropped-blogdia_magazine.jpg","contentUrl":"https:\/\/blogdiario.info\/magazine\/images\/2020\/01\/cropped-blogdia_magazine.jpg","width":589,"height":55,"caption":"Guzzo Photos & Graphic Publications"},"image":{"@id":"https:\/\/blogdiario.info\/magazine\/#\/schema\/logo\/image\/"}},{"@type":"Person","@id":"https:\/\/blogdiario.info\/magazine\/#\/schema\/person\/b2422fe85574d945bad55513bb0c7354","name":"World Press Service | Servicio de Prensa Mundial"}]}},"views":630,"_links":{"self":[{"href":"https:\/\/blogdiario.info\/magazine\/wp-json\/wp\/v2\/posts\/403","targetHints":{"allow":["GET"]}}],"collection":[{"href":"https:\/\/blogdiario.info\/magazine\/wp-json\/wp\/v2\/posts"}],"about":[{"href":"https:\/\/blogdiario.info\/magazine\/wp-json\/wp\/v2\/types\/post"}],"author":[{"embeddable":true,"href":"https:\/\/blogdiario.info\/magazine\/wp-json\/wp\/v2\/users\/1"}],"replies":[{"embeddable":true,"href":"https:\/\/blogdiario.info\/magazine\/wp-json\/wp\/v2\/comments?post=403"}],"version-history":[{"count":0,"href":"https:\/\/blogdiario.info\/magazine\/wp-json\/wp\/v2\/posts\/403\/revisions"}],"wp:featuredmedia":[{"embeddable":true,"href":"https:\/\/blogdiario.info\/magazine\/wp-json\/wp\/v2\/media\/404"}],"wp:attachment":[{"href":"https:\/\/blogdiario.info\/magazine\/wp-json\/wp\/v2\/media?parent=403"}],"wp:term":[{"taxonomy":"category","embeddable":true,"href":"https:\/\/blogdiario.info\/magazine\/wp-json\/wp\/v2\/categories?post=403"},{"taxonomy":"post_tag","embeddable":true,"href":"https:\/\/blogdiario.info\/magazine\/wp-json\/wp\/v2\/tags?post=403"}],"curies":[{"name":"wp","href":"https:\/\/api.w.org\/{rel}","templated":true}]}}