{"id":368,"date":"2022-01-10T07:29:52","date_gmt":"2022-01-10T10:29:52","guid":{"rendered":"https:\/\/blogdiario.info\/magazine\/?p=368"},"modified":"2022-04-23T06:22:35","modified_gmt":"2022-04-23T09:22:35","slug":"tensa-calma-en-almaty-y-el-resto-de-kazajistan","status":"publish","type":"post","link":"https:\/\/blogdiario.info\/magazine\/2022\/01\/10\/tensa-calma-en-almaty-y-el-resto-de-kazajistan\/","title":{"rendered":"Tensa calma en Almaty y el resto de Kazajist\u00e1n"},"content":{"rendered":"\n<figure class=\"wp-block-video\"><video controls src=\"https:\/\/blogdiario.info\/magazine\/images\/2022\/01\/Nazarbaev.mp4\"><\/video><\/figure>\n\n\n\n<p>El sistema de gobierno basado en el patrocinio establecido por Nazarbaev durante su presidencia de 1990-2019 sigue vigente y sus beneficiarios, incluido el protegido pol\u00edtico de Nazarbaev, el presidente kazajo Qasym-Zhomart Toqaev, permanecen en el cargo.<br><br>Las manifestaciones de Kazajst\u00e1n comenzaron pac\u00edficamente el 2 de enero en la regi\u00f3n occidental kazaja de Mangystau, despu\u00e9s de que el precio del gas licuado de petr\u00f3leo, utilizado localmente como combustible para veh\u00edculos, se duplicara aproximadamente a 120 Tenge kazako (28 centavos de d\u00f3lar) por litro. Aunque el gobierno se comprometi\u00f3 a controlar esos precios, la protesta se extendi\u00f3 por todo el pa\u00eds y los participantes exigieron la renuncia del gobierno y la eliminaci\u00f3n de la influencia de Nazarbaev, apodado el \u201cViejo\u201d.<\/p>\n\n\n\n<p>El 5 de enero, en la capital comercial de Kazajst\u00e1n, Almaty, una ciudad de 1,8 millones de habitantes, los manifestantes irrumpieron en la sede del gobierno de la ciudad y, supuestamente, tomaron el control de su aeropuerto y destrozaron las instalaciones antes de que intervinieran las fuerzas de seguridad. Se provocaron incendios en el ayuntamiento de Almaty, las oficinas del gobernante Nur-Otan de Nazarbaev.<br><br>El presidente Toqaev ha culpado de la violencia y el caos a las \u201cbandas de terroristas\u201d entrenadas en el extranjero. Calificando la agitaci\u00f3n como \u201cun acto de agresi\u00f3n\u201d, Toqaev pidi\u00f3 ayuda a la Organizaci\u00f3n del Tratado de Seguridad Colectiva (CSTO) liderada por Mosc\u00fa, un bloque de defensa mutua con Rusia, Armenia, Bielorrusia, Kirguist\u00e1n y Tayikist\u00e1n, \u201cpara superar esta amenaza terrorista. \u201d<br><br>En una publicaci\u00f3n de Facebook, el primer ministro armenio, Nikol Pashinian, quien actualmente preside la CSTO, declar\u00f3 que el bloque enviar\u00eda tropas de mantenimiento de la paz \u201cpor un per\u00edodo de tiempo limitado\u201d para fomentar la estabilidad.<\/p>\n\n\n\n<p>Las tropas aerotransportadas rusas partieron hacia Kazajst\u00e1n el 6 de enero de 2022 como parte de la fuerza de mantenimiento de la paz de la Organizaci\u00f3n del Tratado de Seguridad Colectiva.<br><br>Sin embargo, en una entrevista con Current Time, un ex primer ministro de la era de Nazarbaev, Akezhan Kazhegeldin, enfatiz\u00f3 que la responsabilidad de tal estabilidad recae en el presidente Toqaev.<\/p>\n\n\n\n<p>El desorden p\u00fablico, incluso cuando se convierte en una guerra civil, \u201csiempre es responsabilidad de las autoridades, nunca responsabilidad de los ciudadanos\u201d, quienes \u201csolo defienden sus propios derechos\u201d, dijo Kazhegeldin, funcionario que se desempe\u00f1\u00f3 como primer ministro de 1994 a 1997. <br>\u201cPor por eso, Toqaev debe dar el primer paso. Es el presidente electo. Deber\u00eda reunirse con sus votantes\u201d.<\/p>\n\n\n\n<p>En medio de las dificultades econ\u00f3micas (el Producto Interno Bruto per c\u00e1pita anual apenas supera los 9.000 d\u00f3lares en este pa\u00eds de aproximadamente 19 millones), la ira por las ventajas financieras percibidas de la proximidad a Nazarbaev y otras figuras influyentes es genuina, dicen los cr\u00edticos del gobierno.<\/p>\n\n\n\n<p>Una investigaci\u00f3n de RFE\/RL de 2020 descubri\u00f3 que la familia de Nazarbaev posee propiedades de lujo en seis pa\u00edses valoradas en casi 785 millones de d\u00f3lares.<br><br> <small>Copyright \u00a9 1998-2022, RFE\/RL &#8211; Reprinted by BlogDiario.Info with the permission of Radio Free Europe\/Radio Liberty, 1201 Connecticut Ave NW, Ste 400, Washington DC 20036<\/small><br><small>\u00a9 2022 SalaStampa.Eu \/ DC24.News affiliate with USAGM \/ BBG &#8211; Translated by Guzzo Photos &amp; Graphic Publications.<\/small><\/p>\n","protected":false},"excerpt":{"rendered":"<p>M\u00e1s de un centenar de muertos en los disturbios que azota a Kazajst\u00e1n, 103 de ellos solo en la antigua capital, Almaty. As\u00ed informaron varios medios citando al Ministerio de Salud.<\/p>\n","protected":false},"author":1,"featured_media":369,"comment_status":"closed","ping_status":"closed","sticky":false,"template":"","format":"standard","meta":{"footnotes":"","_links_to":"","_links_to_target":""},"categories":[62,47,66,41],"tags":[82],"class_list":["post-368","post","type-post","status-publish","format-standard","has-post-thumbnail","hentry","category-actualidad","category-eurasia","category-multilingue","category-politica-esp","tag-kazakistan","entry","rows"],"yoast_head":"<!-- This site is optimized with the Yoast SEO plugin v27.4 - https:\/\/yoast.com\/product\/yoast-seo-wordpress\/ -->\n<title>Tensa calma en Almaty y el resto de Kazajist\u00e1n - BlogDiario Magazine<\/title>\n<meta name=\"robots\" content=\"index, follow, max-snippet:-1, max-image-preview:large, max-video-preview:-1\" \/>\n<link rel=\"canonical\" href=\"https:\/\/blogdiario.info\/magazine\/2022\/01\/10\/tensa-calma-en-almaty-y-el-resto-de-kazajistan\/\" \/>\n<meta property=\"og:locale\" content=\"es_ES\" \/>\n<meta property=\"og:type\" content=\"article\" \/>\n<meta property=\"og:title\" content=\"Tensa calma en Almaty y el resto de Kazajist\u00e1n - BlogDiario Magazine\" \/>\n<meta property=\"og:description\" content=\"M\u00e1s de un centenar de muertos en los disturbios que azota a Kazajst\u00e1n, 103 de ellos solo en la antigua capital, Almaty. As\u00ed informaron varios medios citando al Ministerio de Salud.\" \/>\n<meta property=\"og:url\" content=\"https:\/\/blogdiario.info\/magazine\/2022\/01\/10\/tensa-calma-en-almaty-y-el-resto-de-kazajistan\/\" \/>\n<meta property=\"og:site_name\" content=\"BlogDiario Magazine\" \/>\n<meta property=\"article:published_time\" content=\"2022-01-10T10:29:52+00:00\" \/>\n<meta property=\"article:modified_time\" content=\"2022-04-23T09:22:35+00:00\" \/>\n<meta property=\"og:image\" content=\"https:\/\/blogdiario.info\/magazine\/images\/2022\/01\/Kazajstan-1.jpg\" \/>\n\t<meta property=\"og:image:width\" content=\"600\" \/>\n\t<meta property=\"og:image:height\" content=\"400\" \/>\n\t<meta property=\"og:image:type\" content=\"image\/jpeg\" \/>\n<meta name=\"author\" content=\"World Press Service | Servicio de Prensa Mundial\" \/>\n<meta name=\"twitter:card\" content=\"summary_large_image\" \/>\n<meta name=\"twitter:label1\" content=\"Escrito por\" \/>\n\t<meta name=\"twitter:data1\" content=\"World Press Service | Servicio de Prensa Mundial\" \/>\n\t<meta name=\"twitter:label2\" content=\"Tiempo de lectura\" \/>\n\t<meta name=\"twitter:data2\" content=\"3 minutos\" \/>\n<script type=\"application\/ld+json\" class=\"yoast-schema-graph\">{\"@context\":\"https:\\\/\\\/schema.org\",\"@graph\":[{\"@type\":\"Article\",\"@id\":\"https:\\\/\\\/blogdiario.info\\\/magazine\\\/2022\\\/01\\\/10\\\/tensa-calma-en-almaty-y-el-resto-de-kazajistan\\\/#article\",\"isPartOf\":{\"@id\":\"https:\\\/\\\/blogdiario.info\\\/magazine\\\/2022\\\/01\\\/10\\\/tensa-calma-en-almaty-y-el-resto-de-kazajistan\\\/\"},\"author\":{\"name\":\"World Press Service | Servicio de Prensa Mundial\",\"@id\":\"https:\\\/\\\/blogdiario.info\\\/magazine\\\/#\\\/schema\\\/person\\\/b2422fe85574d945bad55513bb0c7354\"},\"headline\":\"Tensa calma en Almaty y el resto de Kazajist\u00e1n\",\"datePublished\":\"2022-01-10T10:29:52+00:00\",\"dateModified\":\"2022-04-23T09:22:35+00:00\",\"mainEntityOfPage\":{\"@id\":\"https:\\\/\\\/blogdiario.info\\\/magazine\\\/2022\\\/01\\\/10\\\/tensa-calma-en-almaty-y-el-resto-de-kazajistan\\\/\"},\"wordCount\":543,\"publisher\":{\"@id\":\"https:\\\/\\\/blogdiario.info\\\/magazine\\\/#organization\"},\"image\":{\"@id\":\"https:\\\/\\\/blogdiario.info\\\/magazine\\\/2022\\\/01\\\/10\\\/tensa-calma-en-almaty-y-el-resto-de-kazajistan\\\/#primaryimage\"},\"thumbnailUrl\":\"https:\\\/\\\/blogdiario.info\\\/magazine\\\/images\\\/2022\\\/01\\\/Kazajstan-1.jpg\",\"keywords\":[\"Kazakistan\"],\"articleSection\":[\"Actualidad\",\"Eurasia\",\"Multilingue\",\"Politica\"],\"inLanguage\":\"es-AR\"},{\"@type\":\"WebPage\",\"@id\":\"https:\\\/\\\/blogdiario.info\\\/magazine\\\/2022\\\/01\\\/10\\\/tensa-calma-en-almaty-y-el-resto-de-kazajistan\\\/\",\"url\":\"https:\\\/\\\/blogdiario.info\\\/magazine\\\/2022\\\/01\\\/10\\\/tensa-calma-en-almaty-y-el-resto-de-kazajistan\\\/\",\"name\":\"Tensa calma en Almaty y el resto de Kazajist\u00e1n - BlogDiario Magazine\",\"isPartOf\":{\"@id\":\"https:\\\/\\\/blogdiario.info\\\/magazine\\\/#website\"},\"primaryImageOfPage\":{\"@id\":\"https:\\\/\\\/blogdiario.info\\\/magazine\\\/2022\\\/01\\\/10\\\/tensa-calma-en-almaty-y-el-resto-de-kazajistan\\\/#primaryimage\"},\"image\":{\"@id\":\"https:\\\/\\\/blogdiario.info\\\/magazine\\\/2022\\\/01\\\/10\\\/tensa-calma-en-almaty-y-el-resto-de-kazajistan\\\/#primaryimage\"},\"thumbnailUrl\":\"https:\\\/\\\/blogdiario.info\\\/magazine\\\/images\\\/2022\\\/01\\\/Kazajstan-1.jpg\",\"datePublished\":\"2022-01-10T10:29:52+00:00\",\"dateModified\":\"2022-04-23T09:22:35+00:00\",\"breadcrumb\":{\"@id\":\"https:\\\/\\\/blogdiario.info\\\/magazine\\\/2022\\\/01\\\/10\\\/tensa-calma-en-almaty-y-el-resto-de-kazajistan\\\/#breadcrumb\"},\"inLanguage\":\"es-AR\",\"potentialAction\":[{\"@type\":\"ReadAction\",\"target\":[\"https:\\\/\\\/blogdiario.info\\\/magazine\\\/2022\\\/01\\\/10\\\/tensa-calma-en-almaty-y-el-resto-de-kazajistan\\\/\"]}]},{\"@type\":\"ImageObject\",\"inLanguage\":\"es-AR\",\"@id\":\"https:\\\/\\\/blogdiario.info\\\/magazine\\\/2022\\\/01\\\/10\\\/tensa-calma-en-almaty-y-el-resto-de-kazajistan\\\/#primaryimage\",\"url\":\"https:\\\/\\\/blogdiario.info\\\/magazine\\\/images\\\/2022\\\/01\\\/Kazajstan-1.jpg\",\"contentUrl\":\"https:\\\/\\\/blogdiario.info\\\/magazine\\\/images\\\/2022\\\/01\\\/Kazajstan-1.jpg\",\"width\":600,\"height\":400},{\"@type\":\"BreadcrumbList\",\"@id\":\"https:\\\/\\\/blogdiario.info\\\/magazine\\\/2022\\\/01\\\/10\\\/tensa-calma-en-almaty-y-el-resto-de-kazajistan\\\/#breadcrumb\",\"itemListElement\":[{\"@type\":\"ListItem\",\"position\":1,\"name\":\"Home\",\"item\":\"https:\\\/\\\/blogdiario.info\\\/magazine\\\/\"},{\"@type\":\"ListItem\",\"position\":2,\"name\":\"Tensa calma en Almaty y el resto de Kazajist\u00e1n\"}]},{\"@type\":\"WebSite\",\"@id\":\"https:\\\/\\\/blogdiario.info\\\/magazine\\\/#website\",\"url\":\"https:\\\/\\\/blogdiario.info\\\/magazine\\\/\",\"name\":\"BlogDiario Magazine\",\"description\":\"Suplemento multiling\u00fce de ElCanillita.Info\",\"publisher\":{\"@id\":\"https:\\\/\\\/blogdiario.info\\\/magazine\\\/#organization\"},\"potentialAction\":[{\"@type\":\"SearchAction\",\"target\":{\"@type\":\"EntryPoint\",\"urlTemplate\":\"https:\\\/\\\/blogdiario.info\\\/magazine\\\/?s={search_term_string}\"},\"query-input\":{\"@type\":\"PropertyValueSpecification\",\"valueRequired\":true,\"valueName\":\"search_term_string\"}}],\"inLanguage\":\"es-AR\"},{\"@type\":\"Organization\",\"@id\":\"https:\\\/\\\/blogdiario.info\\\/magazine\\\/#organization\",\"name\":\"Guzzo Photos & Graphic Publications\",\"url\":\"https:\\\/\\\/blogdiario.info\\\/magazine\\\/\",\"logo\":{\"@type\":\"ImageObject\",\"inLanguage\":\"es-AR\",\"@id\":\"https:\\\/\\\/blogdiario.info\\\/magazine\\\/#\\\/schema\\\/logo\\\/image\\\/\",\"url\":\"https:\\\/\\\/blogdiario.info\\\/magazine\\\/images\\\/2020\\\/01\\\/cropped-blogdia_magazine.jpg\",\"contentUrl\":\"https:\\\/\\\/blogdiario.info\\\/magazine\\\/images\\\/2020\\\/01\\\/cropped-blogdia_magazine.jpg\",\"width\":589,\"height\":55,\"caption\":\"Guzzo Photos & Graphic Publications\"},\"image\":{\"@id\":\"https:\\\/\\\/blogdiario.info\\\/magazine\\\/#\\\/schema\\\/logo\\\/image\\\/\"}},{\"@type\":\"Person\",\"@id\":\"https:\\\/\\\/blogdiario.info\\\/magazine\\\/#\\\/schema\\\/person\\\/b2422fe85574d945bad55513bb0c7354\",\"name\":\"World Press Service | Servicio de Prensa Mundial\"}]}<\/script>\n<!-- \/ Yoast SEO plugin. -->","yoast_head_json":{"title":"Tensa calma en Almaty y el resto de Kazajist\u00e1n - BlogDiario Magazine","robots":{"index":"index","follow":"follow","max-snippet":"max-snippet:-1","max-image-preview":"max-image-preview:large","max-video-preview":"max-video-preview:-1"},"canonical":"https:\/\/blogdiario.info\/magazine\/2022\/01\/10\/tensa-calma-en-almaty-y-el-resto-de-kazajistan\/","og_locale":"es_ES","og_type":"article","og_title":"Tensa calma en Almaty y el resto de Kazajist\u00e1n - BlogDiario Magazine","og_description":"M\u00e1s de un centenar de muertos en los disturbios que azota a Kazajst\u00e1n, 103 de ellos solo en la antigua capital, Almaty. As\u00ed informaron varios medios citando al Ministerio de Salud.","og_url":"https:\/\/blogdiario.info\/magazine\/2022\/01\/10\/tensa-calma-en-almaty-y-el-resto-de-kazajistan\/","og_site_name":"BlogDiario Magazine","article_published_time":"2022-01-10T10:29:52+00:00","article_modified_time":"2022-04-23T09:22:35+00:00","og_image":[{"width":600,"height":400,"url":"https:\/\/blogdiario.info\/magazine\/images\/2022\/01\/Kazajstan-1.jpg","type":"image\/jpeg"}],"author":"World Press Service | Servicio de Prensa Mundial","twitter_card":"summary_large_image","twitter_misc":{"Escrito por":"World Press Service | Servicio de Prensa Mundial","Tiempo de lectura":"3 minutos"},"schema":{"@context":"https:\/\/schema.org","@graph":[{"@type":"Article","@id":"https:\/\/blogdiario.info\/magazine\/2022\/01\/10\/tensa-calma-en-almaty-y-el-resto-de-kazajistan\/#article","isPartOf":{"@id":"https:\/\/blogdiario.info\/magazine\/2022\/01\/10\/tensa-calma-en-almaty-y-el-resto-de-kazajistan\/"},"author":{"name":"World Press Service | Servicio de Prensa Mundial","@id":"https:\/\/blogdiario.info\/magazine\/#\/schema\/person\/b2422fe85574d945bad55513bb0c7354"},"headline":"Tensa calma en Almaty y el resto de Kazajist\u00e1n","datePublished":"2022-01-10T10:29:52+00:00","dateModified":"2022-04-23T09:22:35+00:00","mainEntityOfPage":{"@id":"https:\/\/blogdiario.info\/magazine\/2022\/01\/10\/tensa-calma-en-almaty-y-el-resto-de-kazajistan\/"},"wordCount":543,"publisher":{"@id":"https:\/\/blogdiario.info\/magazine\/#organization"},"image":{"@id":"https:\/\/blogdiario.info\/magazine\/2022\/01\/10\/tensa-calma-en-almaty-y-el-resto-de-kazajistan\/#primaryimage"},"thumbnailUrl":"https:\/\/blogdiario.info\/magazine\/images\/2022\/01\/Kazajstan-1.jpg","keywords":["Kazakistan"],"articleSection":["Actualidad","Eurasia","Multilingue","Politica"],"inLanguage":"es-AR"},{"@type":"WebPage","@id":"https:\/\/blogdiario.info\/magazine\/2022\/01\/10\/tensa-calma-en-almaty-y-el-resto-de-kazajistan\/","url":"https:\/\/blogdiario.info\/magazine\/2022\/01\/10\/tensa-calma-en-almaty-y-el-resto-de-kazajistan\/","name":"Tensa calma en Almaty y el resto de Kazajist\u00e1n - BlogDiario Magazine","isPartOf":{"@id":"https:\/\/blogdiario.info\/magazine\/#website"},"primaryImageOfPage":{"@id":"https:\/\/blogdiario.info\/magazine\/2022\/01\/10\/tensa-calma-en-almaty-y-el-resto-de-kazajistan\/#primaryimage"},"image":{"@id":"https:\/\/blogdiario.info\/magazine\/2022\/01\/10\/tensa-calma-en-almaty-y-el-resto-de-kazajistan\/#primaryimage"},"thumbnailUrl":"https:\/\/blogdiario.info\/magazine\/images\/2022\/01\/Kazajstan-1.jpg","datePublished":"2022-01-10T10:29:52+00:00","dateModified":"2022-04-23T09:22:35+00:00","breadcrumb":{"@id":"https:\/\/blogdiario.info\/magazine\/2022\/01\/10\/tensa-calma-en-almaty-y-el-resto-de-kazajistan\/#breadcrumb"},"inLanguage":"es-AR","potentialAction":[{"@type":"ReadAction","target":["https:\/\/blogdiario.info\/magazine\/2022\/01\/10\/tensa-calma-en-almaty-y-el-resto-de-kazajistan\/"]}]},{"@type":"ImageObject","inLanguage":"es-AR","@id":"https:\/\/blogdiario.info\/magazine\/2022\/01\/10\/tensa-calma-en-almaty-y-el-resto-de-kazajistan\/#primaryimage","url":"https:\/\/blogdiario.info\/magazine\/images\/2022\/01\/Kazajstan-1.jpg","contentUrl":"https:\/\/blogdiario.info\/magazine\/images\/2022\/01\/Kazajstan-1.jpg","width":600,"height":400},{"@type":"BreadcrumbList","@id":"https:\/\/blogdiario.info\/magazine\/2022\/01\/10\/tensa-calma-en-almaty-y-el-resto-de-kazajistan\/#breadcrumb","itemListElement":[{"@type":"ListItem","position":1,"name":"Home","item":"https:\/\/blogdiario.info\/magazine\/"},{"@type":"ListItem","position":2,"name":"Tensa calma en Almaty y el resto de Kazajist\u00e1n"}]},{"@type":"WebSite","@id":"https:\/\/blogdiario.info\/magazine\/#website","url":"https:\/\/blogdiario.info\/magazine\/","name":"BlogDiario Magazine","description":"Suplemento multiling\u00fce de ElCanillita.Info","publisher":{"@id":"https:\/\/blogdiario.info\/magazine\/#organization"},"potentialAction":[{"@type":"SearchAction","target":{"@type":"EntryPoint","urlTemplate":"https:\/\/blogdiario.info\/magazine\/?s={search_term_string}"},"query-input":{"@type":"PropertyValueSpecification","valueRequired":true,"valueName":"search_term_string"}}],"inLanguage":"es-AR"},{"@type":"Organization","@id":"https:\/\/blogdiario.info\/magazine\/#organization","name":"Guzzo Photos & Graphic Publications","url":"https:\/\/blogdiario.info\/magazine\/","logo":{"@type":"ImageObject","inLanguage":"es-AR","@id":"https:\/\/blogdiario.info\/magazine\/#\/schema\/logo\/image\/","url":"https:\/\/blogdiario.info\/magazine\/images\/2020\/01\/cropped-blogdia_magazine.jpg","contentUrl":"https:\/\/blogdiario.info\/magazine\/images\/2020\/01\/cropped-blogdia_magazine.jpg","width":589,"height":55,"caption":"Guzzo Photos & Graphic Publications"},"image":{"@id":"https:\/\/blogdiario.info\/magazine\/#\/schema\/logo\/image\/"}},{"@type":"Person","@id":"https:\/\/blogdiario.info\/magazine\/#\/schema\/person\/b2422fe85574d945bad55513bb0c7354","name":"World Press Service | Servicio de Prensa Mundial"}]}},"views":736,"_links":{"self":[{"href":"https:\/\/blogdiario.info\/magazine\/wp-json\/wp\/v2\/posts\/368","targetHints":{"allow":["GET"]}}],"collection":[{"href":"https:\/\/blogdiario.info\/magazine\/wp-json\/wp\/v2\/posts"}],"about":[{"href":"https:\/\/blogdiario.info\/magazine\/wp-json\/wp\/v2\/types\/post"}],"author":[{"embeddable":true,"href":"https:\/\/blogdiario.info\/magazine\/wp-json\/wp\/v2\/users\/1"}],"replies":[{"embeddable":true,"href":"https:\/\/blogdiario.info\/magazine\/wp-json\/wp\/v2\/comments?post=368"}],"version-history":[{"count":0,"href":"https:\/\/blogdiario.info\/magazine\/wp-json\/wp\/v2\/posts\/368\/revisions"}],"wp:featuredmedia":[{"embeddable":true,"href":"https:\/\/blogdiario.info\/magazine\/wp-json\/wp\/v2\/media\/369"}],"wp:attachment":[{"href":"https:\/\/blogdiario.info\/magazine\/wp-json\/wp\/v2\/media?parent=368"}],"wp:term":[{"taxonomy":"category","embeddable":true,"href":"https:\/\/blogdiario.info\/magazine\/wp-json\/wp\/v2\/categories?post=368"},{"taxonomy":"post_tag","embeddable":true,"href":"https:\/\/blogdiario.info\/magazine\/wp-json\/wp\/v2\/tags?post=368"}],"curies":[{"name":"wp","href":"https:\/\/api.w.org\/{rel}","templated":true}]}}