{"id":360,"date":"2022-01-04T09:10:06","date_gmt":"2022-01-04T12:10:06","guid":{"rendered":"https:\/\/blogdiario.info\/magazine\/?p=360"},"modified":"2022-04-23T06:23:16","modified_gmt":"2022-04-23T09:23:16","slug":"primer-ministro-haitiano-ariel-henry-tiroteo-te-deum","status":"publish","type":"post","link":"https:\/\/blogdiario.info\/magazine\/2022\/01\/04\/primer-ministro-haitiano-ariel-henry-tiroteo-te-deum\/","title":{"rendered":"La comitiva del primer ministro Haitiano, Ariel Henry, estuvo al centro de un tiroteo al final de un Te Deum"},"content":{"rendered":"\n<figure class=\"wp-block-video\"><video controls src=\"https:\/\/blogdiario.info\/magazine\/images\/2022\/01\/Haiti.mp4\"><\/video><\/figure>\n\n\n\n<p>Gona\u00efves (Hait\u00ed), 1 de enero de 2022 [AlterPresse] &#8211; Una persona result\u00f3 muerta y varias otras heridas de bala, durante enfrentamientos armados entre polic\u00edas y bandidos, tras la celebraci\u00f3n oficial, este s\u00e1bado 1 de enero de 2022, en Gona\u00efves (Artibonite \/ Nord), del 218 aniversario de la independencia de Hait\u00ed, seg\u00fan informaci\u00f3n recopilada por la agencia AlterPresse.<\/p>\n\n\n\n<p>Una de las v\u00edctimas muri\u00f3 a causa de sus heridas en el Hospital La Providence despu\u00e9s de un intercambio de disparos, informa una fuente a AlterPresse.<\/p>\n\n\n\n<p>Los enfrentamientos estallaron a ra\u00edz de un movimiento de protesta organizado contra la presencia del primer ministro de facto Ariel Henry en Gona\u00efves para participar en un tradicional Te Deum con motivo del D\u00eda de la Independencia.<\/p>\n\n\n\n<p>Acompa\u00f1ado por el ministro de Justicia de facto, Berto Dorc\u00e9, el de Interior y Comunidades Territoriales, Liszt Quitel, entre otros, el primer ministro de facto Ariel Henry particip\u00f3 sin embargo en el Te Deum, celebrado por el obispo cat\u00f3lico de Gona\u00efves, Monse\u00f1or Yves-Marie P\u00e9an, en la Catedral del Recuerdo de Gona\u00efves, a pesar del descontento observado durante varios d\u00edas en la localidad.<\/p>\n\n\n\n<p>Se escucharon fuertes disparos en los alrededores de la Catedral, donde se coloc\u00f3 un importante dispositivo de seguridad para asegurar el per\u00edmetro, durante el transcurso del Te Deum.<\/p>\n\n\n\n<p>La presencia de fieles no se not\u00f3 en la iglesia, a excepci\u00f3n de algunas personalidades y autoridades locales, luego de las amenazas de los bandidos.<\/p>\n\n\n\n<p>Para salir de la Catedral, la delegaci\u00f3n oficial se vio obligada a usar un chaleco protector, mientras se escuchaba en las inmediaciones el crujido de armas autom\u00e1ticas, un verdadero p\u00e1nico.<\/p>\n\n\n\n<p>Tambi\u00e9n reinaban altas tensiones cerca de la Place d&#8217;Armes, donde se erigieron gradas oficiales para acomodar a los funcionarios del gobierno de facto.<\/p>\n\n\n\n<p>En vista de los continuos disturbios, Ariel Henry se vio obligado a abandonar la ciudad, sin pronunciar el tradicional discurso esperado para el d\u00eda de la Independencia.<\/p>\n\n\n\n<p>El d\u00eda anterior, viernes 31 de diciembre de 2021, resonaron r\u00e1fagas de armas autom\u00e1ticas en Gona\u00efves, sugiriendo posibles disturbios.<\/p>\n\n\n\n<p>El jueves 30 de diciembre de 2021, un veh\u00edculo fue incendiado por desconocidos, como parte de las movilizaciones destinadas a boicotear las actividades conmemorativas del 1 de enero de 2022, en la localidad de Gona\u00efves.<\/p>\n\n\n\n<p>En enero de 2020 y 2021, las protestas, anunciadas por la oposici\u00f3n pol\u00edtica, tambi\u00e9n impidieron que el entonces presidente de facto Jovenel Mo\u00efse fuera a Gona\u00efves, como parte de estas celebraciones oficiales. [01\/01\/2022 15:40]<br><br><br><small>AlterPresse \/ PanPress.eu  &#8211; Copyright \u00a9 2022 BlogDiario.info &#8211; Derechos reservados<\/small><\/p>\n","protected":false},"excerpt":{"rendered":"<p>Henry, quien estaba protegido por seguridad y sali\u00f3 ileso, hab\u00eda decidido participar, junto a algunos ministros, en la ceremonia religiosa en la que ninguna alta autoridad gubernamental hab\u00eda intervenido en los \u00faltimos cuatro a\u00f1os por amenazas de las bandas criminales que controlan la regi\u00f3n.<\/p>\n","protected":false},"author":1,"featured_media":361,"comment_status":"closed","ping_status":"closed","sticky":false,"template":"","format":"standard","meta":{"footnotes":"","_links_to":"","_links_to_target":""},"categories":[62,50],"tags":[83],"class_list":["post-360","post","type-post","status-publish","format-standard","has-post-thumbnail","hentry","category-actualidad","category-america-centrale","tag-haiti","entry","rows"],"yoast_head":"<!-- This site is optimized with the Yoast SEO plugin v27.4 - https:\/\/yoast.com\/product\/yoast-seo-wordpress\/ -->\n<title>La comitiva del primer ministro Haitiano, Ariel Henry, estuvo al centro de un tiroteo al final de un Te Deum - BlogDiario Magazine<\/title>\n<meta name=\"robots\" content=\"index, follow, max-snippet:-1, max-image-preview:large, max-video-preview:-1\" \/>\n<link rel=\"canonical\" href=\"https:\/\/blogdiario.info\/magazine\/2022\/01\/04\/primer-ministro-haitiano-ariel-henry-tiroteo-te-deum\/\" \/>\n<meta property=\"og:locale\" content=\"es_ES\" \/>\n<meta property=\"og:type\" content=\"article\" \/>\n<meta property=\"og:title\" content=\"La comitiva del primer ministro Haitiano, Ariel Henry, estuvo al centro de un tiroteo al final de un Te Deum - BlogDiario Magazine\" \/>\n<meta property=\"og:description\" content=\"Henry, quien estaba protegido por seguridad y sali\u00f3 ileso, hab\u00eda decidido participar, junto a algunos ministros, en la ceremonia religiosa en la que ninguna alta autoridad gubernamental hab\u00eda intervenido en los \u00faltimos cuatro a\u00f1os por amenazas de las bandas criminales que controlan la regi\u00f3n.\" \/>\n<meta property=\"og:url\" content=\"https:\/\/blogdiario.info\/magazine\/2022\/01\/04\/primer-ministro-haitiano-ariel-henry-tiroteo-te-deum\/\" \/>\n<meta property=\"og:site_name\" content=\"BlogDiario Magazine\" \/>\n<meta property=\"article:published_time\" content=\"2022-01-04T12:10:06+00:00\" \/>\n<meta property=\"article:modified_time\" content=\"2022-04-23T09:23:16+00:00\" \/>\n<meta property=\"og:image\" content=\"https:\/\/blogdiario.info\/magazine\/images\/2022\/01\/tedeum.jpg\" \/>\n\t<meta property=\"og:image:width\" content=\"600\" \/>\n\t<meta property=\"og:image:height\" content=\"339\" \/>\n\t<meta property=\"og:image:type\" content=\"image\/jpeg\" \/>\n<meta name=\"author\" content=\"World Press Service | Servicio de Prensa Mundial\" \/>\n<meta name=\"twitter:card\" content=\"summary_large_image\" \/>\n<meta name=\"twitter:label1\" content=\"Escrito por\" \/>\n\t<meta name=\"twitter:data1\" content=\"World Press Service | Servicio de Prensa Mundial\" \/>\n\t<meta name=\"twitter:label2\" content=\"Tiempo de lectura\" \/>\n\t<meta name=\"twitter:data2\" content=\"3 minutos\" \/>\n<script type=\"application\/ld+json\" class=\"yoast-schema-graph\">{\"@context\":\"https:\\\/\\\/schema.org\",\"@graph\":[{\"@type\":\"Article\",\"@id\":\"https:\\\/\\\/blogdiario.info\\\/magazine\\\/2022\\\/01\\\/04\\\/primer-ministro-haitiano-ariel-henry-tiroteo-te-deum\\\/#article\",\"isPartOf\":{\"@id\":\"https:\\\/\\\/blogdiario.info\\\/magazine\\\/2022\\\/01\\\/04\\\/primer-ministro-haitiano-ariel-henry-tiroteo-te-deum\\\/\"},\"author\":{\"name\":\"World Press Service | Servicio de Prensa Mundial\",\"@id\":\"https:\\\/\\\/blogdiario.info\\\/magazine\\\/#\\\/schema\\\/person\\\/b2422fe85574d945bad55513bb0c7354\"},\"headline\":\"La comitiva del primer ministro Haitiano, Ariel Henry, estuvo al centro de un tiroteo al final de un Te Deum\",\"datePublished\":\"2022-01-04T12:10:06+00:00\",\"dateModified\":\"2022-04-23T09:23:16+00:00\",\"mainEntityOfPage\":{\"@id\":\"https:\\\/\\\/blogdiario.info\\\/magazine\\\/2022\\\/01\\\/04\\\/primer-ministro-haitiano-ariel-henry-tiroteo-te-deum\\\/\"},\"wordCount\":455,\"publisher\":{\"@id\":\"https:\\\/\\\/blogdiario.info\\\/magazine\\\/#organization\"},\"image\":{\"@id\":\"https:\\\/\\\/blogdiario.info\\\/magazine\\\/2022\\\/01\\\/04\\\/primer-ministro-haitiano-ariel-henry-tiroteo-te-deum\\\/#primaryimage\"},\"thumbnailUrl\":\"https:\\\/\\\/blogdiario.info\\\/magazine\\\/images\\\/2022\\\/01\\\/tedeum.jpg\",\"keywords\":[\"Haiti\"],\"articleSection\":[\"Actualidad\",\"America Centrale\"],\"inLanguage\":\"es-AR\"},{\"@type\":\"WebPage\",\"@id\":\"https:\\\/\\\/blogdiario.info\\\/magazine\\\/2022\\\/01\\\/04\\\/primer-ministro-haitiano-ariel-henry-tiroteo-te-deum\\\/\",\"url\":\"https:\\\/\\\/blogdiario.info\\\/magazine\\\/2022\\\/01\\\/04\\\/primer-ministro-haitiano-ariel-henry-tiroteo-te-deum\\\/\",\"name\":\"La comitiva del primer ministro Haitiano, Ariel Henry, estuvo al centro de un tiroteo al final de un Te Deum - BlogDiario Magazine\",\"isPartOf\":{\"@id\":\"https:\\\/\\\/blogdiario.info\\\/magazine\\\/#website\"},\"primaryImageOfPage\":{\"@id\":\"https:\\\/\\\/blogdiario.info\\\/magazine\\\/2022\\\/01\\\/04\\\/primer-ministro-haitiano-ariel-henry-tiroteo-te-deum\\\/#primaryimage\"},\"image\":{\"@id\":\"https:\\\/\\\/blogdiario.info\\\/magazine\\\/2022\\\/01\\\/04\\\/primer-ministro-haitiano-ariel-henry-tiroteo-te-deum\\\/#primaryimage\"},\"thumbnailUrl\":\"https:\\\/\\\/blogdiario.info\\\/magazine\\\/images\\\/2022\\\/01\\\/tedeum.jpg\",\"datePublished\":\"2022-01-04T12:10:06+00:00\",\"dateModified\":\"2022-04-23T09:23:16+00:00\",\"breadcrumb\":{\"@id\":\"https:\\\/\\\/blogdiario.info\\\/magazine\\\/2022\\\/01\\\/04\\\/primer-ministro-haitiano-ariel-henry-tiroteo-te-deum\\\/#breadcrumb\"},\"inLanguage\":\"es-AR\",\"potentialAction\":[{\"@type\":\"ReadAction\",\"target\":[\"https:\\\/\\\/blogdiario.info\\\/magazine\\\/2022\\\/01\\\/04\\\/primer-ministro-haitiano-ariel-henry-tiroteo-te-deum\\\/\"]}]},{\"@type\":\"ImageObject\",\"inLanguage\":\"es-AR\",\"@id\":\"https:\\\/\\\/blogdiario.info\\\/magazine\\\/2022\\\/01\\\/04\\\/primer-ministro-haitiano-ariel-henry-tiroteo-te-deum\\\/#primaryimage\",\"url\":\"https:\\\/\\\/blogdiario.info\\\/magazine\\\/images\\\/2022\\\/01\\\/tedeum.jpg\",\"contentUrl\":\"https:\\\/\\\/blogdiario.info\\\/magazine\\\/images\\\/2022\\\/01\\\/tedeum.jpg\",\"width\":600,\"height\":339},{\"@type\":\"BreadcrumbList\",\"@id\":\"https:\\\/\\\/blogdiario.info\\\/magazine\\\/2022\\\/01\\\/04\\\/primer-ministro-haitiano-ariel-henry-tiroteo-te-deum\\\/#breadcrumb\",\"itemListElement\":[{\"@type\":\"ListItem\",\"position\":1,\"name\":\"Home\",\"item\":\"https:\\\/\\\/blogdiario.info\\\/magazine\\\/\"},{\"@type\":\"ListItem\",\"position\":2,\"name\":\"La comitiva del primer ministro Haitiano, Ariel Henry, estuvo al centro de un tiroteo al final de un Te Deum\"}]},{\"@type\":\"WebSite\",\"@id\":\"https:\\\/\\\/blogdiario.info\\\/magazine\\\/#website\",\"url\":\"https:\\\/\\\/blogdiario.info\\\/magazine\\\/\",\"name\":\"BlogDiario Magazine\",\"description\":\"Suplemento multiling\u00fce de ElCanillita.Info\",\"publisher\":{\"@id\":\"https:\\\/\\\/blogdiario.info\\\/magazine\\\/#organization\"},\"potentialAction\":[{\"@type\":\"SearchAction\",\"target\":{\"@type\":\"EntryPoint\",\"urlTemplate\":\"https:\\\/\\\/blogdiario.info\\\/magazine\\\/?s={search_term_string}\"},\"query-input\":{\"@type\":\"PropertyValueSpecification\",\"valueRequired\":true,\"valueName\":\"search_term_string\"}}],\"inLanguage\":\"es-AR\"},{\"@type\":\"Organization\",\"@id\":\"https:\\\/\\\/blogdiario.info\\\/magazine\\\/#organization\",\"name\":\"Guzzo Photos & Graphic Publications\",\"url\":\"https:\\\/\\\/blogdiario.info\\\/magazine\\\/\",\"logo\":{\"@type\":\"ImageObject\",\"inLanguage\":\"es-AR\",\"@id\":\"https:\\\/\\\/blogdiario.info\\\/magazine\\\/#\\\/schema\\\/logo\\\/image\\\/\",\"url\":\"https:\\\/\\\/blogdiario.info\\\/magazine\\\/images\\\/2020\\\/01\\\/cropped-blogdia_magazine.jpg\",\"contentUrl\":\"https:\\\/\\\/blogdiario.info\\\/magazine\\\/images\\\/2020\\\/01\\\/cropped-blogdia_magazine.jpg\",\"width\":589,\"height\":55,\"caption\":\"Guzzo Photos & Graphic Publications\"},\"image\":{\"@id\":\"https:\\\/\\\/blogdiario.info\\\/magazine\\\/#\\\/schema\\\/logo\\\/image\\\/\"}},{\"@type\":\"Person\",\"@id\":\"https:\\\/\\\/blogdiario.info\\\/magazine\\\/#\\\/schema\\\/person\\\/b2422fe85574d945bad55513bb0c7354\",\"name\":\"World Press Service | Servicio de Prensa Mundial\"}]}<\/script>\n<!-- \/ Yoast SEO plugin. -->","yoast_head_json":{"title":"La comitiva del primer ministro Haitiano, Ariel Henry, estuvo al centro de un tiroteo al final de un Te Deum - BlogDiario Magazine","robots":{"index":"index","follow":"follow","max-snippet":"max-snippet:-1","max-image-preview":"max-image-preview:large","max-video-preview":"max-video-preview:-1"},"canonical":"https:\/\/blogdiario.info\/magazine\/2022\/01\/04\/primer-ministro-haitiano-ariel-henry-tiroteo-te-deum\/","og_locale":"es_ES","og_type":"article","og_title":"La comitiva del primer ministro Haitiano, Ariel Henry, estuvo al centro de un tiroteo al final de un Te Deum - BlogDiario Magazine","og_description":"Henry, quien estaba protegido por seguridad y sali\u00f3 ileso, hab\u00eda decidido participar, junto a algunos ministros, en la ceremonia religiosa en la que ninguna alta autoridad gubernamental hab\u00eda intervenido en los \u00faltimos cuatro a\u00f1os por amenazas de las bandas criminales que controlan la regi\u00f3n.","og_url":"https:\/\/blogdiario.info\/magazine\/2022\/01\/04\/primer-ministro-haitiano-ariel-henry-tiroteo-te-deum\/","og_site_name":"BlogDiario Magazine","article_published_time":"2022-01-04T12:10:06+00:00","article_modified_time":"2022-04-23T09:23:16+00:00","og_image":[{"width":600,"height":339,"url":"https:\/\/blogdiario.info\/magazine\/images\/2022\/01\/tedeum.jpg","type":"image\/jpeg"}],"author":"World Press Service | Servicio de Prensa Mundial","twitter_card":"summary_large_image","twitter_misc":{"Escrito por":"World Press Service | Servicio de Prensa Mundial","Tiempo de lectura":"3 minutos"},"schema":{"@context":"https:\/\/schema.org","@graph":[{"@type":"Article","@id":"https:\/\/blogdiario.info\/magazine\/2022\/01\/04\/primer-ministro-haitiano-ariel-henry-tiroteo-te-deum\/#article","isPartOf":{"@id":"https:\/\/blogdiario.info\/magazine\/2022\/01\/04\/primer-ministro-haitiano-ariel-henry-tiroteo-te-deum\/"},"author":{"name":"World Press Service | Servicio de Prensa Mundial","@id":"https:\/\/blogdiario.info\/magazine\/#\/schema\/person\/b2422fe85574d945bad55513bb0c7354"},"headline":"La comitiva del primer ministro Haitiano, Ariel Henry, estuvo al centro de un tiroteo al final de un Te Deum","datePublished":"2022-01-04T12:10:06+00:00","dateModified":"2022-04-23T09:23:16+00:00","mainEntityOfPage":{"@id":"https:\/\/blogdiario.info\/magazine\/2022\/01\/04\/primer-ministro-haitiano-ariel-henry-tiroteo-te-deum\/"},"wordCount":455,"publisher":{"@id":"https:\/\/blogdiario.info\/magazine\/#organization"},"image":{"@id":"https:\/\/blogdiario.info\/magazine\/2022\/01\/04\/primer-ministro-haitiano-ariel-henry-tiroteo-te-deum\/#primaryimage"},"thumbnailUrl":"https:\/\/blogdiario.info\/magazine\/images\/2022\/01\/tedeum.jpg","keywords":["Haiti"],"articleSection":["Actualidad","America Centrale"],"inLanguage":"es-AR"},{"@type":"WebPage","@id":"https:\/\/blogdiario.info\/magazine\/2022\/01\/04\/primer-ministro-haitiano-ariel-henry-tiroteo-te-deum\/","url":"https:\/\/blogdiario.info\/magazine\/2022\/01\/04\/primer-ministro-haitiano-ariel-henry-tiroteo-te-deum\/","name":"La comitiva del primer ministro Haitiano, Ariel Henry, estuvo al centro de un tiroteo al final de un Te Deum - BlogDiario Magazine","isPartOf":{"@id":"https:\/\/blogdiario.info\/magazine\/#website"},"primaryImageOfPage":{"@id":"https:\/\/blogdiario.info\/magazine\/2022\/01\/04\/primer-ministro-haitiano-ariel-henry-tiroteo-te-deum\/#primaryimage"},"image":{"@id":"https:\/\/blogdiario.info\/magazine\/2022\/01\/04\/primer-ministro-haitiano-ariel-henry-tiroteo-te-deum\/#primaryimage"},"thumbnailUrl":"https:\/\/blogdiario.info\/magazine\/images\/2022\/01\/tedeum.jpg","datePublished":"2022-01-04T12:10:06+00:00","dateModified":"2022-04-23T09:23:16+00:00","breadcrumb":{"@id":"https:\/\/blogdiario.info\/magazine\/2022\/01\/04\/primer-ministro-haitiano-ariel-henry-tiroteo-te-deum\/#breadcrumb"},"inLanguage":"es-AR","potentialAction":[{"@type":"ReadAction","target":["https:\/\/blogdiario.info\/magazine\/2022\/01\/04\/primer-ministro-haitiano-ariel-henry-tiroteo-te-deum\/"]}]},{"@type":"ImageObject","inLanguage":"es-AR","@id":"https:\/\/blogdiario.info\/magazine\/2022\/01\/04\/primer-ministro-haitiano-ariel-henry-tiroteo-te-deum\/#primaryimage","url":"https:\/\/blogdiario.info\/magazine\/images\/2022\/01\/tedeum.jpg","contentUrl":"https:\/\/blogdiario.info\/magazine\/images\/2022\/01\/tedeum.jpg","width":600,"height":339},{"@type":"BreadcrumbList","@id":"https:\/\/blogdiario.info\/magazine\/2022\/01\/04\/primer-ministro-haitiano-ariel-henry-tiroteo-te-deum\/#breadcrumb","itemListElement":[{"@type":"ListItem","position":1,"name":"Home","item":"https:\/\/blogdiario.info\/magazine\/"},{"@type":"ListItem","position":2,"name":"La comitiva del primer ministro Haitiano, Ariel Henry, estuvo al centro de un tiroteo al final de un Te Deum"}]},{"@type":"WebSite","@id":"https:\/\/blogdiario.info\/magazine\/#website","url":"https:\/\/blogdiario.info\/magazine\/","name":"BlogDiario Magazine","description":"Suplemento multiling\u00fce de ElCanillita.Info","publisher":{"@id":"https:\/\/blogdiario.info\/magazine\/#organization"},"potentialAction":[{"@type":"SearchAction","target":{"@type":"EntryPoint","urlTemplate":"https:\/\/blogdiario.info\/magazine\/?s={search_term_string}"},"query-input":{"@type":"PropertyValueSpecification","valueRequired":true,"valueName":"search_term_string"}}],"inLanguage":"es-AR"},{"@type":"Organization","@id":"https:\/\/blogdiario.info\/magazine\/#organization","name":"Guzzo Photos & Graphic Publications","url":"https:\/\/blogdiario.info\/magazine\/","logo":{"@type":"ImageObject","inLanguage":"es-AR","@id":"https:\/\/blogdiario.info\/magazine\/#\/schema\/logo\/image\/","url":"https:\/\/blogdiario.info\/magazine\/images\/2020\/01\/cropped-blogdia_magazine.jpg","contentUrl":"https:\/\/blogdiario.info\/magazine\/images\/2020\/01\/cropped-blogdia_magazine.jpg","width":589,"height":55,"caption":"Guzzo Photos & Graphic Publications"},"image":{"@id":"https:\/\/blogdiario.info\/magazine\/#\/schema\/logo\/image\/"}},{"@type":"Person","@id":"https:\/\/blogdiario.info\/magazine\/#\/schema\/person\/b2422fe85574d945bad55513bb0c7354","name":"World Press Service | Servicio de Prensa Mundial"}]}},"views":675,"_links":{"self":[{"href":"https:\/\/blogdiario.info\/magazine\/wp-json\/wp\/v2\/posts\/360","targetHints":{"allow":["GET"]}}],"collection":[{"href":"https:\/\/blogdiario.info\/magazine\/wp-json\/wp\/v2\/posts"}],"about":[{"href":"https:\/\/blogdiario.info\/magazine\/wp-json\/wp\/v2\/types\/post"}],"author":[{"embeddable":true,"href":"https:\/\/blogdiario.info\/magazine\/wp-json\/wp\/v2\/users\/1"}],"replies":[{"embeddable":true,"href":"https:\/\/blogdiario.info\/magazine\/wp-json\/wp\/v2\/comments?post=360"}],"version-history":[{"count":0,"href":"https:\/\/blogdiario.info\/magazine\/wp-json\/wp\/v2\/posts\/360\/revisions"}],"wp:featuredmedia":[{"embeddable":true,"href":"https:\/\/blogdiario.info\/magazine\/wp-json\/wp\/v2\/media\/361"}],"wp:attachment":[{"href":"https:\/\/blogdiario.info\/magazine\/wp-json\/wp\/v2\/media?parent=360"}],"wp:term":[{"taxonomy":"category","embeddable":true,"href":"https:\/\/blogdiario.info\/magazine\/wp-json\/wp\/v2\/categories?post=360"},{"taxonomy":"post_tag","embeddable":true,"href":"https:\/\/blogdiario.info\/magazine\/wp-json\/wp\/v2\/tags?post=360"}],"curies":[{"name":"wp","href":"https:\/\/api.w.org\/{rel}","templated":true}]}}