{"id":346,"date":"2021-12-20T18:33:54","date_gmt":"2021-12-20T21:33:54","guid":{"rendered":"https:\/\/blogdiario.info\/magazine\/?p=346"},"modified":"2022-04-23T06:23:43","modified_gmt":"2022-04-23T09:23:43","slug":"holanda-libre-toque-queda-encierro","status":"publish","type":"post","link":"https:\/\/blogdiario.info\/magazine\/2021\/12\/20\/holanda-libre-toque-queda-encierro\/","title":{"rendered":"Holanda pas\u00f3 de ser libre, al toque de queda y encierro."},"content":{"rendered":"\n<div class=\"wp-block-image\"><figure class=\"alignleft size-full\"><img loading=\"lazy\" decoding=\"async\" width=\"600\" height=\"360\" src=\"https:\/\/blogdiario.info\/magazine\/images\/2021\/12\/hol2.jpg\" alt=\"\" class=\"wp-image-348\" srcset=\"https:\/\/blogdiario.info\/magazine\/images\/2021\/12\/hol2.jpg 600w, https:\/\/blogdiario.info\/magazine\/images\/2021\/12\/hol2-300x180.jpg 300w\" sizes=\"auto, (max-width: 600px) 100vw, 600px\" \/><\/figure><\/div>\n\n\n\n<p>Durante la primera ola de coronavirus, los Pa\u00edses Bajos fueron famosos por su &#8220;bloqueo inteligente&#8221;, con uno de los enfoques m\u00e1s suaves de Europa en la lucha contra la pandemia, solo superado por Suecia. <br><br>Ahora, para afrontar la quinta oleada, es la naci\u00f3n la que ha optado por la l\u00ednea m\u00e1s dura junto a Austria. En el pa\u00eds, cuyos ciudadanos se muestran muy reticentes a ceder su libertad incluso en caso de una emergencia como esta, en noviembre estallaron los disturbios m\u00e1s feroces del continente con el \u00fanico anuncio de la vuelta del toque de queda de los locales. Desde entonces, el gobierno ha optado por la l\u00ednea cada vez m\u00e1s dura, quiz\u00e1s tambi\u00e9n como respuesta no solo al aumento de contagios, sino tambi\u00e9n a las protestas y al incumplimiento de las normas de distanciamiento social de algunos de los ciudadanos.<\/p>\n\n\n\n<p>Las cosas empezaron a precipitarse en noviembre. Fue entonces cuando, a pesar de que la naci\u00f3n hab\u00eda alcanzado el r\u00e9cord vacunaci\u00f3n m\u00e1s alto de Europa (alrededor del 85 por ciento), las personas enfermas comenzaron a acudir en masa a los hospitales. A mediados de mes, hab\u00eda 1.800 pacientes de Covid hospitalizados, incluidos 380 en cuidados intensivos. Un a\u00f1o antes, cuando a\u00fan no hab\u00edan dosis de vacunas, ten\u00edan 1.500 internados, de las cuales 586 en el reparto intensivo. Con la diferencia, adem\u00e1s, de que si en 2020 las admisiones estaban en fase menguante, la curva parec\u00eda destinada a volver a subir. Un caso casi \u00fanico en Europa que ha preocupado a los expertos gubernamentales.<\/p>\n\n\n\n<p>As\u00ed que el primer ministro Mark Rutte, entonces todav\u00eda al frente de un gobierno provisional, mientras luchaba con la dif\u00edcil formaci\u00f3n de un nuevo ejecutivo desde las elecciones de marzo pasado, decidi\u00f3 imponer un toque de queda parcial a partir del 13 de noviembre de al menos tres semanas con el cierre anticipado. A las siete de la tarde bares y restaurantes y todas las tiendas &#8220;no imprescindibles&#8221;, y luego el cierre al p\u00fablico de todos los eventos deportivos. Adem\u00e1s, a los que pod\u00edan trabajar desde casa, se les pidi\u00f3 limitar y recibir solamente a cuatro personas en el propio hogar. Una semana antes, se hab\u00edan reintroducido las m\u00e1scaras de interior y se ampli\u00f3 la lista de locales para los que se requer\u00eda acceso con el Green Pass. Sin embargo, en la tercera dosis, el programa de vacunaci\u00f3n fue lento y se plane\u00f3 ofrecerlo a los mayores de 80 a\u00f1os solo en diciembre.<\/p>\n\n\n\n<p>El primer apret\u00f3n de las nuevas restricciones, no fue bien recibido por la poblaci\u00f3n y estallaron manifestaciones violentas en varias ciudades. La revuelta fue iniciada por Rotterdam, donde cientos de personas salieron a las calles y se manifestaron incluso con m\u00e9todos violentos. El fuego se extendi\u00f3 luego a otros centros donde multitudes de ciudadanos, muchos de ellos j\u00f3venes, prendieron fuego a autom\u00f3viles y tiendas, arrojaron piedras y da\u00f1aron tiendas y veh\u00edculos, incluidos veh\u00edculos policiales. Decenas de personas resultaron heridas y detenidas. Incluso en La Haya fue atacada una ambulancia que transportaba a un paciente al hospital, destrozando el parabrisas con una piedra. Rutte llam\u00f3 &#8220;idiotas&#8221; a los manifestantes y habl\u00f3 de &#8220;pura violencia disfrazada de protesta&#8221;, desde entonces ha optado por una l\u00ednea cada vez m\u00e1s dura.<\/p>\n\n\n\n<p>Y as\u00ed, cuando el primer ministro la semana pasada gan\u00f3 confianza en su nuevo gobierno, y ahora sinti\u00e9ndose en pleno poder, Rutte ha impuesto un bloqueo real hasta el 14 de enero, con el cierre de tiendas no esenciales, restaurantes, actividades recreativas y deportivas, escuelas y peluquer\u00edas, y la imposici\u00f3n de un l\u00edmite de hasta dos hu\u00e9spedes en la casa. No obstante los holandeses pudieron celebrar San Nicol\u00e1s el pasado 6 de diciembre, que es casi m\u00e1s importante para ellos que la Navidad.<br><br>\n<small>PanPress.eu  \/ SalaStampa.eu &#8211; Copyright \u00a9 2021 BlogDiario.info &#8211; Derechos reservados<\/small>\n<\/p>\n","protected":false},"excerpt":{"rendered":"<p>Las tasas de vacunaci\u00f3n fueron muy altas, pero con las terceras dosis, la naci\u00f3n ha sido lenta. Y las protestas han endurecido la l\u00ednea del gobierno.<\/p>\n","protected":false},"author":1,"featured_media":349,"comment_status":"closed","ping_status":"closed","sticky":false,"template":"","format":"standard","meta":{"footnotes":"","_links_to":"","_links_to_target":""},"categories":[62,46],"tags":[85],"class_list":["post-346","post","type-post","status-publish","format-standard","has-post-thumbnail","hentry","category-actualidad","category-europa","tag-olanda","entry","rows"],"yoast_head":"<!-- This site is optimized with the Yoast SEO plugin v27.4 - https:\/\/yoast.com\/product\/yoast-seo-wordpress\/ -->\n<title>Holanda pas\u00f3 de ser libre, al toque de queda y encierro. - BlogDiario Magazine<\/title>\n<meta name=\"robots\" content=\"index, follow, max-snippet:-1, max-image-preview:large, max-video-preview:-1\" \/>\n<link rel=\"canonical\" href=\"https:\/\/blogdiario.info\/magazine\/2021\/12\/20\/holanda-libre-toque-queda-encierro\/\" \/>\n<meta property=\"og:locale\" content=\"es_ES\" \/>\n<meta property=\"og:type\" content=\"article\" \/>\n<meta property=\"og:title\" content=\"Holanda pas\u00f3 de ser libre, al toque de queda y encierro. - BlogDiario Magazine\" \/>\n<meta property=\"og:description\" content=\"Las tasas de vacunaci\u00f3n fueron muy altas, pero con las terceras dosis, la naci\u00f3n ha sido lenta. Y las protestas han endurecido la l\u00ednea del gobierno.\" \/>\n<meta property=\"og:url\" content=\"https:\/\/blogdiario.info\/magazine\/2021\/12\/20\/holanda-libre-toque-queda-encierro\/\" \/>\n<meta property=\"og:site_name\" content=\"BlogDiario Magazine\" \/>\n<meta property=\"article:published_time\" content=\"2021-12-20T21:33:54+00:00\" \/>\n<meta property=\"article:modified_time\" content=\"2022-04-23T09:23:43+00:00\" \/>\n<meta property=\"og:image\" content=\"https:\/\/blogdiario.info\/magazine\/images\/2021\/12\/hol.jpg\" \/>\n\t<meta property=\"og:image:width\" content=\"600\" \/>\n\t<meta property=\"og:image:height\" content=\"338\" \/>\n\t<meta property=\"og:image:type\" content=\"image\/jpeg\" \/>\n<meta name=\"author\" content=\"World Press Service | Servicio de Prensa Mundial\" \/>\n<meta name=\"twitter:card\" content=\"summary_large_image\" \/>\n<meta name=\"twitter:label1\" content=\"Escrito por\" \/>\n\t<meta name=\"twitter:data1\" content=\"World Press Service | Servicio de Prensa Mundial\" \/>\n\t<meta name=\"twitter:label2\" content=\"Tiempo de lectura\" \/>\n\t<meta name=\"twitter:data2\" content=\"3 minutos\" \/>\n<script type=\"application\/ld+json\" class=\"yoast-schema-graph\">{\"@context\":\"https:\\\/\\\/schema.org\",\"@graph\":[{\"@type\":\"Article\",\"@id\":\"https:\\\/\\\/blogdiario.info\\\/magazine\\\/2021\\\/12\\\/20\\\/holanda-libre-toque-queda-encierro\\\/#article\",\"isPartOf\":{\"@id\":\"https:\\\/\\\/blogdiario.info\\\/magazine\\\/2021\\\/12\\\/20\\\/holanda-libre-toque-queda-encierro\\\/\"},\"author\":{\"name\":\"World Press Service | Servicio de Prensa Mundial\",\"@id\":\"https:\\\/\\\/blogdiario.info\\\/magazine\\\/#\\\/schema\\\/person\\\/b2422fe85574d945bad55513bb0c7354\"},\"headline\":\"Holanda pas\u00f3 de ser libre, al toque de queda y encierro.\",\"datePublished\":\"2021-12-20T21:33:54+00:00\",\"dateModified\":\"2022-04-23T09:23:43+00:00\",\"mainEntityOfPage\":{\"@id\":\"https:\\\/\\\/blogdiario.info\\\/magazine\\\/2021\\\/12\\\/20\\\/holanda-libre-toque-queda-encierro\\\/\"},\"wordCount\":681,\"publisher\":{\"@id\":\"https:\\\/\\\/blogdiario.info\\\/magazine\\\/#organization\"},\"image\":{\"@id\":\"https:\\\/\\\/blogdiario.info\\\/magazine\\\/2021\\\/12\\\/20\\\/holanda-libre-toque-queda-encierro\\\/#primaryimage\"},\"thumbnailUrl\":\"https:\\\/\\\/blogdiario.info\\\/magazine\\\/images\\\/2021\\\/12\\\/hol.jpg\",\"keywords\":[\"Olanda\"],\"articleSection\":[\"Actualidad\",\"Europa\"],\"inLanguage\":\"es-AR\"},{\"@type\":\"WebPage\",\"@id\":\"https:\\\/\\\/blogdiario.info\\\/magazine\\\/2021\\\/12\\\/20\\\/holanda-libre-toque-queda-encierro\\\/\",\"url\":\"https:\\\/\\\/blogdiario.info\\\/magazine\\\/2021\\\/12\\\/20\\\/holanda-libre-toque-queda-encierro\\\/\",\"name\":\"Holanda pas\u00f3 de ser libre, al toque de queda y encierro. - BlogDiario Magazine\",\"isPartOf\":{\"@id\":\"https:\\\/\\\/blogdiario.info\\\/magazine\\\/#website\"},\"primaryImageOfPage\":{\"@id\":\"https:\\\/\\\/blogdiario.info\\\/magazine\\\/2021\\\/12\\\/20\\\/holanda-libre-toque-queda-encierro\\\/#primaryimage\"},\"image\":{\"@id\":\"https:\\\/\\\/blogdiario.info\\\/magazine\\\/2021\\\/12\\\/20\\\/holanda-libre-toque-queda-encierro\\\/#primaryimage\"},\"thumbnailUrl\":\"https:\\\/\\\/blogdiario.info\\\/magazine\\\/images\\\/2021\\\/12\\\/hol.jpg\",\"datePublished\":\"2021-12-20T21:33:54+00:00\",\"dateModified\":\"2022-04-23T09:23:43+00:00\",\"breadcrumb\":{\"@id\":\"https:\\\/\\\/blogdiario.info\\\/magazine\\\/2021\\\/12\\\/20\\\/holanda-libre-toque-queda-encierro\\\/#breadcrumb\"},\"inLanguage\":\"es-AR\",\"potentialAction\":[{\"@type\":\"ReadAction\",\"target\":[\"https:\\\/\\\/blogdiario.info\\\/magazine\\\/2021\\\/12\\\/20\\\/holanda-libre-toque-queda-encierro\\\/\"]}]},{\"@type\":\"ImageObject\",\"inLanguage\":\"es-AR\",\"@id\":\"https:\\\/\\\/blogdiario.info\\\/magazine\\\/2021\\\/12\\\/20\\\/holanda-libre-toque-queda-encierro\\\/#primaryimage\",\"url\":\"https:\\\/\\\/blogdiario.info\\\/magazine\\\/images\\\/2021\\\/12\\\/hol.jpg\",\"contentUrl\":\"https:\\\/\\\/blogdiario.info\\\/magazine\\\/images\\\/2021\\\/12\\\/hol.jpg\",\"width\":600,\"height\":338},{\"@type\":\"BreadcrumbList\",\"@id\":\"https:\\\/\\\/blogdiario.info\\\/magazine\\\/2021\\\/12\\\/20\\\/holanda-libre-toque-queda-encierro\\\/#breadcrumb\",\"itemListElement\":[{\"@type\":\"ListItem\",\"position\":1,\"name\":\"Home\",\"item\":\"https:\\\/\\\/blogdiario.info\\\/magazine\\\/\"},{\"@type\":\"ListItem\",\"position\":2,\"name\":\"Holanda pas\u00f3 de ser libre, al toque de queda y encierro.\"}]},{\"@type\":\"WebSite\",\"@id\":\"https:\\\/\\\/blogdiario.info\\\/magazine\\\/#website\",\"url\":\"https:\\\/\\\/blogdiario.info\\\/magazine\\\/\",\"name\":\"BlogDiario Magazine\",\"description\":\"Suplemento multiling\u00fce de ElCanillita.Info\",\"publisher\":{\"@id\":\"https:\\\/\\\/blogdiario.info\\\/magazine\\\/#organization\"},\"potentialAction\":[{\"@type\":\"SearchAction\",\"target\":{\"@type\":\"EntryPoint\",\"urlTemplate\":\"https:\\\/\\\/blogdiario.info\\\/magazine\\\/?s={search_term_string}\"},\"query-input\":{\"@type\":\"PropertyValueSpecification\",\"valueRequired\":true,\"valueName\":\"search_term_string\"}}],\"inLanguage\":\"es-AR\"},{\"@type\":\"Organization\",\"@id\":\"https:\\\/\\\/blogdiario.info\\\/magazine\\\/#organization\",\"name\":\"Guzzo Photos & Graphic Publications\",\"url\":\"https:\\\/\\\/blogdiario.info\\\/magazine\\\/\",\"logo\":{\"@type\":\"ImageObject\",\"inLanguage\":\"es-AR\",\"@id\":\"https:\\\/\\\/blogdiario.info\\\/magazine\\\/#\\\/schema\\\/logo\\\/image\\\/\",\"url\":\"https:\\\/\\\/blogdiario.info\\\/magazine\\\/images\\\/2020\\\/01\\\/cropped-blogdia_magazine.jpg\",\"contentUrl\":\"https:\\\/\\\/blogdiario.info\\\/magazine\\\/images\\\/2020\\\/01\\\/cropped-blogdia_magazine.jpg\",\"width\":589,\"height\":55,\"caption\":\"Guzzo Photos & Graphic Publications\"},\"image\":{\"@id\":\"https:\\\/\\\/blogdiario.info\\\/magazine\\\/#\\\/schema\\\/logo\\\/image\\\/\"}},{\"@type\":\"Person\",\"@id\":\"https:\\\/\\\/blogdiario.info\\\/magazine\\\/#\\\/schema\\\/person\\\/b2422fe85574d945bad55513bb0c7354\",\"name\":\"World Press Service | Servicio de Prensa Mundial\"}]}<\/script>\n<!-- \/ Yoast SEO plugin. -->","yoast_head_json":{"title":"Holanda pas\u00f3 de ser libre, al toque de queda y encierro. - BlogDiario Magazine","robots":{"index":"index","follow":"follow","max-snippet":"max-snippet:-1","max-image-preview":"max-image-preview:large","max-video-preview":"max-video-preview:-1"},"canonical":"https:\/\/blogdiario.info\/magazine\/2021\/12\/20\/holanda-libre-toque-queda-encierro\/","og_locale":"es_ES","og_type":"article","og_title":"Holanda pas\u00f3 de ser libre, al toque de queda y encierro. - BlogDiario Magazine","og_description":"Las tasas de vacunaci\u00f3n fueron muy altas, pero con las terceras dosis, la naci\u00f3n ha sido lenta. Y las protestas han endurecido la l\u00ednea del gobierno.","og_url":"https:\/\/blogdiario.info\/magazine\/2021\/12\/20\/holanda-libre-toque-queda-encierro\/","og_site_name":"BlogDiario Magazine","article_published_time":"2021-12-20T21:33:54+00:00","article_modified_time":"2022-04-23T09:23:43+00:00","og_image":[{"width":600,"height":338,"url":"https:\/\/blogdiario.info\/magazine\/images\/2021\/12\/hol.jpg","type":"image\/jpeg"}],"author":"World Press Service | Servicio de Prensa Mundial","twitter_card":"summary_large_image","twitter_misc":{"Escrito por":"World Press Service | Servicio de Prensa Mundial","Tiempo de lectura":"3 minutos"},"schema":{"@context":"https:\/\/schema.org","@graph":[{"@type":"Article","@id":"https:\/\/blogdiario.info\/magazine\/2021\/12\/20\/holanda-libre-toque-queda-encierro\/#article","isPartOf":{"@id":"https:\/\/blogdiario.info\/magazine\/2021\/12\/20\/holanda-libre-toque-queda-encierro\/"},"author":{"name":"World Press Service | Servicio de Prensa Mundial","@id":"https:\/\/blogdiario.info\/magazine\/#\/schema\/person\/b2422fe85574d945bad55513bb0c7354"},"headline":"Holanda pas\u00f3 de ser libre, al toque de queda y encierro.","datePublished":"2021-12-20T21:33:54+00:00","dateModified":"2022-04-23T09:23:43+00:00","mainEntityOfPage":{"@id":"https:\/\/blogdiario.info\/magazine\/2021\/12\/20\/holanda-libre-toque-queda-encierro\/"},"wordCount":681,"publisher":{"@id":"https:\/\/blogdiario.info\/magazine\/#organization"},"image":{"@id":"https:\/\/blogdiario.info\/magazine\/2021\/12\/20\/holanda-libre-toque-queda-encierro\/#primaryimage"},"thumbnailUrl":"https:\/\/blogdiario.info\/magazine\/images\/2021\/12\/hol.jpg","keywords":["Olanda"],"articleSection":["Actualidad","Europa"],"inLanguage":"es-AR"},{"@type":"WebPage","@id":"https:\/\/blogdiario.info\/magazine\/2021\/12\/20\/holanda-libre-toque-queda-encierro\/","url":"https:\/\/blogdiario.info\/magazine\/2021\/12\/20\/holanda-libre-toque-queda-encierro\/","name":"Holanda pas\u00f3 de ser libre, al toque de queda y encierro. - BlogDiario Magazine","isPartOf":{"@id":"https:\/\/blogdiario.info\/magazine\/#website"},"primaryImageOfPage":{"@id":"https:\/\/blogdiario.info\/magazine\/2021\/12\/20\/holanda-libre-toque-queda-encierro\/#primaryimage"},"image":{"@id":"https:\/\/blogdiario.info\/magazine\/2021\/12\/20\/holanda-libre-toque-queda-encierro\/#primaryimage"},"thumbnailUrl":"https:\/\/blogdiario.info\/magazine\/images\/2021\/12\/hol.jpg","datePublished":"2021-12-20T21:33:54+00:00","dateModified":"2022-04-23T09:23:43+00:00","breadcrumb":{"@id":"https:\/\/blogdiario.info\/magazine\/2021\/12\/20\/holanda-libre-toque-queda-encierro\/#breadcrumb"},"inLanguage":"es-AR","potentialAction":[{"@type":"ReadAction","target":["https:\/\/blogdiario.info\/magazine\/2021\/12\/20\/holanda-libre-toque-queda-encierro\/"]}]},{"@type":"ImageObject","inLanguage":"es-AR","@id":"https:\/\/blogdiario.info\/magazine\/2021\/12\/20\/holanda-libre-toque-queda-encierro\/#primaryimage","url":"https:\/\/blogdiario.info\/magazine\/images\/2021\/12\/hol.jpg","contentUrl":"https:\/\/blogdiario.info\/magazine\/images\/2021\/12\/hol.jpg","width":600,"height":338},{"@type":"BreadcrumbList","@id":"https:\/\/blogdiario.info\/magazine\/2021\/12\/20\/holanda-libre-toque-queda-encierro\/#breadcrumb","itemListElement":[{"@type":"ListItem","position":1,"name":"Home","item":"https:\/\/blogdiario.info\/magazine\/"},{"@type":"ListItem","position":2,"name":"Holanda pas\u00f3 de ser libre, al toque de queda y encierro."}]},{"@type":"WebSite","@id":"https:\/\/blogdiario.info\/magazine\/#website","url":"https:\/\/blogdiario.info\/magazine\/","name":"BlogDiario Magazine","description":"Suplemento multiling\u00fce de ElCanillita.Info","publisher":{"@id":"https:\/\/blogdiario.info\/magazine\/#organization"},"potentialAction":[{"@type":"SearchAction","target":{"@type":"EntryPoint","urlTemplate":"https:\/\/blogdiario.info\/magazine\/?s={search_term_string}"},"query-input":{"@type":"PropertyValueSpecification","valueRequired":true,"valueName":"search_term_string"}}],"inLanguage":"es-AR"},{"@type":"Organization","@id":"https:\/\/blogdiario.info\/magazine\/#organization","name":"Guzzo Photos & Graphic Publications","url":"https:\/\/blogdiario.info\/magazine\/","logo":{"@type":"ImageObject","inLanguage":"es-AR","@id":"https:\/\/blogdiario.info\/magazine\/#\/schema\/logo\/image\/","url":"https:\/\/blogdiario.info\/magazine\/images\/2020\/01\/cropped-blogdia_magazine.jpg","contentUrl":"https:\/\/blogdiario.info\/magazine\/images\/2020\/01\/cropped-blogdia_magazine.jpg","width":589,"height":55,"caption":"Guzzo Photos & Graphic Publications"},"image":{"@id":"https:\/\/blogdiario.info\/magazine\/#\/schema\/logo\/image\/"}},{"@type":"Person","@id":"https:\/\/blogdiario.info\/magazine\/#\/schema\/person\/b2422fe85574d945bad55513bb0c7354","name":"World Press Service | Servicio de Prensa Mundial"}]}},"views":701,"_links":{"self":[{"href":"https:\/\/blogdiario.info\/magazine\/wp-json\/wp\/v2\/posts\/346","targetHints":{"allow":["GET"]}}],"collection":[{"href":"https:\/\/blogdiario.info\/magazine\/wp-json\/wp\/v2\/posts"}],"about":[{"href":"https:\/\/blogdiario.info\/magazine\/wp-json\/wp\/v2\/types\/post"}],"author":[{"embeddable":true,"href":"https:\/\/blogdiario.info\/magazine\/wp-json\/wp\/v2\/users\/1"}],"replies":[{"embeddable":true,"href":"https:\/\/blogdiario.info\/magazine\/wp-json\/wp\/v2\/comments?post=346"}],"version-history":[{"count":0,"href":"https:\/\/blogdiario.info\/magazine\/wp-json\/wp\/v2\/posts\/346\/revisions"}],"wp:featuredmedia":[{"embeddable":true,"href":"https:\/\/blogdiario.info\/magazine\/wp-json\/wp\/v2\/media\/349"}],"wp:attachment":[{"href":"https:\/\/blogdiario.info\/magazine\/wp-json\/wp\/v2\/media?parent=346"}],"wp:term":[{"taxonomy":"category","embeddable":true,"href":"https:\/\/blogdiario.info\/magazine\/wp-json\/wp\/v2\/categories?post=346"},{"taxonomy":"post_tag","embeddable":true,"href":"https:\/\/blogdiario.info\/magazine\/wp-json\/wp\/v2\/tags?post=346"}],"curies":[{"name":"wp","href":"https:\/\/api.w.org\/{rel}","templated":true}]}}