{"id":339,"date":"2021-12-08T12:39:49","date_gmt":"2021-12-08T15:39:49","guid":{"rendered":"https:\/\/blogdiario.info\/magazine\/?p=339"},"modified":"2021-12-22T18:04:24","modified_gmt":"2021-12-22T21:04:24","slug":"poeta-latino-lucano-ebola","status":"publish","type":"post","link":"https:\/\/blogdiario.info\/magazine\/2021\/12\/08\/poeta-latino-lucano-ebola\/","title":{"rendered":"El poeta latino Lucano fue el primero en describir el \u00e9bola"},"content":{"rendered":"\n<div class=\"wp-block-image\"><figure class=\"alignleft size-full\"><img loading=\"lazy\" decoding=\"async\" width=\"600\" height=\"830\" src=\"https:\/\/blogdiario.info\/magazine\/images\/2021\/12\/Pharsalia2.jpg\" alt=\"\" class=\"wp-image-341\" srcset=\"https:\/\/blogdiario.info\/magazine\/images\/2021\/12\/Pharsalia2.jpg 600w, https:\/\/blogdiario.info\/magazine\/images\/2021\/12\/Pharsalia2-217x300.jpg 217w\" sizes=\"auto, (max-width: 600px) 100vw, 600px\" \/><\/figure><\/div>\n\n\n\n<p>El poeta latino Marcus Anneus Lucanus puede haber sido la primera persona en describir un caso de \u00e9bola.<\/p>\n\n\n\n<p>Esta es la hip\u00f3tesis planteada en el Journal of Virology and Viral Diseases por dos investigadores italianos de la Universidad Guglielmo Marconi y la Universidad La Sapienza de Roma.<\/p>\n\n\n\n<p>Los dos investigadores analizaron en detalle el Bellum civil, tambi\u00e9n conocido como Farsalia, que relata la guerra civil entre C\u00e9sar y Pompeyo que culmin\u00f3 en la batalla de Farsalia en el a\u00f1o 48 a.C.<\/p>\n\n\n\n<p>En el libro IX, explican Giovanni Meledandri y Leonardo Borgese, &#8220;hay una descripci\u00f3n extensa y detallada de un grave episodio epid\u00e9mico que afect\u00f3 a los soldados romanos durante su largo viaje por \u00c1frica. Las explicaciones que da Lucano son evidentemente compatibles con los conocimientos de la \u00e9poca&#8221;. Las muertes se atribuyen a las mordeduras de diferentes tipos de serpientes. Sin embargo, los versos del poeta contienen detalles que coinciden perfectamente con los s\u00edntomas de la fiebre hemorr\u00e1gica debida al virus del \u00c9bola.<\/p>\n\n\n\n<p>&#8220;Las l\u00e1grimas sanguinolentas ser\u00edan hemorragias conjuntivales; la sangre que sale por todos los orificios y, en particular, las hemorragias por la boca y la nariz, son precisamente epistaxis, hematuria, hematemesis y melena, todas ellas frecuentes en los individuos con fiebre hemorr\u00e1gica del \u00e9bola&#8221;, escriben los investigadores.<\/p>\n\n\n\n<p>&#8220;La expresi\u00f3n &#8216;totum est pro vulnere corpus&#8217; (todo su cuerpo es una herida) parece resumir y mostrar la esencia misma de la infecci\u00f3n por el Ebolavirus, que es capaz de inhibir la uni\u00f3n de la pared celular en casi todos los tejidos del cuerpo, provocando as\u00ed una hemorragia generalizada.&#8221;<\/p>\n\n\n\n<p>La hip\u00f3tesis de los investigadores se ve corroborada por la ubicaci\u00f3n de los soldados romanos, que, habiendo llegado a \u00c1frica para luchar contra Pompeyo, podr\u00edan haber remontado el Nilo y probablemente hasta las zonas ecuatoriales donde se identificar\u00eda el virus dos mil a\u00f1os despu\u00e9s.<br><br>Marco Ana Lucano naci\u00f3 en C\u00f3rdoba el 3 de noviembre del 39 d.C., hijo de Marco Ana Mela, hermano de S\u00e9neca. En el 40 ya se hab\u00eda trasladado con su familia a Roma, donde fue alumno del estoico Lucio Ana Cornuto y en cuya escuela trab\u00f3 amistad con Aulo Persio Flaco.<\/p>\n\n\n\n<p>Pas\u00f3 a formar parte del c\u00edrculo de amigos \u00edntimos del emperador Ner\u00f3n, quien le permiti\u00f3 ejercer como cuestor antes de alcanzar la edad m\u00ednima y entrar en el colegio de augures. En la d\u00e9cada de los sesenta tambi\u00e9n particip\u00f3 en la Neronia, los cert\u00e1menes po\u00e9ticos organizados por Ner\u00f3n, recitando sus laudes dirigidas al pr\u00edncipe; adem\u00e1s, seg\u00fan algunas fuentes antiguas, public\u00f3 los tres primeros libros de la Farsalia.<\/p>\n\n\n\n<p>Sin embargo, por razones inciertas (supuestamente por los celos del emperador hacia el joven poeta) se produjo una ruptura entre Ner\u00f3n y Lucano, que finalmente se uni\u00f3 a la conspiraci\u00f3n de Piso.<\/p>\n\n\n\n<p><br><br><small>Copyright \u00a9 2021 ElCanillita.info \/ Ruben Guzzo &#8211; Carnet de Prensa 59120, ODG &#8211; Roma &#8211; PanPress.eu \/ SalaStampa.eu <\/small><\/p>\n","protected":false},"excerpt":{"rendered":"<p>Marco Ana Lucano naci\u00f3 en C\u00f3rdoba el 3 de noviembre del 39 d.C., hijo de Marco Ana Mela, hermano de S\u00e9neca. <\/p>\n","protected":false},"author":1,"featured_media":340,"comment_status":"closed","ping_status":"closed","sticky":false,"template":"","format":"standard","meta":{"footnotes":"","_links_to":"","_links_to_target":""},"categories":[37,46],"tags":[22],"class_list":["post-339","post","type-post","status-publish","format-standard","has-post-thumbnail","hentry","category-cultura-esp","category-europa","tag-italia","entry","rows"],"yoast_head":"<!-- This site is optimized with the Yoast SEO plugin v27.4 - https:\/\/yoast.com\/product\/yoast-seo-wordpress\/ -->\n<title>El poeta latino Lucano fue el primero en describir el \u00e9bola - BlogDiario Magazine<\/title>\n<meta name=\"robots\" content=\"index, follow, max-snippet:-1, max-image-preview:large, max-video-preview:-1\" \/>\n<link rel=\"canonical\" href=\"https:\/\/blogdiario.info\/magazine\/2021\/12\/08\/poeta-latino-lucano-ebola\/\" \/>\n<meta property=\"og:locale\" content=\"es_ES\" \/>\n<meta property=\"og:type\" content=\"article\" \/>\n<meta property=\"og:title\" content=\"El poeta latino Lucano fue el primero en describir el \u00e9bola - BlogDiario Magazine\" \/>\n<meta property=\"og:description\" content=\"Marco Ana Lucano naci\u00f3 en C\u00f3rdoba el 3 de noviembre del 39 d.C., hijo de Marco Ana Mela, hermano de S\u00e9neca.\" \/>\n<meta property=\"og:url\" content=\"https:\/\/blogdiario.info\/magazine\/2021\/12\/08\/poeta-latino-lucano-ebola\/\" \/>\n<meta property=\"og:site_name\" content=\"BlogDiario Magazine\" \/>\n<meta property=\"article:published_time\" content=\"2021-12-08T15:39:49+00:00\" \/>\n<meta property=\"article:modified_time\" content=\"2021-12-22T21:04:24+00:00\" \/>\n<meta property=\"og:image\" content=\"https:\/\/blogdiario.info\/magazine\/images\/2021\/12\/lucano.jpg\" \/>\n\t<meta property=\"og:image:width\" content=\"814\" \/>\n\t<meta property=\"og:image:height\" content=\"754\" \/>\n\t<meta property=\"og:image:type\" content=\"image\/jpeg\" \/>\n<meta name=\"author\" content=\"World Press Service | Servicio de Prensa Mundial\" \/>\n<meta name=\"twitter:card\" content=\"summary_large_image\" \/>\n<meta name=\"twitter:label1\" content=\"Escrito por\" \/>\n\t<meta name=\"twitter:data1\" content=\"World Press Service | Servicio de Prensa Mundial\" \/>\n\t<meta name=\"twitter:label2\" content=\"Tiempo de lectura\" \/>\n\t<meta name=\"twitter:data2\" content=\"3 minutos\" \/>\n<script type=\"application\/ld+json\" class=\"yoast-schema-graph\">{\"@context\":\"https:\\\/\\\/schema.org\",\"@graph\":[{\"@type\":\"Article\",\"@id\":\"https:\\\/\\\/blogdiario.info\\\/magazine\\\/2021\\\/12\\\/08\\\/poeta-latino-lucano-ebola\\\/#article\",\"isPartOf\":{\"@id\":\"https:\\\/\\\/blogdiario.info\\\/magazine\\\/2021\\\/12\\\/08\\\/poeta-latino-lucano-ebola\\\/\"},\"author\":{\"name\":\"World Press Service | Servicio de Prensa Mundial\",\"@id\":\"https:\\\/\\\/blogdiario.info\\\/magazine\\\/#\\\/schema\\\/person\\\/b2422fe85574d945bad55513bb0c7354\"},\"headline\":\"El poeta latino Lucano fue el primero en describir el \u00e9bola\",\"datePublished\":\"2021-12-08T15:39:49+00:00\",\"dateModified\":\"2021-12-22T21:04:24+00:00\",\"mainEntityOfPage\":{\"@id\":\"https:\\\/\\\/blogdiario.info\\\/magazine\\\/2021\\\/12\\\/08\\\/poeta-latino-lucano-ebola\\\/\"},\"wordCount\":514,\"publisher\":{\"@id\":\"https:\\\/\\\/blogdiario.info\\\/magazine\\\/#organization\"},\"image\":{\"@id\":\"https:\\\/\\\/blogdiario.info\\\/magazine\\\/2021\\\/12\\\/08\\\/poeta-latino-lucano-ebola\\\/#primaryimage\"},\"thumbnailUrl\":\"https:\\\/\\\/blogdiario.info\\\/magazine\\\/images\\\/2021\\\/12\\\/lucano.jpg\",\"keywords\":[\"Italia\"],\"articleSection\":[\"Cultura\",\"Europa\"],\"inLanguage\":\"es-AR\"},{\"@type\":\"WebPage\",\"@id\":\"https:\\\/\\\/blogdiario.info\\\/magazine\\\/2021\\\/12\\\/08\\\/poeta-latino-lucano-ebola\\\/\",\"url\":\"https:\\\/\\\/blogdiario.info\\\/magazine\\\/2021\\\/12\\\/08\\\/poeta-latino-lucano-ebola\\\/\",\"name\":\"El poeta latino Lucano fue el primero en describir el \u00e9bola - BlogDiario Magazine\",\"isPartOf\":{\"@id\":\"https:\\\/\\\/blogdiario.info\\\/magazine\\\/#website\"},\"primaryImageOfPage\":{\"@id\":\"https:\\\/\\\/blogdiario.info\\\/magazine\\\/2021\\\/12\\\/08\\\/poeta-latino-lucano-ebola\\\/#primaryimage\"},\"image\":{\"@id\":\"https:\\\/\\\/blogdiario.info\\\/magazine\\\/2021\\\/12\\\/08\\\/poeta-latino-lucano-ebola\\\/#primaryimage\"},\"thumbnailUrl\":\"https:\\\/\\\/blogdiario.info\\\/magazine\\\/images\\\/2021\\\/12\\\/lucano.jpg\",\"datePublished\":\"2021-12-08T15:39:49+00:00\",\"dateModified\":\"2021-12-22T21:04:24+00:00\",\"breadcrumb\":{\"@id\":\"https:\\\/\\\/blogdiario.info\\\/magazine\\\/2021\\\/12\\\/08\\\/poeta-latino-lucano-ebola\\\/#breadcrumb\"},\"inLanguage\":\"es-AR\",\"potentialAction\":[{\"@type\":\"ReadAction\",\"target\":[\"https:\\\/\\\/blogdiario.info\\\/magazine\\\/2021\\\/12\\\/08\\\/poeta-latino-lucano-ebola\\\/\"]}]},{\"@type\":\"ImageObject\",\"inLanguage\":\"es-AR\",\"@id\":\"https:\\\/\\\/blogdiario.info\\\/magazine\\\/2021\\\/12\\\/08\\\/poeta-latino-lucano-ebola\\\/#primaryimage\",\"url\":\"https:\\\/\\\/blogdiario.info\\\/magazine\\\/images\\\/2021\\\/12\\\/lucano.jpg\",\"contentUrl\":\"https:\\\/\\\/blogdiario.info\\\/magazine\\\/images\\\/2021\\\/12\\\/lucano.jpg\",\"width\":814,\"height\":754},{\"@type\":\"BreadcrumbList\",\"@id\":\"https:\\\/\\\/blogdiario.info\\\/magazine\\\/2021\\\/12\\\/08\\\/poeta-latino-lucano-ebola\\\/#breadcrumb\",\"itemListElement\":[{\"@type\":\"ListItem\",\"position\":1,\"name\":\"Home\",\"item\":\"https:\\\/\\\/blogdiario.info\\\/magazine\\\/\"},{\"@type\":\"ListItem\",\"position\":2,\"name\":\"El poeta latino Lucano fue el primero en describir el \u00e9bola\"}]},{\"@type\":\"WebSite\",\"@id\":\"https:\\\/\\\/blogdiario.info\\\/magazine\\\/#website\",\"url\":\"https:\\\/\\\/blogdiario.info\\\/magazine\\\/\",\"name\":\"BlogDiario Magazine\",\"description\":\"Suplemento multiling\u00fce de ElCanillita.Info\",\"publisher\":{\"@id\":\"https:\\\/\\\/blogdiario.info\\\/magazine\\\/#organization\"},\"potentialAction\":[{\"@type\":\"SearchAction\",\"target\":{\"@type\":\"EntryPoint\",\"urlTemplate\":\"https:\\\/\\\/blogdiario.info\\\/magazine\\\/?s={search_term_string}\"},\"query-input\":{\"@type\":\"PropertyValueSpecification\",\"valueRequired\":true,\"valueName\":\"search_term_string\"}}],\"inLanguage\":\"es-AR\"},{\"@type\":\"Organization\",\"@id\":\"https:\\\/\\\/blogdiario.info\\\/magazine\\\/#organization\",\"name\":\"Guzzo Photos & Graphic Publications\",\"url\":\"https:\\\/\\\/blogdiario.info\\\/magazine\\\/\",\"logo\":{\"@type\":\"ImageObject\",\"inLanguage\":\"es-AR\",\"@id\":\"https:\\\/\\\/blogdiario.info\\\/magazine\\\/#\\\/schema\\\/logo\\\/image\\\/\",\"url\":\"https:\\\/\\\/blogdiario.info\\\/magazine\\\/images\\\/2020\\\/01\\\/cropped-blogdia_magazine.jpg\",\"contentUrl\":\"https:\\\/\\\/blogdiario.info\\\/magazine\\\/images\\\/2020\\\/01\\\/cropped-blogdia_magazine.jpg\",\"width\":589,\"height\":55,\"caption\":\"Guzzo Photos & Graphic Publications\"},\"image\":{\"@id\":\"https:\\\/\\\/blogdiario.info\\\/magazine\\\/#\\\/schema\\\/logo\\\/image\\\/\"}},{\"@type\":\"Person\",\"@id\":\"https:\\\/\\\/blogdiario.info\\\/magazine\\\/#\\\/schema\\\/person\\\/b2422fe85574d945bad55513bb0c7354\",\"name\":\"World Press Service | Servicio de Prensa Mundial\"}]}<\/script>\n<!-- \/ Yoast SEO plugin. -->","yoast_head_json":{"title":"El poeta latino Lucano fue el primero en describir el \u00e9bola - BlogDiario Magazine","robots":{"index":"index","follow":"follow","max-snippet":"max-snippet:-1","max-image-preview":"max-image-preview:large","max-video-preview":"max-video-preview:-1"},"canonical":"https:\/\/blogdiario.info\/magazine\/2021\/12\/08\/poeta-latino-lucano-ebola\/","og_locale":"es_ES","og_type":"article","og_title":"El poeta latino Lucano fue el primero en describir el \u00e9bola - BlogDiario Magazine","og_description":"Marco Ana Lucano naci\u00f3 en C\u00f3rdoba el 3 de noviembre del 39 d.C., hijo de Marco Ana Mela, hermano de S\u00e9neca.","og_url":"https:\/\/blogdiario.info\/magazine\/2021\/12\/08\/poeta-latino-lucano-ebola\/","og_site_name":"BlogDiario Magazine","article_published_time":"2021-12-08T15:39:49+00:00","article_modified_time":"2021-12-22T21:04:24+00:00","og_image":[{"width":814,"height":754,"url":"https:\/\/blogdiario.info\/magazine\/images\/2021\/12\/lucano.jpg","type":"image\/jpeg"}],"author":"World Press Service | Servicio de Prensa Mundial","twitter_card":"summary_large_image","twitter_misc":{"Escrito por":"World Press Service | Servicio de Prensa Mundial","Tiempo de lectura":"3 minutos"},"schema":{"@context":"https:\/\/schema.org","@graph":[{"@type":"Article","@id":"https:\/\/blogdiario.info\/magazine\/2021\/12\/08\/poeta-latino-lucano-ebola\/#article","isPartOf":{"@id":"https:\/\/blogdiario.info\/magazine\/2021\/12\/08\/poeta-latino-lucano-ebola\/"},"author":{"name":"World Press Service | Servicio de Prensa Mundial","@id":"https:\/\/blogdiario.info\/magazine\/#\/schema\/person\/b2422fe85574d945bad55513bb0c7354"},"headline":"El poeta latino Lucano fue el primero en describir el \u00e9bola","datePublished":"2021-12-08T15:39:49+00:00","dateModified":"2021-12-22T21:04:24+00:00","mainEntityOfPage":{"@id":"https:\/\/blogdiario.info\/magazine\/2021\/12\/08\/poeta-latino-lucano-ebola\/"},"wordCount":514,"publisher":{"@id":"https:\/\/blogdiario.info\/magazine\/#organization"},"image":{"@id":"https:\/\/blogdiario.info\/magazine\/2021\/12\/08\/poeta-latino-lucano-ebola\/#primaryimage"},"thumbnailUrl":"https:\/\/blogdiario.info\/magazine\/images\/2021\/12\/lucano.jpg","keywords":["Italia"],"articleSection":["Cultura","Europa"],"inLanguage":"es-AR"},{"@type":"WebPage","@id":"https:\/\/blogdiario.info\/magazine\/2021\/12\/08\/poeta-latino-lucano-ebola\/","url":"https:\/\/blogdiario.info\/magazine\/2021\/12\/08\/poeta-latino-lucano-ebola\/","name":"El poeta latino Lucano fue el primero en describir el \u00e9bola - BlogDiario Magazine","isPartOf":{"@id":"https:\/\/blogdiario.info\/magazine\/#website"},"primaryImageOfPage":{"@id":"https:\/\/blogdiario.info\/magazine\/2021\/12\/08\/poeta-latino-lucano-ebola\/#primaryimage"},"image":{"@id":"https:\/\/blogdiario.info\/magazine\/2021\/12\/08\/poeta-latino-lucano-ebola\/#primaryimage"},"thumbnailUrl":"https:\/\/blogdiario.info\/magazine\/images\/2021\/12\/lucano.jpg","datePublished":"2021-12-08T15:39:49+00:00","dateModified":"2021-12-22T21:04:24+00:00","breadcrumb":{"@id":"https:\/\/blogdiario.info\/magazine\/2021\/12\/08\/poeta-latino-lucano-ebola\/#breadcrumb"},"inLanguage":"es-AR","potentialAction":[{"@type":"ReadAction","target":["https:\/\/blogdiario.info\/magazine\/2021\/12\/08\/poeta-latino-lucano-ebola\/"]}]},{"@type":"ImageObject","inLanguage":"es-AR","@id":"https:\/\/blogdiario.info\/magazine\/2021\/12\/08\/poeta-latino-lucano-ebola\/#primaryimage","url":"https:\/\/blogdiario.info\/magazine\/images\/2021\/12\/lucano.jpg","contentUrl":"https:\/\/blogdiario.info\/magazine\/images\/2021\/12\/lucano.jpg","width":814,"height":754},{"@type":"BreadcrumbList","@id":"https:\/\/blogdiario.info\/magazine\/2021\/12\/08\/poeta-latino-lucano-ebola\/#breadcrumb","itemListElement":[{"@type":"ListItem","position":1,"name":"Home","item":"https:\/\/blogdiario.info\/magazine\/"},{"@type":"ListItem","position":2,"name":"El poeta latino Lucano fue el primero en describir el \u00e9bola"}]},{"@type":"WebSite","@id":"https:\/\/blogdiario.info\/magazine\/#website","url":"https:\/\/blogdiario.info\/magazine\/","name":"BlogDiario Magazine","description":"Suplemento multiling\u00fce de ElCanillita.Info","publisher":{"@id":"https:\/\/blogdiario.info\/magazine\/#organization"},"potentialAction":[{"@type":"SearchAction","target":{"@type":"EntryPoint","urlTemplate":"https:\/\/blogdiario.info\/magazine\/?s={search_term_string}"},"query-input":{"@type":"PropertyValueSpecification","valueRequired":true,"valueName":"search_term_string"}}],"inLanguage":"es-AR"},{"@type":"Organization","@id":"https:\/\/blogdiario.info\/magazine\/#organization","name":"Guzzo Photos & Graphic Publications","url":"https:\/\/blogdiario.info\/magazine\/","logo":{"@type":"ImageObject","inLanguage":"es-AR","@id":"https:\/\/blogdiario.info\/magazine\/#\/schema\/logo\/image\/","url":"https:\/\/blogdiario.info\/magazine\/images\/2020\/01\/cropped-blogdia_magazine.jpg","contentUrl":"https:\/\/blogdiario.info\/magazine\/images\/2020\/01\/cropped-blogdia_magazine.jpg","width":589,"height":55,"caption":"Guzzo Photos & Graphic Publications"},"image":{"@id":"https:\/\/blogdiario.info\/magazine\/#\/schema\/logo\/image\/"}},{"@type":"Person","@id":"https:\/\/blogdiario.info\/magazine\/#\/schema\/person\/b2422fe85574d945bad55513bb0c7354","name":"World Press Service | Servicio de Prensa Mundial"}]}},"views":689,"_links":{"self":[{"href":"https:\/\/blogdiario.info\/magazine\/wp-json\/wp\/v2\/posts\/339","targetHints":{"allow":["GET"]}}],"collection":[{"href":"https:\/\/blogdiario.info\/magazine\/wp-json\/wp\/v2\/posts"}],"about":[{"href":"https:\/\/blogdiario.info\/magazine\/wp-json\/wp\/v2\/types\/post"}],"author":[{"embeddable":true,"href":"https:\/\/blogdiario.info\/magazine\/wp-json\/wp\/v2\/users\/1"}],"replies":[{"embeddable":true,"href":"https:\/\/blogdiario.info\/magazine\/wp-json\/wp\/v2\/comments?post=339"}],"version-history":[{"count":0,"href":"https:\/\/blogdiario.info\/magazine\/wp-json\/wp\/v2\/posts\/339\/revisions"}],"wp:featuredmedia":[{"embeddable":true,"href":"https:\/\/blogdiario.info\/magazine\/wp-json\/wp\/v2\/media\/340"}],"wp:attachment":[{"href":"https:\/\/blogdiario.info\/magazine\/wp-json\/wp\/v2\/media?parent=339"}],"wp:term":[{"taxonomy":"category","embeddable":true,"href":"https:\/\/blogdiario.info\/magazine\/wp-json\/wp\/v2\/categories?post=339"},{"taxonomy":"post_tag","embeddable":true,"href":"https:\/\/blogdiario.info\/magazine\/wp-json\/wp\/v2\/tags?post=339"}],"curies":[{"name":"wp","href":"https:\/\/api.w.org\/{rel}","templated":true}]}}