{"id":3271,"date":"2026-09-03T22:50:17","date_gmt":"2026-09-03T21:50:17","guid":{"rendered":"https:\/\/blogdiario.info\/magazine\/?p=3271"},"modified":"2026-09-03T22:55:04","modified_gmt":"2026-09-03T21:55:04","slug":"la-democracia-no-se-cose-a-medida","status":"publish","type":"post","link":"https:\/\/blogdiario.info\/magazine\/2026\/09\/03\/la-democracia-no-se-cose-a-medida\/","title":{"rendered":"La democracia no se cose a medida"},"content":{"rendered":"<div class=\"wp-block-image\">\n<figure class=\"alignleft size-full is-resized\"><img loading=\"lazy\" decoding=\"async\" width=\"400\" height=\"531\" src=\"https:\/\/blogdiario.info\/magazine\/images\/2026\/08\/Ars_politca_H-1.jpg\" alt=\"\" class=\"wp-image-3222\" style=\"width:301px;height:auto\" srcset=\"https:\/\/blogdiario.info\/magazine\/images\/2026\/08\/Ars_politca_H-1.jpg 400w, https:\/\/blogdiario.info\/magazine\/images\/2026\/08\/Ars_politca_H-1-226x300.jpg 226w\" sizes=\"auto, (max-width: 400px) 100vw, 400px\" \/><\/figure><\/div>\n\n\n<p><strong>Italia<\/strong>: El Gobierno de Giorgia Meloni presenta su reforma electoral como garant\u00eda de estabilidad. La oposici\u00f3n sospecha algo menos solemne: que la mayor\u00eda est\u00e1 tomando las medidas del traje que desea vestir despu\u00e9s de las elecciones de 2027.<\/p>\n\n\n\n<p>Italia conoce demasiado bien las crisis de gobierno, las alianzas improvisadas y los matrimonios parlamentarios que duran menos que el banquete. Por eso, cuando alguien pronuncia la palabra <em>estabilidad<\/em>, el ciudadano escucha con comprensible esperanza.<\/p>\n\n\n\n<p>El problema comienza cuando la estabilidad deja de ser un objetivo institucional y se convierte en una ventaja confeccionada para quien ya ocupa el Palazzo Chigi.<\/p>\n\n\n\n<p>La reforma impulsada por la coalici\u00f3n de Giorgia Meloni sustituir\u00eda el actual sistema mixto por uno enteramente proporcional. Si una alianza supera el 42 por ciento de los votos, recibir\u00eda un premio de mayor\u00eda: 70 diputados adicionales y 35 senadores, con un l\u00edmite total de 220 bancas en la C\u00e1mara y 113 en el Senado. El proyecto ya fue aprobado por la C\u00e1mara de Diputados y debe completar su recorrido en el Senado. <\/p>\n\n\n\n<p>Sobre el papel, el argumento parece respetable: quien gana debe poder gobernar. Pero la pregunta democr\u00e1tica no es solamente qui\u00e9n llega primero, sino cu\u00e1nto puede llevarse quien llega primero y con qu\u00e9 porcentaje real de respaldo ciudadano.<\/p>\n\n\n\n<p>Con el sistema propuesto, una coalici\u00f3n que re\u00fana poco m\u00e1s de cuatro votos sobre diez podr\u00eda obtener una mayor\u00eda parlamentaria suficiente para gobernar con holgura. No ser\u00eda exactamente una falsificaci\u00f3n de la voluntad popular; ser\u00eda algo m\u00e1s refinado: una traducci\u00f3n muy generosa.<\/p>\n\n\n\n<p>El asunto resulta todav\u00eda m\u00e1s delicado porque desaparecen los distritos uninominales \u2014donde el centroizquierda podr\u00eda resultar competitivo, especialmente en el sur\u2014 y vuelven a discutirse modificaciones como el eventual balotaje y las preferencias dentro de las listas. La ley que deb\u00eda traer certidumbre contin\u00faa cambiando mientras los partidos calculan qui\u00e9n gana y qui\u00e9n pierde con cada bot\u00f3n que se agrega al chaleco.<\/p>\n\n\n\n<p>Meloni no ha inventado esta costumbre. Italia posee una larga tradici\u00f3n de reformar la ley electoral mirando de reojo las encuestas. La izquierda y la derecha han recurrido, en distintas \u00e9pocas, a la ingenier\u00eda parlamentaria. Pero los malos antecedentes no otorgan certificados de buena conducta: demuestran precisamente por qu\u00e9 las reglas deber\u00edan acordarse lejos de la calculadora electoral.<\/p>\n\n\n\n<p>La primera ministra tiene derecho a buscar la reelecci\u00f3n. Tambi\u00e9n puede defender que su coalici\u00f3n ha proporcionado al pa\u00eds una estabilidad poco frecuente. Lo que no conviene es confundir ambas cosas. Una democracia estable es aquella donde el Gobierno puede perder sin que el sistema se derrumbe, no aquella donde el sistema se modifica para que el Gobierno dif\u00edcilmente pierda.<\/p>\n\n\n\n<p>La oposici\u00f3n denuncia una maniobra autoritaria. La palabra quiz\u00e1 sea excesiva mientras la reforma transita por el Parlamento, puede ser debatida y todav\u00eda no constituye ley definitiva. Pero la sospecha no es caprichosa: cambiar las reglas cuando ya se conoce el mapa de fuerzas transforma una reforma institucional en una operaci\u00f3n electoral con membrete legislativo.<\/p>\n\n\n\n<p>Las leyes electorales no deber\u00edan pertenecer a Meloni, a Schlein, a Conte ni a ning\u00fan propietario circunstancial del poder. Son las reglas con las que el ciudadano decide qui\u00e9n gobierna y, detalle que suele olvidarse en los palacios, qui\u00e9n debe marcharse.<\/p>\n\n\n\n<p>Porque una mayor\u00eda conseguida en las urnas concede el derecho a gobernar. No concede el derecho a llevarse las urnas al taller para ajustarles la cintura.<\/p>\n\n\n<p><small>\ud83d\udd8b\ufe0f \u00a9 El Sastre de la Rep\u00fablica \u2014 All Rights Reserved | 2026<\/small><\/p>\n<hr style=\"border: none; height: 1px; background-color: #e0e0e0; max-width: 80%; margin: 2em auto;\" \/>\n<p><small>\u00a9 2026 SalaStampa.eu, world press service &#8211; All Rights Reserved &#8211; Guzzo Photos &amp; Graphic Publications \u2013 Registro Editori e Stampatori n. 1441 Turin, Italy<\/small><br \/><small>Fuentes consultadas: Reuters, ANSA, RaiNews, CISE\u2013Universidad LUISS y prensa brit\u00e1nica e italiana<\/small><\/p>","protected":false},"excerpt":{"rendered":"<p>El Gobierno de Giorgia Meloni presenta su reforma electoral como garant\u00eda de estabilidad. La oposici\u00f3n sospecha algo menos solemne: que la mayor\u00eda est\u00e1 tomando las medidas del traje que desea vestir despu\u00e9s de las elecciones de 2027.<\/p>\n","protected":false},"author":1,"featured_media":3211,"comment_status":"closed","ping_status":"closed","sticky":false,"template":"","format":"standard","meta":{"footnotes":"","_links_to":"","_links_to_target":""},"categories":[97,109,62,46,41,223],"tags":[22],"class_list":["post-3271","post","type-post","status-publish","format-standard","has-post-thumbnail","hentry","category-elcanillita","category-dc24","category-actualidad","category-europa","category-politica-esp","category-relatos-del-terreno","tag-italia","entry","rows"],"yoast_head":"<!-- This site is optimized with the Yoast SEO plugin v27.8 - https:\/\/yoast.com\/product\/yoast-seo-wordpress\/ -->\n<title>La democracia no se cose a medida - BlogDiario Magazine<\/title>\n<meta name=\"robots\" content=\"index, follow, max-snippet:-1, max-image-preview:large, max-video-preview:-1\" \/>\n<link rel=\"canonical\" href=\"https:\/\/blogdiario.info\/magazine\/2026\/09\/03\/la-democracia-no-se-cose-a-medida\/\" \/>\n<meta property=\"og:locale\" content=\"es_ES\" \/>\n<meta property=\"og:type\" content=\"article\" \/>\n<meta property=\"og:title\" content=\"La democracia no se cose a medida - BlogDiario Magazine\" \/>\n<meta property=\"og:description\" content=\"El Gobierno de Giorgia Meloni presenta su reforma electoral como garant\u00eda de estabilidad. La oposici\u00f3n sospecha algo menos solemne: que la mayor\u00eda est\u00e1 tomando las medidas del traje que desea vestir despu\u00e9s de las elecciones de 2027.\" \/>\n<meta property=\"og:url\" content=\"https:\/\/blogdiario.info\/magazine\/2026\/09\/03\/la-democracia-no-se-cose-a-medida\/\" \/>\n<meta property=\"og:site_name\" content=\"BlogDiario Magazine\" \/>\n<meta property=\"article:published_time\" content=\"2026-09-03T21:50:17+00:00\" \/>\n<meta property=\"article:modified_time\" content=\"2026-09-03T21:55:04+00:00\" \/>\n<meta property=\"og:image\" content=\"https:\/\/blogdiario.info\/magazine\/images\/2026\/08\/Ars_politca_cv.jpg\" \/>\n\t<meta property=\"og:image:width\" content=\"400\" \/>\n\t<meta property=\"og:image:height\" content=\"204\" \/>\n\t<meta property=\"og:image:type\" content=\"image\/jpeg\" \/>\n<meta name=\"author\" content=\"World Press Service | Servicio de Prensa Mundial\" \/>\n<meta name=\"twitter:card\" content=\"summary_large_image\" \/>\n<meta name=\"twitter:label1\" content=\"Escrito por\" \/>\n\t<meta name=\"twitter:data1\" content=\"World Press Service | Servicio de Prensa Mundial\" \/>\n\t<meta name=\"twitter:label2\" content=\"Tiempo de lectura\" \/>\n\t<meta name=\"twitter:data2\" content=\"4 minutos\" \/>\n<script type=\"application\/ld+json\" class=\"yoast-schema-graph\">{\"@context\":\"https:\\\/\\\/schema.org\",\"@graph\":[{\"@type\":\"Article\",\"@id\":\"https:\\\/\\\/blogdiario.info\\\/magazine\\\/2026\\\/09\\\/03\\\/la-democracia-no-se-cose-a-medida\\\/#article\",\"isPartOf\":{\"@id\":\"https:\\\/\\\/blogdiario.info\\\/magazine\\\/2026\\\/09\\\/03\\\/la-democracia-no-se-cose-a-medida\\\/\"},\"author\":{\"name\":\"World Press Service | Servicio de Prensa Mundial\",\"@id\":\"https:\\\/\\\/blogdiario.info\\\/magazine\\\/#\\\/schema\\\/person\\\/b2422fe85574d945bad55513bb0c7354\"},\"headline\":\"La democracia no se cose a medida\",\"datePublished\":\"2026-09-03T21:50:17+00:00\",\"dateModified\":\"2026-09-03T21:55:04+00:00\",\"mainEntityOfPage\":{\"@id\":\"https:\\\/\\\/blogdiario.info\\\/magazine\\\/2026\\\/09\\\/03\\\/la-democracia-no-se-cose-a-medida\\\/\"},\"wordCount\":647,\"publisher\":{\"@id\":\"https:\\\/\\\/blogdiario.info\\\/magazine\\\/#organization\"},\"image\":{\"@id\":\"https:\\\/\\\/blogdiario.info\\\/magazine\\\/2026\\\/09\\\/03\\\/la-democracia-no-se-cose-a-medida\\\/#primaryimage\"},\"thumbnailUrl\":\"https:\\\/\\\/blogdiario.info\\\/magazine\\\/images\\\/2026\\\/08\\\/Ars_politca_cv.jpg\",\"keywords\":[\"Italia\"],\"articleSection\":[\".\",\".\",\"Actualidad\",\"Europa\",\"Politica\",\"Relatos del Terreno\"],\"inLanguage\":\"es-AR\"},{\"@type\":\"WebPage\",\"@id\":\"https:\\\/\\\/blogdiario.info\\\/magazine\\\/2026\\\/09\\\/03\\\/la-democracia-no-se-cose-a-medida\\\/\",\"url\":\"https:\\\/\\\/blogdiario.info\\\/magazine\\\/2026\\\/09\\\/03\\\/la-democracia-no-se-cose-a-medida\\\/\",\"name\":\"La democracia no se cose a medida - BlogDiario Magazine\",\"isPartOf\":{\"@id\":\"https:\\\/\\\/blogdiario.info\\\/magazine\\\/#website\"},\"primaryImageOfPage\":{\"@id\":\"https:\\\/\\\/blogdiario.info\\\/magazine\\\/2026\\\/09\\\/03\\\/la-democracia-no-se-cose-a-medida\\\/#primaryimage\"},\"image\":{\"@id\":\"https:\\\/\\\/blogdiario.info\\\/magazine\\\/2026\\\/09\\\/03\\\/la-democracia-no-se-cose-a-medida\\\/#primaryimage\"},\"thumbnailUrl\":\"https:\\\/\\\/blogdiario.info\\\/magazine\\\/images\\\/2026\\\/08\\\/Ars_politca_cv.jpg\",\"datePublished\":\"2026-09-03T21:50:17+00:00\",\"dateModified\":\"2026-09-03T21:55:04+00:00\",\"breadcrumb\":{\"@id\":\"https:\\\/\\\/blogdiario.info\\\/magazine\\\/2026\\\/09\\\/03\\\/la-democracia-no-se-cose-a-medida\\\/#breadcrumb\"},\"inLanguage\":\"es-AR\",\"potentialAction\":[{\"@type\":\"ReadAction\",\"target\":[\"https:\\\/\\\/blogdiario.info\\\/magazine\\\/2026\\\/09\\\/03\\\/la-democracia-no-se-cose-a-medida\\\/\"]}]},{\"@type\":\"ImageObject\",\"inLanguage\":\"es-AR\",\"@id\":\"https:\\\/\\\/blogdiario.info\\\/magazine\\\/2026\\\/09\\\/03\\\/la-democracia-no-se-cose-a-medida\\\/#primaryimage\",\"url\":\"https:\\\/\\\/blogdiario.info\\\/magazine\\\/images\\\/2026\\\/08\\\/Ars_politca_cv.jpg\",\"contentUrl\":\"https:\\\/\\\/blogdiario.info\\\/magazine\\\/images\\\/2026\\\/08\\\/Ars_politca_cv.jpg\",\"width\":400,\"height\":204},{\"@type\":\"BreadcrumbList\",\"@id\":\"https:\\\/\\\/blogdiario.info\\\/magazine\\\/2026\\\/09\\\/03\\\/la-democracia-no-se-cose-a-medida\\\/#breadcrumb\",\"itemListElement\":[{\"@type\":\"ListItem\",\"position\":1,\"name\":\"Home\",\"item\":\"https:\\\/\\\/blogdiario.info\\\/magazine\\\/\"},{\"@type\":\"ListItem\",\"position\":2,\"name\":\"La democracia no se cose a medida\"}]},{\"@type\":\"WebSite\",\"@id\":\"https:\\\/\\\/blogdiario.info\\\/magazine\\\/#website\",\"url\":\"https:\\\/\\\/blogdiario.info\\\/magazine\\\/\",\"name\":\"BlogDiario Magazine\",\"description\":\"Suplemento multiling\u00fce de ElCanillita.Info\",\"publisher\":{\"@id\":\"https:\\\/\\\/blogdiario.info\\\/magazine\\\/#organization\"},\"potentialAction\":[{\"@type\":\"SearchAction\",\"target\":{\"@type\":\"EntryPoint\",\"urlTemplate\":\"https:\\\/\\\/blogdiario.info\\\/magazine\\\/?s={search_term_string}\"},\"query-input\":{\"@type\":\"PropertyValueSpecification\",\"valueRequired\":true,\"valueName\":\"search_term_string\"}}],\"inLanguage\":\"es-AR\"},{\"@type\":\"Organization\",\"@id\":\"https:\\\/\\\/blogdiario.info\\\/magazine\\\/#organization\",\"name\":\"Guzzo Photos & Graphic Publications\",\"url\":\"https:\\\/\\\/blogdiario.info\\\/magazine\\\/\",\"logo\":{\"@type\":\"ImageObject\",\"inLanguage\":\"es-AR\",\"@id\":\"https:\\\/\\\/blogdiario.info\\\/magazine\\\/#\\\/schema\\\/logo\\\/image\\\/\",\"url\":\"https:\\\/\\\/blogdiario.info\\\/magazine\\\/images\\\/2020\\\/01\\\/cropped-blogdia_magazine.jpg\",\"contentUrl\":\"https:\\\/\\\/blogdiario.info\\\/magazine\\\/images\\\/2020\\\/01\\\/cropped-blogdia_magazine.jpg\",\"width\":589,\"height\":55,\"caption\":\"Guzzo Photos & Graphic Publications\"},\"image\":{\"@id\":\"https:\\\/\\\/blogdiario.info\\\/magazine\\\/#\\\/schema\\\/logo\\\/image\\\/\"}},{\"@type\":\"Person\",\"@id\":\"https:\\\/\\\/blogdiario.info\\\/magazine\\\/#\\\/schema\\\/person\\\/b2422fe85574d945bad55513bb0c7354\",\"name\":\"World Press Service | Servicio de Prensa Mundial\"}]}<\/script>\n<!-- \/ Yoast SEO plugin. -->","yoast_head_json":{"title":"La democracia no se cose a medida - BlogDiario Magazine","robots":{"index":"index","follow":"follow","max-snippet":"max-snippet:-1","max-image-preview":"max-image-preview:large","max-video-preview":"max-video-preview:-1"},"canonical":"https:\/\/blogdiario.info\/magazine\/2026\/09\/03\/la-democracia-no-se-cose-a-medida\/","og_locale":"es_ES","og_type":"article","og_title":"La democracia no se cose a medida - BlogDiario Magazine","og_description":"El Gobierno de Giorgia Meloni presenta su reforma electoral como garant\u00eda de estabilidad. La oposici\u00f3n sospecha algo menos solemne: que la mayor\u00eda est\u00e1 tomando las medidas del traje que desea vestir despu\u00e9s de las elecciones de 2027.","og_url":"https:\/\/blogdiario.info\/magazine\/2026\/09\/03\/la-democracia-no-se-cose-a-medida\/","og_site_name":"BlogDiario Magazine","article_published_time":"2026-09-03T21:50:17+00:00","article_modified_time":"2026-09-03T21:55:04+00:00","og_image":[{"width":400,"height":204,"url":"https:\/\/blogdiario.info\/magazine\/images\/2026\/08\/Ars_politca_cv.jpg","type":"image\/jpeg"}],"author":"World Press Service | Servicio de Prensa Mundial","twitter_card":"summary_large_image","twitter_misc":{"Escrito por":"World Press Service | Servicio de Prensa Mundial","Tiempo de lectura":"4 minutos"},"schema":{"@context":"https:\/\/schema.org","@graph":[{"@type":"Article","@id":"https:\/\/blogdiario.info\/magazine\/2026\/09\/03\/la-democracia-no-se-cose-a-medida\/#article","isPartOf":{"@id":"https:\/\/blogdiario.info\/magazine\/2026\/09\/03\/la-democracia-no-se-cose-a-medida\/"},"author":{"name":"World Press Service | Servicio de Prensa Mundial","@id":"https:\/\/blogdiario.info\/magazine\/#\/schema\/person\/b2422fe85574d945bad55513bb0c7354"},"headline":"La democracia no se cose a medida","datePublished":"2026-09-03T21:50:17+00:00","dateModified":"2026-09-03T21:55:04+00:00","mainEntityOfPage":{"@id":"https:\/\/blogdiario.info\/magazine\/2026\/09\/03\/la-democracia-no-se-cose-a-medida\/"},"wordCount":647,"publisher":{"@id":"https:\/\/blogdiario.info\/magazine\/#organization"},"image":{"@id":"https:\/\/blogdiario.info\/magazine\/2026\/09\/03\/la-democracia-no-se-cose-a-medida\/#primaryimage"},"thumbnailUrl":"https:\/\/blogdiario.info\/magazine\/images\/2026\/08\/Ars_politca_cv.jpg","keywords":["Italia"],"articleSection":[".",".","Actualidad","Europa","Politica","Relatos del Terreno"],"inLanguage":"es-AR"},{"@type":"WebPage","@id":"https:\/\/blogdiario.info\/magazine\/2026\/09\/03\/la-democracia-no-se-cose-a-medida\/","url":"https:\/\/blogdiario.info\/magazine\/2026\/09\/03\/la-democracia-no-se-cose-a-medida\/","name":"La democracia no se cose a medida - BlogDiario Magazine","isPartOf":{"@id":"https:\/\/blogdiario.info\/magazine\/#website"},"primaryImageOfPage":{"@id":"https:\/\/blogdiario.info\/magazine\/2026\/09\/03\/la-democracia-no-se-cose-a-medida\/#primaryimage"},"image":{"@id":"https:\/\/blogdiario.info\/magazine\/2026\/09\/03\/la-democracia-no-se-cose-a-medida\/#primaryimage"},"thumbnailUrl":"https:\/\/blogdiario.info\/magazine\/images\/2026\/08\/Ars_politca_cv.jpg","datePublished":"2026-09-03T21:50:17+00:00","dateModified":"2026-09-03T21:55:04+00:00","breadcrumb":{"@id":"https:\/\/blogdiario.info\/magazine\/2026\/09\/03\/la-democracia-no-se-cose-a-medida\/#breadcrumb"},"inLanguage":"es-AR","potentialAction":[{"@type":"ReadAction","target":["https:\/\/blogdiario.info\/magazine\/2026\/09\/03\/la-democracia-no-se-cose-a-medida\/"]}]},{"@type":"ImageObject","inLanguage":"es-AR","@id":"https:\/\/blogdiario.info\/magazine\/2026\/09\/03\/la-democracia-no-se-cose-a-medida\/#primaryimage","url":"https:\/\/blogdiario.info\/magazine\/images\/2026\/08\/Ars_politca_cv.jpg","contentUrl":"https:\/\/blogdiario.info\/magazine\/images\/2026\/08\/Ars_politca_cv.jpg","width":400,"height":204},{"@type":"BreadcrumbList","@id":"https:\/\/blogdiario.info\/magazine\/2026\/09\/03\/la-democracia-no-se-cose-a-medida\/#breadcrumb","itemListElement":[{"@type":"ListItem","position":1,"name":"Home","item":"https:\/\/blogdiario.info\/magazine\/"},{"@type":"ListItem","position":2,"name":"La democracia no se cose a medida"}]},{"@type":"WebSite","@id":"https:\/\/blogdiario.info\/magazine\/#website","url":"https:\/\/blogdiario.info\/magazine\/","name":"BlogDiario Magazine","description":"Suplemento multiling\u00fce de ElCanillita.Info","publisher":{"@id":"https:\/\/blogdiario.info\/magazine\/#organization"},"potentialAction":[{"@type":"SearchAction","target":{"@type":"EntryPoint","urlTemplate":"https:\/\/blogdiario.info\/magazine\/?s={search_term_string}"},"query-input":{"@type":"PropertyValueSpecification","valueRequired":true,"valueName":"search_term_string"}}],"inLanguage":"es-AR"},{"@type":"Organization","@id":"https:\/\/blogdiario.info\/magazine\/#organization","name":"Guzzo Photos & Graphic Publications","url":"https:\/\/blogdiario.info\/magazine\/","logo":{"@type":"ImageObject","inLanguage":"es-AR","@id":"https:\/\/blogdiario.info\/magazine\/#\/schema\/logo\/image\/","url":"https:\/\/blogdiario.info\/magazine\/images\/2020\/01\/cropped-blogdia_magazine.jpg","contentUrl":"https:\/\/blogdiario.info\/magazine\/images\/2020\/01\/cropped-blogdia_magazine.jpg","width":589,"height":55,"caption":"Guzzo Photos & Graphic Publications"},"image":{"@id":"https:\/\/blogdiario.info\/magazine\/#\/schema\/logo\/image\/"}},{"@type":"Person","@id":"https:\/\/blogdiario.info\/magazine\/#\/schema\/person\/b2422fe85574d945bad55513bb0c7354","name":"World Press Service | Servicio de Prensa Mundial"}]}},"views":20,"_links":{"self":[{"href":"https:\/\/blogdiario.info\/magazine\/wp-json\/wp\/v2\/posts\/3271","targetHints":{"allow":["GET"]}}],"collection":[{"href":"https:\/\/blogdiario.info\/magazine\/wp-json\/wp\/v2\/posts"}],"about":[{"href":"https:\/\/blogdiario.info\/magazine\/wp-json\/wp\/v2\/types\/post"}],"author":[{"embeddable":true,"href":"https:\/\/blogdiario.info\/magazine\/wp-json\/wp\/v2\/users\/1"}],"replies":[{"embeddable":true,"href":"https:\/\/blogdiario.info\/magazine\/wp-json\/wp\/v2\/comments?post=3271"}],"version-history":[{"count":0,"href":"https:\/\/blogdiario.info\/magazine\/wp-json\/wp\/v2\/posts\/3271\/revisions"}],"wp:featuredmedia":[{"embeddable":true,"href":"https:\/\/blogdiario.info\/magazine\/wp-json\/wp\/v2\/media\/3211"}],"wp:attachment":[{"href":"https:\/\/blogdiario.info\/magazine\/wp-json\/wp\/v2\/media?parent=3271"}],"wp:term":[{"taxonomy":"category","embeddable":true,"href":"https:\/\/blogdiario.info\/magazine\/wp-json\/wp\/v2\/categories?post=3271"},{"taxonomy":"post_tag","embeddable":true,"href":"https:\/\/blogdiario.info\/magazine\/wp-json\/wp\/v2\/tags?post=3271"}],"curies":[{"name":"wp","href":"https:\/\/api.w.org\/{rel}","templated":true}]}}