{"id":3268,"date":"2026-09-03T07:42:42","date_gmt":"2026-09-03T06:42:42","guid":{"rendered":"https:\/\/blogdiario.info\/magazine\/?p=3268"},"modified":"2026-09-03T07:42:43","modified_gmt":"2026-09-03T06:42:43","slug":"la-frontera-donde-el-frio-no-pide-documentos","status":"publish","type":"post","link":"https:\/\/blogdiario.info\/magazine\/2026\/09\/03\/la-frontera-donde-el-frio-no-pide-documentos\/","title":{"rendered":"La frontera donde el fr\u00edo no pide documentos"},"content":{"rendered":"<div class=\"wp-block-image\">\n<figure class=\"alignleft size-full is-resized\"><img loading=\"lazy\" decoding=\"async\" width=\"600\" height=\"600\" src=\"https:\/\/blogdiario.info\/magazine\/images\/2026\/09\/monopatino_600_-3-sept-2026-guzzophotos.jpg\" alt=\"\" class=\"wp-image-3269\" style=\"width:339px;height:auto\" srcset=\"https:\/\/blogdiario.info\/magazine\/images\/2026\/09\/monopatino_600_-3-sept-2026-guzzophotos.jpg 600w, https:\/\/blogdiario.info\/magazine\/images\/2026\/09\/monopatino_600_-3-sept-2026-guzzophotos-300x300.jpg 300w, https:\/\/blogdiario.info\/magazine\/images\/2026\/09\/monopatino_600_-3-sept-2026-guzzophotos-150x150.jpg 150w\" sizes=\"auto, (max-width: 600px) 100vw, 600px\" \/><figcaption class=\"wp-element-caption\"><br><strong>Original Illustration \u00a9 2026 Guzzo Photos &amp; Graphic Publications <\/strong><br><strong>All rights reserved<\/strong><\/figcaption><\/figure><\/div>\n\n\n<p>Desde el 1 de septiembre est\u00e1 cerrado el <strong>Rifugio Fraternit\u00e0 Massi de Oulx<\/strong>, uno de los principales puntos de asistencia humanitaria de la frontera alpina entre Italia y Francia desde 2018. No cerr\u00f3 porque hubieran desaparecido los migrantes. Cerr\u00f3 porque desaparecieron los aportes institucionales que permit\u00edan mantenerlo abierto.<\/p>\n\n\n\n<p>La diferencia merece atenci\u00f3n.<\/p>\n\n\n\n<p>Hasta hace pocos d\u00edas hab\u00eda all\u00ed un lugar f\u00edsico, caliente, protegido, organizado y provisto de servicios. Ahora habr\u00e1 estructuras m\u00f3viles temporales de la Cruz Roja para afrontar las necesidades nocturnas m\u00e1s inmediatas. Es decir: se sustituye un refugio por una emergencia.<\/p>\n\n\n\n<p>Puede funcionar en septiembre. El problema es que despu\u00e9s de septiembre viene octubre.<\/p>\n\n\n\n<p>Y despu\u00e9s, en Oulx, llega el invierno.<\/p>\n\n\n\n<p>Las asociaciones que trabajan sobre el terreno no necesitan consultar modelos te\u00f3ricos para saber qu\u00e9 significa eso. Desde 2018, seg\u00fan los datos difundidos por quienes siguen la ruta alpina, <strong>once personas murieron y cuatro permanecen desaparecidas<\/strong>. La monta\u00f1a no distingue entre migrantes econ\u00f3micos, refugiados, solicitantes de asilo, regulares o irregulares. Tampoco pregunta nacionalidad antes de bajar la temperatura.<\/p>\n\n\n\n<p>Hay adem\u00e1s una paradoja dif\u00edcil de ignorar. Mientras Europa vuelve a discutir controles fronterizos, excepciones a Schengen y mecanismos para administrar los movimientos de personas, en uno de los lugares donde esa frontera deja de ser una l\u00ednea dibujada sobre un mapa para convertirse en nieve, bosque y precipicio, falta dinero para mantener abierto un techo.<\/p>\n\n\n\n<p>No hace falta transformar el asunto en una disputa ideol\u00f3gica sobre inmigraci\u00f3n.<\/p>\n\n\n\n<p>Un Estado puede controlar sus fronteras. Puede establecer reglas de ingreso. Puede expulsar a quien legalmente corresponda expulsar. Puede combatir a los traficantes de personas y exigir que las normas sean respetadas. Todo eso pertenece al terreno leg\u00edtimo de la pol\u00edtica.<\/p>\n\n\n\n<p>Pero hay una frontera anterior.<\/p>\n\n\n\n<p>La que separa el cumplimiento de una ley del abandono de un ser humano a varios grados bajo cero.<\/p>\n\n\n\n<p>M\u00e1s de <strong>4.000 personas habr\u00edan transitado por Oulx en apenas seis meses<\/strong>, seg\u00fan el informe citado por las organizaciones que trabajan en la zona. Que el n\u00famero haya disminuido respecto de otros per\u00edodos no significa que la ruta haya desaparecido. Cuatro mil seres humanos no constituyen una estad\u00edstica suficientemente peque\u00f1a como para convertir un refugio en un lujo presupuestario.<\/p>\n\n\n\n<p>Tal vez el problema europeo empiece precisamente all\u00ed: cuando la administraci\u00f3n consigue transformar personas en cifras y despu\u00e9s descubre que algunas cifras cuestan demasiado.<\/p>\n\n\n\n<p>El Rifugio Massi no resolv\u00eda la inmigraci\u00f3n europea. No pod\u00eda hacerlo. Era mucho m\u00e1s modesto y, quiz\u00e1 por eso mismo, mucho m\u00e1s importante: daba calor al que ten\u00eda fr\u00edo, asistencia m\u00e9dica al que la necesitaba y un lugar protegido a quien, por unas horas, dejaba de caminar.<\/p>\n\n\n\n<p>Nada de eso obliga a abrir las fronteras.<\/p>\n\n\n\n<p>Obliga solamente a no cerrar los ojos.<\/p>\n\n\n\n<p>Porque dentro de unos meses, si alguien aparece congelado en un sendero de los Alpes, ser\u00e1 demasiado c\u00f3modo explicar que exist\u00edan normas, competencias repartidas, partidas presupuestarias insuficientes y soluciones provisionales en estudio.<\/p>\n\n\n\n<p>La burocracia podr\u00e1 presentar todos los papeles en regla.<\/p>\n\n\n\n<p><strong>El muerto seguir\u00e1 teniendo fr\u00edo.<\/strong><\/p>\n\n\n<p><small>\ud83d\udd8b\ufe0f \u00a9  El Observador de la Frontera \u2014 All Rights Reserved | 2026<\/small><\/p>\n<hr style=\"border: none; height: 1px; background-color: #e0e0e0; max-width: 80%; margin: 2em auto;\" \/>\n<p><small>\u00a9 2026 SalaStampa.eu, world press service &#8211; All Rights Reserved &#8211;  Guzzo Photos &#038; Graphic  Publications \u2013 Registro Editori e Stampatori n. 1441 Turin, Italy<\/small><br \/>\n<small>Fuentes consultadas: AgenSIR; Fondazione Migrantes\u2013Migrantes Online; Osservatorio Vie di Fuga; asociaciones y organizaciones humanitarias citadas en la informaci\u00f3n de origen.<\/small><\/p>","protected":false},"excerpt":{"rendered":"<p>Desde el 1 de septiembre est\u00e1 cerrado el Rifugio Fraternit\u00e0 Massi de Oulx, uno de los principales puntos de asistencia humanitaria de la frontera alpina entre Italia y Francia desde 2018. No cerr\u00f3 porque hubieran desaparecido los migrantes. Cerr\u00f3 porque desaparecieron los aportes institucionales que permit\u00edan mantenerlo abierto.<\/p>\n","protected":false},"author":1,"featured_media":3270,"comment_status":"closed","ping_status":"closed","sticky":false,"template":"","format":"standard","meta":{"footnotes":"","_links_to":"","_links_to_target":""},"categories":[97,109,62,46,134],"tags":[22,105],"class_list":["post-3268","post","type-post","status-publish","format-standard","has-post-thumbnail","hentry","category-elcanillita","category-dc24","category-actualidad","category-europa","category-politicas-globales","tag-italia","tag-ue","entry","rows"],"yoast_head":"<!-- This site is optimized with the Yoast SEO plugin v27.8 - https:\/\/yoast.com\/product\/yoast-seo-wordpress\/ -->\n<title>La frontera donde el fr\u00edo no pide documentos - BlogDiario Magazine<\/title>\n<meta name=\"robots\" content=\"index, follow, max-snippet:-1, max-image-preview:large, max-video-preview:-1\" \/>\n<link rel=\"canonical\" href=\"https:\/\/blogdiario.info\/magazine\/2026\/09\/03\/la-frontera-donde-el-frio-no-pide-documentos\/\" \/>\n<meta property=\"og:locale\" content=\"es_ES\" \/>\n<meta property=\"og:type\" content=\"article\" \/>\n<meta property=\"og:title\" content=\"La frontera donde el fr\u00edo no pide documentos - BlogDiario Magazine\" \/>\n<meta property=\"og:description\" content=\"Desde el 1 de septiembre est\u00e1 cerrado el Rifugio Fraternit\u00e0 Massi de Oulx, uno de los principales puntos de asistencia humanitaria de la frontera alpina entre Italia y Francia desde 2018. No cerr\u00f3 porque hubieran desaparecido los migrantes. Cerr\u00f3 porque desaparecieron los aportes institucionales que permit\u00edan mantenerlo abierto.\" \/>\n<meta property=\"og:url\" content=\"https:\/\/blogdiario.info\/magazine\/2026\/09\/03\/la-frontera-donde-el-frio-no-pide-documentos\/\" \/>\n<meta property=\"og:site_name\" content=\"BlogDiario Magazine\" \/>\n<meta property=\"article:published_time\" content=\"2026-09-03T06:42:42+00:00\" \/>\n<meta property=\"article:modified_time\" content=\"2026-09-03T06:42:43+00:00\" \/>\n<meta property=\"og:image\" content=\"https:\/\/blogdiario.info\/magazine\/images\/2026\/09\/monopatinocov_2026-guzzophotos.jpg\" \/>\n\t<meta property=\"og:image:width\" content=\"600\" \/>\n\t<meta property=\"og:image:height\" content=\"139\" \/>\n\t<meta property=\"og:image:type\" content=\"image\/jpeg\" \/>\n<meta name=\"author\" content=\"World Press Service | Servicio de Prensa Mundial\" \/>\n<meta name=\"twitter:card\" content=\"summary_large_image\" \/>\n<meta name=\"twitter:label1\" content=\"Escrito por\" \/>\n\t<meta name=\"twitter:data1\" content=\"World Press Service | Servicio de Prensa Mundial\" \/>\n\t<meta name=\"twitter:label2\" content=\"Tiempo de lectura\" \/>\n\t<meta name=\"twitter:data2\" content=\"3 minutos\" \/>\n<script type=\"application\/ld+json\" class=\"yoast-schema-graph\">{\"@context\":\"https:\\\/\\\/schema.org\",\"@graph\":[{\"@type\":\"Article\",\"@id\":\"https:\\\/\\\/blogdiario.info\\\/magazine\\\/2026\\\/09\\\/03\\\/la-frontera-donde-el-frio-no-pide-documentos\\\/#article\",\"isPartOf\":{\"@id\":\"https:\\\/\\\/blogdiario.info\\\/magazine\\\/2026\\\/09\\\/03\\\/la-frontera-donde-el-frio-no-pide-documentos\\\/\"},\"author\":{\"name\":\"World Press Service | Servicio de Prensa Mundial\",\"@id\":\"https:\\\/\\\/blogdiario.info\\\/magazine\\\/#\\\/schema\\\/person\\\/b2422fe85574d945bad55513bb0c7354\"},\"headline\":\"La frontera donde el fr\u00edo no pide documentos\",\"datePublished\":\"2026-09-03T06:42:42+00:00\",\"dateModified\":\"2026-09-03T06:42:43+00:00\",\"mainEntityOfPage\":{\"@id\":\"https:\\\/\\\/blogdiario.info\\\/magazine\\\/2026\\\/09\\\/03\\\/la-frontera-donde-el-frio-no-pide-documentos\\\/\"},\"wordCount\":601,\"publisher\":{\"@id\":\"https:\\\/\\\/blogdiario.info\\\/magazine\\\/#organization\"},\"image\":{\"@id\":\"https:\\\/\\\/blogdiario.info\\\/magazine\\\/2026\\\/09\\\/03\\\/la-frontera-donde-el-frio-no-pide-documentos\\\/#primaryimage\"},\"thumbnailUrl\":\"https:\\\/\\\/blogdiario.info\\\/magazine\\\/images\\\/2026\\\/09\\\/monopatinocov_2026-guzzophotos.jpg\",\"keywords\":[\"Italia\",\"UE\"],\"articleSection\":[\".\",\".\",\"Actualidad\",\"Europa\",\"Pol\u00edticas globales\"],\"inLanguage\":\"es-AR\"},{\"@type\":\"WebPage\",\"@id\":\"https:\\\/\\\/blogdiario.info\\\/magazine\\\/2026\\\/09\\\/03\\\/la-frontera-donde-el-frio-no-pide-documentos\\\/\",\"url\":\"https:\\\/\\\/blogdiario.info\\\/magazine\\\/2026\\\/09\\\/03\\\/la-frontera-donde-el-frio-no-pide-documentos\\\/\",\"name\":\"La frontera donde el fr\u00edo no pide documentos - BlogDiario Magazine\",\"isPartOf\":{\"@id\":\"https:\\\/\\\/blogdiario.info\\\/magazine\\\/#website\"},\"primaryImageOfPage\":{\"@id\":\"https:\\\/\\\/blogdiario.info\\\/magazine\\\/2026\\\/09\\\/03\\\/la-frontera-donde-el-frio-no-pide-documentos\\\/#primaryimage\"},\"image\":{\"@id\":\"https:\\\/\\\/blogdiario.info\\\/magazine\\\/2026\\\/09\\\/03\\\/la-frontera-donde-el-frio-no-pide-documentos\\\/#primaryimage\"},\"thumbnailUrl\":\"https:\\\/\\\/blogdiario.info\\\/magazine\\\/images\\\/2026\\\/09\\\/monopatinocov_2026-guzzophotos.jpg\",\"datePublished\":\"2026-09-03T06:42:42+00:00\",\"dateModified\":\"2026-09-03T06:42:43+00:00\",\"breadcrumb\":{\"@id\":\"https:\\\/\\\/blogdiario.info\\\/magazine\\\/2026\\\/09\\\/03\\\/la-frontera-donde-el-frio-no-pide-documentos\\\/#breadcrumb\"},\"inLanguage\":\"es-AR\",\"potentialAction\":[{\"@type\":\"ReadAction\",\"target\":[\"https:\\\/\\\/blogdiario.info\\\/magazine\\\/2026\\\/09\\\/03\\\/la-frontera-donde-el-frio-no-pide-documentos\\\/\"]}]},{\"@type\":\"ImageObject\",\"inLanguage\":\"es-AR\",\"@id\":\"https:\\\/\\\/blogdiario.info\\\/magazine\\\/2026\\\/09\\\/03\\\/la-frontera-donde-el-frio-no-pide-documentos\\\/#primaryimage\",\"url\":\"https:\\\/\\\/blogdiario.info\\\/magazine\\\/images\\\/2026\\\/09\\\/monopatinocov_2026-guzzophotos.jpg\",\"contentUrl\":\"https:\\\/\\\/blogdiario.info\\\/magazine\\\/images\\\/2026\\\/09\\\/monopatinocov_2026-guzzophotos.jpg\",\"width\":600,\"height\":139},{\"@type\":\"BreadcrumbList\",\"@id\":\"https:\\\/\\\/blogdiario.info\\\/magazine\\\/2026\\\/09\\\/03\\\/la-frontera-donde-el-frio-no-pide-documentos\\\/#breadcrumb\",\"itemListElement\":[{\"@type\":\"ListItem\",\"position\":1,\"name\":\"Home\",\"item\":\"https:\\\/\\\/blogdiario.info\\\/magazine\\\/\"},{\"@type\":\"ListItem\",\"position\":2,\"name\":\"La frontera donde el fr\u00edo no pide documentos\"}]},{\"@type\":\"WebSite\",\"@id\":\"https:\\\/\\\/blogdiario.info\\\/magazine\\\/#website\",\"url\":\"https:\\\/\\\/blogdiario.info\\\/magazine\\\/\",\"name\":\"BlogDiario Magazine\",\"description\":\"Suplemento multiling\u00fce de ElCanillita.Info\",\"publisher\":{\"@id\":\"https:\\\/\\\/blogdiario.info\\\/magazine\\\/#organization\"},\"potentialAction\":[{\"@type\":\"SearchAction\",\"target\":{\"@type\":\"EntryPoint\",\"urlTemplate\":\"https:\\\/\\\/blogdiario.info\\\/magazine\\\/?s={search_term_string}\"},\"query-input\":{\"@type\":\"PropertyValueSpecification\",\"valueRequired\":true,\"valueName\":\"search_term_string\"}}],\"inLanguage\":\"es-AR\"},{\"@type\":\"Organization\",\"@id\":\"https:\\\/\\\/blogdiario.info\\\/magazine\\\/#organization\",\"name\":\"Guzzo Photos & Graphic Publications\",\"url\":\"https:\\\/\\\/blogdiario.info\\\/magazine\\\/\",\"logo\":{\"@type\":\"ImageObject\",\"inLanguage\":\"es-AR\",\"@id\":\"https:\\\/\\\/blogdiario.info\\\/magazine\\\/#\\\/schema\\\/logo\\\/image\\\/\",\"url\":\"https:\\\/\\\/blogdiario.info\\\/magazine\\\/images\\\/2020\\\/01\\\/cropped-blogdia_magazine.jpg\",\"contentUrl\":\"https:\\\/\\\/blogdiario.info\\\/magazine\\\/images\\\/2020\\\/01\\\/cropped-blogdia_magazine.jpg\",\"width\":589,\"height\":55,\"caption\":\"Guzzo Photos & Graphic Publications\"},\"image\":{\"@id\":\"https:\\\/\\\/blogdiario.info\\\/magazine\\\/#\\\/schema\\\/logo\\\/image\\\/\"}},{\"@type\":\"Person\",\"@id\":\"https:\\\/\\\/blogdiario.info\\\/magazine\\\/#\\\/schema\\\/person\\\/b2422fe85574d945bad55513bb0c7354\",\"name\":\"World Press Service | Servicio de Prensa Mundial\"}]}<\/script>\n<!-- \/ Yoast SEO plugin. -->","yoast_head_json":{"title":"La frontera donde el fr\u00edo no pide documentos - BlogDiario Magazine","robots":{"index":"index","follow":"follow","max-snippet":"max-snippet:-1","max-image-preview":"max-image-preview:large","max-video-preview":"max-video-preview:-1"},"canonical":"https:\/\/blogdiario.info\/magazine\/2026\/09\/03\/la-frontera-donde-el-frio-no-pide-documentos\/","og_locale":"es_ES","og_type":"article","og_title":"La frontera donde el fr\u00edo no pide documentos - BlogDiario Magazine","og_description":"Desde el 1 de septiembre est\u00e1 cerrado el Rifugio Fraternit\u00e0 Massi de Oulx, uno de los principales puntos de asistencia humanitaria de la frontera alpina entre Italia y Francia desde 2018. No cerr\u00f3 porque hubieran desaparecido los migrantes. Cerr\u00f3 porque desaparecieron los aportes institucionales que permit\u00edan mantenerlo abierto.","og_url":"https:\/\/blogdiario.info\/magazine\/2026\/09\/03\/la-frontera-donde-el-frio-no-pide-documentos\/","og_site_name":"BlogDiario Magazine","article_published_time":"2026-09-03T06:42:42+00:00","article_modified_time":"2026-09-03T06:42:43+00:00","og_image":[{"width":600,"height":139,"url":"https:\/\/blogdiario.info\/magazine\/images\/2026\/09\/monopatinocov_2026-guzzophotos.jpg","type":"image\/jpeg"}],"author":"World Press Service | Servicio de Prensa Mundial","twitter_card":"summary_large_image","twitter_misc":{"Escrito por":"World Press Service | Servicio de Prensa Mundial","Tiempo de lectura":"3 minutos"},"schema":{"@context":"https:\/\/schema.org","@graph":[{"@type":"Article","@id":"https:\/\/blogdiario.info\/magazine\/2026\/09\/03\/la-frontera-donde-el-frio-no-pide-documentos\/#article","isPartOf":{"@id":"https:\/\/blogdiario.info\/magazine\/2026\/09\/03\/la-frontera-donde-el-frio-no-pide-documentos\/"},"author":{"name":"World Press Service | Servicio de Prensa Mundial","@id":"https:\/\/blogdiario.info\/magazine\/#\/schema\/person\/b2422fe85574d945bad55513bb0c7354"},"headline":"La frontera donde el fr\u00edo no pide documentos","datePublished":"2026-09-03T06:42:42+00:00","dateModified":"2026-09-03T06:42:43+00:00","mainEntityOfPage":{"@id":"https:\/\/blogdiario.info\/magazine\/2026\/09\/03\/la-frontera-donde-el-frio-no-pide-documentos\/"},"wordCount":601,"publisher":{"@id":"https:\/\/blogdiario.info\/magazine\/#organization"},"image":{"@id":"https:\/\/blogdiario.info\/magazine\/2026\/09\/03\/la-frontera-donde-el-frio-no-pide-documentos\/#primaryimage"},"thumbnailUrl":"https:\/\/blogdiario.info\/magazine\/images\/2026\/09\/monopatinocov_2026-guzzophotos.jpg","keywords":["Italia","UE"],"articleSection":[".",".","Actualidad","Europa","Pol\u00edticas globales"],"inLanguage":"es-AR"},{"@type":"WebPage","@id":"https:\/\/blogdiario.info\/magazine\/2026\/09\/03\/la-frontera-donde-el-frio-no-pide-documentos\/","url":"https:\/\/blogdiario.info\/magazine\/2026\/09\/03\/la-frontera-donde-el-frio-no-pide-documentos\/","name":"La frontera donde el fr\u00edo no pide documentos - BlogDiario Magazine","isPartOf":{"@id":"https:\/\/blogdiario.info\/magazine\/#website"},"primaryImageOfPage":{"@id":"https:\/\/blogdiario.info\/magazine\/2026\/09\/03\/la-frontera-donde-el-frio-no-pide-documentos\/#primaryimage"},"image":{"@id":"https:\/\/blogdiario.info\/magazine\/2026\/09\/03\/la-frontera-donde-el-frio-no-pide-documentos\/#primaryimage"},"thumbnailUrl":"https:\/\/blogdiario.info\/magazine\/images\/2026\/09\/monopatinocov_2026-guzzophotos.jpg","datePublished":"2026-09-03T06:42:42+00:00","dateModified":"2026-09-03T06:42:43+00:00","breadcrumb":{"@id":"https:\/\/blogdiario.info\/magazine\/2026\/09\/03\/la-frontera-donde-el-frio-no-pide-documentos\/#breadcrumb"},"inLanguage":"es-AR","potentialAction":[{"@type":"ReadAction","target":["https:\/\/blogdiario.info\/magazine\/2026\/09\/03\/la-frontera-donde-el-frio-no-pide-documentos\/"]}]},{"@type":"ImageObject","inLanguage":"es-AR","@id":"https:\/\/blogdiario.info\/magazine\/2026\/09\/03\/la-frontera-donde-el-frio-no-pide-documentos\/#primaryimage","url":"https:\/\/blogdiario.info\/magazine\/images\/2026\/09\/monopatinocov_2026-guzzophotos.jpg","contentUrl":"https:\/\/blogdiario.info\/magazine\/images\/2026\/09\/monopatinocov_2026-guzzophotos.jpg","width":600,"height":139},{"@type":"BreadcrumbList","@id":"https:\/\/blogdiario.info\/magazine\/2026\/09\/03\/la-frontera-donde-el-frio-no-pide-documentos\/#breadcrumb","itemListElement":[{"@type":"ListItem","position":1,"name":"Home","item":"https:\/\/blogdiario.info\/magazine\/"},{"@type":"ListItem","position":2,"name":"La frontera donde el fr\u00edo no pide documentos"}]},{"@type":"WebSite","@id":"https:\/\/blogdiario.info\/magazine\/#website","url":"https:\/\/blogdiario.info\/magazine\/","name":"BlogDiario Magazine","description":"Suplemento multiling\u00fce de ElCanillita.Info","publisher":{"@id":"https:\/\/blogdiario.info\/magazine\/#organization"},"potentialAction":[{"@type":"SearchAction","target":{"@type":"EntryPoint","urlTemplate":"https:\/\/blogdiario.info\/magazine\/?s={search_term_string}"},"query-input":{"@type":"PropertyValueSpecification","valueRequired":true,"valueName":"search_term_string"}}],"inLanguage":"es-AR"},{"@type":"Organization","@id":"https:\/\/blogdiario.info\/magazine\/#organization","name":"Guzzo Photos & Graphic Publications","url":"https:\/\/blogdiario.info\/magazine\/","logo":{"@type":"ImageObject","inLanguage":"es-AR","@id":"https:\/\/blogdiario.info\/magazine\/#\/schema\/logo\/image\/","url":"https:\/\/blogdiario.info\/magazine\/images\/2020\/01\/cropped-blogdia_magazine.jpg","contentUrl":"https:\/\/blogdiario.info\/magazine\/images\/2020\/01\/cropped-blogdia_magazine.jpg","width":589,"height":55,"caption":"Guzzo Photos & Graphic Publications"},"image":{"@id":"https:\/\/blogdiario.info\/magazine\/#\/schema\/logo\/image\/"}},{"@type":"Person","@id":"https:\/\/blogdiario.info\/magazine\/#\/schema\/person\/b2422fe85574d945bad55513bb0c7354","name":"World Press Service | Servicio de Prensa Mundial"}]}},"views":19,"_links":{"self":[{"href":"https:\/\/blogdiario.info\/magazine\/wp-json\/wp\/v2\/posts\/3268","targetHints":{"allow":["GET"]}}],"collection":[{"href":"https:\/\/blogdiario.info\/magazine\/wp-json\/wp\/v2\/posts"}],"about":[{"href":"https:\/\/blogdiario.info\/magazine\/wp-json\/wp\/v2\/types\/post"}],"author":[{"embeddable":true,"href":"https:\/\/blogdiario.info\/magazine\/wp-json\/wp\/v2\/users\/1"}],"replies":[{"embeddable":true,"href":"https:\/\/blogdiario.info\/magazine\/wp-json\/wp\/v2\/comments?post=3268"}],"version-history":[{"count":0,"href":"https:\/\/blogdiario.info\/magazine\/wp-json\/wp\/v2\/posts\/3268\/revisions"}],"wp:featuredmedia":[{"embeddable":true,"href":"https:\/\/blogdiario.info\/magazine\/wp-json\/wp\/v2\/media\/3270"}],"wp:attachment":[{"href":"https:\/\/blogdiario.info\/magazine\/wp-json\/wp\/v2\/media?parent=3268"}],"wp:term":[{"taxonomy":"category","embeddable":true,"href":"https:\/\/blogdiario.info\/magazine\/wp-json\/wp\/v2\/categories?post=3268"},{"taxonomy":"post_tag","embeddable":true,"href":"https:\/\/blogdiario.info\/magazine\/wp-json\/wp\/v2\/tags?post=3268"}],"curies":[{"name":"wp","href":"https:\/\/api.w.org\/{rel}","templated":true}]}}