{"id":3265,"date":"2026-08-31T20:55:43","date_gmt":"2026-08-31T19:55:43","guid":{"rendered":"https:\/\/blogdiario.info\/magazine\/?p=3265"},"modified":"2026-08-31T20:56:12","modified_gmt":"2026-08-31T19:56:12","slug":"la-soledad-del-hombre-fuerte","status":"publish","type":"post","link":"https:\/\/blogdiario.info\/magazine\/2026\/08\/31\/la-soledad-del-hombre-fuerte\/","title":{"rendered":"La soledad del hombre fuerte"},"content":{"rendered":"<div class=\"wp-block-image\">\n<figure class=\"alignleft size-full is-resized\"><img loading=\"lazy\" decoding=\"async\" width=\"400\" height=\"531\" src=\"https:\/\/blogdiario.info\/magazine\/images\/2026\/08\/Ars_politca_H-1.jpg\" alt=\"\" class=\"wp-image-3222\" style=\"width:343px;height:auto\" srcset=\"https:\/\/blogdiario.info\/magazine\/images\/2026\/08\/Ars_politca_H-1.jpg 400w, https:\/\/blogdiario.info\/magazine\/images\/2026\/08\/Ars_politca_H-1-226x300.jpg 226w\" sizes=\"auto, (max-width: 400px) 100vw, 400px\" \/><\/figure><\/div>\n\n\n<p>Donald Trump aprendi\u00f3 algunas cosas de su primera presidencia. Una de ellas fue que gobernar rodeado de generales, tecn\u00f3cratas, funcionarios con criterio propio y colaboradores dispuestos a presentar la renuncia pod\u00eda producir titulares inc\u00f3modos, memorias todav\u00eda peores y alguna que otra puerta cerrada con m\u00e1s entusiasmo del recomendable.<\/p>\n\n\n\n<p>Para el segundo mandato eligi\u00f3 otra arquitectura.<\/p>\n\n\n\n<p>Menos voces. M\u00e1s confianza. M\u00e1s lealtad.<\/p>\n\n\n\n<p>La f\u00f3rmula tiene una ventaja evidente: disminuye el ruido alrededor del presidente. Tambi\u00e9n contiene una peque\u00f1a trampa que cualquier administrador de consorcio podr\u00eda explicar sin necesidad de haber estudiado en Harvard: cuando son pocos, <strong>cada uno que se va representa mucho m\u00e1s<\/strong>.<\/p>\n\n\n\n<p>Seg\u00fan las cifras recopiladas por Partnership for Public Service citadas en los informes conocidos este 31 de agosto, 27 funcionarios cuyos nombramientos necesitaban confirmaci\u00f3n del Senado abandonaron la administraci\u00f3n desde enero de 2025. La rotaci\u00f3n alcanzar\u00eda as\u00ed al 11,4% en apenas 18 meses, aproximadamente el doble de la registrada durante el per\u00edodo equivalente de su primera presidencia.<\/p>\n\n\n\n<p>El n\u00famero merece atenci\u00f3n, pero no dramatismo de opereta. Las administraciones norteamericanas suelen perder funcionarios cuando se acercan las elecciones de mitad de mandato. Algunos parten hacia el sector privado, otros consideran cumplida su misi\u00f3n y unos cuantos poseen ese extraordinario sexto sentido de Washington que permite descubrir, justo a tiempo, que desean pasar m\u00e1s horas con la familia.<\/p>\n\n\n\n<p>El problema no es solamente cu\u00e1ntos se marchan.<\/p>\n\n\n\n<p>Es <strong>qui\u00e9n queda para hacer el trabajo<\/strong>.<\/p>\n\n\n\n<p>Una presidencia puede permitirse cierta rotaci\u00f3n cuando debajo existe una estructura robusta. Resulta m\u00e1s delicado cuando el poder se ha concentrado deliberadamente alrededor de un grupo reducido y cuando determinadas oficinas encargadas de seleccionar, coordinar y administrar personal funcionan, ellas mismas, con plantillas disminuidas.<\/p>\n\n\n\n<p>All\u00ed aparece la paradoja trumpiana.<\/p>\n\n\n\n<p>El presidente busc\u00f3 evitar las turbulencias de su primer mandato seleccionando colaboradores m\u00e1s pr\u00f3ximos, m\u00e1s disciplinados y pol\u00edticamente m\u00e1s confiables. Era perfectamente l\u00f3gico desde su punto de vista. Pero al reducir la diversidad y el tama\u00f1o del c\u00edrculo decisorio convirti\u00f3 a cada integrante en una pieza m\u00e1s dif\u00edcil de reemplazar.<\/p>\n\n\n\n<p>Un gobierno puede funcionar con menos gente.<\/p>\n\n\n\n<p>Lo complicado es funcionar con menos gente <strong>y perderla r\u00e1pidamente<\/strong>.<\/p>\n\n\n\n<p>La cuesti\u00f3n adquiere adem\u00e1s importancia pol\u00edtica porque Estados Unidos se aproxima a las elecciones de mitad de mandato. Si los republicanos perdieran una de las c\u00e1maras del Congreso, la Casa Blanca necesitar\u00eda precisamente aquello que ahora parece escasear: negociadores experimentados, operadores legislativos, funcionarios capaces de atravesar la frontera partidaria y personas que conozcan los pasillos donde una presidencia descubre que una orden ejecutiva no siempre sustituye una mayor\u00eda parlamentaria.<\/p>\n\n\n\n<p>James Braid, responsable de asuntos legislativos y con salida anunciada para septiembre, representa bien el problema. No se reemplaza un operador pol\u00edtico colocando simplemente otro nombre sobre la puerta. Las relaciones con el Congreso no se descargan mediante una aplicaci\u00f3n ni vienen incluidas en el mobiliario del despacho.<\/p>\n\n\n\n<p>Y sobre todo est\u00e1 Susie Wiles.<\/p>\n\n\n\n<p>La jefa de gabinete se ha convertido en una pieza central del sistema: controla accesos, arbitra disputas y ayuda a ordenar una administraci\u00f3n construida alrededor de la voluntad presidencial. Cuanto m\u00e1s reducido sea el c\u00edrculo que la rodea, mayor ser\u00e1 inevitablemente el peso depositado sobre quienes permanecen.<\/p>\n\n\n\n<p>Trump siempre ha cultivado la imagen del hombre que decide.<\/p>\n\n\n\n<p>Es parte de su atractivo pol\u00edtico y tambi\u00e9n de su m\u00e9todo de gobierno. Sus partidarios ven all\u00ed determinaci\u00f3n; sus adversarios, concentraci\u00f3n de poder. Ambas lecturas pueden discutir durante a\u00f1os.<\/p>\n\n\n\n<p>Pero hasta el hombre m\u00e1s decidido necesita alguien que atienda el tel\u00e9fono.<\/p>\n\n\n\n<p>La verdadera pregunta, por lo tanto, no es si existe una estampida en Washington. Probablemente sea demasiado pronto \u2014y demasiado c\u00f3modo\u2014 afirmarlo.<\/p>\n\n\n\n<p>La pregunta interesante es cu\u00e1nto puede estrecharse un c\u00edrculo de poder antes de dejar de ser un c\u00edrculo y convertirse en una l\u00ednea que conduce \u00fanicamente hacia el escritorio presidencial.<\/p>\n\n\n\n<p>Porque la lealtad puede mantener unido un gobierno.<\/p>\n\n\n\n<p>Pero todav\u00eda no se ha inventado una administraci\u00f3n p\u00fablica que funcione solamente con ella.<\/p>\n\n\n<p><small>\ud83d\udd8b\ufe0f \u00a9 El Cart\u00f3grafo del Poder \u2014 Derechos reservados. | 2026<\/small><\/p>\n<hr style=\"border: none; height: 1px; background-color: #e0e0e0; max-width: 80%; margin: 2em auto;\" \/>\n<p><small>\u00a9 2026 SalaStampa.eu, world press service &#8211; All Rights Reserved &#8211;  Guzzo Photos &#038; Graphic  Publications \u2013 Registro Editori e Stampatori n. 1441 Turin, Italy<\/small><\/p>","protected":false},"excerpt":{"rendered":"<p>Trump construy\u00f3 su segunda Casa Blanca sobre una palabra: lealtad. Pero cuando el c\u00edrculo se hace peque\u00f1o, cada salida deja de ser una simple renuncia y empieza a parecerse demasiado a una silla vac\u00eda alrededor de la mesa del poder.<\/p>\n","protected":false},"author":1,"featured_media":3225,"comment_status":"closed","ping_status":"closed","sticky":false,"template":"","format":"standard","meta":{"footnotes":"","_links_to":"","_links_to_target":""},"categories":[109,97,62,243,244],"tags":[192],"class_list":["post-3265","post","type-post","status-publish","format-standard","has-post-thumbnail","hentry","category-dc24","category-elcanillita","category-actualidad","category-mundo-y-actualidad","category-sociedad-y-cultura","tag-estados-unidos","entry","rows"],"yoast_head":"<!-- This site is optimized with the Yoast SEO plugin v27.8 - https:\/\/yoast.com\/product\/yoast-seo-wordpress\/ -->\n<title>La soledad del hombre fuerte - BlogDiario Magazine<\/title>\n<meta name=\"robots\" content=\"index, follow, max-snippet:-1, max-image-preview:large, max-video-preview:-1\" \/>\n<link rel=\"canonical\" href=\"https:\/\/blogdiario.info\/magazine\/2026\/08\/31\/la-soledad-del-hombre-fuerte\/\" \/>\n<meta property=\"og:locale\" content=\"es_ES\" \/>\n<meta property=\"og:type\" content=\"article\" \/>\n<meta property=\"og:title\" content=\"La soledad del hombre fuerte - BlogDiario Magazine\" \/>\n<meta property=\"og:description\" content=\"Trump construy\u00f3 su segunda Casa Blanca sobre una palabra: lealtad. Pero cuando el c\u00edrculo se hace peque\u00f1o, cada salida deja de ser una simple renuncia y empieza a parecerse demasiado a una silla vac\u00eda alrededor de la mesa del poder.\" \/>\n<meta property=\"og:url\" content=\"https:\/\/blogdiario.info\/magazine\/2026\/08\/31\/la-soledad-del-hombre-fuerte\/\" \/>\n<meta property=\"og:site_name\" content=\"BlogDiario Magazine\" \/>\n<meta property=\"article:published_time\" content=\"2026-08-31T19:55:43+00:00\" \/>\n<meta property=\"article:modified_time\" content=\"2026-08-31T19:56:12+00:00\" \/>\n<meta property=\"og:image\" content=\"https:\/\/blogdiario.info\/magazine\/images\/2026\/08\/Ars_politca_cv-1.jpg\" \/>\n\t<meta property=\"og:image:width\" content=\"369\" \/>\n\t<meta property=\"og:image:height\" content=\"190\" \/>\n\t<meta property=\"og:image:type\" content=\"image\/jpeg\" \/>\n<meta name=\"author\" content=\"World Press Service | Servicio de Prensa Mundial\" \/>\n<meta name=\"twitter:card\" content=\"summary_large_image\" \/>\n<meta name=\"twitter:label1\" content=\"Escrito por\" \/>\n\t<meta name=\"twitter:data1\" content=\"World Press Service | Servicio de Prensa Mundial\" \/>\n\t<meta name=\"twitter:label2\" content=\"Tiempo de lectura\" \/>\n\t<meta name=\"twitter:data2\" content=\"4 minutos\" \/>\n<script type=\"application\/ld+json\" class=\"yoast-schema-graph\">{\"@context\":\"https:\\\/\\\/schema.org\",\"@graph\":[{\"@type\":\"Article\",\"@id\":\"https:\\\/\\\/blogdiario.info\\\/magazine\\\/2026\\\/08\\\/31\\\/la-soledad-del-hombre-fuerte\\\/#article\",\"isPartOf\":{\"@id\":\"https:\\\/\\\/blogdiario.info\\\/magazine\\\/2026\\\/08\\\/31\\\/la-soledad-del-hombre-fuerte\\\/\"},\"author\":{\"name\":\"World Press Service | Servicio de Prensa Mundial\",\"@id\":\"https:\\\/\\\/blogdiario.info\\\/magazine\\\/#\\\/schema\\\/person\\\/b2422fe85574d945bad55513bb0c7354\"},\"headline\":\"La soledad del hombre fuerte\",\"datePublished\":\"2026-08-31T19:55:43+00:00\",\"dateModified\":\"2026-08-31T19:56:12+00:00\",\"mainEntityOfPage\":{\"@id\":\"https:\\\/\\\/blogdiario.info\\\/magazine\\\/2026\\\/08\\\/31\\\/la-soledad-del-hombre-fuerte\\\/\"},\"wordCount\":737,\"publisher\":{\"@id\":\"https:\\\/\\\/blogdiario.info\\\/magazine\\\/#organization\"},\"image\":{\"@id\":\"https:\\\/\\\/blogdiario.info\\\/magazine\\\/2026\\\/08\\\/31\\\/la-soledad-del-hombre-fuerte\\\/#primaryimage\"},\"thumbnailUrl\":\"https:\\\/\\\/blogdiario.info\\\/magazine\\\/images\\\/2026\\\/08\\\/Ars_politca_cv-1.jpg\",\"keywords\":[\"Estados Unidos\"],\"articleSection\":[\".\",\".\",\"Actualidad\",\"Mundo y Actualidad\",\"Sociedad y Cultura\"],\"inLanguage\":\"es-AR\"},{\"@type\":\"WebPage\",\"@id\":\"https:\\\/\\\/blogdiario.info\\\/magazine\\\/2026\\\/08\\\/31\\\/la-soledad-del-hombre-fuerte\\\/\",\"url\":\"https:\\\/\\\/blogdiario.info\\\/magazine\\\/2026\\\/08\\\/31\\\/la-soledad-del-hombre-fuerte\\\/\",\"name\":\"La soledad del hombre fuerte - BlogDiario Magazine\",\"isPartOf\":{\"@id\":\"https:\\\/\\\/blogdiario.info\\\/magazine\\\/#website\"},\"primaryImageOfPage\":{\"@id\":\"https:\\\/\\\/blogdiario.info\\\/magazine\\\/2026\\\/08\\\/31\\\/la-soledad-del-hombre-fuerte\\\/#primaryimage\"},\"image\":{\"@id\":\"https:\\\/\\\/blogdiario.info\\\/magazine\\\/2026\\\/08\\\/31\\\/la-soledad-del-hombre-fuerte\\\/#primaryimage\"},\"thumbnailUrl\":\"https:\\\/\\\/blogdiario.info\\\/magazine\\\/images\\\/2026\\\/08\\\/Ars_politca_cv-1.jpg\",\"datePublished\":\"2026-08-31T19:55:43+00:00\",\"dateModified\":\"2026-08-31T19:56:12+00:00\",\"breadcrumb\":{\"@id\":\"https:\\\/\\\/blogdiario.info\\\/magazine\\\/2026\\\/08\\\/31\\\/la-soledad-del-hombre-fuerte\\\/#breadcrumb\"},\"inLanguage\":\"es-AR\",\"potentialAction\":[{\"@type\":\"ReadAction\",\"target\":[\"https:\\\/\\\/blogdiario.info\\\/magazine\\\/2026\\\/08\\\/31\\\/la-soledad-del-hombre-fuerte\\\/\"]}]},{\"@type\":\"ImageObject\",\"inLanguage\":\"es-AR\",\"@id\":\"https:\\\/\\\/blogdiario.info\\\/magazine\\\/2026\\\/08\\\/31\\\/la-soledad-del-hombre-fuerte\\\/#primaryimage\",\"url\":\"https:\\\/\\\/blogdiario.info\\\/magazine\\\/images\\\/2026\\\/08\\\/Ars_politca_cv-1.jpg\",\"contentUrl\":\"https:\\\/\\\/blogdiario.info\\\/magazine\\\/images\\\/2026\\\/08\\\/Ars_politca_cv-1.jpg\",\"width\":369,\"height\":190},{\"@type\":\"BreadcrumbList\",\"@id\":\"https:\\\/\\\/blogdiario.info\\\/magazine\\\/2026\\\/08\\\/31\\\/la-soledad-del-hombre-fuerte\\\/#breadcrumb\",\"itemListElement\":[{\"@type\":\"ListItem\",\"position\":1,\"name\":\"Home\",\"item\":\"https:\\\/\\\/blogdiario.info\\\/magazine\\\/\"},{\"@type\":\"ListItem\",\"position\":2,\"name\":\"La soledad del hombre fuerte\"}]},{\"@type\":\"WebSite\",\"@id\":\"https:\\\/\\\/blogdiario.info\\\/magazine\\\/#website\",\"url\":\"https:\\\/\\\/blogdiario.info\\\/magazine\\\/\",\"name\":\"BlogDiario Magazine\",\"description\":\"Suplemento multiling\u00fce de ElCanillita.Info\",\"publisher\":{\"@id\":\"https:\\\/\\\/blogdiario.info\\\/magazine\\\/#organization\"},\"potentialAction\":[{\"@type\":\"SearchAction\",\"target\":{\"@type\":\"EntryPoint\",\"urlTemplate\":\"https:\\\/\\\/blogdiario.info\\\/magazine\\\/?s={search_term_string}\"},\"query-input\":{\"@type\":\"PropertyValueSpecification\",\"valueRequired\":true,\"valueName\":\"search_term_string\"}}],\"inLanguage\":\"es-AR\"},{\"@type\":\"Organization\",\"@id\":\"https:\\\/\\\/blogdiario.info\\\/magazine\\\/#organization\",\"name\":\"Guzzo Photos & Graphic Publications\",\"url\":\"https:\\\/\\\/blogdiario.info\\\/magazine\\\/\",\"logo\":{\"@type\":\"ImageObject\",\"inLanguage\":\"es-AR\",\"@id\":\"https:\\\/\\\/blogdiario.info\\\/magazine\\\/#\\\/schema\\\/logo\\\/image\\\/\",\"url\":\"https:\\\/\\\/blogdiario.info\\\/magazine\\\/images\\\/2020\\\/01\\\/cropped-blogdia_magazine.jpg\",\"contentUrl\":\"https:\\\/\\\/blogdiario.info\\\/magazine\\\/images\\\/2020\\\/01\\\/cropped-blogdia_magazine.jpg\",\"width\":589,\"height\":55,\"caption\":\"Guzzo Photos & Graphic Publications\"},\"image\":{\"@id\":\"https:\\\/\\\/blogdiario.info\\\/magazine\\\/#\\\/schema\\\/logo\\\/image\\\/\"}},{\"@type\":\"Person\",\"@id\":\"https:\\\/\\\/blogdiario.info\\\/magazine\\\/#\\\/schema\\\/person\\\/b2422fe85574d945bad55513bb0c7354\",\"name\":\"World Press Service | Servicio de Prensa Mundial\"}]}<\/script>\n<!-- \/ Yoast SEO plugin. -->","yoast_head_json":{"title":"La soledad del hombre fuerte - BlogDiario Magazine","robots":{"index":"index","follow":"follow","max-snippet":"max-snippet:-1","max-image-preview":"max-image-preview:large","max-video-preview":"max-video-preview:-1"},"canonical":"https:\/\/blogdiario.info\/magazine\/2026\/08\/31\/la-soledad-del-hombre-fuerte\/","og_locale":"es_ES","og_type":"article","og_title":"La soledad del hombre fuerte - BlogDiario Magazine","og_description":"Trump construy\u00f3 su segunda Casa Blanca sobre una palabra: lealtad. Pero cuando el c\u00edrculo se hace peque\u00f1o, cada salida deja de ser una simple renuncia y empieza a parecerse demasiado a una silla vac\u00eda alrededor de la mesa del poder.","og_url":"https:\/\/blogdiario.info\/magazine\/2026\/08\/31\/la-soledad-del-hombre-fuerte\/","og_site_name":"BlogDiario Magazine","article_published_time":"2026-08-31T19:55:43+00:00","article_modified_time":"2026-08-31T19:56:12+00:00","og_image":[{"width":369,"height":190,"url":"https:\/\/blogdiario.info\/magazine\/images\/2026\/08\/Ars_politca_cv-1.jpg","type":"image\/jpeg"}],"author":"World Press Service | Servicio de Prensa Mundial","twitter_card":"summary_large_image","twitter_misc":{"Escrito por":"World Press Service | Servicio de Prensa Mundial","Tiempo de lectura":"4 minutos"},"schema":{"@context":"https:\/\/schema.org","@graph":[{"@type":"Article","@id":"https:\/\/blogdiario.info\/magazine\/2026\/08\/31\/la-soledad-del-hombre-fuerte\/#article","isPartOf":{"@id":"https:\/\/blogdiario.info\/magazine\/2026\/08\/31\/la-soledad-del-hombre-fuerte\/"},"author":{"name":"World Press Service | Servicio de Prensa Mundial","@id":"https:\/\/blogdiario.info\/magazine\/#\/schema\/person\/b2422fe85574d945bad55513bb0c7354"},"headline":"La soledad del hombre fuerte","datePublished":"2026-08-31T19:55:43+00:00","dateModified":"2026-08-31T19:56:12+00:00","mainEntityOfPage":{"@id":"https:\/\/blogdiario.info\/magazine\/2026\/08\/31\/la-soledad-del-hombre-fuerte\/"},"wordCount":737,"publisher":{"@id":"https:\/\/blogdiario.info\/magazine\/#organization"},"image":{"@id":"https:\/\/blogdiario.info\/magazine\/2026\/08\/31\/la-soledad-del-hombre-fuerte\/#primaryimage"},"thumbnailUrl":"https:\/\/blogdiario.info\/magazine\/images\/2026\/08\/Ars_politca_cv-1.jpg","keywords":["Estados Unidos"],"articleSection":[".",".","Actualidad","Mundo y Actualidad","Sociedad y Cultura"],"inLanguage":"es-AR"},{"@type":"WebPage","@id":"https:\/\/blogdiario.info\/magazine\/2026\/08\/31\/la-soledad-del-hombre-fuerte\/","url":"https:\/\/blogdiario.info\/magazine\/2026\/08\/31\/la-soledad-del-hombre-fuerte\/","name":"La soledad del hombre fuerte - BlogDiario Magazine","isPartOf":{"@id":"https:\/\/blogdiario.info\/magazine\/#website"},"primaryImageOfPage":{"@id":"https:\/\/blogdiario.info\/magazine\/2026\/08\/31\/la-soledad-del-hombre-fuerte\/#primaryimage"},"image":{"@id":"https:\/\/blogdiario.info\/magazine\/2026\/08\/31\/la-soledad-del-hombre-fuerte\/#primaryimage"},"thumbnailUrl":"https:\/\/blogdiario.info\/magazine\/images\/2026\/08\/Ars_politca_cv-1.jpg","datePublished":"2026-08-31T19:55:43+00:00","dateModified":"2026-08-31T19:56:12+00:00","breadcrumb":{"@id":"https:\/\/blogdiario.info\/magazine\/2026\/08\/31\/la-soledad-del-hombre-fuerte\/#breadcrumb"},"inLanguage":"es-AR","potentialAction":[{"@type":"ReadAction","target":["https:\/\/blogdiario.info\/magazine\/2026\/08\/31\/la-soledad-del-hombre-fuerte\/"]}]},{"@type":"ImageObject","inLanguage":"es-AR","@id":"https:\/\/blogdiario.info\/magazine\/2026\/08\/31\/la-soledad-del-hombre-fuerte\/#primaryimage","url":"https:\/\/blogdiario.info\/magazine\/images\/2026\/08\/Ars_politca_cv-1.jpg","contentUrl":"https:\/\/blogdiario.info\/magazine\/images\/2026\/08\/Ars_politca_cv-1.jpg","width":369,"height":190},{"@type":"BreadcrumbList","@id":"https:\/\/blogdiario.info\/magazine\/2026\/08\/31\/la-soledad-del-hombre-fuerte\/#breadcrumb","itemListElement":[{"@type":"ListItem","position":1,"name":"Home","item":"https:\/\/blogdiario.info\/magazine\/"},{"@type":"ListItem","position":2,"name":"La soledad del hombre fuerte"}]},{"@type":"WebSite","@id":"https:\/\/blogdiario.info\/magazine\/#website","url":"https:\/\/blogdiario.info\/magazine\/","name":"BlogDiario Magazine","description":"Suplemento multiling\u00fce de ElCanillita.Info","publisher":{"@id":"https:\/\/blogdiario.info\/magazine\/#organization"},"potentialAction":[{"@type":"SearchAction","target":{"@type":"EntryPoint","urlTemplate":"https:\/\/blogdiario.info\/magazine\/?s={search_term_string}"},"query-input":{"@type":"PropertyValueSpecification","valueRequired":true,"valueName":"search_term_string"}}],"inLanguage":"es-AR"},{"@type":"Organization","@id":"https:\/\/blogdiario.info\/magazine\/#organization","name":"Guzzo Photos & Graphic Publications","url":"https:\/\/blogdiario.info\/magazine\/","logo":{"@type":"ImageObject","inLanguage":"es-AR","@id":"https:\/\/blogdiario.info\/magazine\/#\/schema\/logo\/image\/","url":"https:\/\/blogdiario.info\/magazine\/images\/2020\/01\/cropped-blogdia_magazine.jpg","contentUrl":"https:\/\/blogdiario.info\/magazine\/images\/2020\/01\/cropped-blogdia_magazine.jpg","width":589,"height":55,"caption":"Guzzo Photos & Graphic Publications"},"image":{"@id":"https:\/\/blogdiario.info\/magazine\/#\/schema\/logo\/image\/"}},{"@type":"Person","@id":"https:\/\/blogdiario.info\/magazine\/#\/schema\/person\/b2422fe85574d945bad55513bb0c7354","name":"World Press Service | Servicio de Prensa Mundial"}]}},"views":11,"_links":{"self":[{"href":"https:\/\/blogdiario.info\/magazine\/wp-json\/wp\/v2\/posts\/3265","targetHints":{"allow":["GET"]}}],"collection":[{"href":"https:\/\/blogdiario.info\/magazine\/wp-json\/wp\/v2\/posts"}],"about":[{"href":"https:\/\/blogdiario.info\/magazine\/wp-json\/wp\/v2\/types\/post"}],"author":[{"embeddable":true,"href":"https:\/\/blogdiario.info\/magazine\/wp-json\/wp\/v2\/users\/1"}],"replies":[{"embeddable":true,"href":"https:\/\/blogdiario.info\/magazine\/wp-json\/wp\/v2\/comments?post=3265"}],"version-history":[{"count":0,"href":"https:\/\/blogdiario.info\/magazine\/wp-json\/wp\/v2\/posts\/3265\/revisions"}],"wp:featuredmedia":[{"embeddable":true,"href":"https:\/\/blogdiario.info\/magazine\/wp-json\/wp\/v2\/media\/3225"}],"wp:attachment":[{"href":"https:\/\/blogdiario.info\/magazine\/wp-json\/wp\/v2\/media?parent=3265"}],"wp:term":[{"taxonomy":"category","embeddable":true,"href":"https:\/\/blogdiario.info\/magazine\/wp-json\/wp\/v2\/categories?post=3265"},{"taxonomy":"post_tag","embeddable":true,"href":"https:\/\/blogdiario.info\/magazine\/wp-json\/wp\/v2\/tags?post=3265"}],"curies":[{"name":"wp","href":"https:\/\/api.w.org\/{rel}","templated":true}]}}