{"id":319,"date":"2021-11-09T07:39:15","date_gmt":"2021-11-09T10:39:15","guid":{"rendered":"https:\/\/blogdiario.info\/magazine\/?p=319"},"modified":"2022-04-23T06:24:49","modified_gmt":"2022-04-23T09:24:49","slug":"rescatan-un-espeleologo","status":"publish","type":"post","link":"https:\/\/blogdiario.info\/magazine\/2021\/11\/09\/rescatan-un-espeleologo\/","title":{"rendered":"Rescatan a un espele\u00f3logo tras una ca\u00edda de 15 metros que le dej\u00f3 atrapado bajo tierra durante dos d\u00edas"},"content":{"rendered":"\n<div class=\"wp-block-image\"><figure class=\"aligncenter size-full\"><img loading=\"lazy\" decoding=\"async\" width=\"600\" height=\"400\" src=\"https:\/\/blogdiario.info\/magazine\/images\/2021\/11\/espeologos2.jpg\" alt=\"\" class=\"wp-image-320\" srcset=\"https:\/\/blogdiario.info\/magazine\/images\/2021\/11\/espeologos2.jpg 600w, https:\/\/blogdiario.info\/magazine\/images\/2021\/11\/espeologos2-300x200.jpg 300w\" sizes=\"auto, (max-width: 600px) 100vw, 600px\" \/><\/figure><\/div>\n\n\n\n<p>Una de las mayores operaciones de rescate en cuevas que ha visto el Reino Unido termin\u00f3 en triunfo el lunes por la noche, cuando un hombre atrapado bajo tierra durante casi 57 horas fue finalmente puesto a salvo.<\/p>\n\n\n\n<p>Poco antes de las ocho de la tarde, los socorristas, agotados, aplaudieron cuando el hombre fue sacado de una de las cuevas m\u00e1s largas y complejas del Reino Unido y trasladado a un Land Rover que lo esperaba en medio de una guardia de honor.<\/p>\n\n\n\n<p>Hasta 250 personas trabajaron incansablemente por turnos para rescatar al hombre, de unos 40 a\u00f1os. Una vez liberado, el espele\u00f3logo fue trasladado brevemente a la casa de campo donde se hab\u00eda alojado en la ladera antes de ser trasladado al hospital.<\/p>\n\n\n\n<p>Se cree que la operaci\u00f3n de rescate ha sido la m\u00e1s larga de su tipo en la historia del Reino Unido, ya que la anterior operaci\u00f3n de transporte en camilla tuvo lugar en 1981, con m\u00e1s de 41 horas de duraci\u00f3n.<br><br>La enorme operaci\u00f3n de rescate, en la que participaron m\u00e1s de 242 personas, fue dirigida por el South and Mid Wales Cave Rescue Team &#8211; que encabez\u00f3 el exitoso rescate de 12 j\u00f3venes futbolistas tailandeses que quedaron atrapados durante nueve d\u00edas en una cueva inundada en 2018.<\/p>\n\n\n\n<p>El hombre se cay\u00f3 mientras espeleaba en Ogof Ffynnon Ddu, un sistema de cuevas cerca de Penwyllt en los Brecon Beacons, el s\u00e1bado.  Entr\u00f3 en la entrada de Cwm D\u0175r el s\u00e1bado por la ma\u00f1ana con unos amigos y ten\u00eda previsto ascender por las cuevas hasta la entrada superior durante la tarde, dos minutos antes de que se produjera el accidente.<\/p>\n\n\n\n<p>Debido a las lesiones que sufri\u00f3 en la ca\u00edda, no pudo salir. Se sabe que el hombre tiene presuntas lesiones en la columna vertebral, una fractura compuesta en la pierna, con rotura de peron\u00e9 y tibia, fractura de estern\u00f3n y clav\u00edcula, as\u00ed como fractura de mand\u00edbula, lesiones en la boca y laceraciones en el cuello.<\/p>\n\n\n\n<p>Un socorrista dijo que el hombre se cay\u00f3 cuando se desprendi\u00f3 una roca y precipit\u00f3 &#8220;a una distancia considerable&#8221; desde un saliente.<\/p>\n\n\n\n<p>Dijeron: &#8220;Tambi\u00e9n estuvo inconsciente durante alg\u00fan tiempo y eso tambi\u00e9n fue preocupante por lo lejos que cay\u00f3. Tengo entendido que cay\u00f3 con la roca y eso empeor\u00f3 las cosas.<\/p>\n\n\n\n<p>El accidente ocurri\u00f3 en la parte de las cuevas conocida como Cwm D\u0175r &#8211; valle del agua en gal\u00e9s &#8211; no muy lejos de la entrada por la que entr\u00f3. Pero, debido a sus heridas, no se le pudo sacar por ah\u00ed.<\/p>\n\n\n\n<p>En lugar de ello, el equipo de rescate tuvo que arrastrarlo por otra ruta que pasaba por los hitos de la espeleolog\u00eda llamados Marble Showers y Great Oxbow para llegar a la superficie.<\/p>\n\n\n\n<p>Tras el rescate, Peter Francis, del club de espeleolog\u00eda de Gales del Sur, dijo que el herido tuvo &#8220;una suerte incre\u00edble&#8221; y &#8220;puso el pie en el lugar equivocado en el momento equivocado&#8221;.<\/p>\n\n\n\n<p>&#8220;Podr\u00eda haberlo hecho en una acera, en cuyo caso habr\u00eda estado en el hospital 10 minutos despu\u00e9s.<br>&#8220;Pero estaba a uno o dos kil\u00f3metros bajo tierra en un lugar inc\u00f3modo. Todas las probabilidades estaban en su contra, solamente su fuerza mental le hizo salir adelante. Tuvo mucho dolor para empezar, hasta que pudimos darle los medicamentos. \u00c9l resisti\u00f3 todo eso.<\/p>\n\n\n\n<p>Los espele\u00f3logos de rescate trabajaron por turnos para llevar al hombre en una camilla hasta la entrada superior, situada en la cima de la ladera y cerca de la red principal de los 50 kil\u00f3metros de cavernas subterr\u00e1neas.<\/p>\n\n\n\n<p>Al menos ocho equipos de rescate de todo el Reino Unido participaron en la operaci\u00f3n.  El Grupo de Rescate de Cuevas de Gloucester, la Organizaci\u00f3n de Rescate de Cuevas de Midlands, la Organizaci\u00f3n de Rescate de Cuevas de Derbyshire, la Organizaci\u00f3n de Rescate de Cuevas de Mendip, la Organizaci\u00f3n de Rescate de Cuevas del Sureste, la Organizaci\u00f3n de Rescate de Cuevas y la Asociaci\u00f3n de Rescate de Upper Wharfedale Fell.<\/p>\n\n\n\n<p>Un portavoz del South and Mid Wales Cave Rescue Team dijo que al menos 242 personas hab\u00edan participado en la misi\u00f3n. Los testigos describieron haber visto 50 coches en el aparcamiento, muchos de los cuales se cree que pertenecen a los rescatadores.<\/p>\n\n\n\n<p>El Equipo de Rescate en Cuevas del Sur y Centro de Gales tambi\u00e9n utiliz\u00f3 sus conocimientos especializados para ayudar en el rescate de 2018 de la cueva inundada Tham Luang Nang Non en Tailandia, cuando el equipo de f\u00fatbol juvenil Wild Boars qued\u00f3 atrapado.<\/p>\n\n\n\n<p>Los miembros del equipo estuvieron bajo tierra durante 18 d\u00edas antes de ser liberados y la primera voz que escucharon fue la del espele\u00f3logo gal\u00e9s John Volanthen.<\/p>\n\n\n\n<p>El equipo de rescate -una organizaci\u00f3n ben\u00e9fica registrada- se cre\u00f3 en 1946 para apoyar a los espele\u00f3logos que exploraban cuevas en las zonas de Swansea y Neath, pero se ampli\u00f3 para cubrir emergencias en todo Gales.<\/p>\n\n\n\n<p>Tambi\u00e9n participaron en la tr\u00e1gica b\u00fasqueda de la colegiala desaparecida April Jones.<\/p>\n\n\n\n<p><strong>C\u00f3mo consiguieron los rescatadores a su hombre<\/strong><\/p>\n\n\n\n<p>M\u00e1s de 240 socorristas participaron en la misi\u00f3n de salvar al espele\u00f3logo herido.<\/p>\n\n\n\n<p>Un grupo de m\u00e9dicos se turn\u00f3 para atender las heridas del hombre junto con equipos de espele\u00f3logos que hac\u00edan turnos de 12 horas para intentar sacarlo a la superficie.<\/p>\n\n\n\n<p>Llevaron comida, bebida, equipo m\u00e9dico y ropa de abrigo al hombre, que estaba consciente y hablaba durante el rescate.<\/p>\n\n\n\n<p>Un rescatista dijo: &#8220;Los m\u00e9dicos han bajado con bolsas de analg\u00e9sicos. Est\u00e1 tomando algo muy fuerte y est\u00e1 siendo tratado con una c\u00e1nula nasal&#8221;.<\/p>\n\n\n\n<p>Pero la operaci\u00f3n se vio dificultada por las aguas subterr\u00e1neas por las que tuvo que ser arrastrado para llegar a la superficie.<\/p>\n\n\n\n<p><strong>El agua dentro del sistema de cuevas de Ogof Ffynnon Ddu dificult\u00f3 el rescate.  <\/strong><\/p>\n\n\n\n<p>Un rescatista que pas\u00f3 la noche bajo tierra con el espele\u00f3logo afectado dijo: &#8220;Est\u00e1 de buen humor y esperamos que la operaci\u00f3n concluya con \u00e9xito hoy mismo&#8221;.<\/p>\n\n\n\n<p>La familia del hombre esperaba noticias en la superficie, mientras que una ambulancia se encargaba de llevarlo al hospital para tratar sus lesiones y una posible hipotermia.<\/p>\n\n\n\n<p>Los rescatadores utilizaron un sistema llamado Cavelink que permite enviar mensajes de texto a trav\u00e9s de la roca s\u00f3lida para mantener el contacto con el accidentado y los rescatadores con \u00e9l.<\/p>\n\n\n\n<p>La operaci\u00f3n llevada a cabo por el Equipo de Rescate en Cuevas del Sur y Centro de Gales se vio dificultada por la densa niebla y la llovizna en los Brecon Beacons.<\/p>\n\n\n\n<p>Peter Francis, de 74 a\u00f1os, representante del Equipo de Rescate en Cuevas del Sur y Centro de Gales, declar\u00f3 a primera hora del lunes: &#8220;Ahora podemos confirmar que el hombre tiene m\u00faltiples heridas, pero que no ponen en peligro su vida.<\/p>\n\n\n\n<p>&#8220;Somos muy optimistas ahora, es cuesti\u00f3n de tiempo que lo saquemos.&#8221;Est\u00e1 caliente, est\u00e1 estable. El m\u00e9dico que est\u00e1 con \u00e9l lo est\u00e1 controlando todo el tiempo y no nos preocupa que tenga hipotermia&#8221;.<\/p>\n\n\n\n<p>Las condiciones de niebla y humedad en Brecon Beacons impidieron el aterrizaje del helic\u00f3ptero de la ambulancia a\u00e9rea.<\/p>\n\n\n\n<p>El Sr. Francis, uno de los rescatadores de cuevas m\u00e1s veteranos que participaron, y responsable del descubrimiento de partes de la cueva, calific\u00f3 el incidente de &#8220;accidente desafortunado y fortuito&#8221;.<\/p>\n\n\n\n<p>Describiendo las cuevas, dijo: &#8220;Hay un arroyo y cascadas all\u00ed abajo, as\u00ed como un enorme ca\u00f1\u00f3n. Es realmente hermoso. Y por eso la gente viene aqu\u00ed. Es impresionante&#8221;.<\/p>\n\n\n\n<p><strong>La cueva m\u00e1s profunda y la tercera m\u00e1s larga del Reino Unido<\/strong><\/p>\n\n\n\n<p>Situada dentro de una reserva natural, Ogof Ffynnon Ddu -que significa Cueva del Manantial Negro- fue descubierta en 1946 y tiene 300 metros de profundidad en su punto m\u00e1s bajo.<\/p>\n\n\n\n<p>S\u00f3lo los espele\u00f3logos experimentados tienen permiso para explorar su interior.<\/p>\n\n\n\n<p>Un espele\u00f3logo habitual dijo: &#8220;Es un sistema de cuevas muy conocido, muy popular entre los espele\u00f3logos y est\u00e1 en medio de una reserva natural.<\/p>\n\n\n\n<p>&#8220;Es un sistema de cuevas muy popular, normalmente recomendado para espele\u00f3logos m\u00e1s experimentados que para novatos&#8221;.<\/p>\n\n\n\n<p>S\u00f3lo pueden acceder a ellas los espele\u00f3logos con un permiso del club de espeleolog\u00eda.<\/p>\n\n\n\n<p>La gu\u00eda del sistema de cuevas lo describe como &#8220;un cl\u00e1sico en el Reino Unido, y sus aproximadamente 61 km [31 millas] de pasadizos ofrecen de todo, desde enormes c\u00e1maras, hermosas formaciones, hasta abismos bostezantes y estruendosos pasajes fluviales&#8221;.<\/p>\n\n\n\n<p>&#8220;Las rutas que atraviesan la cueva son demasiado numerosas para mencionarlas&#8221;.<\/p>\n\n\n\n<p>Y a\u00f1ade: &#8220;Tenga en cuenta que la corriente principal y algunas otras partes de la cueva son propensas a las inundaciones y, en cualquier caso, un viaje por la corriente principal es largo, fr\u00edo y h\u00famedo, as\u00ed que vaya preparado&#8221;.<br><br><small>PanPress.eu  \/ SalaStampa.eu &#8211; Copyright \u00a9 2021 ElCanillita.info &#8211; Derechos reservados<\/small><\/p>\n","protected":false},"excerpt":{"rendered":"<p>Deleite entre los equipos de rescate despu\u00e9s de que trabajaran por turnos para llevar a la superficie a un hombre herido en una camilla a trav\u00e9s de kil\u00f3metros de pasadizos.  <\/p>\n","protected":false},"author":1,"featured_media":321,"comment_status":"closed","ping_status":"closed","sticky":false,"template":"","format":"standard","meta":{"footnotes":"","_links_to":"","_links_to_target":""},"categories":[62,46],"tags":[86],"class_list":["post-319","post","type-post","status-publish","format-standard","has-post-thumbnail","hentry","category-actualidad","category-europa","tag-regno-unito","entry","rows"],"yoast_head":"<!-- This site is optimized with the Yoast SEO plugin v27.4 - https:\/\/yoast.com\/product\/yoast-seo-wordpress\/ -->\n<title>Rescatan a un espele\u00f3logo tras una ca\u00edda de 15 metros que le dej\u00f3 atrapado bajo tierra durante dos d\u00edas - BlogDiario Magazine<\/title>\n<meta name=\"robots\" content=\"index, follow, max-snippet:-1, max-image-preview:large, max-video-preview:-1\" \/>\n<link rel=\"canonical\" href=\"https:\/\/blogdiario.info\/magazine\/2021\/11\/09\/rescatan-un-espeleologo\/\" \/>\n<meta property=\"og:locale\" content=\"es_ES\" \/>\n<meta property=\"og:type\" content=\"article\" \/>\n<meta property=\"og:title\" content=\"Rescatan a un espele\u00f3logo tras una ca\u00edda de 15 metros que le dej\u00f3 atrapado bajo tierra durante dos d\u00edas - BlogDiario Magazine\" \/>\n<meta property=\"og:description\" content=\"Deleite entre los equipos de rescate despu\u00e9s de que trabajaran por turnos para llevar a la superficie a un hombre herido en una camilla a trav\u00e9s de kil\u00f3metros de pasadizos.\" \/>\n<meta property=\"og:url\" content=\"https:\/\/blogdiario.info\/magazine\/2021\/11\/09\/rescatan-un-espeleologo\/\" \/>\n<meta property=\"og:site_name\" content=\"BlogDiario Magazine\" \/>\n<meta property=\"article:published_time\" content=\"2021-11-09T10:39:15+00:00\" \/>\n<meta property=\"article:modified_time\" content=\"2022-04-23T09:24:49+00:00\" \/>\n<meta property=\"og:image\" content=\"https:\/\/blogdiario.info\/magazine\/images\/2021\/11\/espeologos.jpg\" \/>\n\t<meta property=\"og:image:width\" content=\"600\" \/>\n\t<meta property=\"og:image:height\" content=\"400\" \/>\n\t<meta property=\"og:image:type\" content=\"image\/jpeg\" \/>\n<meta name=\"author\" content=\"World Press Service | Servicio de Prensa Mundial\" \/>\n<meta name=\"twitter:card\" content=\"summary_large_image\" \/>\n<meta name=\"twitter:label1\" content=\"Escrito por\" \/>\n\t<meta name=\"twitter:data1\" content=\"World Press Service | Servicio de Prensa Mundial\" \/>\n\t<meta name=\"twitter:label2\" content=\"Tiempo de lectura\" \/>\n\t<meta name=\"twitter:data2\" content=\"7 minutos\" \/>\n<script type=\"application\/ld+json\" class=\"yoast-schema-graph\">{\"@context\":\"https:\\\/\\\/schema.org\",\"@graph\":[{\"@type\":\"Article\",\"@id\":\"https:\\\/\\\/blogdiario.info\\\/magazine\\\/2021\\\/11\\\/09\\\/rescatan-un-espeleologo\\\/#article\",\"isPartOf\":{\"@id\":\"https:\\\/\\\/blogdiario.info\\\/magazine\\\/2021\\\/11\\\/09\\\/rescatan-un-espeleologo\\\/\"},\"author\":{\"name\":\"World Press Service | Servicio de Prensa Mundial\",\"@id\":\"https:\\\/\\\/blogdiario.info\\\/magazine\\\/#\\\/schema\\\/person\\\/b2422fe85574d945bad55513bb0c7354\"},\"headline\":\"Rescatan a un espele\u00f3logo tras una ca\u00edda de 15 metros que le dej\u00f3 atrapado bajo tierra durante dos d\u00edas\",\"datePublished\":\"2021-11-09T10:39:15+00:00\",\"dateModified\":\"2022-04-23T09:24:49+00:00\",\"mainEntityOfPage\":{\"@id\":\"https:\\\/\\\/blogdiario.info\\\/magazine\\\/2021\\\/11\\\/09\\\/rescatan-un-espeleologo\\\/\"},\"wordCount\":1520,\"publisher\":{\"@id\":\"https:\\\/\\\/blogdiario.info\\\/magazine\\\/#organization\"},\"image\":{\"@id\":\"https:\\\/\\\/blogdiario.info\\\/magazine\\\/2021\\\/11\\\/09\\\/rescatan-un-espeleologo\\\/#primaryimage\"},\"thumbnailUrl\":\"https:\\\/\\\/blogdiario.info\\\/magazine\\\/images\\\/2021\\\/11\\\/espeologos.jpg\",\"keywords\":[\"Regno Unito\"],\"articleSection\":[\"Actualidad\",\"Europa\"],\"inLanguage\":\"es-AR\"},{\"@type\":\"WebPage\",\"@id\":\"https:\\\/\\\/blogdiario.info\\\/magazine\\\/2021\\\/11\\\/09\\\/rescatan-un-espeleologo\\\/\",\"url\":\"https:\\\/\\\/blogdiario.info\\\/magazine\\\/2021\\\/11\\\/09\\\/rescatan-un-espeleologo\\\/\",\"name\":\"Rescatan a un espele\u00f3logo tras una ca\u00edda de 15 metros que le dej\u00f3 atrapado bajo tierra durante dos d\u00edas - BlogDiario Magazine\",\"isPartOf\":{\"@id\":\"https:\\\/\\\/blogdiario.info\\\/magazine\\\/#website\"},\"primaryImageOfPage\":{\"@id\":\"https:\\\/\\\/blogdiario.info\\\/magazine\\\/2021\\\/11\\\/09\\\/rescatan-un-espeleologo\\\/#primaryimage\"},\"image\":{\"@id\":\"https:\\\/\\\/blogdiario.info\\\/magazine\\\/2021\\\/11\\\/09\\\/rescatan-un-espeleologo\\\/#primaryimage\"},\"thumbnailUrl\":\"https:\\\/\\\/blogdiario.info\\\/magazine\\\/images\\\/2021\\\/11\\\/espeologos.jpg\",\"datePublished\":\"2021-11-09T10:39:15+00:00\",\"dateModified\":\"2022-04-23T09:24:49+00:00\",\"breadcrumb\":{\"@id\":\"https:\\\/\\\/blogdiario.info\\\/magazine\\\/2021\\\/11\\\/09\\\/rescatan-un-espeleologo\\\/#breadcrumb\"},\"inLanguage\":\"es-AR\",\"potentialAction\":[{\"@type\":\"ReadAction\",\"target\":[\"https:\\\/\\\/blogdiario.info\\\/magazine\\\/2021\\\/11\\\/09\\\/rescatan-un-espeleologo\\\/\"]}]},{\"@type\":\"ImageObject\",\"inLanguage\":\"es-AR\",\"@id\":\"https:\\\/\\\/blogdiario.info\\\/magazine\\\/2021\\\/11\\\/09\\\/rescatan-un-espeleologo\\\/#primaryimage\",\"url\":\"https:\\\/\\\/blogdiario.info\\\/magazine\\\/images\\\/2021\\\/11\\\/espeologos.jpg\",\"contentUrl\":\"https:\\\/\\\/blogdiario.info\\\/magazine\\\/images\\\/2021\\\/11\\\/espeologos.jpg\",\"width\":600,\"height\":400},{\"@type\":\"BreadcrumbList\",\"@id\":\"https:\\\/\\\/blogdiario.info\\\/magazine\\\/2021\\\/11\\\/09\\\/rescatan-un-espeleologo\\\/#breadcrumb\",\"itemListElement\":[{\"@type\":\"ListItem\",\"position\":1,\"name\":\"Home\",\"item\":\"https:\\\/\\\/blogdiario.info\\\/magazine\\\/\"},{\"@type\":\"ListItem\",\"position\":2,\"name\":\"Rescatan a un espele\u00f3logo tras una ca\u00edda de 15 metros que le dej\u00f3 atrapado bajo tierra durante dos d\u00edas\"}]},{\"@type\":\"WebSite\",\"@id\":\"https:\\\/\\\/blogdiario.info\\\/magazine\\\/#website\",\"url\":\"https:\\\/\\\/blogdiario.info\\\/magazine\\\/\",\"name\":\"BlogDiario Magazine\",\"description\":\"Suplemento multiling\u00fce de ElCanillita.Info\",\"publisher\":{\"@id\":\"https:\\\/\\\/blogdiario.info\\\/magazine\\\/#organization\"},\"potentialAction\":[{\"@type\":\"SearchAction\",\"target\":{\"@type\":\"EntryPoint\",\"urlTemplate\":\"https:\\\/\\\/blogdiario.info\\\/magazine\\\/?s={search_term_string}\"},\"query-input\":{\"@type\":\"PropertyValueSpecification\",\"valueRequired\":true,\"valueName\":\"search_term_string\"}}],\"inLanguage\":\"es-AR\"},{\"@type\":\"Organization\",\"@id\":\"https:\\\/\\\/blogdiario.info\\\/magazine\\\/#organization\",\"name\":\"Guzzo Photos & Graphic Publications\",\"url\":\"https:\\\/\\\/blogdiario.info\\\/magazine\\\/\",\"logo\":{\"@type\":\"ImageObject\",\"inLanguage\":\"es-AR\",\"@id\":\"https:\\\/\\\/blogdiario.info\\\/magazine\\\/#\\\/schema\\\/logo\\\/image\\\/\",\"url\":\"https:\\\/\\\/blogdiario.info\\\/magazine\\\/images\\\/2020\\\/01\\\/cropped-blogdia_magazine.jpg\",\"contentUrl\":\"https:\\\/\\\/blogdiario.info\\\/magazine\\\/images\\\/2020\\\/01\\\/cropped-blogdia_magazine.jpg\",\"width\":589,\"height\":55,\"caption\":\"Guzzo Photos & Graphic Publications\"},\"image\":{\"@id\":\"https:\\\/\\\/blogdiario.info\\\/magazine\\\/#\\\/schema\\\/logo\\\/image\\\/\"}},{\"@type\":\"Person\",\"@id\":\"https:\\\/\\\/blogdiario.info\\\/magazine\\\/#\\\/schema\\\/person\\\/b2422fe85574d945bad55513bb0c7354\",\"name\":\"World Press Service | Servicio de Prensa Mundial\"}]}<\/script>\n<!-- \/ Yoast SEO plugin. -->","yoast_head_json":{"title":"Rescatan a un espele\u00f3logo tras una ca\u00edda de 15 metros que le dej\u00f3 atrapado bajo tierra durante dos d\u00edas - BlogDiario Magazine","robots":{"index":"index","follow":"follow","max-snippet":"max-snippet:-1","max-image-preview":"max-image-preview:large","max-video-preview":"max-video-preview:-1"},"canonical":"https:\/\/blogdiario.info\/magazine\/2021\/11\/09\/rescatan-un-espeleologo\/","og_locale":"es_ES","og_type":"article","og_title":"Rescatan a un espele\u00f3logo tras una ca\u00edda de 15 metros que le dej\u00f3 atrapado bajo tierra durante dos d\u00edas - BlogDiario Magazine","og_description":"Deleite entre los equipos de rescate despu\u00e9s de que trabajaran por turnos para llevar a la superficie a un hombre herido en una camilla a trav\u00e9s de kil\u00f3metros de pasadizos.","og_url":"https:\/\/blogdiario.info\/magazine\/2021\/11\/09\/rescatan-un-espeleologo\/","og_site_name":"BlogDiario Magazine","article_published_time":"2021-11-09T10:39:15+00:00","article_modified_time":"2022-04-23T09:24:49+00:00","og_image":[{"width":600,"height":400,"url":"https:\/\/blogdiario.info\/magazine\/images\/2021\/11\/espeologos.jpg","type":"image\/jpeg"}],"author":"World Press Service | Servicio de Prensa Mundial","twitter_card":"summary_large_image","twitter_misc":{"Escrito por":"World Press Service | Servicio de Prensa Mundial","Tiempo de lectura":"7 minutos"},"schema":{"@context":"https:\/\/schema.org","@graph":[{"@type":"Article","@id":"https:\/\/blogdiario.info\/magazine\/2021\/11\/09\/rescatan-un-espeleologo\/#article","isPartOf":{"@id":"https:\/\/blogdiario.info\/magazine\/2021\/11\/09\/rescatan-un-espeleologo\/"},"author":{"name":"World Press Service | Servicio de Prensa Mundial","@id":"https:\/\/blogdiario.info\/magazine\/#\/schema\/person\/b2422fe85574d945bad55513bb0c7354"},"headline":"Rescatan a un espele\u00f3logo tras una ca\u00edda de 15 metros que le dej\u00f3 atrapado bajo tierra durante dos d\u00edas","datePublished":"2021-11-09T10:39:15+00:00","dateModified":"2022-04-23T09:24:49+00:00","mainEntityOfPage":{"@id":"https:\/\/blogdiario.info\/magazine\/2021\/11\/09\/rescatan-un-espeleologo\/"},"wordCount":1520,"publisher":{"@id":"https:\/\/blogdiario.info\/magazine\/#organization"},"image":{"@id":"https:\/\/blogdiario.info\/magazine\/2021\/11\/09\/rescatan-un-espeleologo\/#primaryimage"},"thumbnailUrl":"https:\/\/blogdiario.info\/magazine\/images\/2021\/11\/espeologos.jpg","keywords":["Regno Unito"],"articleSection":["Actualidad","Europa"],"inLanguage":"es-AR"},{"@type":"WebPage","@id":"https:\/\/blogdiario.info\/magazine\/2021\/11\/09\/rescatan-un-espeleologo\/","url":"https:\/\/blogdiario.info\/magazine\/2021\/11\/09\/rescatan-un-espeleologo\/","name":"Rescatan a un espele\u00f3logo tras una ca\u00edda de 15 metros que le dej\u00f3 atrapado bajo tierra durante dos d\u00edas - BlogDiario Magazine","isPartOf":{"@id":"https:\/\/blogdiario.info\/magazine\/#website"},"primaryImageOfPage":{"@id":"https:\/\/blogdiario.info\/magazine\/2021\/11\/09\/rescatan-un-espeleologo\/#primaryimage"},"image":{"@id":"https:\/\/blogdiario.info\/magazine\/2021\/11\/09\/rescatan-un-espeleologo\/#primaryimage"},"thumbnailUrl":"https:\/\/blogdiario.info\/magazine\/images\/2021\/11\/espeologos.jpg","datePublished":"2021-11-09T10:39:15+00:00","dateModified":"2022-04-23T09:24:49+00:00","breadcrumb":{"@id":"https:\/\/blogdiario.info\/magazine\/2021\/11\/09\/rescatan-un-espeleologo\/#breadcrumb"},"inLanguage":"es-AR","potentialAction":[{"@type":"ReadAction","target":["https:\/\/blogdiario.info\/magazine\/2021\/11\/09\/rescatan-un-espeleologo\/"]}]},{"@type":"ImageObject","inLanguage":"es-AR","@id":"https:\/\/blogdiario.info\/magazine\/2021\/11\/09\/rescatan-un-espeleologo\/#primaryimage","url":"https:\/\/blogdiario.info\/magazine\/images\/2021\/11\/espeologos.jpg","contentUrl":"https:\/\/blogdiario.info\/magazine\/images\/2021\/11\/espeologos.jpg","width":600,"height":400},{"@type":"BreadcrumbList","@id":"https:\/\/blogdiario.info\/magazine\/2021\/11\/09\/rescatan-un-espeleologo\/#breadcrumb","itemListElement":[{"@type":"ListItem","position":1,"name":"Home","item":"https:\/\/blogdiario.info\/magazine\/"},{"@type":"ListItem","position":2,"name":"Rescatan a un espele\u00f3logo tras una ca\u00edda de 15 metros que le dej\u00f3 atrapado bajo tierra durante dos d\u00edas"}]},{"@type":"WebSite","@id":"https:\/\/blogdiario.info\/magazine\/#website","url":"https:\/\/blogdiario.info\/magazine\/","name":"BlogDiario Magazine","description":"Suplemento multiling\u00fce de ElCanillita.Info","publisher":{"@id":"https:\/\/blogdiario.info\/magazine\/#organization"},"potentialAction":[{"@type":"SearchAction","target":{"@type":"EntryPoint","urlTemplate":"https:\/\/blogdiario.info\/magazine\/?s={search_term_string}"},"query-input":{"@type":"PropertyValueSpecification","valueRequired":true,"valueName":"search_term_string"}}],"inLanguage":"es-AR"},{"@type":"Organization","@id":"https:\/\/blogdiario.info\/magazine\/#organization","name":"Guzzo Photos & Graphic Publications","url":"https:\/\/blogdiario.info\/magazine\/","logo":{"@type":"ImageObject","inLanguage":"es-AR","@id":"https:\/\/blogdiario.info\/magazine\/#\/schema\/logo\/image\/","url":"https:\/\/blogdiario.info\/magazine\/images\/2020\/01\/cropped-blogdia_magazine.jpg","contentUrl":"https:\/\/blogdiario.info\/magazine\/images\/2020\/01\/cropped-blogdia_magazine.jpg","width":589,"height":55,"caption":"Guzzo Photos & Graphic Publications"},"image":{"@id":"https:\/\/blogdiario.info\/magazine\/#\/schema\/logo\/image\/"}},{"@type":"Person","@id":"https:\/\/blogdiario.info\/magazine\/#\/schema\/person\/b2422fe85574d945bad55513bb0c7354","name":"World Press Service | Servicio de Prensa Mundial"}]}},"views":638,"_links":{"self":[{"href":"https:\/\/blogdiario.info\/magazine\/wp-json\/wp\/v2\/posts\/319","targetHints":{"allow":["GET"]}}],"collection":[{"href":"https:\/\/blogdiario.info\/magazine\/wp-json\/wp\/v2\/posts"}],"about":[{"href":"https:\/\/blogdiario.info\/magazine\/wp-json\/wp\/v2\/types\/post"}],"author":[{"embeddable":true,"href":"https:\/\/blogdiario.info\/magazine\/wp-json\/wp\/v2\/users\/1"}],"replies":[{"embeddable":true,"href":"https:\/\/blogdiario.info\/magazine\/wp-json\/wp\/v2\/comments?post=319"}],"version-history":[{"count":0,"href":"https:\/\/blogdiario.info\/magazine\/wp-json\/wp\/v2\/posts\/319\/revisions"}],"wp:featuredmedia":[{"embeddable":true,"href":"https:\/\/blogdiario.info\/magazine\/wp-json\/wp\/v2\/media\/321"}],"wp:attachment":[{"href":"https:\/\/blogdiario.info\/magazine\/wp-json\/wp\/v2\/media?parent=319"}],"wp:term":[{"taxonomy":"category","embeddable":true,"href":"https:\/\/blogdiario.info\/magazine\/wp-json\/wp\/v2\/categories?post=319"},{"taxonomy":"post_tag","embeddable":true,"href":"https:\/\/blogdiario.info\/magazine\/wp-json\/wp\/v2\/tags?post=319"}],"curies":[{"name":"wp","href":"https:\/\/api.w.org\/{rel}","templated":true}]}}