{"id":3042,"date":"2026-05-01T23:15:29","date_gmt":"2026-05-01T22:15:29","guid":{"rendered":"https:\/\/blogdiario.info\/magazine\/?p=3042"},"modified":"2026-05-01T23:15:29","modified_gmt":"2026-05-01T22:15:29","slug":"malvinas-falkland-islands","status":"publish","type":"post","link":"https:\/\/blogdiario.info\/magazine\/2026\/05\/01\/malvinas-falkland-islands\/","title":{"rendered":"Malvinas: el cielo no se negocia"},"content":{"rendered":"\n<figure class=\"wp-block-image size-large\"><img loading=\"lazy\" decoding=\"async\" width=\"600\" height=\"357\" src=\"https:\/\/blogdiario.info\/magazine\/images\/2026\/05\/img_1722.jpg\" alt=\"\" class=\"wp-image-3044\" srcset=\"https:\/\/blogdiario.info\/magazine\/images\/2026\/05\/img_1722.jpg 600w, https:\/\/blogdiario.info\/magazine\/images\/2026\/05\/img_1722-300x179.jpg 300w\" sizes=\"auto, (max-width: 600px) 100vw, 600px\" \/><\/figure>\n\n\n\n<p class=\"p1\">Hay frases que no se escriben para informar, sino para marcar territorio. Cuando el jefe del Estado Mayor del Aire brit\u00e1nico afirma que el control del espacio a\u00e9reo de las Malvinas es \u201cno negociable\u201d, no est\u00e1 describiendo una situaci\u00f3n: est\u00e1 trazando una l\u00ednea.<\/p>\n\n\n\n<p class=\"p1\">La Real Fuerza A\u00e9rea no habla en voz alta por costumbre. Lo hace cuando percibe movimiento en el tablero. Y esta vez, el ruido no proviene del Atl\u00e1ntico Sur, sino de un despacho en Washington donde un memorando filtrado sugiere algo que hasta ayer era impensable: un eventual respaldo estadounidense a la posici\u00f3n argentina.<\/p>\n\n\n\n<p class=\"p1\">No hace falta que ese apoyo se materialice. Basta con que exista como hip\u00f3tesis para alterar el equilibrio. En geopol\u00edtica, las sombras pesan casi tanto como los hechos. Y una sombra proyectada desde el Pent\u00e1gono tiene la capacidad de inquietar incluso a quienes han ganado una guerra.<\/p>\n\n\n\n<p class=\"p1\">Desde 1982, Londres convirti\u00f3 el cielo de las islas en su primera y \u00faltima l\u00ednea de defensa. No es casualidad. Controlar el aire es controlar el tiempo de reacci\u00f3n, la narrativa y, en \u00faltima instancia, la soberan\u00eda efectiva. Lo dem\u00e1s \u2014diplomacia, historia, reclamos\u2014 queda en segundo plano cuando los radares est\u00e1n encendidos.<\/p>\n\n\n\n<p class=\"p1\">Pero el contexto ha cambiado. Ya no se trata solo de Argentina y el Reino Unido. El tablero es m\u00e1s amplio, m\u00e1s inestable. Estados Unidos, enfrascado en tensiones globales que van de Medio Oriente a Europa del Este, comienza a medir sus alianzas con una l\u00f3gica menos sentimental y m\u00e1s transaccional.<\/p>\n\n\n\n<p class=\"p1\">En ese marco, una se\u00f1al ambigua puede convertirse en un mensaje deliberado. Castigar a aliados europeos que no acompa\u00f1an ciertas estrategias internacionales podr\u00eda implicar, indirectamente, mover piezas en otros conflictos congelados. Malvinas, en ese sentido, deja de ser un asunto bilateral para convertirse en ficha de un juego mayor.<\/p>\n\n\n\n<p class=\"p1\">La respuesta brit\u00e1nica, entonces, no es desproporcionada: es preventiva. \u201cAlta alerta\u201d no significa guerra inminente, sino disposici\u00f3n constante. Un recordatorio elegante de que, m\u00e1s all\u00e1 de las especulaciones, hay capacidades desplegadas y decisiones ya tomadas.<\/p>\n\n\n\n<p class=\"p1\">Para Argentina, el escenario es tan delicado como tentador. La posibilidad de un gui\u00f1o internacional reaviva aspiraciones hist\u00f3ricas, pero tambi\u00e9n exige una lectura fr\u00eda. Las oportunidades en pol\u00edtica exterior rara vez vienen sin condiciones, y menos a\u00fan sin costos.<\/p>\n\n\n\n<p class=\"p2\">Al final, el cielo sobre las Malvinas sigue siendo algo m\u00e1s que espacio a\u00e9reo. Es un s\u00edmbolo, un l\u00edmite y una advertencia. Y como toda frontera invisible, solo existe mientras alguien est\u00e9 dispuesto a defenderla.<\/p>\n\n\n\n<p><\/p>\n\n\n\n<p>\u270d\ufe0f \u00a9 El Observador del Orden Global \u2013 Derechos reservados<\/p>\n\n\n\n<p><\/p>\n\n\n\n<p><hr style=\"\n    border: none;\n    height: 1px;\n    background: linear-gradient(to right, transparent, #ccc, transparent);\n    margin: 0;\n\" \/>\n<br \/>\n \n<small>\u00a9\ufe0f2026  Guzzo Photos  &amp; Graphic Publications \u2013 All Rights Reserved \u2013 Copyright \u00a9\ufe0f 2026 SalaStampa.eu, world press service \u2013 Guzzo Photos &amp; Graphic Publications \u2013 Registro Editori e Stampatori n. 1441 Turin, Italy<\/small><\/p>\n","protected":false},"excerpt":{"rendered":"<p>Londres reafirma su control a\u00e9reo sobre las islas mientras una filtraci\u00f3n en Washington agita viejos fantasmas y reabre una disputa que nunca termin\u00f3 de cerrarse.<\/p>\n","protected":false},"author":1,"featured_media":3045,"comment_status":"closed","ping_status":"closed","sticky":false,"template":"","format":"standard","meta":{"footnotes":"","_links_to":"","_links_to_target":""},"categories":[62,51,188,134,138,168],"tags":[180,192,135,117],"class_list":["post-3042","post","type-post","status-publish","format-standard","has-post-thumbnail","hentry","category-actualidad","category-america-del-sud","category-fuerzas-armadas","category-politicas-globales","category-reino-unido","category-sociedad-y-valores","tag-argentine","tag-estados-unidos","tag-falkland-islands-malvinas","tag-reino-unido","entry","rows"],"yoast_head":"<!-- This site is optimized with the Yoast SEO plugin v27.4 - https:\/\/yoast.com\/product\/yoast-seo-wordpress\/ -->\n<title>Malvinas: el cielo no se negocia - BlogDiario Magazine<\/title>\n<meta name=\"robots\" content=\"index, follow, max-snippet:-1, max-image-preview:large, max-video-preview:-1\" \/>\n<link rel=\"canonical\" href=\"https:\/\/blogdiario.info\/magazine\/2026\/05\/01\/malvinas-falkland-islands\/\" \/>\n<meta property=\"og:locale\" content=\"es_ES\" \/>\n<meta property=\"og:type\" content=\"article\" \/>\n<meta property=\"og:title\" content=\"Malvinas: el cielo no se negocia - BlogDiario Magazine\" \/>\n<meta property=\"og:description\" content=\"Londres reafirma su control a\u00e9reo sobre las islas mientras una filtraci\u00f3n en Washington agita viejos fantasmas y reabre una disputa que nunca termin\u00f3 de cerrarse.\" \/>\n<meta property=\"og:url\" content=\"https:\/\/blogdiario.info\/magazine\/2026\/05\/01\/malvinas-falkland-islands\/\" \/>\n<meta property=\"og:site_name\" content=\"BlogDiario Magazine\" \/>\n<meta property=\"article:published_time\" content=\"2026-05-01T22:15:29+00:00\" \/>\n<meta property=\"og:image\" content=\"https:\/\/blogdiario.info\/magazine\/images\/2026\/05\/img_1724-1.jpg\" \/>\n\t<meta property=\"og:image:width\" content=\"600\" \/>\n\t<meta property=\"og:image:height\" content=\"400\" \/>\n\t<meta property=\"og:image:type\" content=\"image\/jpeg\" \/>\n<meta name=\"author\" content=\"World Press Service | Servicio de Prensa Mundial\" \/>\n<meta name=\"twitter:card\" content=\"summary_large_image\" \/>\n<meta name=\"twitter:label1\" content=\"Escrito por\" \/>\n\t<meta name=\"twitter:data1\" content=\"World Press Service | Servicio de Prensa Mundial\" \/>\n\t<meta name=\"twitter:label2\" content=\"Tiempo de lectura\" \/>\n\t<meta name=\"twitter:data2\" content=\"2 minutos\" \/>\n<script type=\"application\/ld+json\" class=\"yoast-schema-graph\">{\"@context\":\"https:\\\/\\\/schema.org\",\"@graph\":[{\"@type\":\"Article\",\"@id\":\"https:\\\/\\\/blogdiario.info\\\/magazine\\\/2026\\\/05\\\/01\\\/malvinas-falkland-islands\\\/#article\",\"isPartOf\":{\"@id\":\"https:\\\/\\\/blogdiario.info\\\/magazine\\\/2026\\\/05\\\/01\\\/malvinas-falkland-islands\\\/\"},\"author\":{\"name\":\"World Press Service | Servicio de Prensa Mundial\",\"@id\":\"https:\\\/\\\/blogdiario.info\\\/magazine\\\/#\\\/schema\\\/person\\\/b2422fe85574d945bad55513bb0c7354\"},\"headline\":\"Malvinas: el cielo no se negocia\",\"datePublished\":\"2026-05-01T22:15:29+00:00\",\"mainEntityOfPage\":{\"@id\":\"https:\\\/\\\/blogdiario.info\\\/magazine\\\/2026\\\/05\\\/01\\\/malvinas-falkland-islands\\\/\"},\"wordCount\":478,\"publisher\":{\"@id\":\"https:\\\/\\\/blogdiario.info\\\/magazine\\\/#organization\"},\"image\":{\"@id\":\"https:\\\/\\\/blogdiario.info\\\/magazine\\\/2026\\\/05\\\/01\\\/malvinas-falkland-islands\\\/#primaryimage\"},\"thumbnailUrl\":\"https:\\\/\\\/blogdiario.info\\\/magazine\\\/images\\\/2026\\\/05\\\/img_1724-1.jpg\",\"keywords\":[\"Argentine\",\"Estados Unidos\",\"Falkland Islands \\\/ Malvinas\",\"Reino Unido\"],\"articleSection\":[\"Actualidad\",\"America del Sud\",\"Fuerzas Armadas\",\"Pol\u00edticas globales\",\"Reino Unido\",\"Sociedad y valores\"],\"inLanguage\":\"es-AR\"},{\"@type\":\"WebPage\",\"@id\":\"https:\\\/\\\/blogdiario.info\\\/magazine\\\/2026\\\/05\\\/01\\\/malvinas-falkland-islands\\\/\",\"url\":\"https:\\\/\\\/blogdiario.info\\\/magazine\\\/2026\\\/05\\\/01\\\/malvinas-falkland-islands\\\/\",\"name\":\"Malvinas: el cielo no se negocia - BlogDiario Magazine\",\"isPartOf\":{\"@id\":\"https:\\\/\\\/blogdiario.info\\\/magazine\\\/#website\"},\"primaryImageOfPage\":{\"@id\":\"https:\\\/\\\/blogdiario.info\\\/magazine\\\/2026\\\/05\\\/01\\\/malvinas-falkland-islands\\\/#primaryimage\"},\"image\":{\"@id\":\"https:\\\/\\\/blogdiario.info\\\/magazine\\\/2026\\\/05\\\/01\\\/malvinas-falkland-islands\\\/#primaryimage\"},\"thumbnailUrl\":\"https:\\\/\\\/blogdiario.info\\\/magazine\\\/images\\\/2026\\\/05\\\/img_1724-1.jpg\",\"datePublished\":\"2026-05-01T22:15:29+00:00\",\"breadcrumb\":{\"@id\":\"https:\\\/\\\/blogdiario.info\\\/magazine\\\/2026\\\/05\\\/01\\\/malvinas-falkland-islands\\\/#breadcrumb\"},\"inLanguage\":\"es-AR\",\"potentialAction\":[{\"@type\":\"ReadAction\",\"target\":[\"https:\\\/\\\/blogdiario.info\\\/magazine\\\/2026\\\/05\\\/01\\\/malvinas-falkland-islands\\\/\"]}]},{\"@type\":\"ImageObject\",\"inLanguage\":\"es-AR\",\"@id\":\"https:\\\/\\\/blogdiario.info\\\/magazine\\\/2026\\\/05\\\/01\\\/malvinas-falkland-islands\\\/#primaryimage\",\"url\":\"https:\\\/\\\/blogdiario.info\\\/magazine\\\/images\\\/2026\\\/05\\\/img_1724-1.jpg\",\"contentUrl\":\"https:\\\/\\\/blogdiario.info\\\/magazine\\\/images\\\/2026\\\/05\\\/img_1724-1.jpg\",\"width\":600,\"height\":400},{\"@type\":\"BreadcrumbList\",\"@id\":\"https:\\\/\\\/blogdiario.info\\\/magazine\\\/2026\\\/05\\\/01\\\/malvinas-falkland-islands\\\/#breadcrumb\",\"itemListElement\":[{\"@type\":\"ListItem\",\"position\":1,\"name\":\"Home\",\"item\":\"https:\\\/\\\/blogdiario.info\\\/magazine\\\/\"},{\"@type\":\"ListItem\",\"position\":2,\"name\":\"Malvinas: el cielo no se negocia\"}]},{\"@type\":\"WebSite\",\"@id\":\"https:\\\/\\\/blogdiario.info\\\/magazine\\\/#website\",\"url\":\"https:\\\/\\\/blogdiario.info\\\/magazine\\\/\",\"name\":\"BlogDiario Magazine\",\"description\":\"Suplemento multiling\u00fce de ElCanillita.Info\",\"publisher\":{\"@id\":\"https:\\\/\\\/blogdiario.info\\\/magazine\\\/#organization\"},\"potentialAction\":[{\"@type\":\"SearchAction\",\"target\":{\"@type\":\"EntryPoint\",\"urlTemplate\":\"https:\\\/\\\/blogdiario.info\\\/magazine\\\/?s={search_term_string}\"},\"query-input\":{\"@type\":\"PropertyValueSpecification\",\"valueRequired\":true,\"valueName\":\"search_term_string\"}}],\"inLanguage\":\"es-AR\"},{\"@type\":\"Organization\",\"@id\":\"https:\\\/\\\/blogdiario.info\\\/magazine\\\/#organization\",\"name\":\"Guzzo Photos & Graphic Publications\",\"url\":\"https:\\\/\\\/blogdiario.info\\\/magazine\\\/\",\"logo\":{\"@type\":\"ImageObject\",\"inLanguage\":\"es-AR\",\"@id\":\"https:\\\/\\\/blogdiario.info\\\/magazine\\\/#\\\/schema\\\/logo\\\/image\\\/\",\"url\":\"https:\\\/\\\/blogdiario.info\\\/magazine\\\/images\\\/2020\\\/01\\\/cropped-blogdia_magazine.jpg\",\"contentUrl\":\"https:\\\/\\\/blogdiario.info\\\/magazine\\\/images\\\/2020\\\/01\\\/cropped-blogdia_magazine.jpg\",\"width\":589,\"height\":55,\"caption\":\"Guzzo Photos & Graphic Publications\"},\"image\":{\"@id\":\"https:\\\/\\\/blogdiario.info\\\/magazine\\\/#\\\/schema\\\/logo\\\/image\\\/\"}},{\"@type\":\"Person\",\"@id\":\"https:\\\/\\\/blogdiario.info\\\/magazine\\\/#\\\/schema\\\/person\\\/b2422fe85574d945bad55513bb0c7354\",\"name\":\"World Press Service | Servicio de Prensa Mundial\"}]}<\/script>\n<!-- \/ Yoast SEO plugin. -->","yoast_head_json":{"title":"Malvinas: el cielo no se negocia - BlogDiario Magazine","robots":{"index":"index","follow":"follow","max-snippet":"max-snippet:-1","max-image-preview":"max-image-preview:large","max-video-preview":"max-video-preview:-1"},"canonical":"https:\/\/blogdiario.info\/magazine\/2026\/05\/01\/malvinas-falkland-islands\/","og_locale":"es_ES","og_type":"article","og_title":"Malvinas: el cielo no se negocia - BlogDiario Magazine","og_description":"Londres reafirma su control a\u00e9reo sobre las islas mientras una filtraci\u00f3n en Washington agita viejos fantasmas y reabre una disputa que nunca termin\u00f3 de cerrarse.","og_url":"https:\/\/blogdiario.info\/magazine\/2026\/05\/01\/malvinas-falkland-islands\/","og_site_name":"BlogDiario Magazine","article_published_time":"2026-05-01T22:15:29+00:00","og_image":[{"width":600,"height":400,"url":"https:\/\/blogdiario.info\/magazine\/images\/2026\/05\/img_1724-1.jpg","type":"image\/jpeg"}],"author":"World Press Service | Servicio de Prensa Mundial","twitter_card":"summary_large_image","twitter_misc":{"Escrito por":"World Press Service | Servicio de Prensa Mundial","Tiempo de lectura":"2 minutos"},"schema":{"@context":"https:\/\/schema.org","@graph":[{"@type":"Article","@id":"https:\/\/blogdiario.info\/magazine\/2026\/05\/01\/malvinas-falkland-islands\/#article","isPartOf":{"@id":"https:\/\/blogdiario.info\/magazine\/2026\/05\/01\/malvinas-falkland-islands\/"},"author":{"name":"World Press Service | Servicio de Prensa Mundial","@id":"https:\/\/blogdiario.info\/magazine\/#\/schema\/person\/b2422fe85574d945bad55513bb0c7354"},"headline":"Malvinas: el cielo no se negocia","datePublished":"2026-05-01T22:15:29+00:00","mainEntityOfPage":{"@id":"https:\/\/blogdiario.info\/magazine\/2026\/05\/01\/malvinas-falkland-islands\/"},"wordCount":478,"publisher":{"@id":"https:\/\/blogdiario.info\/magazine\/#organization"},"image":{"@id":"https:\/\/blogdiario.info\/magazine\/2026\/05\/01\/malvinas-falkland-islands\/#primaryimage"},"thumbnailUrl":"https:\/\/blogdiario.info\/magazine\/images\/2026\/05\/img_1724-1.jpg","keywords":["Argentine","Estados Unidos","Falkland Islands \/ Malvinas","Reino Unido"],"articleSection":["Actualidad","America del Sud","Fuerzas Armadas","Pol\u00edticas globales","Reino Unido","Sociedad y valores"],"inLanguage":"es-AR"},{"@type":"WebPage","@id":"https:\/\/blogdiario.info\/magazine\/2026\/05\/01\/malvinas-falkland-islands\/","url":"https:\/\/blogdiario.info\/magazine\/2026\/05\/01\/malvinas-falkland-islands\/","name":"Malvinas: el cielo no se negocia - BlogDiario Magazine","isPartOf":{"@id":"https:\/\/blogdiario.info\/magazine\/#website"},"primaryImageOfPage":{"@id":"https:\/\/blogdiario.info\/magazine\/2026\/05\/01\/malvinas-falkland-islands\/#primaryimage"},"image":{"@id":"https:\/\/blogdiario.info\/magazine\/2026\/05\/01\/malvinas-falkland-islands\/#primaryimage"},"thumbnailUrl":"https:\/\/blogdiario.info\/magazine\/images\/2026\/05\/img_1724-1.jpg","datePublished":"2026-05-01T22:15:29+00:00","breadcrumb":{"@id":"https:\/\/blogdiario.info\/magazine\/2026\/05\/01\/malvinas-falkland-islands\/#breadcrumb"},"inLanguage":"es-AR","potentialAction":[{"@type":"ReadAction","target":["https:\/\/blogdiario.info\/magazine\/2026\/05\/01\/malvinas-falkland-islands\/"]}]},{"@type":"ImageObject","inLanguage":"es-AR","@id":"https:\/\/blogdiario.info\/magazine\/2026\/05\/01\/malvinas-falkland-islands\/#primaryimage","url":"https:\/\/blogdiario.info\/magazine\/images\/2026\/05\/img_1724-1.jpg","contentUrl":"https:\/\/blogdiario.info\/magazine\/images\/2026\/05\/img_1724-1.jpg","width":600,"height":400},{"@type":"BreadcrumbList","@id":"https:\/\/blogdiario.info\/magazine\/2026\/05\/01\/malvinas-falkland-islands\/#breadcrumb","itemListElement":[{"@type":"ListItem","position":1,"name":"Home","item":"https:\/\/blogdiario.info\/magazine\/"},{"@type":"ListItem","position":2,"name":"Malvinas: el cielo no se negocia"}]},{"@type":"WebSite","@id":"https:\/\/blogdiario.info\/magazine\/#website","url":"https:\/\/blogdiario.info\/magazine\/","name":"BlogDiario Magazine","description":"Suplemento multiling\u00fce de ElCanillita.Info","publisher":{"@id":"https:\/\/blogdiario.info\/magazine\/#organization"},"potentialAction":[{"@type":"SearchAction","target":{"@type":"EntryPoint","urlTemplate":"https:\/\/blogdiario.info\/magazine\/?s={search_term_string}"},"query-input":{"@type":"PropertyValueSpecification","valueRequired":true,"valueName":"search_term_string"}}],"inLanguage":"es-AR"},{"@type":"Organization","@id":"https:\/\/blogdiario.info\/magazine\/#organization","name":"Guzzo Photos & Graphic Publications","url":"https:\/\/blogdiario.info\/magazine\/","logo":{"@type":"ImageObject","inLanguage":"es-AR","@id":"https:\/\/blogdiario.info\/magazine\/#\/schema\/logo\/image\/","url":"https:\/\/blogdiario.info\/magazine\/images\/2020\/01\/cropped-blogdia_magazine.jpg","contentUrl":"https:\/\/blogdiario.info\/magazine\/images\/2020\/01\/cropped-blogdia_magazine.jpg","width":589,"height":55,"caption":"Guzzo Photos & Graphic Publications"},"image":{"@id":"https:\/\/blogdiario.info\/magazine\/#\/schema\/logo\/image\/"}},{"@type":"Person","@id":"https:\/\/blogdiario.info\/magazine\/#\/schema\/person\/b2422fe85574d945bad55513bb0c7354","name":"World Press Service | Servicio de Prensa Mundial"}]}},"views":11,"_links":{"self":[{"href":"https:\/\/blogdiario.info\/magazine\/wp-json\/wp\/v2\/posts\/3042","targetHints":{"allow":["GET"]}}],"collection":[{"href":"https:\/\/blogdiario.info\/magazine\/wp-json\/wp\/v2\/posts"}],"about":[{"href":"https:\/\/blogdiario.info\/magazine\/wp-json\/wp\/v2\/types\/post"}],"author":[{"embeddable":true,"href":"https:\/\/blogdiario.info\/magazine\/wp-json\/wp\/v2\/users\/1"}],"replies":[{"embeddable":true,"href":"https:\/\/blogdiario.info\/magazine\/wp-json\/wp\/v2\/comments?post=3042"}],"version-history":[{"count":0,"href":"https:\/\/blogdiario.info\/magazine\/wp-json\/wp\/v2\/posts\/3042\/revisions"}],"wp:featuredmedia":[{"embeddable":true,"href":"https:\/\/blogdiario.info\/magazine\/wp-json\/wp\/v2\/media\/3045"}],"wp:attachment":[{"href":"https:\/\/blogdiario.info\/magazine\/wp-json\/wp\/v2\/media?parent=3042"}],"wp:term":[{"taxonomy":"category","embeddable":true,"href":"https:\/\/blogdiario.info\/magazine\/wp-json\/wp\/v2\/categories?post=3042"},{"taxonomy":"post_tag","embeddable":true,"href":"https:\/\/blogdiario.info\/magazine\/wp-json\/wp\/v2\/tags?post=3042"}],"curies":[{"name":"wp","href":"https:\/\/api.w.org\/{rel}","templated":true}]}}