{"id":3024,"date":"2026-04-29T19:43:44","date_gmt":"2026-04-29T18:43:44","guid":{"rendered":"https:\/\/blogdiario.info\/magazine\/?p=3024"},"modified":"2026-04-29T19:44:33","modified_gmt":"2026-04-29T18:44:33","slug":"sainete-de-mala-educacion-nacional","status":"publish","type":"post","link":"https:\/\/blogdiario.info\/magazine\/2026\/04\/29\/sainete-de-mala-educacion-nacional\/","title":{"rendered":"Sainete de Mala Educaci\u00f3n Nacional"},"content":{"rendered":"\n<figure class=\"wp-block-image size-full\"><img loading=\"lazy\" decoding=\"async\" width=\"600\" height=\"400\" src=\"https:\/\/blogdiario.info\/magazine\/images\/2026\/04\/milcov_20260429.jpg\" alt=\"\" class=\"wp-image-3025\" srcset=\"https:\/\/blogdiario.info\/magazine\/images\/2026\/04\/milcov_20260429.jpg 600w, https:\/\/blogdiario.info\/magazine\/images\/2026\/04\/milcov_20260429-300x200.jpg 300w\" sizes=\"auto, (max-width: 600px) 100vw, 600px\" \/><\/figure>\n\n\n\n<p><strong>Argentina<\/strong><br>La escena estaba servida con pompa de gala, pero el resultado fue de comedia costumbrista. Lo que deb\u00eda ser un informe de gesti\u00f3n termin\u00f3 convertido en una funci\u00f3n coral donde cada actor sab\u00eda cu\u00e1ndo aplaudir, cu\u00e1ndo mirar el celular y cu\u00e1ndo sobreactuar. El llamado \u201cAdornipalooza\u201d no decepcion\u00f3: tuvo ritmo, tuvo cl\u00edmax y, sobre todo, tuvo p\u00fablico propio.<\/p>\n\n\n\n<p>En el centro del escenario, Javier Milei disfrut\u00f3 del aplaus\u00f3metro como si fuera un term\u00f3metro emocional. A su lado, Karina Milei ejerc\u00eda de directora silenciosa, marcando posiciones, alineando figuras, organizando la escenograf\u00eda humana del poder. Nada qued\u00f3 librado al azar: ministros estrat\u00e9gicamente ubicados, gestos medidos, sonrisas a tiempo.<\/p>\n\n\n\n<p>El protagonista formal, Manuel Adorni, habl\u00f3 como quien conoce el libreto de memoria. Defendi\u00f3 su gesti\u00f3n, relativiz\u00f3 las sombras y apel\u00f3 a la justicia como escenario futuro. Pero la pol\u00edtica, cuando se teatraliza, no espera sentencias: vive de impresiones. Y en ese terreno, el discurso qued\u00f3 flotando entre la convicci\u00f3n y la sospecha.<\/p>\n\n\n\n<p>En los palcos, la coreograf\u00eda fue menos disciplinada. Patricia Bullrich alternaba atenci\u00f3n con silencios calculados, mientras Santiago Caputo parec\u00eda m\u00e1s interesado en los c\u00f3digos internos que en el contenido. El poder, cuando se siente c\u00f3modo, suele relajarse. Y en esa relajaci\u00f3n se filtran verdades.<\/p>\n\n\n\n<p>La ausencia de algunos en momentos clave habl\u00f3 tanto como los discursos. Cuando el tema patrimonial apareci\u00f3 en escena, ciertas sillas quedaron vac\u00edas. No es un detalle menor: en pol\u00edtica, el timing de una retirada suele ser m\u00e1s elocuente que cualquier declaraci\u00f3n.<\/p>\n\n\n\n<p>Pero el libreto se rompi\u00f3 cuando la oposici\u00f3n decidi\u00f3 abandonar el rol de espectador. El cartel de Aldo Leiva introdujo el primer elemento de conflicto real: preguntas simples, inc\u00f3modas, directas. Propiedades, viajes, n\u00fameros. La pol\u00edtica reducida a lo esencial: explicar.<\/p>\n\n\n\n<p>La reacci\u00f3n fue inmediata. Gritos, desplazamientos, intento de control. Pero el da\u00f1o ya estaba hecho: el clima hab\u00eda cambiado. Lo que era una funci\u00f3n controlada comenz\u00f3 a parecerse a una improvisaci\u00f3n. Y ah\u00ed, el poder pierde elegancia.<\/p>\n\n\n\n<p>El segundo acto lleg\u00f3 con la izquierda. Myriam Bregman y N\u00e9stor Pitrola llevaron el debate al terreno internacional, con Gaza como detonante. La respuesta presidencial, entre gestos burlones y corazones dibujados al aire, confirm\u00f3 que el tono elegido no era el de estadista, sino el de provocador profesional.<\/p>\n\n\n\n<p>En ese punto, la sesi\u00f3n dej\u00f3 de ser institucional para convertirse en espect\u00e1culo. Pochoclos incluidos. Literalmente. El gesto de Esteban Paul\u00f3n no fue solo humor: fue diagn\u00f3stico. Cuando el Congreso se percibe como entretenimiento, algo m\u00e1s profundo est\u00e1 fallando.<\/p>\n\n\n\n<p>Y entonces aparece, inevitable, la figura de la memoria popular. Si Nonna Pecas hubiera estado en uno de esos balcones, probablemente no habr\u00eda entendido de tecnicismos ni de reglamentos. Pero habr\u00eda reconocido algo m\u00e1s simple: la mala educaci\u00f3n. No la falta de protocolo, sino la ausencia de respeto por el espacio com\u00fan.<\/p>\n\n\n\n<p>El cierre fue coherente con el tono general. Al salir, el presidente volvi\u00f3 a elegir el conflicto, apuntando contra los periodistas con insultos. No fue un exabrupto aislado: fue la \u00faltima escena de una obra donde el adversario no se discute, se descalifica.<\/p>\n\n\n\n<p>As\u00ed termin\u00f3 la jornada: con aplausos que sonaban a consigna, con gritos que tapaban preguntas y con una sensaci\u00f3n inc\u00f3moda. Porque cuando la pol\u00edtica se convierte en sainete, el problema no es el espect\u00e1culo. Es que alguien, en alg\u00fan lugar, sigue tomando decisiones reales mientras el p\u00fablico mira la funci\u00f3n.<br><br>  <small><em>\ud83d\udd8b\ufe0f El Tasador del Relato<br>\n \u00a9 2026 ElCanillita.info \u2013 All rights reserved<\/em><\/small><\/p>\n\n\n<hr style=\"border: none; height: 1px; background-color: #e0e0e0; max-width: 80%; margin: 2em auto;\" \/>\n<p><small>\u00a9 2026 SalaStampa.eu, world press service &#8211; All Rights Reserved &#8211; Guzzo Photos &amp; Graphic Publications \u2013 Registro Editori e Stampatori n. 1441 Turin,<br \/>\nItaly<\/small><\/p>","protected":false},"excerpt":{"rendered":"<p>Argentina<br \/>\nEntre aplausos ensayados, gritos de tribuna y gestos de patio de colegio, el Congreso ofreci\u00f3 una escena m\u00e1s cercana al teatro de variedades que al control institucional del poder.<\/p>\n","protected":false},"author":1,"featured_media":3025,"comment_status":"closed","ping_status":"closed","sticky":false,"template":"","format":"standard","meta":{"footnotes":"","_links_to":"","_links_to_target":""},"categories":[62,51,143,41,168],"tags":[23],"class_list":["post-3024","post","type-post","status-publish","format-standard","has-post-thumbnail","hentry","category-actualidad","category-america-del-sud","category-corrupcion","category-politica-esp","category-sociedad-y-valores","tag-argentina","entry","rows"],"yoast_head":"<!-- This site is optimized with the Yoast SEO plugin v27.4 - https:\/\/yoast.com\/product\/yoast-seo-wordpress\/ -->\n<title>Sainete de Mala Educaci\u00f3n Nacional - BlogDiario Magazine<\/title>\n<meta name=\"robots\" content=\"index, follow, max-snippet:-1, max-image-preview:large, max-video-preview:-1\" \/>\n<link rel=\"canonical\" href=\"https:\/\/blogdiario.info\/magazine\/2026\/04\/29\/sainete-de-mala-educacion-nacional\/\" \/>\n<meta property=\"og:locale\" content=\"es_ES\" \/>\n<meta property=\"og:type\" content=\"article\" \/>\n<meta property=\"og:title\" content=\"Sainete de Mala Educaci\u00f3n Nacional - BlogDiario Magazine\" \/>\n<meta property=\"og:description\" content=\"Argentina Entre aplausos ensayados, gritos de tribuna y gestos de patio de colegio, el Congreso ofreci\u00f3 una escena m\u00e1s cercana al teatro de variedades que al control institucional del poder.\" \/>\n<meta property=\"og:url\" content=\"https:\/\/blogdiario.info\/magazine\/2026\/04\/29\/sainete-de-mala-educacion-nacional\/\" \/>\n<meta property=\"og:site_name\" content=\"BlogDiario Magazine\" \/>\n<meta property=\"article:published_time\" content=\"2026-04-29T18:43:44+00:00\" \/>\n<meta property=\"article:modified_time\" content=\"2026-04-29T18:44:33+00:00\" \/>\n<meta property=\"og:image\" content=\"https:\/\/blogdiario.info\/magazine\/images\/2026\/04\/milcov_20260429.jpg\" \/>\n\t<meta property=\"og:image:width\" content=\"600\" \/>\n\t<meta property=\"og:image:height\" content=\"400\" \/>\n\t<meta property=\"og:image:type\" content=\"image\/jpeg\" \/>\n<meta name=\"author\" content=\"World Press Service | Servicio de Prensa Mundial\" \/>\n<meta name=\"twitter:card\" content=\"summary_large_image\" \/>\n<meta name=\"twitter:label1\" content=\"Escrito por\" \/>\n\t<meta name=\"twitter:data1\" content=\"World Press Service | Servicio de Prensa Mundial\" \/>\n\t<meta name=\"twitter:label2\" content=\"Tiempo de lectura\" \/>\n\t<meta name=\"twitter:data2\" content=\"4 minutos\" \/>\n<script type=\"application\/ld+json\" class=\"yoast-schema-graph\">{\"@context\":\"https:\\\/\\\/schema.org\",\"@graph\":[{\"@type\":\"Article\",\"@id\":\"https:\\\/\\\/blogdiario.info\\\/magazine\\\/2026\\\/04\\\/29\\\/sainete-de-mala-educacion-nacional\\\/#article\",\"isPartOf\":{\"@id\":\"https:\\\/\\\/blogdiario.info\\\/magazine\\\/2026\\\/04\\\/29\\\/sainete-de-mala-educacion-nacional\\\/\"},\"author\":{\"name\":\"World Press Service | Servicio de Prensa Mundial\",\"@id\":\"https:\\\/\\\/blogdiario.info\\\/magazine\\\/#\\\/schema\\\/person\\\/b2422fe85574d945bad55513bb0c7354\"},\"headline\":\"Sainete de Mala Educaci\u00f3n Nacional\",\"datePublished\":\"2026-04-29T18:43:44+00:00\",\"dateModified\":\"2026-04-29T18:44:33+00:00\",\"mainEntityOfPage\":{\"@id\":\"https:\\\/\\\/blogdiario.info\\\/magazine\\\/2026\\\/04\\\/29\\\/sainete-de-mala-educacion-nacional\\\/\"},\"wordCount\":646,\"publisher\":{\"@id\":\"https:\\\/\\\/blogdiario.info\\\/magazine\\\/#organization\"},\"image\":{\"@id\":\"https:\\\/\\\/blogdiario.info\\\/magazine\\\/2026\\\/04\\\/29\\\/sainete-de-mala-educacion-nacional\\\/#primaryimage\"},\"thumbnailUrl\":\"https:\\\/\\\/blogdiario.info\\\/magazine\\\/images\\\/2026\\\/04\\\/milcov_20260429.jpg\",\"keywords\":[\"Argentina\"],\"articleSection\":[\"Actualidad\",\"America del Sud\",\"Corrupci\u00f3n\",\"Politica\",\"Sociedad y valores\"],\"inLanguage\":\"es-AR\"},{\"@type\":\"WebPage\",\"@id\":\"https:\\\/\\\/blogdiario.info\\\/magazine\\\/2026\\\/04\\\/29\\\/sainete-de-mala-educacion-nacional\\\/\",\"url\":\"https:\\\/\\\/blogdiario.info\\\/magazine\\\/2026\\\/04\\\/29\\\/sainete-de-mala-educacion-nacional\\\/\",\"name\":\"Sainete de Mala Educaci\u00f3n Nacional - BlogDiario Magazine\",\"isPartOf\":{\"@id\":\"https:\\\/\\\/blogdiario.info\\\/magazine\\\/#website\"},\"primaryImageOfPage\":{\"@id\":\"https:\\\/\\\/blogdiario.info\\\/magazine\\\/2026\\\/04\\\/29\\\/sainete-de-mala-educacion-nacional\\\/#primaryimage\"},\"image\":{\"@id\":\"https:\\\/\\\/blogdiario.info\\\/magazine\\\/2026\\\/04\\\/29\\\/sainete-de-mala-educacion-nacional\\\/#primaryimage\"},\"thumbnailUrl\":\"https:\\\/\\\/blogdiario.info\\\/magazine\\\/images\\\/2026\\\/04\\\/milcov_20260429.jpg\",\"datePublished\":\"2026-04-29T18:43:44+00:00\",\"dateModified\":\"2026-04-29T18:44:33+00:00\",\"breadcrumb\":{\"@id\":\"https:\\\/\\\/blogdiario.info\\\/magazine\\\/2026\\\/04\\\/29\\\/sainete-de-mala-educacion-nacional\\\/#breadcrumb\"},\"inLanguage\":\"es-AR\",\"potentialAction\":[{\"@type\":\"ReadAction\",\"target\":[\"https:\\\/\\\/blogdiario.info\\\/magazine\\\/2026\\\/04\\\/29\\\/sainete-de-mala-educacion-nacional\\\/\"]}]},{\"@type\":\"ImageObject\",\"inLanguage\":\"es-AR\",\"@id\":\"https:\\\/\\\/blogdiario.info\\\/magazine\\\/2026\\\/04\\\/29\\\/sainete-de-mala-educacion-nacional\\\/#primaryimage\",\"url\":\"https:\\\/\\\/blogdiario.info\\\/magazine\\\/images\\\/2026\\\/04\\\/milcov_20260429.jpg\",\"contentUrl\":\"https:\\\/\\\/blogdiario.info\\\/magazine\\\/images\\\/2026\\\/04\\\/milcov_20260429.jpg\",\"width\":600,\"height\":400},{\"@type\":\"BreadcrumbList\",\"@id\":\"https:\\\/\\\/blogdiario.info\\\/magazine\\\/2026\\\/04\\\/29\\\/sainete-de-mala-educacion-nacional\\\/#breadcrumb\",\"itemListElement\":[{\"@type\":\"ListItem\",\"position\":1,\"name\":\"Home\",\"item\":\"https:\\\/\\\/blogdiario.info\\\/magazine\\\/\"},{\"@type\":\"ListItem\",\"position\":2,\"name\":\"Sainete de Mala Educaci\u00f3n Nacional\"}]},{\"@type\":\"WebSite\",\"@id\":\"https:\\\/\\\/blogdiario.info\\\/magazine\\\/#website\",\"url\":\"https:\\\/\\\/blogdiario.info\\\/magazine\\\/\",\"name\":\"BlogDiario Magazine\",\"description\":\"Suplemento multiling\u00fce de ElCanillita.Info\",\"publisher\":{\"@id\":\"https:\\\/\\\/blogdiario.info\\\/magazine\\\/#organization\"},\"potentialAction\":[{\"@type\":\"SearchAction\",\"target\":{\"@type\":\"EntryPoint\",\"urlTemplate\":\"https:\\\/\\\/blogdiario.info\\\/magazine\\\/?s={search_term_string}\"},\"query-input\":{\"@type\":\"PropertyValueSpecification\",\"valueRequired\":true,\"valueName\":\"search_term_string\"}}],\"inLanguage\":\"es-AR\"},{\"@type\":\"Organization\",\"@id\":\"https:\\\/\\\/blogdiario.info\\\/magazine\\\/#organization\",\"name\":\"Guzzo Photos & Graphic Publications\",\"url\":\"https:\\\/\\\/blogdiario.info\\\/magazine\\\/\",\"logo\":{\"@type\":\"ImageObject\",\"inLanguage\":\"es-AR\",\"@id\":\"https:\\\/\\\/blogdiario.info\\\/magazine\\\/#\\\/schema\\\/logo\\\/image\\\/\",\"url\":\"https:\\\/\\\/blogdiario.info\\\/magazine\\\/images\\\/2020\\\/01\\\/cropped-blogdia_magazine.jpg\",\"contentUrl\":\"https:\\\/\\\/blogdiario.info\\\/magazine\\\/images\\\/2020\\\/01\\\/cropped-blogdia_magazine.jpg\",\"width\":589,\"height\":55,\"caption\":\"Guzzo Photos & Graphic Publications\"},\"image\":{\"@id\":\"https:\\\/\\\/blogdiario.info\\\/magazine\\\/#\\\/schema\\\/logo\\\/image\\\/\"}},{\"@type\":\"Person\",\"@id\":\"https:\\\/\\\/blogdiario.info\\\/magazine\\\/#\\\/schema\\\/person\\\/b2422fe85574d945bad55513bb0c7354\",\"name\":\"World Press Service | Servicio de Prensa Mundial\"}]}<\/script>\n<!-- \/ Yoast SEO plugin. -->","yoast_head_json":{"title":"Sainete de Mala Educaci\u00f3n Nacional - BlogDiario Magazine","robots":{"index":"index","follow":"follow","max-snippet":"max-snippet:-1","max-image-preview":"max-image-preview:large","max-video-preview":"max-video-preview:-1"},"canonical":"https:\/\/blogdiario.info\/magazine\/2026\/04\/29\/sainete-de-mala-educacion-nacional\/","og_locale":"es_ES","og_type":"article","og_title":"Sainete de Mala Educaci\u00f3n Nacional - BlogDiario Magazine","og_description":"Argentina Entre aplausos ensayados, gritos de tribuna y gestos de patio de colegio, el Congreso ofreci\u00f3 una escena m\u00e1s cercana al teatro de variedades que al control institucional del poder.","og_url":"https:\/\/blogdiario.info\/magazine\/2026\/04\/29\/sainete-de-mala-educacion-nacional\/","og_site_name":"BlogDiario Magazine","article_published_time":"2026-04-29T18:43:44+00:00","article_modified_time":"2026-04-29T18:44:33+00:00","og_image":[{"width":600,"height":400,"url":"https:\/\/blogdiario.info\/magazine\/images\/2026\/04\/milcov_20260429.jpg","type":"image\/jpeg"}],"author":"World Press Service | Servicio de Prensa Mundial","twitter_card":"summary_large_image","twitter_misc":{"Escrito por":"World Press Service | Servicio de Prensa Mundial","Tiempo de lectura":"4 minutos"},"schema":{"@context":"https:\/\/schema.org","@graph":[{"@type":"Article","@id":"https:\/\/blogdiario.info\/magazine\/2026\/04\/29\/sainete-de-mala-educacion-nacional\/#article","isPartOf":{"@id":"https:\/\/blogdiario.info\/magazine\/2026\/04\/29\/sainete-de-mala-educacion-nacional\/"},"author":{"name":"World Press Service | Servicio de Prensa Mundial","@id":"https:\/\/blogdiario.info\/magazine\/#\/schema\/person\/b2422fe85574d945bad55513bb0c7354"},"headline":"Sainete de Mala Educaci\u00f3n Nacional","datePublished":"2026-04-29T18:43:44+00:00","dateModified":"2026-04-29T18:44:33+00:00","mainEntityOfPage":{"@id":"https:\/\/blogdiario.info\/magazine\/2026\/04\/29\/sainete-de-mala-educacion-nacional\/"},"wordCount":646,"publisher":{"@id":"https:\/\/blogdiario.info\/magazine\/#organization"},"image":{"@id":"https:\/\/blogdiario.info\/magazine\/2026\/04\/29\/sainete-de-mala-educacion-nacional\/#primaryimage"},"thumbnailUrl":"https:\/\/blogdiario.info\/magazine\/images\/2026\/04\/milcov_20260429.jpg","keywords":["Argentina"],"articleSection":["Actualidad","America del Sud","Corrupci\u00f3n","Politica","Sociedad y valores"],"inLanguage":"es-AR"},{"@type":"WebPage","@id":"https:\/\/blogdiario.info\/magazine\/2026\/04\/29\/sainete-de-mala-educacion-nacional\/","url":"https:\/\/blogdiario.info\/magazine\/2026\/04\/29\/sainete-de-mala-educacion-nacional\/","name":"Sainete de Mala Educaci\u00f3n Nacional - BlogDiario Magazine","isPartOf":{"@id":"https:\/\/blogdiario.info\/magazine\/#website"},"primaryImageOfPage":{"@id":"https:\/\/blogdiario.info\/magazine\/2026\/04\/29\/sainete-de-mala-educacion-nacional\/#primaryimage"},"image":{"@id":"https:\/\/blogdiario.info\/magazine\/2026\/04\/29\/sainete-de-mala-educacion-nacional\/#primaryimage"},"thumbnailUrl":"https:\/\/blogdiario.info\/magazine\/images\/2026\/04\/milcov_20260429.jpg","datePublished":"2026-04-29T18:43:44+00:00","dateModified":"2026-04-29T18:44:33+00:00","breadcrumb":{"@id":"https:\/\/blogdiario.info\/magazine\/2026\/04\/29\/sainete-de-mala-educacion-nacional\/#breadcrumb"},"inLanguage":"es-AR","potentialAction":[{"@type":"ReadAction","target":["https:\/\/blogdiario.info\/magazine\/2026\/04\/29\/sainete-de-mala-educacion-nacional\/"]}]},{"@type":"ImageObject","inLanguage":"es-AR","@id":"https:\/\/blogdiario.info\/magazine\/2026\/04\/29\/sainete-de-mala-educacion-nacional\/#primaryimage","url":"https:\/\/blogdiario.info\/magazine\/images\/2026\/04\/milcov_20260429.jpg","contentUrl":"https:\/\/blogdiario.info\/magazine\/images\/2026\/04\/milcov_20260429.jpg","width":600,"height":400},{"@type":"BreadcrumbList","@id":"https:\/\/blogdiario.info\/magazine\/2026\/04\/29\/sainete-de-mala-educacion-nacional\/#breadcrumb","itemListElement":[{"@type":"ListItem","position":1,"name":"Home","item":"https:\/\/blogdiario.info\/magazine\/"},{"@type":"ListItem","position":2,"name":"Sainete de Mala Educaci\u00f3n Nacional"}]},{"@type":"WebSite","@id":"https:\/\/blogdiario.info\/magazine\/#website","url":"https:\/\/blogdiario.info\/magazine\/","name":"BlogDiario Magazine","description":"Suplemento multiling\u00fce de ElCanillita.Info","publisher":{"@id":"https:\/\/blogdiario.info\/magazine\/#organization"},"potentialAction":[{"@type":"SearchAction","target":{"@type":"EntryPoint","urlTemplate":"https:\/\/blogdiario.info\/magazine\/?s={search_term_string}"},"query-input":{"@type":"PropertyValueSpecification","valueRequired":true,"valueName":"search_term_string"}}],"inLanguage":"es-AR"},{"@type":"Organization","@id":"https:\/\/blogdiario.info\/magazine\/#organization","name":"Guzzo Photos & Graphic Publications","url":"https:\/\/blogdiario.info\/magazine\/","logo":{"@type":"ImageObject","inLanguage":"es-AR","@id":"https:\/\/blogdiario.info\/magazine\/#\/schema\/logo\/image\/","url":"https:\/\/blogdiario.info\/magazine\/images\/2020\/01\/cropped-blogdia_magazine.jpg","contentUrl":"https:\/\/blogdiario.info\/magazine\/images\/2020\/01\/cropped-blogdia_magazine.jpg","width":589,"height":55,"caption":"Guzzo Photos & Graphic Publications"},"image":{"@id":"https:\/\/blogdiario.info\/magazine\/#\/schema\/logo\/image\/"}},{"@type":"Person","@id":"https:\/\/blogdiario.info\/magazine\/#\/schema\/person\/b2422fe85574d945bad55513bb0c7354","name":"World Press Service | Servicio de Prensa Mundial"}]}},"views":12,"_links":{"self":[{"href":"https:\/\/blogdiario.info\/magazine\/wp-json\/wp\/v2\/posts\/3024","targetHints":{"allow":["GET"]}}],"collection":[{"href":"https:\/\/blogdiario.info\/magazine\/wp-json\/wp\/v2\/posts"}],"about":[{"href":"https:\/\/blogdiario.info\/magazine\/wp-json\/wp\/v2\/types\/post"}],"author":[{"embeddable":true,"href":"https:\/\/blogdiario.info\/magazine\/wp-json\/wp\/v2\/users\/1"}],"replies":[{"embeddable":true,"href":"https:\/\/blogdiario.info\/magazine\/wp-json\/wp\/v2\/comments?post=3024"}],"version-history":[{"count":0,"href":"https:\/\/blogdiario.info\/magazine\/wp-json\/wp\/v2\/posts\/3024\/revisions"}],"wp:featuredmedia":[{"embeddable":true,"href":"https:\/\/blogdiario.info\/magazine\/wp-json\/wp\/v2\/media\/3025"}],"wp:attachment":[{"href":"https:\/\/blogdiario.info\/magazine\/wp-json\/wp\/v2\/media?parent=3024"}],"wp:term":[{"taxonomy":"category","embeddable":true,"href":"https:\/\/blogdiario.info\/magazine\/wp-json\/wp\/v2\/categories?post=3024"},{"taxonomy":"post_tag","embeddable":true,"href":"https:\/\/blogdiario.info\/magazine\/wp-json\/wp\/v2\/tags?post=3024"}],"curies":[{"name":"wp","href":"https:\/\/api.w.org\/{rel}","templated":true}]}}