{"id":301,"date":"2021-08-30T01:57:12","date_gmt":"2021-08-30T04:57:12","guid":{"rendered":"https:\/\/blogdiario.info\/magazine\/?p=301"},"modified":"2023-08-19T05:00:53","modified_gmt":"2023-08-19T08:00:53","slug":"aliados-eeuu-calendario-biden-afghanistan","status":"publish","type":"post","link":"https:\/\/blogdiario.info\/magazine\/2021\/08\/30\/aliados-eeuu-calendario-biden-afghanistan\/","title":{"rendered":"Los aliados de EEUU seguir\u00e1n el calendario Biden para retirarse de Afghanist\u00e1n"},"content":{"rendered":"\n<figure class=\"wp-block-video\"><video controls src=\"https:\/\/blogdiario.info\/magazine\/images\/2021\/08\/BlogDiarioMultiling\u00fce20210829.mp4\"><\/video><\/figure>\n\n\n\n<p>Los aliados de Estados Unidos dicen que no tienen m\u00e1s remedio que seguir el calendario de Estados Unidos y retirar sus fuerzas de Afganist\u00e1n para el 31 de agosto, a pesar de los temores de que no todos sean evacuados a tiempo. Gran Breta\u00f1a convoc\u00f3 una cumbre de emergencia de los l\u00edderes del G7 para discutir la crisis.<br><br><small>DC24.News \/ SalaStampa.Eu, affiliate of the networks operated by Broadcasting Board of Governors \/ VOA <\/small>&#8211;<small>\u00a9 2021 Guzzo Photos &amp; Graphic Publications &#8211; All Rights Reserved<\/small>\n \n<\/p>\n","protected":false},"excerpt":{"rendered":"<p>Los aliados de Estados Unidos dicen que no tienen m\u00e1s remedio que seguir el calendario de Estados Unidos y retirar sus fuerzas de Afganist\u00e1n para el 31 de agosto.<\/p>\n","protected":false},"author":1,"featured_media":302,"comment_status":"closed","ping_status":"closed","sticky":false,"template":"","format":"standard","meta":{"footnotes":"","_links_to":"","_links_to_target":""},"categories":[62,55,66,41],"tags":[74],"class_list":["post-301","post","type-post","status-publish","format-standard","has-post-thumbnail","hentry","category-actualidad","category-asia","category-multilingue","category-politica-esp","tag-usa","entry","rows"],"yoast_head":"<!-- This site is optimized with the Yoast SEO plugin v27.4 - https:\/\/yoast.com\/product\/yoast-seo-wordpress\/ -->\n<title>Los aliados de EEUU seguir\u00e1n el calendario Biden para retirarse de Afghanist\u00e1n - BlogDiario Magazine<\/title>\n<meta name=\"robots\" content=\"index, follow, max-snippet:-1, max-image-preview:large, max-video-preview:-1\" \/>\n<link rel=\"canonical\" href=\"https:\/\/blogdiario.info\/magazine\/2021\/08\/30\/aliados-eeuu-calendario-biden-afghanistan\/\" \/>\n<meta property=\"og:locale\" content=\"es_ES\" \/>\n<meta property=\"og:type\" content=\"article\" \/>\n<meta property=\"og:title\" content=\"Los aliados de EEUU seguir\u00e1n el calendario Biden para retirarse de Afghanist\u00e1n - BlogDiario Magazine\" \/>\n<meta property=\"og:description\" content=\"Los aliados de Estados Unidos dicen que no tienen m\u00e1s remedio que seguir el calendario de Estados Unidos y retirar sus fuerzas de Afganist\u00e1n para el 31 de agosto.\" \/>\n<meta property=\"og:url\" content=\"https:\/\/blogdiario.info\/magazine\/2021\/08\/30\/aliados-eeuu-calendario-biden-afghanistan\/\" \/>\n<meta property=\"og:site_name\" content=\"BlogDiario Magazine\" \/>\n<meta property=\"article:published_time\" content=\"2021-08-30T04:57:12+00:00\" \/>\n<meta property=\"article:modified_time\" content=\"2023-08-19T08:00:53+00:00\" \/>\n<meta property=\"og:image\" content=\"https:\/\/blogdiario.info\/magazine\/images\/2021\/08\/kabul.jpg\" \/>\n\t<meta property=\"og:image:width\" content=\"600\" \/>\n\t<meta property=\"og:image:height\" content=\"281\" \/>\n\t<meta property=\"og:image:type\" content=\"image\/jpeg\" \/>\n<meta name=\"author\" content=\"World Press Service | Servicio de Prensa Mundial\" \/>\n<meta name=\"twitter:card\" content=\"summary_large_image\" \/>\n<meta name=\"twitter:label1\" content=\"Escrito por\" \/>\n\t<meta name=\"twitter:data1\" content=\"World Press Service | Servicio de Prensa Mundial\" \/>\n\t<meta name=\"twitter:label2\" content=\"Tiempo de lectura\" \/>\n\t<meta name=\"twitter:data2\" content=\"1 minuto\" \/>\n<script type=\"application\/ld+json\" class=\"yoast-schema-graph\">{\"@context\":\"https:\\\/\\\/schema.org\",\"@graph\":[{\"@type\":\"Article\",\"@id\":\"https:\\\/\\\/blogdiario.info\\\/magazine\\\/2021\\\/08\\\/30\\\/aliados-eeuu-calendario-biden-afghanistan\\\/#article\",\"isPartOf\":{\"@id\":\"https:\\\/\\\/blogdiario.info\\\/magazine\\\/2021\\\/08\\\/30\\\/aliados-eeuu-calendario-biden-afghanistan\\\/\"},\"author\":{\"name\":\"World Press Service | Servicio de Prensa Mundial\",\"@id\":\"https:\\\/\\\/blogdiario.info\\\/magazine\\\/#\\\/schema\\\/person\\\/b2422fe85574d945bad55513bb0c7354\"},\"headline\":\"Los aliados de EEUU seguir\u00e1n el calendario Biden para retirarse de Afghanist\u00e1n\",\"datePublished\":\"2021-08-30T04:57:12+00:00\",\"dateModified\":\"2023-08-19T08:00:53+00:00\",\"mainEntityOfPage\":{\"@id\":\"https:\\\/\\\/blogdiario.info\\\/magazine\\\/2021\\\/08\\\/30\\\/aliados-eeuu-calendario-biden-afghanistan\\\/\"},\"wordCount\":100,\"publisher\":{\"@id\":\"https:\\\/\\\/blogdiario.info\\\/magazine\\\/#organization\"},\"image\":{\"@id\":\"https:\\\/\\\/blogdiario.info\\\/magazine\\\/2021\\\/08\\\/30\\\/aliados-eeuu-calendario-biden-afghanistan\\\/#primaryimage\"},\"thumbnailUrl\":\"https:\\\/\\\/blogdiario.info\\\/magazine\\\/images\\\/2021\\\/08\\\/kabul.jpg\",\"keywords\":[\"USA\"],\"articleSection\":[\"Actualidad\",\"Asia\",\"Multilingue\",\"Politica\"],\"inLanguage\":\"es-AR\"},{\"@type\":\"WebPage\",\"@id\":\"https:\\\/\\\/blogdiario.info\\\/magazine\\\/2021\\\/08\\\/30\\\/aliados-eeuu-calendario-biden-afghanistan\\\/\",\"url\":\"https:\\\/\\\/blogdiario.info\\\/magazine\\\/2021\\\/08\\\/30\\\/aliados-eeuu-calendario-biden-afghanistan\\\/\",\"name\":\"Los aliados de EEUU seguir\u00e1n el calendario Biden para retirarse de Afghanist\u00e1n - BlogDiario Magazine\",\"isPartOf\":{\"@id\":\"https:\\\/\\\/blogdiario.info\\\/magazine\\\/#website\"},\"primaryImageOfPage\":{\"@id\":\"https:\\\/\\\/blogdiario.info\\\/magazine\\\/2021\\\/08\\\/30\\\/aliados-eeuu-calendario-biden-afghanistan\\\/#primaryimage\"},\"image\":{\"@id\":\"https:\\\/\\\/blogdiario.info\\\/magazine\\\/2021\\\/08\\\/30\\\/aliados-eeuu-calendario-biden-afghanistan\\\/#primaryimage\"},\"thumbnailUrl\":\"https:\\\/\\\/blogdiario.info\\\/magazine\\\/images\\\/2021\\\/08\\\/kabul.jpg\",\"datePublished\":\"2021-08-30T04:57:12+00:00\",\"dateModified\":\"2023-08-19T08:00:53+00:00\",\"breadcrumb\":{\"@id\":\"https:\\\/\\\/blogdiario.info\\\/magazine\\\/2021\\\/08\\\/30\\\/aliados-eeuu-calendario-biden-afghanistan\\\/#breadcrumb\"},\"inLanguage\":\"es-AR\",\"potentialAction\":[{\"@type\":\"ReadAction\",\"target\":[\"https:\\\/\\\/blogdiario.info\\\/magazine\\\/2021\\\/08\\\/30\\\/aliados-eeuu-calendario-biden-afghanistan\\\/\"]}]},{\"@type\":\"ImageObject\",\"inLanguage\":\"es-AR\",\"@id\":\"https:\\\/\\\/blogdiario.info\\\/magazine\\\/2021\\\/08\\\/30\\\/aliados-eeuu-calendario-biden-afghanistan\\\/#primaryimage\",\"url\":\"https:\\\/\\\/blogdiario.info\\\/magazine\\\/images\\\/2021\\\/08\\\/kabul.jpg\",\"contentUrl\":\"https:\\\/\\\/blogdiario.info\\\/magazine\\\/images\\\/2021\\\/08\\\/kabul.jpg\",\"width\":600,\"height\":281},{\"@type\":\"BreadcrumbList\",\"@id\":\"https:\\\/\\\/blogdiario.info\\\/magazine\\\/2021\\\/08\\\/30\\\/aliados-eeuu-calendario-biden-afghanistan\\\/#breadcrumb\",\"itemListElement\":[{\"@type\":\"ListItem\",\"position\":1,\"name\":\"Home\",\"item\":\"https:\\\/\\\/blogdiario.info\\\/magazine\\\/\"},{\"@type\":\"ListItem\",\"position\":2,\"name\":\"Los aliados de EEUU seguir\u00e1n el calendario Biden para retirarse de Afghanist\u00e1n\"}]},{\"@type\":\"WebSite\",\"@id\":\"https:\\\/\\\/blogdiario.info\\\/magazine\\\/#website\",\"url\":\"https:\\\/\\\/blogdiario.info\\\/magazine\\\/\",\"name\":\"BlogDiario Magazine\",\"description\":\"Suplemento multiling\u00fce de ElCanillita.Info\",\"publisher\":{\"@id\":\"https:\\\/\\\/blogdiario.info\\\/magazine\\\/#organization\"},\"potentialAction\":[{\"@type\":\"SearchAction\",\"target\":{\"@type\":\"EntryPoint\",\"urlTemplate\":\"https:\\\/\\\/blogdiario.info\\\/magazine\\\/?s={search_term_string}\"},\"query-input\":{\"@type\":\"PropertyValueSpecification\",\"valueRequired\":true,\"valueName\":\"search_term_string\"}}],\"inLanguage\":\"es-AR\"},{\"@type\":\"Organization\",\"@id\":\"https:\\\/\\\/blogdiario.info\\\/magazine\\\/#organization\",\"name\":\"Guzzo Photos & Graphic Publications\",\"url\":\"https:\\\/\\\/blogdiario.info\\\/magazine\\\/\",\"logo\":{\"@type\":\"ImageObject\",\"inLanguage\":\"es-AR\",\"@id\":\"https:\\\/\\\/blogdiario.info\\\/magazine\\\/#\\\/schema\\\/logo\\\/image\\\/\",\"url\":\"https:\\\/\\\/blogdiario.info\\\/magazine\\\/images\\\/2020\\\/01\\\/cropped-blogdia_magazine.jpg\",\"contentUrl\":\"https:\\\/\\\/blogdiario.info\\\/magazine\\\/images\\\/2020\\\/01\\\/cropped-blogdia_magazine.jpg\",\"width\":589,\"height\":55,\"caption\":\"Guzzo Photos & Graphic Publications\"},\"image\":{\"@id\":\"https:\\\/\\\/blogdiario.info\\\/magazine\\\/#\\\/schema\\\/logo\\\/image\\\/\"}},{\"@type\":\"Person\",\"@id\":\"https:\\\/\\\/blogdiario.info\\\/magazine\\\/#\\\/schema\\\/person\\\/b2422fe85574d945bad55513bb0c7354\",\"name\":\"World Press Service | Servicio de Prensa Mundial\"}]}<\/script>\n<!-- \/ Yoast SEO plugin. -->","yoast_head_json":{"title":"Los aliados de EEUU seguir\u00e1n el calendario Biden para retirarse de Afghanist\u00e1n - BlogDiario Magazine","robots":{"index":"index","follow":"follow","max-snippet":"max-snippet:-1","max-image-preview":"max-image-preview:large","max-video-preview":"max-video-preview:-1"},"canonical":"https:\/\/blogdiario.info\/magazine\/2021\/08\/30\/aliados-eeuu-calendario-biden-afghanistan\/","og_locale":"es_ES","og_type":"article","og_title":"Los aliados de EEUU seguir\u00e1n el calendario Biden para retirarse de Afghanist\u00e1n - BlogDiario Magazine","og_description":"Los aliados de Estados Unidos dicen que no tienen m\u00e1s remedio que seguir el calendario de Estados Unidos y retirar sus fuerzas de Afganist\u00e1n para el 31 de agosto.","og_url":"https:\/\/blogdiario.info\/magazine\/2021\/08\/30\/aliados-eeuu-calendario-biden-afghanistan\/","og_site_name":"BlogDiario Magazine","article_published_time":"2021-08-30T04:57:12+00:00","article_modified_time":"2023-08-19T08:00:53+00:00","og_image":[{"width":600,"height":281,"url":"https:\/\/blogdiario.info\/magazine\/images\/2021\/08\/kabul.jpg","type":"image\/jpeg"}],"author":"World Press Service | Servicio de Prensa Mundial","twitter_card":"summary_large_image","twitter_misc":{"Escrito por":"World Press Service | Servicio de Prensa Mundial","Tiempo de lectura":"1 minuto"},"schema":{"@context":"https:\/\/schema.org","@graph":[{"@type":"Article","@id":"https:\/\/blogdiario.info\/magazine\/2021\/08\/30\/aliados-eeuu-calendario-biden-afghanistan\/#article","isPartOf":{"@id":"https:\/\/blogdiario.info\/magazine\/2021\/08\/30\/aliados-eeuu-calendario-biden-afghanistan\/"},"author":{"name":"World Press Service | Servicio de Prensa Mundial","@id":"https:\/\/blogdiario.info\/magazine\/#\/schema\/person\/b2422fe85574d945bad55513bb0c7354"},"headline":"Los aliados de EEUU seguir\u00e1n el calendario Biden para retirarse de Afghanist\u00e1n","datePublished":"2021-08-30T04:57:12+00:00","dateModified":"2023-08-19T08:00:53+00:00","mainEntityOfPage":{"@id":"https:\/\/blogdiario.info\/magazine\/2021\/08\/30\/aliados-eeuu-calendario-biden-afghanistan\/"},"wordCount":100,"publisher":{"@id":"https:\/\/blogdiario.info\/magazine\/#organization"},"image":{"@id":"https:\/\/blogdiario.info\/magazine\/2021\/08\/30\/aliados-eeuu-calendario-biden-afghanistan\/#primaryimage"},"thumbnailUrl":"https:\/\/blogdiario.info\/magazine\/images\/2021\/08\/kabul.jpg","keywords":["USA"],"articleSection":["Actualidad","Asia","Multilingue","Politica"],"inLanguage":"es-AR"},{"@type":"WebPage","@id":"https:\/\/blogdiario.info\/magazine\/2021\/08\/30\/aliados-eeuu-calendario-biden-afghanistan\/","url":"https:\/\/blogdiario.info\/magazine\/2021\/08\/30\/aliados-eeuu-calendario-biden-afghanistan\/","name":"Los aliados de EEUU seguir\u00e1n el calendario Biden para retirarse de Afghanist\u00e1n - BlogDiario Magazine","isPartOf":{"@id":"https:\/\/blogdiario.info\/magazine\/#website"},"primaryImageOfPage":{"@id":"https:\/\/blogdiario.info\/magazine\/2021\/08\/30\/aliados-eeuu-calendario-biden-afghanistan\/#primaryimage"},"image":{"@id":"https:\/\/blogdiario.info\/magazine\/2021\/08\/30\/aliados-eeuu-calendario-biden-afghanistan\/#primaryimage"},"thumbnailUrl":"https:\/\/blogdiario.info\/magazine\/images\/2021\/08\/kabul.jpg","datePublished":"2021-08-30T04:57:12+00:00","dateModified":"2023-08-19T08:00:53+00:00","breadcrumb":{"@id":"https:\/\/blogdiario.info\/magazine\/2021\/08\/30\/aliados-eeuu-calendario-biden-afghanistan\/#breadcrumb"},"inLanguage":"es-AR","potentialAction":[{"@type":"ReadAction","target":["https:\/\/blogdiario.info\/magazine\/2021\/08\/30\/aliados-eeuu-calendario-biden-afghanistan\/"]}]},{"@type":"ImageObject","inLanguage":"es-AR","@id":"https:\/\/blogdiario.info\/magazine\/2021\/08\/30\/aliados-eeuu-calendario-biden-afghanistan\/#primaryimage","url":"https:\/\/blogdiario.info\/magazine\/images\/2021\/08\/kabul.jpg","contentUrl":"https:\/\/blogdiario.info\/magazine\/images\/2021\/08\/kabul.jpg","width":600,"height":281},{"@type":"BreadcrumbList","@id":"https:\/\/blogdiario.info\/magazine\/2021\/08\/30\/aliados-eeuu-calendario-biden-afghanistan\/#breadcrumb","itemListElement":[{"@type":"ListItem","position":1,"name":"Home","item":"https:\/\/blogdiario.info\/magazine\/"},{"@type":"ListItem","position":2,"name":"Los aliados de EEUU seguir\u00e1n el calendario Biden para retirarse de Afghanist\u00e1n"}]},{"@type":"WebSite","@id":"https:\/\/blogdiario.info\/magazine\/#website","url":"https:\/\/blogdiario.info\/magazine\/","name":"BlogDiario Magazine","description":"Suplemento multiling\u00fce de ElCanillita.Info","publisher":{"@id":"https:\/\/blogdiario.info\/magazine\/#organization"},"potentialAction":[{"@type":"SearchAction","target":{"@type":"EntryPoint","urlTemplate":"https:\/\/blogdiario.info\/magazine\/?s={search_term_string}"},"query-input":{"@type":"PropertyValueSpecification","valueRequired":true,"valueName":"search_term_string"}}],"inLanguage":"es-AR"},{"@type":"Organization","@id":"https:\/\/blogdiario.info\/magazine\/#organization","name":"Guzzo Photos & Graphic Publications","url":"https:\/\/blogdiario.info\/magazine\/","logo":{"@type":"ImageObject","inLanguage":"es-AR","@id":"https:\/\/blogdiario.info\/magazine\/#\/schema\/logo\/image\/","url":"https:\/\/blogdiario.info\/magazine\/images\/2020\/01\/cropped-blogdia_magazine.jpg","contentUrl":"https:\/\/blogdiario.info\/magazine\/images\/2020\/01\/cropped-blogdia_magazine.jpg","width":589,"height":55,"caption":"Guzzo Photos & Graphic Publications"},"image":{"@id":"https:\/\/blogdiario.info\/magazine\/#\/schema\/logo\/image\/"}},{"@type":"Person","@id":"https:\/\/blogdiario.info\/magazine\/#\/schema\/person\/b2422fe85574d945bad55513bb0c7354","name":"World Press Service | Servicio de Prensa Mundial"}]}},"views":833,"_links":{"self":[{"href":"https:\/\/blogdiario.info\/magazine\/wp-json\/wp\/v2\/posts\/301","targetHints":{"allow":["GET"]}}],"collection":[{"href":"https:\/\/blogdiario.info\/magazine\/wp-json\/wp\/v2\/posts"}],"about":[{"href":"https:\/\/blogdiario.info\/magazine\/wp-json\/wp\/v2\/types\/post"}],"author":[{"embeddable":true,"href":"https:\/\/blogdiario.info\/magazine\/wp-json\/wp\/v2\/users\/1"}],"replies":[{"embeddable":true,"href":"https:\/\/blogdiario.info\/magazine\/wp-json\/wp\/v2\/comments?post=301"}],"version-history":[{"count":0,"href":"https:\/\/blogdiario.info\/magazine\/wp-json\/wp\/v2\/posts\/301\/revisions"}],"wp:featuredmedia":[{"embeddable":true,"href":"https:\/\/blogdiario.info\/magazine\/wp-json\/wp\/v2\/media\/302"}],"wp:attachment":[{"href":"https:\/\/blogdiario.info\/magazine\/wp-json\/wp\/v2\/media?parent=301"}],"wp:term":[{"taxonomy":"category","embeddable":true,"href":"https:\/\/blogdiario.info\/magazine\/wp-json\/wp\/v2\/categories?post=301"},{"taxonomy":"post_tag","embeddable":true,"href":"https:\/\/blogdiario.info\/magazine\/wp-json\/wp\/v2\/tags?post=301"}],"curies":[{"name":"wp","href":"https:\/\/api.w.org\/{rel}","templated":true}]}}