{"id":3005,"date":"2026-04-26T11:09:49","date_gmt":"2026-04-26T10:09:49","guid":{"rendered":"https:\/\/blogdiario.info\/magazine\/?p=3005"},"modified":"2026-04-26T11:15:50","modified_gmt":"2026-04-26T10:15:50","slug":"el-idioma-tambien-viaja-una-leccion-para-nacionalistas-apurados","status":"publish","type":"post","link":"https:\/\/blogdiario.info\/magazine\/2026\/04\/26\/el-idioma-tambien-viaja-una-leccion-para-nacionalistas-apurados\/","title":{"rendered":"El idioma tambi\u00e9n viaja: una lecci\u00f3n para nacionalistas apurados"},"content":{"rendered":"<div class=\"wp-block-image\">\n<figure class=\"alignleft size-full is-resized\"><img loading=\"lazy\" decoding=\"async\" width=\"512\" height=\"512\" src=\"https:\/\/blogdiario.info\/magazine\/images\/2026\/04\/arabcv-1.jpg\" alt=\"\" class=\"wp-image-3009\" style=\"width:289px;height:auto\" srcset=\"https:\/\/blogdiario.info\/magazine\/images\/2026\/04\/arabcv-1.jpg 512w, https:\/\/blogdiario.info\/magazine\/images\/2026\/04\/arabcv-1-300x300.jpg 300w, https:\/\/blogdiario.info\/magazine\/images\/2026\/04\/arabcv-1-150x150.jpg 150w\" sizes=\"auto, (max-width: 512px) 100vw, 512px\" \/><\/figure><\/div>\n\n\n<p>Hay debates que se encienden r\u00e1pido y se apagan mal. \u00daltimamente, algunos sectores del nacionalismo argentino han incorporado al vocabulario cotidiano t\u00e9rminos como \u201cShari\u2019a\u201d, no siempre con precisi\u00f3n, pero s\u00ed con intenci\u00f3n. M\u00e1s que una discusi\u00f3n religiosa, lo que aparece en el fondo es otra cosa: la idea de una pureza cultural que, en realidad, nunca existi\u00f3.<\/p>\n\n\n\n<p>La palabra \u201cshari\u2019a\u201d, desde un punto de vista ling\u00fc\u00edstico, significa simplemente \u201ccamino\u201d o \u201csendero trazado\u201d. En literatura y filolog\u00eda, puede leerse como una met\u00e1fora del conocimiento: aquello que gu\u00eda, ordena y da forma a las ideas. No hace falta entrar en religi\u00f3n para entenderlo. Basta con pensar en c\u00f3mo nacen y viajan las palabras.<\/p>\n\n\n\n<p>Y ah\u00ed aparece el dato inc\u00f3modo: el castellano no es un idioma puro. Nunca lo fue.<\/p>\n\n\n\n<p>Durante siglos, la pen\u00ednsula ib\u00e9rica fue un territorio de contacto. No de aislamiento. Bajo dominio musulm\u00e1n \u2014y a\u00fan despu\u00e9s\u2014 el \u00e1rabe dej\u00f3 una huella profunda en la lengua. No como imposici\u00f3n religiosa, sino como intercambio cotidiano: comercio, ciencia, administraci\u00f3n, vida dom\u00e9stica.<br><br>El resultado est\u00e1 a la vista, aunque muchos no lo adviertan.<\/p>\n\n\n<div class=\"wp-block-image\">\n<figure class=\"alignleft size-full is-resized\"><img loading=\"lazy\" decoding=\"async\" width=\"600\" height=\"600\" src=\"https:\/\/blogdiario.info\/magazine\/images\/2026\/04\/arab_1.jpg\" alt=\"\" class=\"wp-image-3008\" style=\"width:290px;height:auto\" srcset=\"https:\/\/blogdiario.info\/magazine\/images\/2026\/04\/arab_1.jpg 600w, https:\/\/blogdiario.info\/magazine\/images\/2026\/04\/arab_1-300x300.jpg 300w, https:\/\/blogdiario.info\/magazine\/images\/2026\/04\/arab_1-150x150.jpg 150w\" sizes=\"auto, (max-width: 600px) 100vw, 600px\" \/><\/figure><\/div>\n\n\n<p><br>Decimos <strong>almohada<\/strong>, y estamos hablando en \u00e1rabe sin saberlo.<br>Nombramos una <strong>alhaja<\/strong>, y repetimos una ra\u00edz que significaba \u201ccosa valiosa\u201d.<br>Guardamos cosas en la <strong>alacena<\/strong>, palabra nacida de la idea de \u201ctesorer\u00eda\u201d.<br>Usamos un <strong>alambique<\/strong>, heredero de una cadena ling\u00fc\u00edstica que pasa por el \u00e1rabe\u2026 y antes por el griego.<\/p>\n\n\n\n<p>Y podr\u00edamos seguir: <strong>az\u00facar<\/strong>, <strong>aceite<\/strong>, <strong>ojal\u00e1<\/strong>, <strong>\u00e1lgebra<\/strong>, <strong>aduana<\/strong>, <strong>alcalde<\/strong>.<\/p>\n\n\n\n<p>Ninguna de estas palabras convirti\u00f3 a los Reyes Cat\u00f3licos en musulmanes. Tampoco cambi\u00f3 la religi\u00f3n de quienes las usaron durante siglos. Lo que s\u00ed demuestra es algo m\u00e1s simple \u2014y m\u00e1s inc\u00f3modo para ciertos discursos\u2014: las lenguas no respetan fronteras ideol\u00f3gicas.<\/p>\n\n\n\n<p>Las palabras viajan mejor que los ej\u00e9rcitos.<\/p>\n\n\n\n<p>Incluso t\u00e9rminos que hoy suenan \u00e1speros, como <strong>asesino<\/strong>, tienen un origen que remite a historias lejanas, reinterpretadas, deformadas y finalmente incorporadas al uso com\u00fan. La lengua no juzga: absorbe, adapta y contin\u00faa.<\/p>\n\n\n\n<p>Por eso, cuando se invoca una supuesta defensa de lo \u201cpropio\u201d frente a lo \u201cajeno\u201d, conviene hacer una pausa breve \u2014no ideol\u00f3gica, sino cultural\u2014 y mirar el idioma que usamos todos los d\u00edas. Ese castellano que se pretende custodiar como una fortaleza\u2026 en realidad es una ciudad abierta.<\/p>\n\n\n\n<p>Una ciudad construida por capas.<\/p>\n\n\n\n<p>El verdadero patrimonio no est\u00e1 en cerrar puertas, sino en entender de d\u00f3nde vienen las palabras que pronunciamos sin pensar. Porque en cada una de ellas hay historia, mezcla, comercio, convivencia y, sobre todo, tiempo.<\/p>\n\n\n\n<p>Y el tiempo, \u2026 no entiende de purezas.<br><br><small>\ud83d\udd8b\ufe0f Desde este rinc\u00f3n de palabras que tambi\u00e9n tienen historia,<br>\u00a9  Pulso C\u00edvico \u2013 Derechos reservados | 2026<\/small><\/p>\n\n<hr style=\"border: none; height: 1px; background-color: #ccc; margin: 2em 0;\" \/>\n\n<small>\u00a9 2026 SalaStampa.eu, world press service &#8211; All Rights Reserved &#8211;  Guzzo Photos &#038; Graphic  Publications \u2013 Registro Editori e Stampatori n. 1441 Turin, Italy<\/small>","protected":false},"excerpt":{"rendered":"<p>Antes de discutir palabras ajenas, conviene recordar que el castellano \u2014ese que se defiende con tanta pasi\u00f3n\u2014 es, en s\u00ed mismo, una mezcla paciente de mundos.<\/p>\n","protected":false},"author":1,"featured_media":3013,"comment_status":"closed","ping_status":"closed","sticky":false,"template":"","format":"standard","meta":{"footnotes":"","_links_to":"","_links_to_target":""},"categories":[62,37,137,213,168],"tags":[],"class_list":["post-3005","post","type-post","status-publish","format-standard","has-post-thumbnail","hentry","category-actualidad","category-cultura-esp","category-educacion","category-mundo","category-sociedad-y-valores","entry","rows"],"yoast_head":"<!-- This site is optimized with the Yoast SEO plugin v27.0 - https:\/\/yoast.com\/product\/yoast-seo-wordpress\/ -->\n<title>El idioma tambi\u00e9n viaja: una lecci\u00f3n para nacionalistas apurados - BlogDiario Magazine<\/title>\n<meta name=\"robots\" content=\"index, follow, max-snippet:-1, max-image-preview:large, max-video-preview:-1\" \/>\n<link rel=\"canonical\" href=\"https:\/\/blogdiario.info\/magazine\/2026\/04\/26\/el-idioma-tambien-viaja-una-leccion-para-nacionalistas-apurados\/\" \/>\n<meta property=\"og:locale\" content=\"es_ES\" \/>\n<meta property=\"og:type\" content=\"article\" \/>\n<meta property=\"og:title\" content=\"El idioma tambi\u00e9n viaja: una lecci\u00f3n para nacionalistas apurados - BlogDiario Magazine\" \/>\n<meta property=\"og:description\" content=\"Antes de discutir palabras ajenas, conviene recordar que el castellano \u2014ese que se defiende con tanta pasi\u00f3n\u2014 es, en s\u00ed mismo, una mezcla paciente de mundos.\" \/>\n<meta property=\"og:url\" content=\"https:\/\/blogdiario.info\/magazine\/2026\/04\/26\/el-idioma-tambien-viaja-una-leccion-para-nacionalistas-apurados\/\" \/>\n<meta property=\"og:site_name\" content=\"BlogDiario Magazine\" \/>\n<meta property=\"article:published_time\" content=\"2026-04-26T10:09:49+00:00\" \/>\n<meta property=\"article:modified_time\" content=\"2026-04-26T10:15:50+00:00\" \/>\n<meta property=\"og:image\" content=\"https:\/\/blogdiario.info\/magazine\/images\/2026\/04\/tapa.jpg\" \/>\n\t<meta property=\"og:image:width\" content=\"512\" \/>\n\t<meta property=\"og:image:height\" content=\"384\" \/>\n\t<meta property=\"og:image:type\" content=\"image\/jpeg\" \/>\n<meta name=\"author\" content=\"World Press Service | Servicio de Prensa Mundial\" \/>\n<meta name=\"twitter:card\" content=\"summary_large_image\" \/>\n<meta name=\"twitter:label1\" content=\"Escrito por\" \/>\n\t<meta name=\"twitter:data1\" content=\"World Press Service | Servicio de Prensa Mundial\" \/>\n\t<meta name=\"twitter:label2\" content=\"Tiempo de lectura\" \/>\n\t<meta name=\"twitter:data2\" content=\"3 minutos\" \/>\n<script type=\"application\/ld+json\" class=\"yoast-schema-graph\">{\"@context\":\"https:\/\/schema.org\",\"@graph\":[{\"@type\":\"Article\",\"@id\":\"https:\/\/blogdiario.info\/magazine\/2026\/04\/26\/el-idioma-tambien-viaja-una-leccion-para-nacionalistas-apurados\/#article\",\"isPartOf\":{\"@id\":\"https:\/\/blogdiario.info\/magazine\/2026\/04\/26\/el-idioma-tambien-viaja-una-leccion-para-nacionalistas-apurados\/\"},\"author\":{\"name\":\"World Press Service | Servicio de Prensa Mundial\",\"@id\":\"https:\/\/blogdiario.info\/magazine\/#\/schema\/person\/b2422fe85574d945bad55513bb0c7354\"},\"headline\":\"El idioma tambi\u00e9n viaja: una lecci\u00f3n para nacionalistas apurados\",\"datePublished\":\"2026-04-26T10:09:49+00:00\",\"dateModified\":\"2026-04-26T10:15:50+00:00\",\"mainEntityOfPage\":{\"@id\":\"https:\/\/blogdiario.info\/magazine\/2026\/04\/26\/el-idioma-tambien-viaja-una-leccion-para-nacionalistas-apurados\/\"},\"wordCount\":502,\"publisher\":{\"@id\":\"https:\/\/blogdiario.info\/magazine\/#organization\"},\"image\":{\"@id\":\"https:\/\/blogdiario.info\/magazine\/2026\/04\/26\/el-idioma-tambien-viaja-una-leccion-para-nacionalistas-apurados\/#primaryimage\"},\"thumbnailUrl\":\"https:\/\/blogdiario.info\/magazine\/images\/2026\/04\/tapa.jpg\",\"articleSection\":[\"Actualidad\",\"Cultura\",\"Educaci\u00f3n\",\"Mundo\",\"Sociedad y valores\"],\"inLanguage\":\"es-AR\"},{\"@type\":\"WebPage\",\"@id\":\"https:\/\/blogdiario.info\/magazine\/2026\/04\/26\/el-idioma-tambien-viaja-una-leccion-para-nacionalistas-apurados\/\",\"url\":\"https:\/\/blogdiario.info\/magazine\/2026\/04\/26\/el-idioma-tambien-viaja-una-leccion-para-nacionalistas-apurados\/\",\"name\":\"El idioma tambi\u00e9n viaja: una lecci\u00f3n para nacionalistas apurados - BlogDiario Magazine\",\"isPartOf\":{\"@id\":\"https:\/\/blogdiario.info\/magazine\/#website\"},\"primaryImageOfPage\":{\"@id\":\"https:\/\/blogdiario.info\/magazine\/2026\/04\/26\/el-idioma-tambien-viaja-una-leccion-para-nacionalistas-apurados\/#primaryimage\"},\"image\":{\"@id\":\"https:\/\/blogdiario.info\/magazine\/2026\/04\/26\/el-idioma-tambien-viaja-una-leccion-para-nacionalistas-apurados\/#primaryimage\"},\"thumbnailUrl\":\"https:\/\/blogdiario.info\/magazine\/images\/2026\/04\/tapa.jpg\",\"datePublished\":\"2026-04-26T10:09:49+00:00\",\"dateModified\":\"2026-04-26T10:15:50+00:00\",\"breadcrumb\":{\"@id\":\"https:\/\/blogdiario.info\/magazine\/2026\/04\/26\/el-idioma-tambien-viaja-una-leccion-para-nacionalistas-apurados\/#breadcrumb\"},\"inLanguage\":\"es-AR\",\"potentialAction\":[{\"@type\":\"ReadAction\",\"target\":[\"https:\/\/blogdiario.info\/magazine\/2026\/04\/26\/el-idioma-tambien-viaja-una-leccion-para-nacionalistas-apurados\/\"]}]},{\"@type\":\"ImageObject\",\"inLanguage\":\"es-AR\",\"@id\":\"https:\/\/blogdiario.info\/magazine\/2026\/04\/26\/el-idioma-tambien-viaja-una-leccion-para-nacionalistas-apurados\/#primaryimage\",\"url\":\"https:\/\/blogdiario.info\/magazine\/images\/2026\/04\/tapa.jpg\",\"contentUrl\":\"https:\/\/blogdiario.info\/magazine\/images\/2026\/04\/tapa.jpg\",\"width\":512,\"height\":384},{\"@type\":\"BreadcrumbList\",\"@id\":\"https:\/\/blogdiario.info\/magazine\/2026\/04\/26\/el-idioma-tambien-viaja-una-leccion-para-nacionalistas-apurados\/#breadcrumb\",\"itemListElement\":[{\"@type\":\"ListItem\",\"position\":1,\"name\":\"Home\",\"item\":\"https:\/\/blogdiario.info\/magazine\/\"},{\"@type\":\"ListItem\",\"position\":2,\"name\":\"El idioma tambi\u00e9n viaja: una lecci\u00f3n para nacionalistas apurados\"}]},{\"@type\":\"WebSite\",\"@id\":\"https:\/\/blogdiario.info\/magazine\/#website\",\"url\":\"https:\/\/blogdiario.info\/magazine\/\",\"name\":\"BlogDiario Magazine\",\"description\":\"Suplemento multiling\u00fce de ElCanillita.Info\",\"publisher\":{\"@id\":\"https:\/\/blogdiario.info\/magazine\/#organization\"},\"potentialAction\":[{\"@type\":\"SearchAction\",\"target\":{\"@type\":\"EntryPoint\",\"urlTemplate\":\"https:\/\/blogdiario.info\/magazine\/?s={search_term_string}\"},\"query-input\":{\"@type\":\"PropertyValueSpecification\",\"valueRequired\":true,\"valueName\":\"search_term_string\"}}],\"inLanguage\":\"es-AR\"},{\"@type\":\"Organization\",\"@id\":\"https:\/\/blogdiario.info\/magazine\/#organization\",\"name\":\"Guzzo Photos & Graphic Publications\",\"url\":\"https:\/\/blogdiario.info\/magazine\/\",\"logo\":{\"@type\":\"ImageObject\",\"inLanguage\":\"es-AR\",\"@id\":\"https:\/\/blogdiario.info\/magazine\/#\/schema\/logo\/image\/\",\"url\":\"https:\/\/blogdiario.info\/magazine\/images\/2020\/01\/cropped-blogdia_magazine.jpg\",\"contentUrl\":\"https:\/\/blogdiario.info\/magazine\/images\/2020\/01\/cropped-blogdia_magazine.jpg\",\"width\":589,\"height\":55,\"caption\":\"Guzzo Photos & Graphic Publications\"},\"image\":{\"@id\":\"https:\/\/blogdiario.info\/magazine\/#\/schema\/logo\/image\/\"}},{\"@type\":\"Person\",\"@id\":\"https:\/\/blogdiario.info\/magazine\/#\/schema\/person\/b2422fe85574d945bad55513bb0c7354\",\"name\":\"World Press Service | Servicio de Prensa Mundial\"}]}<\/script>\n<!-- \/ Yoast SEO plugin. -->","yoast_head_json":{"title":"El idioma tambi\u00e9n viaja: una lecci\u00f3n para nacionalistas apurados - BlogDiario Magazine","robots":{"index":"index","follow":"follow","max-snippet":"max-snippet:-1","max-image-preview":"max-image-preview:large","max-video-preview":"max-video-preview:-1"},"canonical":"https:\/\/blogdiario.info\/magazine\/2026\/04\/26\/el-idioma-tambien-viaja-una-leccion-para-nacionalistas-apurados\/","og_locale":"es_ES","og_type":"article","og_title":"El idioma tambi\u00e9n viaja: una lecci\u00f3n para nacionalistas apurados - BlogDiario Magazine","og_description":"Antes de discutir palabras ajenas, conviene recordar que el castellano \u2014ese que se defiende con tanta pasi\u00f3n\u2014 es, en s\u00ed mismo, una mezcla paciente de mundos.","og_url":"https:\/\/blogdiario.info\/magazine\/2026\/04\/26\/el-idioma-tambien-viaja-una-leccion-para-nacionalistas-apurados\/","og_site_name":"BlogDiario Magazine","article_published_time":"2026-04-26T10:09:49+00:00","article_modified_time":"2026-04-26T10:15:50+00:00","og_image":[{"width":512,"height":384,"url":"https:\/\/blogdiario.info\/magazine\/images\/2026\/04\/tapa.jpg","type":"image\/jpeg"}],"author":"World Press Service | Servicio de Prensa Mundial","twitter_card":"summary_large_image","twitter_misc":{"Escrito por":"World Press Service | Servicio de Prensa Mundial","Tiempo de lectura":"3 minutos"},"schema":{"@context":"https:\/\/schema.org","@graph":[{"@type":"Article","@id":"https:\/\/blogdiario.info\/magazine\/2026\/04\/26\/el-idioma-tambien-viaja-una-leccion-para-nacionalistas-apurados\/#article","isPartOf":{"@id":"https:\/\/blogdiario.info\/magazine\/2026\/04\/26\/el-idioma-tambien-viaja-una-leccion-para-nacionalistas-apurados\/"},"author":{"name":"World Press Service | Servicio de Prensa Mundial","@id":"https:\/\/blogdiario.info\/magazine\/#\/schema\/person\/b2422fe85574d945bad55513bb0c7354"},"headline":"El idioma tambi\u00e9n viaja: una lecci\u00f3n para nacionalistas apurados","datePublished":"2026-04-26T10:09:49+00:00","dateModified":"2026-04-26T10:15:50+00:00","mainEntityOfPage":{"@id":"https:\/\/blogdiario.info\/magazine\/2026\/04\/26\/el-idioma-tambien-viaja-una-leccion-para-nacionalistas-apurados\/"},"wordCount":502,"publisher":{"@id":"https:\/\/blogdiario.info\/magazine\/#organization"},"image":{"@id":"https:\/\/blogdiario.info\/magazine\/2026\/04\/26\/el-idioma-tambien-viaja-una-leccion-para-nacionalistas-apurados\/#primaryimage"},"thumbnailUrl":"https:\/\/blogdiario.info\/magazine\/images\/2026\/04\/tapa.jpg","articleSection":["Actualidad","Cultura","Educaci\u00f3n","Mundo","Sociedad y valores"],"inLanguage":"es-AR"},{"@type":"WebPage","@id":"https:\/\/blogdiario.info\/magazine\/2026\/04\/26\/el-idioma-tambien-viaja-una-leccion-para-nacionalistas-apurados\/","url":"https:\/\/blogdiario.info\/magazine\/2026\/04\/26\/el-idioma-tambien-viaja-una-leccion-para-nacionalistas-apurados\/","name":"El idioma tambi\u00e9n viaja: una lecci\u00f3n para nacionalistas apurados - BlogDiario Magazine","isPartOf":{"@id":"https:\/\/blogdiario.info\/magazine\/#website"},"primaryImageOfPage":{"@id":"https:\/\/blogdiario.info\/magazine\/2026\/04\/26\/el-idioma-tambien-viaja-una-leccion-para-nacionalistas-apurados\/#primaryimage"},"image":{"@id":"https:\/\/blogdiario.info\/magazine\/2026\/04\/26\/el-idioma-tambien-viaja-una-leccion-para-nacionalistas-apurados\/#primaryimage"},"thumbnailUrl":"https:\/\/blogdiario.info\/magazine\/images\/2026\/04\/tapa.jpg","datePublished":"2026-04-26T10:09:49+00:00","dateModified":"2026-04-26T10:15:50+00:00","breadcrumb":{"@id":"https:\/\/blogdiario.info\/magazine\/2026\/04\/26\/el-idioma-tambien-viaja-una-leccion-para-nacionalistas-apurados\/#breadcrumb"},"inLanguage":"es-AR","potentialAction":[{"@type":"ReadAction","target":["https:\/\/blogdiario.info\/magazine\/2026\/04\/26\/el-idioma-tambien-viaja-una-leccion-para-nacionalistas-apurados\/"]}]},{"@type":"ImageObject","inLanguage":"es-AR","@id":"https:\/\/blogdiario.info\/magazine\/2026\/04\/26\/el-idioma-tambien-viaja-una-leccion-para-nacionalistas-apurados\/#primaryimage","url":"https:\/\/blogdiario.info\/magazine\/images\/2026\/04\/tapa.jpg","contentUrl":"https:\/\/blogdiario.info\/magazine\/images\/2026\/04\/tapa.jpg","width":512,"height":384},{"@type":"BreadcrumbList","@id":"https:\/\/blogdiario.info\/magazine\/2026\/04\/26\/el-idioma-tambien-viaja-una-leccion-para-nacionalistas-apurados\/#breadcrumb","itemListElement":[{"@type":"ListItem","position":1,"name":"Home","item":"https:\/\/blogdiario.info\/magazine\/"},{"@type":"ListItem","position":2,"name":"El idioma tambi\u00e9n viaja: una lecci\u00f3n para nacionalistas apurados"}]},{"@type":"WebSite","@id":"https:\/\/blogdiario.info\/magazine\/#website","url":"https:\/\/blogdiario.info\/magazine\/","name":"BlogDiario Magazine","description":"Suplemento multiling\u00fce de ElCanillita.Info","publisher":{"@id":"https:\/\/blogdiario.info\/magazine\/#organization"},"potentialAction":[{"@type":"SearchAction","target":{"@type":"EntryPoint","urlTemplate":"https:\/\/blogdiario.info\/magazine\/?s={search_term_string}"},"query-input":{"@type":"PropertyValueSpecification","valueRequired":true,"valueName":"search_term_string"}}],"inLanguage":"es-AR"},{"@type":"Organization","@id":"https:\/\/blogdiario.info\/magazine\/#organization","name":"Guzzo Photos & Graphic Publications","url":"https:\/\/blogdiario.info\/magazine\/","logo":{"@type":"ImageObject","inLanguage":"es-AR","@id":"https:\/\/blogdiario.info\/magazine\/#\/schema\/logo\/image\/","url":"https:\/\/blogdiario.info\/magazine\/images\/2020\/01\/cropped-blogdia_magazine.jpg","contentUrl":"https:\/\/blogdiario.info\/magazine\/images\/2020\/01\/cropped-blogdia_magazine.jpg","width":589,"height":55,"caption":"Guzzo Photos & Graphic Publications"},"image":{"@id":"https:\/\/blogdiario.info\/magazine\/#\/schema\/logo\/image\/"}},{"@type":"Person","@id":"https:\/\/blogdiario.info\/magazine\/#\/schema\/person\/b2422fe85574d945bad55513bb0c7354","name":"World Press Service | Servicio de Prensa Mundial"}]}},"views":18,"_links":{"self":[{"href":"https:\/\/blogdiario.info\/magazine\/wp-json\/wp\/v2\/posts\/3005","targetHints":{"allow":["GET"]}}],"collection":[{"href":"https:\/\/blogdiario.info\/magazine\/wp-json\/wp\/v2\/posts"}],"about":[{"href":"https:\/\/blogdiario.info\/magazine\/wp-json\/wp\/v2\/types\/post"}],"author":[{"embeddable":true,"href":"https:\/\/blogdiario.info\/magazine\/wp-json\/wp\/v2\/users\/1"}],"replies":[{"embeddable":true,"href":"https:\/\/blogdiario.info\/magazine\/wp-json\/wp\/v2\/comments?post=3005"}],"version-history":[{"count":0,"href":"https:\/\/blogdiario.info\/magazine\/wp-json\/wp\/v2\/posts\/3005\/revisions"}],"wp:featuredmedia":[{"embeddable":true,"href":"https:\/\/blogdiario.info\/magazine\/wp-json\/wp\/v2\/media\/3013"}],"wp:attachment":[{"href":"https:\/\/blogdiario.info\/magazine\/wp-json\/wp\/v2\/media?parent=3005"}],"wp:term":[{"taxonomy":"category","embeddable":true,"href":"https:\/\/blogdiario.info\/magazine\/wp-json\/wp\/v2\/categories?post=3005"},{"taxonomy":"post_tag","embeddable":true,"href":"https:\/\/blogdiario.info\/magazine\/wp-json\/wp\/v2\/tags?post=3005"}],"curies":[{"name":"wp","href":"https:\/\/api.w.org\/{rel}","templated":true}]}}