{"id":2881,"date":"2026-03-17T13:55:01","date_gmt":"2026-03-17T12:55:01","guid":{"rendered":"https:\/\/blogdiario.info\/magazine\/?p=2881"},"modified":"2026-03-17T13:57:50","modified_gmt":"2026-03-17T12:57:50","slug":"milei-indossa-la-tuta-ypf-petrolio-senza-ormuz-un-messaggio-globale","status":"publish","type":"post","link":"https:\/\/blogdiario.info\/magazine\/2026\/03\/17\/milei-indossa-la-tuta-ypf-petrolio-senza-ormuz-un-messaggio-globale\/","title":{"rendered":"Milei indossa la tuta YPF: petrolio senza Ormuz, un messaggio globale"},"content":{"rendered":"<div class=\"wp-block-image\">\n<figure class=\"alignleft size-full is-resized\"><img loading=\"lazy\" decoding=\"async\" width=\"400\" height=\"600\" src=\"https:\/\/blogdiario.info\/magazine\/images\/2026\/03\/ypfpage.jpg\" alt=\"\" class=\"wp-image-2871\" style=\"width:339px;height:auto\" srcset=\"https:\/\/blogdiario.info\/magazine\/images\/2026\/03\/ypfpage.jpg 400w, https:\/\/blogdiario.info\/magazine\/images\/2026\/03\/ypfpage-200x300.jpg 200w\" sizes=\"auto, (max-width: 400px) 100vw, 400px\" \/><\/figure><\/div>\n\n\n<p>In una mossa tanto simbolica quanto calcolata, Javier Milei si \u00e8 presentato in Spagna con una tuta YPF. Non \u00e8 stata una distrazione stilistica, n\u00e9 un semplice gesto eccentrico: \u00e8 stato un messaggio.<\/p>\n\n\n\n<p>L\u2019Argentina vuole vendere petrolio. E vuole farlo subito.<\/p>\n\n\n\n<p>L\u2019immagine si inserisce in una strategia pi\u00f9 ampia: posizionare il Paese come fornitore energetico affidabile in un mondo segnato da tensioni crescenti. Soprattutto in aree sensibili come lo Stretto di Ormuz, dove ogni scintilla pu\u00f2 scuotere i mercati.<\/p>\n\n\n\n<p>In questo scenario, Vaca Muerta diventa qualcosa di pi\u00f9 di una formazione geologica: \u00e8 una carta geopolitica.<\/p>\n\n\n\n<p>Il messaggio implicito \u00e8 semplice: mentre il Medio Oriente resta intrappolato nelle sue tensioni, l\u2019Argentina offre stabilit\u00e0, prevedibilit\u00e0 e risorse.<\/p>\n\n\n\n<p>Senza missili. Senza blocchi navali. Senza minacce sulle rotte critiche.<\/p>\n\n\n\n<p>Ma la scena solleva anche interrogativi. \u00c8 solo marketing politico o esiste un piano concreto?<\/p>\n\n\n\n<p>Perch\u00e9 vendere petrolio non significa solo possederlo. Servono infrastrutture, accordi, logistica e soprattutto fiducia.<\/p>\n\n\n\n<p>La tuta, quindi, diventa simbolo ma anche sfida.<\/p>\n\n\n\n<p>L\u2019Argentina non compete solo con i barili, ma con la credibilit\u00e0.<\/p>\n\n\n\n<p>E in questo campo, la storia recente pesa quanto il sottosuolo.<\/p>\n\n\n\n<p>Nel frattempo, l\u2019immagine circola. E come ogni buona fotografia politica, fa il suo lavoro: lancia un\u2019idea prima dei risultati.<\/p>\n\n\n\n<p>Il mondo prenda nota.<\/p>\n\n\n\n<p>Perch\u00e9 se il petrolio scorrer\u00e0 senza passare da Ormuz, non sar\u00e0 solo un\u2019alternativa energetica.<\/p>\n\n\n\n<p>Sar\u00e0 anche una mossa geopolitica.<\/p>\n\n\n<p>\u270d\ufe0f <small>\u00a92026 L\u2019Esportatore del Futuro &#8211; All Rights Reserved<\/small><\/p>\n<hr style=\"border: none; height: 1px; background-color: #ccc; margin: 2em 0;\" \/>\n<p><small>\u00a9 2026 SalaStampa.eu, world press service &#8211; All Rights Reserved &#8211; Guzzo Photos &amp; Graphic Publications \u2013 Registro Editori e Stampatori n. 1441 Turin, Italy<\/small><\/p>","protected":false},"excerpt":{"rendered":"<p>In Spagna, il presidente argentino abbandona l\u2019abito libertario per una tuta petrolifera. Il messaggio \u00e8 chiaro: l\u2019Argentina vuole entrare nel mercato energetico globale senza passare dai colli di bottiglia del mondo.<\/p>\n","protected":false},"author":1,"featured_media":2879,"comment_status":"closed","ping_status":"closed","sticky":false,"template":"","format":"standard","meta":{"footnotes":"","_links_to":"","_links_to_target":""},"categories":[109,97,186,61,15,158,18,20],"tags":[23],"class_list":["post-2881","post","type-post","status-publish","format-standard","has-post-thumbnail","hentry","category-dc24","category-elcanillita","category-america-meridionale","category-attualita","category-economia-ita","category-guerre","category-politica-ita","category-societa","tag-argentina","entry","rows"],"yoast_head":"<!-- This site is optimized with the Yoast SEO plugin v27.4 - https:\/\/yoast.com\/product\/yoast-seo-wordpress\/ -->\n<title>Milei indossa la tuta YPF: petrolio senza Ormuz, un messaggio globale - BlogDiario Magazine<\/title>\n<meta name=\"robots\" content=\"index, follow, max-snippet:-1, max-image-preview:large, max-video-preview:-1\" \/>\n<link rel=\"canonical\" href=\"https:\/\/blogdiario.info\/magazine\/2026\/03\/17\/milei-indossa-la-tuta-ypf-petrolio-senza-ormuz-un-messaggio-globale\/\" \/>\n<meta property=\"og:locale\" content=\"es_ES\" \/>\n<meta property=\"og:type\" content=\"article\" \/>\n<meta property=\"og:title\" content=\"Milei indossa la tuta YPF: petrolio senza Ormuz, un messaggio globale - BlogDiario Magazine\" \/>\n<meta property=\"og:description\" content=\"In Spagna, il presidente argentino abbandona l\u2019abito libertario per una tuta petrolifera. Il messaggio \u00e8 chiaro: l\u2019Argentina vuole entrare nel mercato energetico globale senza passare dai colli di bottiglia del mondo.\" \/>\n<meta property=\"og:url\" content=\"https:\/\/blogdiario.info\/magazine\/2026\/03\/17\/milei-indossa-la-tuta-ypf-petrolio-senza-ormuz-un-messaggio-globale\/\" \/>\n<meta property=\"og:site_name\" content=\"BlogDiario Magazine\" \/>\n<meta property=\"article:published_time\" content=\"2026-03-17T12:55:01+00:00\" \/>\n<meta property=\"article:modified_time\" content=\"2026-03-17T12:57:50+00:00\" \/>\n<meta property=\"og:image\" content=\"https:\/\/blogdiario.info\/magazine\/images\/2026\/03\/milcover_20260317.jpg\" \/>\n\t<meta property=\"og:image:width\" content=\"400\" \/>\n\t<meta property=\"og:image:height\" content=\"264\" \/>\n\t<meta property=\"og:image:type\" content=\"image\/jpeg\" \/>\n<meta name=\"author\" content=\"World Press Service | Servicio de Prensa Mundial\" \/>\n<meta name=\"twitter:card\" content=\"summary_large_image\" \/>\n<meta name=\"twitter:label1\" content=\"Escrito por\" \/>\n\t<meta name=\"twitter:data1\" content=\"World Press Service | Servicio de Prensa Mundial\" \/>\n\t<meta name=\"twitter:label2\" content=\"Tiempo de lectura\" \/>\n\t<meta name=\"twitter:data2\" content=\"2 minutos\" \/>\n<script type=\"application\/ld+json\" class=\"yoast-schema-graph\">{\"@context\":\"https:\\\/\\\/schema.org\",\"@graph\":[{\"@type\":\"Article\",\"@id\":\"https:\\\/\\\/blogdiario.info\\\/magazine\\\/2026\\\/03\\\/17\\\/milei-indossa-la-tuta-ypf-petrolio-senza-ormuz-un-messaggio-globale\\\/#article\",\"isPartOf\":{\"@id\":\"https:\\\/\\\/blogdiario.info\\\/magazine\\\/2026\\\/03\\\/17\\\/milei-indossa-la-tuta-ypf-petrolio-senza-ormuz-un-messaggio-globale\\\/\"},\"author\":{\"name\":\"World Press Service | Servicio de Prensa Mundial\",\"@id\":\"https:\\\/\\\/blogdiario.info\\\/magazine\\\/#\\\/schema\\\/person\\\/b2422fe85574d945bad55513bb0c7354\"},\"headline\":\"Milei indossa la tuta YPF: petrolio senza Ormuz, un messaggio globale\",\"datePublished\":\"2026-03-17T12:55:01+00:00\",\"dateModified\":\"2026-03-17T12:57:50+00:00\",\"mainEntityOfPage\":{\"@id\":\"https:\\\/\\\/blogdiario.info\\\/magazine\\\/2026\\\/03\\\/17\\\/milei-indossa-la-tuta-ypf-petrolio-senza-ormuz-un-messaggio-globale\\\/\"},\"wordCount\":269,\"publisher\":{\"@id\":\"https:\\\/\\\/blogdiario.info\\\/magazine\\\/#organization\"},\"image\":{\"@id\":\"https:\\\/\\\/blogdiario.info\\\/magazine\\\/2026\\\/03\\\/17\\\/milei-indossa-la-tuta-ypf-petrolio-senza-ormuz-un-messaggio-globale\\\/#primaryimage\"},\"thumbnailUrl\":\"https:\\\/\\\/blogdiario.info\\\/magazine\\\/images\\\/2026\\\/03\\\/milcover_20260317.jpg\",\"keywords\":[\"Argentina\"],\"articleSection\":[\".\",\".\",\"America Meridionale\",\"Attualit\u00e0\",\"Economia\",\"Guerre\",\"Politica\",\"Societ\u00e0\"],\"inLanguage\":\"es-AR\"},{\"@type\":\"WebPage\",\"@id\":\"https:\\\/\\\/blogdiario.info\\\/magazine\\\/2026\\\/03\\\/17\\\/milei-indossa-la-tuta-ypf-petrolio-senza-ormuz-un-messaggio-globale\\\/\",\"url\":\"https:\\\/\\\/blogdiario.info\\\/magazine\\\/2026\\\/03\\\/17\\\/milei-indossa-la-tuta-ypf-petrolio-senza-ormuz-un-messaggio-globale\\\/\",\"name\":\"Milei indossa la tuta YPF: petrolio senza Ormuz, un messaggio globale - BlogDiario Magazine\",\"isPartOf\":{\"@id\":\"https:\\\/\\\/blogdiario.info\\\/magazine\\\/#website\"},\"primaryImageOfPage\":{\"@id\":\"https:\\\/\\\/blogdiario.info\\\/magazine\\\/2026\\\/03\\\/17\\\/milei-indossa-la-tuta-ypf-petrolio-senza-ormuz-un-messaggio-globale\\\/#primaryimage\"},\"image\":{\"@id\":\"https:\\\/\\\/blogdiario.info\\\/magazine\\\/2026\\\/03\\\/17\\\/milei-indossa-la-tuta-ypf-petrolio-senza-ormuz-un-messaggio-globale\\\/#primaryimage\"},\"thumbnailUrl\":\"https:\\\/\\\/blogdiario.info\\\/magazine\\\/images\\\/2026\\\/03\\\/milcover_20260317.jpg\",\"datePublished\":\"2026-03-17T12:55:01+00:00\",\"dateModified\":\"2026-03-17T12:57:50+00:00\",\"breadcrumb\":{\"@id\":\"https:\\\/\\\/blogdiario.info\\\/magazine\\\/2026\\\/03\\\/17\\\/milei-indossa-la-tuta-ypf-petrolio-senza-ormuz-un-messaggio-globale\\\/#breadcrumb\"},\"inLanguage\":\"es-AR\",\"potentialAction\":[{\"@type\":\"ReadAction\",\"target\":[\"https:\\\/\\\/blogdiario.info\\\/magazine\\\/2026\\\/03\\\/17\\\/milei-indossa-la-tuta-ypf-petrolio-senza-ormuz-un-messaggio-globale\\\/\"]}]},{\"@type\":\"ImageObject\",\"inLanguage\":\"es-AR\",\"@id\":\"https:\\\/\\\/blogdiario.info\\\/magazine\\\/2026\\\/03\\\/17\\\/milei-indossa-la-tuta-ypf-petrolio-senza-ormuz-un-messaggio-globale\\\/#primaryimage\",\"url\":\"https:\\\/\\\/blogdiario.info\\\/magazine\\\/images\\\/2026\\\/03\\\/milcover_20260317.jpg\",\"contentUrl\":\"https:\\\/\\\/blogdiario.info\\\/magazine\\\/images\\\/2026\\\/03\\\/milcover_20260317.jpg\",\"width\":400,\"height\":264},{\"@type\":\"BreadcrumbList\",\"@id\":\"https:\\\/\\\/blogdiario.info\\\/magazine\\\/2026\\\/03\\\/17\\\/milei-indossa-la-tuta-ypf-petrolio-senza-ormuz-un-messaggio-globale\\\/#breadcrumb\",\"itemListElement\":[{\"@type\":\"ListItem\",\"position\":1,\"name\":\"Home\",\"item\":\"https:\\\/\\\/blogdiario.info\\\/magazine\\\/\"},{\"@type\":\"ListItem\",\"position\":2,\"name\":\"Milei indossa la tuta YPF: petrolio senza Ormuz, un messaggio globale\"}]},{\"@type\":\"WebSite\",\"@id\":\"https:\\\/\\\/blogdiario.info\\\/magazine\\\/#website\",\"url\":\"https:\\\/\\\/blogdiario.info\\\/magazine\\\/\",\"name\":\"BlogDiario Magazine\",\"description\":\"Suplemento multiling\u00fce de ElCanillita.Info\",\"publisher\":{\"@id\":\"https:\\\/\\\/blogdiario.info\\\/magazine\\\/#organization\"},\"potentialAction\":[{\"@type\":\"SearchAction\",\"target\":{\"@type\":\"EntryPoint\",\"urlTemplate\":\"https:\\\/\\\/blogdiario.info\\\/magazine\\\/?s={search_term_string}\"},\"query-input\":{\"@type\":\"PropertyValueSpecification\",\"valueRequired\":true,\"valueName\":\"search_term_string\"}}],\"inLanguage\":\"es-AR\"},{\"@type\":\"Organization\",\"@id\":\"https:\\\/\\\/blogdiario.info\\\/magazine\\\/#organization\",\"name\":\"Guzzo Photos & Graphic Publications\",\"url\":\"https:\\\/\\\/blogdiario.info\\\/magazine\\\/\",\"logo\":{\"@type\":\"ImageObject\",\"inLanguage\":\"es-AR\",\"@id\":\"https:\\\/\\\/blogdiario.info\\\/magazine\\\/#\\\/schema\\\/logo\\\/image\\\/\",\"url\":\"https:\\\/\\\/blogdiario.info\\\/magazine\\\/images\\\/2020\\\/01\\\/cropped-blogdia_magazine.jpg\",\"contentUrl\":\"https:\\\/\\\/blogdiario.info\\\/magazine\\\/images\\\/2020\\\/01\\\/cropped-blogdia_magazine.jpg\",\"width\":589,\"height\":55,\"caption\":\"Guzzo Photos & Graphic Publications\"},\"image\":{\"@id\":\"https:\\\/\\\/blogdiario.info\\\/magazine\\\/#\\\/schema\\\/logo\\\/image\\\/\"}},{\"@type\":\"Person\",\"@id\":\"https:\\\/\\\/blogdiario.info\\\/magazine\\\/#\\\/schema\\\/person\\\/b2422fe85574d945bad55513bb0c7354\",\"name\":\"World Press Service | Servicio de Prensa Mundial\"}]}<\/script>\n<!-- \/ Yoast SEO plugin. -->","yoast_head_json":{"title":"Milei indossa la tuta YPF: petrolio senza Ormuz, un messaggio globale - BlogDiario Magazine","robots":{"index":"index","follow":"follow","max-snippet":"max-snippet:-1","max-image-preview":"max-image-preview:large","max-video-preview":"max-video-preview:-1"},"canonical":"https:\/\/blogdiario.info\/magazine\/2026\/03\/17\/milei-indossa-la-tuta-ypf-petrolio-senza-ormuz-un-messaggio-globale\/","og_locale":"es_ES","og_type":"article","og_title":"Milei indossa la tuta YPF: petrolio senza Ormuz, un messaggio globale - BlogDiario Magazine","og_description":"In Spagna, il presidente argentino abbandona l\u2019abito libertario per una tuta petrolifera. Il messaggio \u00e8 chiaro: l\u2019Argentina vuole entrare nel mercato energetico globale senza passare dai colli di bottiglia del mondo.","og_url":"https:\/\/blogdiario.info\/magazine\/2026\/03\/17\/milei-indossa-la-tuta-ypf-petrolio-senza-ormuz-un-messaggio-globale\/","og_site_name":"BlogDiario Magazine","article_published_time":"2026-03-17T12:55:01+00:00","article_modified_time":"2026-03-17T12:57:50+00:00","og_image":[{"width":400,"height":264,"url":"https:\/\/blogdiario.info\/magazine\/images\/2026\/03\/milcover_20260317.jpg","type":"image\/jpeg"}],"author":"World Press Service | Servicio de Prensa Mundial","twitter_card":"summary_large_image","twitter_misc":{"Escrito por":"World Press Service | Servicio de Prensa Mundial","Tiempo de lectura":"2 minutos"},"schema":{"@context":"https:\/\/schema.org","@graph":[{"@type":"Article","@id":"https:\/\/blogdiario.info\/magazine\/2026\/03\/17\/milei-indossa-la-tuta-ypf-petrolio-senza-ormuz-un-messaggio-globale\/#article","isPartOf":{"@id":"https:\/\/blogdiario.info\/magazine\/2026\/03\/17\/milei-indossa-la-tuta-ypf-petrolio-senza-ormuz-un-messaggio-globale\/"},"author":{"name":"World Press Service | Servicio de Prensa Mundial","@id":"https:\/\/blogdiario.info\/magazine\/#\/schema\/person\/b2422fe85574d945bad55513bb0c7354"},"headline":"Milei indossa la tuta YPF: petrolio senza Ormuz, un messaggio globale","datePublished":"2026-03-17T12:55:01+00:00","dateModified":"2026-03-17T12:57:50+00:00","mainEntityOfPage":{"@id":"https:\/\/blogdiario.info\/magazine\/2026\/03\/17\/milei-indossa-la-tuta-ypf-petrolio-senza-ormuz-un-messaggio-globale\/"},"wordCount":269,"publisher":{"@id":"https:\/\/blogdiario.info\/magazine\/#organization"},"image":{"@id":"https:\/\/blogdiario.info\/magazine\/2026\/03\/17\/milei-indossa-la-tuta-ypf-petrolio-senza-ormuz-un-messaggio-globale\/#primaryimage"},"thumbnailUrl":"https:\/\/blogdiario.info\/magazine\/images\/2026\/03\/milcover_20260317.jpg","keywords":["Argentina"],"articleSection":[".",".","America Meridionale","Attualit\u00e0","Economia","Guerre","Politica","Societ\u00e0"],"inLanguage":"es-AR"},{"@type":"WebPage","@id":"https:\/\/blogdiario.info\/magazine\/2026\/03\/17\/milei-indossa-la-tuta-ypf-petrolio-senza-ormuz-un-messaggio-globale\/","url":"https:\/\/blogdiario.info\/magazine\/2026\/03\/17\/milei-indossa-la-tuta-ypf-petrolio-senza-ormuz-un-messaggio-globale\/","name":"Milei indossa la tuta YPF: petrolio senza Ormuz, un messaggio globale - BlogDiario Magazine","isPartOf":{"@id":"https:\/\/blogdiario.info\/magazine\/#website"},"primaryImageOfPage":{"@id":"https:\/\/blogdiario.info\/magazine\/2026\/03\/17\/milei-indossa-la-tuta-ypf-petrolio-senza-ormuz-un-messaggio-globale\/#primaryimage"},"image":{"@id":"https:\/\/blogdiario.info\/magazine\/2026\/03\/17\/milei-indossa-la-tuta-ypf-petrolio-senza-ormuz-un-messaggio-globale\/#primaryimage"},"thumbnailUrl":"https:\/\/blogdiario.info\/magazine\/images\/2026\/03\/milcover_20260317.jpg","datePublished":"2026-03-17T12:55:01+00:00","dateModified":"2026-03-17T12:57:50+00:00","breadcrumb":{"@id":"https:\/\/blogdiario.info\/magazine\/2026\/03\/17\/milei-indossa-la-tuta-ypf-petrolio-senza-ormuz-un-messaggio-globale\/#breadcrumb"},"inLanguage":"es-AR","potentialAction":[{"@type":"ReadAction","target":["https:\/\/blogdiario.info\/magazine\/2026\/03\/17\/milei-indossa-la-tuta-ypf-petrolio-senza-ormuz-un-messaggio-globale\/"]}]},{"@type":"ImageObject","inLanguage":"es-AR","@id":"https:\/\/blogdiario.info\/magazine\/2026\/03\/17\/milei-indossa-la-tuta-ypf-petrolio-senza-ormuz-un-messaggio-globale\/#primaryimage","url":"https:\/\/blogdiario.info\/magazine\/images\/2026\/03\/milcover_20260317.jpg","contentUrl":"https:\/\/blogdiario.info\/magazine\/images\/2026\/03\/milcover_20260317.jpg","width":400,"height":264},{"@type":"BreadcrumbList","@id":"https:\/\/blogdiario.info\/magazine\/2026\/03\/17\/milei-indossa-la-tuta-ypf-petrolio-senza-ormuz-un-messaggio-globale\/#breadcrumb","itemListElement":[{"@type":"ListItem","position":1,"name":"Home","item":"https:\/\/blogdiario.info\/magazine\/"},{"@type":"ListItem","position":2,"name":"Milei indossa la tuta YPF: petrolio senza Ormuz, un messaggio globale"}]},{"@type":"WebSite","@id":"https:\/\/blogdiario.info\/magazine\/#website","url":"https:\/\/blogdiario.info\/magazine\/","name":"BlogDiario Magazine","description":"Suplemento multiling\u00fce de ElCanillita.Info","publisher":{"@id":"https:\/\/blogdiario.info\/magazine\/#organization"},"potentialAction":[{"@type":"SearchAction","target":{"@type":"EntryPoint","urlTemplate":"https:\/\/blogdiario.info\/magazine\/?s={search_term_string}"},"query-input":{"@type":"PropertyValueSpecification","valueRequired":true,"valueName":"search_term_string"}}],"inLanguage":"es-AR"},{"@type":"Organization","@id":"https:\/\/blogdiario.info\/magazine\/#organization","name":"Guzzo Photos & Graphic Publications","url":"https:\/\/blogdiario.info\/magazine\/","logo":{"@type":"ImageObject","inLanguage":"es-AR","@id":"https:\/\/blogdiario.info\/magazine\/#\/schema\/logo\/image\/","url":"https:\/\/blogdiario.info\/magazine\/images\/2020\/01\/cropped-blogdia_magazine.jpg","contentUrl":"https:\/\/blogdiario.info\/magazine\/images\/2020\/01\/cropped-blogdia_magazine.jpg","width":589,"height":55,"caption":"Guzzo Photos & Graphic Publications"},"image":{"@id":"https:\/\/blogdiario.info\/magazine\/#\/schema\/logo\/image\/"}},{"@type":"Person","@id":"https:\/\/blogdiario.info\/magazine\/#\/schema\/person\/b2422fe85574d945bad55513bb0c7354","name":"World Press Service | Servicio de Prensa Mundial"}]}},"views":78,"_links":{"self":[{"href":"https:\/\/blogdiario.info\/magazine\/wp-json\/wp\/v2\/posts\/2881","targetHints":{"allow":["GET"]}}],"collection":[{"href":"https:\/\/blogdiario.info\/magazine\/wp-json\/wp\/v2\/posts"}],"about":[{"href":"https:\/\/blogdiario.info\/magazine\/wp-json\/wp\/v2\/types\/post"}],"author":[{"embeddable":true,"href":"https:\/\/blogdiario.info\/magazine\/wp-json\/wp\/v2\/users\/1"}],"replies":[{"embeddable":true,"href":"https:\/\/blogdiario.info\/magazine\/wp-json\/wp\/v2\/comments?post=2881"}],"version-history":[{"count":0,"href":"https:\/\/blogdiario.info\/magazine\/wp-json\/wp\/v2\/posts\/2881\/revisions"}],"wp:featuredmedia":[{"embeddable":true,"href":"https:\/\/blogdiario.info\/magazine\/wp-json\/wp\/v2\/media\/2879"}],"wp:attachment":[{"href":"https:\/\/blogdiario.info\/magazine\/wp-json\/wp\/v2\/media?parent=2881"}],"wp:term":[{"taxonomy":"category","embeddable":true,"href":"https:\/\/blogdiario.info\/magazine\/wp-json\/wp\/v2\/categories?post=2881"},{"taxonomy":"post_tag","embeddable":true,"href":"https:\/\/blogdiario.info\/magazine\/wp-json\/wp\/v2\/tags?post=2881"}],"curies":[{"name":"wp","href":"https:\/\/api.w.org\/{rel}","templated":true}]}}