{"id":2764,"date":"2026-01-25T17:45:43","date_gmt":"2026-01-25T16:45:43","guid":{"rendered":"https:\/\/blogdiario.info\/magazine\/?p=2764"},"modified":"2026-01-25T18:04:42","modified_gmt":"2026-01-25T17:04:42","slug":"misma-coartada","status":"publish","type":"post","link":"https:\/\/blogdiario.info\/magazine\/2026\/01\/25\/misma-coartada\/","title":{"rendered":"Minneapolis: balas federales, silencio oficial"},"content":{"rendered":"\n<figure class=\"wp-block-image size-large\"><img loading=\"lazy\" decoding=\"async\" width=\"850\" height=\"529\" src=\"https:\/\/blogdiario.info\/magazine\/images\/2026\/01\/img_1537.jpg\" alt=\"\" class=\"wp-image-2765\" srcset=\"https:\/\/blogdiario.info\/magazine\/images\/2026\/01\/img_1537.jpg 850w, https:\/\/blogdiario.info\/magazine\/images\/2026\/01\/img_1537-300x187.jpg 300w, https:\/\/blogdiario.info\/magazine\/images\/2026\/01\/img_1537-768x478.jpg 768w\" sizes=\"auto, (max-width: 850px) 100vw, 850px\" \/><figcaption class=\"wp-element-caption\">Alex Pretti enfrent\u00e1ndose a agentes de ICE en una calle de Minneapolis antes de ser acribillado<\/figcaption><\/figure>\n\n\n\n<p class=\"p1\">Minneapolis amaneci\u00f3 con un cad\u00e1ver m\u00e1s y una explicaci\u00f3n menos. Un hombre de 37 a\u00f1os, Alex Jeffrey Pretti, cay\u00f3 abatido por agentes federales en medio de una protesta contra el <a href=\"chatgpt:\/\/generic-entity?number=0\">Servicio de Inmigraci\u00f3n y Control de Aduanas<\/a>. El video es brutal, pero el comunicado es pulcro. Como siempre, la sangre ensucia la calle; el lenguaje, no.<\/p>\n\n\n\n<p class=\"p1\">Las im\u00e1genes muestran a varios agentes enmascarados forcejeando, derribando y reduciendo. Luego, disparos. Despu\u00e9s, quietud. La versi\u00f3n oficial habla de un arma, de cargadores, de miedo. El video \u2014ese maldito testigo que no vota ni miente\u2014 no aclara qui\u00e9n dispar\u00f3, pero s\u00ed muestra qui\u00e9n dominaba la escena.<\/p>\n\n\n\n<p class=\"p1\">El guion se activ\u00f3 de inmediato. \u201cSituaci\u00f3n tr\u00e1gica\u201d, dijo el poder; \u201ctiros defensivos\u201d, repiti\u00f3 el poder. La sem\u00e1ntica del gatillo f\u00e1cil se disfraza de protocolo. Y cuando el protocolo falla, la palabra \u201ccaos\u201d se arroja sobre la ciudad como gas lacrim\u00f3geno.<\/p>\n\n\n\n<p class=\"p1\">No es un hecho aislado. Hace menos de tres semanas, otra muerte atribuida a agentes federales encendi\u00f3 las calles. Dos episodios, una misma narrativa: temor por la vida del agente, culpa local, silencio sobre el uso desproporcionado de la fuerza. La repetici\u00f3n no es coincidencia; es sistema.<\/p>\n\n\n\n<p class=\"p1\">El alcalde de <a href=\"chatgpt:\/\/generic-entity?number=1\">Minneapolis<\/a> habl\u00f3 claro: golpeado y baleado. El jefe de polic\u00eda a\u00f1adi\u00f3 un dato inc\u00f3modo: sin antecedentes penales. La familia fue m\u00e1s lejos: manos en alto, tel\u00e9fono en la mano, intento de proteger a otra persona. Entre el \u201cestaba armado\u201d y el \u201cestaba ayudando\u201d, el Estado elige creerle al arma que no vemos.<\/p>\n\n\n\n<p class=\"p1\">Desde Washington, el dedo acusador apunt\u00f3 hacia el norte. La culpa, dicen, es de las autoridades locales que \u201cno cooperan\u201d. Traducido: si no aplauden la militarizaci\u00f3n, merecen el incendio. Y si hay incendio, la respuesta es m\u00e1s botas, m\u00e1s gases, m\u00e1s balas.<\/p>\n\n\n\n<p class=\"p1\">El expresidente <a href=\"chatgpt:\/\/generic-entity?number=2\">Donald Trump<\/a> reapareci\u00f3 con su coro habitual: extranjeros, crimen, amenaza. La pol\u00edtica convertida en meg\u00e1fono del miedo. Mientras tanto, en la calle, los manifestantes gritan \u201chuelo nazis\u201d y los agentes responden \u201cboo hoo\u201d. La democracia reducida a muecas.<\/p>\n\n\n\n<p class=\"p1\">La pregunta no es si hab\u00eda un arma; es por qu\u00e9 la muerte parece siempre la opci\u00f3n preferida cuando el uniforme es federal. \u00bfCu\u00e1ntos videos m\u00e1s hacen falta para que la investigaci\u00f3n no sea una promesa sino una pausa real? \u00bfCu\u00e1ntos \u201ctem\u00ed por mi vida\u201d justifican una vida menos?<\/p>\n\n\n\n<p class=\"p1\">Minneapolis est\u00e1 \u201cestable\u201d, dicen. Estable como una ciudad que aprende a convivir con funerales y comunicados. Estable como un pa\u00eds que confunde control con justicia. Y mientras la Guardia Nacional se despliega, la verdad sigue en el suelo, esperando que alguien se atreva a levantarla.<\/p>\n\n\n\n<p><\/p>\n\n\n\n<p>\u270d\ufe0f \u00a9\ufe0f2025 El Testigo Invisible &#8211; All Rights Reserved<\/p>\n\n\n\n<p><\/p>\n\n\n<hr style=\"\n    border: none;\n    height: 1px;\n    background: linear-gradient(to right, transparent, #ccc, transparent);\n    margin: 0;\n\" \/>\n<\/p>\n<p><small>\u00a9\ufe0f2026  Guzzo Photos  &#038; Graphic Publications \u2013 All Rights Reserved \u2013 Copyright \u00a9\ufe0f 2026 SalaStampa.eu, world press service \u2013 Guzzo Photos &#038; Graphic Publications \u2013 Registro Editori e Stampatori n. 1441 Turin, Italy<\/small><\/p>\n\n\n<p><\/p>\n","protected":false},"excerpt":{"rendered":"<p><small<\/>Alex Pretti enfrenta un agente momentos antes de ser golpeado<\/small><\/p>\n<p>Otro muerto, m\u00e1s videos y la misma coartada: \u201cdefensa propia\u201d. El libreto se repite; la verdad, no.<\/p>\n","protected":false},"author":1,"featured_media":2766,"comment_status":"closed","ping_status":"closed","sticky":false,"template":"","format":"standard","meta":{"footnotes":"","_links_to":"","_links_to_target":""},"categories":[97,109,62,49,40,134,168],"tags":[192],"class_list":["post-2764","post","type-post","status-publish","format-standard","has-post-thumbnail","hentry","category-elcanillita","category-dc24","category-actualidad","category-america-del-nord","category-justicia","category-politicas-globales","category-sociedad-y-valores","tag-estados-unidos","entry","rows"],"yoast_head":"<!-- This site is optimized with the Yoast SEO plugin v27.4 - https:\/\/yoast.com\/product\/yoast-seo-wordpress\/ -->\n<title>Minneapolis: balas federales, silencio oficial - BlogDiario Magazine<\/title>\n<meta name=\"robots\" content=\"index, follow, max-snippet:-1, max-image-preview:large, max-video-preview:-1\" \/>\n<link rel=\"canonical\" href=\"https:\/\/blogdiario.info\/magazine\/2026\/01\/25\/misma-coartada\/\" \/>\n<meta property=\"og:locale\" content=\"es_ES\" \/>\n<meta property=\"og:type\" content=\"article\" \/>\n<meta property=\"og:title\" content=\"Minneapolis: balas federales, silencio oficial - BlogDiario Magazine\" \/>\n<meta property=\"og:url\" content=\"https:\/\/blogdiario.info\/magazine\/2026\/01\/25\/misma-coartada\/\" \/>\n<meta property=\"og:site_name\" content=\"BlogDiario Magazine\" \/>\n<meta property=\"article:published_time\" content=\"2026-01-25T16:45:43+00:00\" \/>\n<meta property=\"article:modified_time\" content=\"2026-01-25T17:04:42+00:00\" \/>\n<meta property=\"og:image\" content=\"https:\/\/blogdiario.info\/magazine\/images\/2026\/01\/img_1538.jpg\" \/>\n\t<meta property=\"og:image:width\" content=\"850\" \/>\n\t<meta property=\"og:image:height\" content=\"531\" \/>\n\t<meta property=\"og:image:type\" content=\"image\/jpeg\" \/>\n<meta name=\"author\" content=\"World Press Service | Servicio de Prensa Mundial\" \/>\n<meta name=\"twitter:card\" content=\"summary_large_image\" \/>\n<meta name=\"twitter:label1\" content=\"Escrito por\" \/>\n\t<meta name=\"twitter:data1\" content=\"World Press Service | Servicio de Prensa Mundial\" \/>\n\t<meta name=\"twitter:label2\" content=\"Tiempo de lectura\" \/>\n\t<meta name=\"twitter:data2\" content=\"3 minutos\" \/>\n<script type=\"application\/ld+json\" class=\"yoast-schema-graph\">{\"@context\":\"https:\\\/\\\/schema.org\",\"@graph\":[{\"@type\":\"Article\",\"@id\":\"https:\\\/\\\/blogdiario.info\\\/magazine\\\/2026\\\/01\\\/25\\\/misma-coartada\\\/#article\",\"isPartOf\":{\"@id\":\"https:\\\/\\\/blogdiario.info\\\/magazine\\\/2026\\\/01\\\/25\\\/misma-coartada\\\/\"},\"author\":{\"name\":\"World Press Service | Servicio de Prensa Mundial\",\"@id\":\"https:\\\/\\\/blogdiario.info\\\/magazine\\\/#\\\/schema\\\/person\\\/b2422fe85574d945bad55513bb0c7354\"},\"headline\":\"Minneapolis: balas federales, silencio oficial\",\"datePublished\":\"2026-01-25T16:45:43+00:00\",\"dateModified\":\"2026-01-25T17:04:42+00:00\",\"mainEntityOfPage\":{\"@id\":\"https:\\\/\\\/blogdiario.info\\\/magazine\\\/2026\\\/01\\\/25\\\/misma-coartada\\\/\"},\"wordCount\":508,\"publisher\":{\"@id\":\"https:\\\/\\\/blogdiario.info\\\/magazine\\\/#organization\"},\"image\":{\"@id\":\"https:\\\/\\\/blogdiario.info\\\/magazine\\\/2026\\\/01\\\/25\\\/misma-coartada\\\/#primaryimage\"},\"thumbnailUrl\":\"https:\\\/\\\/blogdiario.info\\\/magazine\\\/images\\\/2026\\\/01\\\/img_1538.jpg\",\"keywords\":[\"Estados Unidos\"],\"articleSection\":[\".\",\".\",\"Actualidad\",\"America del Nord\",\"Justicia\",\"Pol\u00edticas globales\",\"Sociedad y valores\"],\"inLanguage\":\"es-AR\"},{\"@type\":\"WebPage\",\"@id\":\"https:\\\/\\\/blogdiario.info\\\/magazine\\\/2026\\\/01\\\/25\\\/misma-coartada\\\/\",\"url\":\"https:\\\/\\\/blogdiario.info\\\/magazine\\\/2026\\\/01\\\/25\\\/misma-coartada\\\/\",\"name\":\"Minneapolis: balas federales, silencio oficial - BlogDiario Magazine\",\"isPartOf\":{\"@id\":\"https:\\\/\\\/blogdiario.info\\\/magazine\\\/#website\"},\"primaryImageOfPage\":{\"@id\":\"https:\\\/\\\/blogdiario.info\\\/magazine\\\/2026\\\/01\\\/25\\\/misma-coartada\\\/#primaryimage\"},\"image\":{\"@id\":\"https:\\\/\\\/blogdiario.info\\\/magazine\\\/2026\\\/01\\\/25\\\/misma-coartada\\\/#primaryimage\"},\"thumbnailUrl\":\"https:\\\/\\\/blogdiario.info\\\/magazine\\\/images\\\/2026\\\/01\\\/img_1538.jpg\",\"datePublished\":\"2026-01-25T16:45:43+00:00\",\"dateModified\":\"2026-01-25T17:04:42+00:00\",\"breadcrumb\":{\"@id\":\"https:\\\/\\\/blogdiario.info\\\/magazine\\\/2026\\\/01\\\/25\\\/misma-coartada\\\/#breadcrumb\"},\"inLanguage\":\"es-AR\",\"potentialAction\":[{\"@type\":\"ReadAction\",\"target\":[\"https:\\\/\\\/blogdiario.info\\\/magazine\\\/2026\\\/01\\\/25\\\/misma-coartada\\\/\"]}]},{\"@type\":\"ImageObject\",\"inLanguage\":\"es-AR\",\"@id\":\"https:\\\/\\\/blogdiario.info\\\/magazine\\\/2026\\\/01\\\/25\\\/misma-coartada\\\/#primaryimage\",\"url\":\"https:\\\/\\\/blogdiario.info\\\/magazine\\\/images\\\/2026\\\/01\\\/img_1538.jpg\",\"contentUrl\":\"https:\\\/\\\/blogdiario.info\\\/magazine\\\/images\\\/2026\\\/01\\\/img_1538.jpg\",\"width\":850,\"height\":531},{\"@type\":\"BreadcrumbList\",\"@id\":\"https:\\\/\\\/blogdiario.info\\\/magazine\\\/2026\\\/01\\\/25\\\/misma-coartada\\\/#breadcrumb\",\"itemListElement\":[{\"@type\":\"ListItem\",\"position\":1,\"name\":\"Home\",\"item\":\"https:\\\/\\\/blogdiario.info\\\/magazine\\\/\"},{\"@type\":\"ListItem\",\"position\":2,\"name\":\"Minneapolis: balas federales, silencio oficial\"}]},{\"@type\":\"WebSite\",\"@id\":\"https:\\\/\\\/blogdiario.info\\\/magazine\\\/#website\",\"url\":\"https:\\\/\\\/blogdiario.info\\\/magazine\\\/\",\"name\":\"BlogDiario Magazine\",\"description\":\"Suplemento multiling\u00fce de ElCanillita.Info\",\"publisher\":{\"@id\":\"https:\\\/\\\/blogdiario.info\\\/magazine\\\/#organization\"},\"potentialAction\":[{\"@type\":\"SearchAction\",\"target\":{\"@type\":\"EntryPoint\",\"urlTemplate\":\"https:\\\/\\\/blogdiario.info\\\/magazine\\\/?s={search_term_string}\"},\"query-input\":{\"@type\":\"PropertyValueSpecification\",\"valueRequired\":true,\"valueName\":\"search_term_string\"}}],\"inLanguage\":\"es-AR\"},{\"@type\":\"Organization\",\"@id\":\"https:\\\/\\\/blogdiario.info\\\/magazine\\\/#organization\",\"name\":\"Guzzo Photos & Graphic Publications\",\"url\":\"https:\\\/\\\/blogdiario.info\\\/magazine\\\/\",\"logo\":{\"@type\":\"ImageObject\",\"inLanguage\":\"es-AR\",\"@id\":\"https:\\\/\\\/blogdiario.info\\\/magazine\\\/#\\\/schema\\\/logo\\\/image\\\/\",\"url\":\"https:\\\/\\\/blogdiario.info\\\/magazine\\\/images\\\/2020\\\/01\\\/cropped-blogdia_magazine.jpg\",\"contentUrl\":\"https:\\\/\\\/blogdiario.info\\\/magazine\\\/images\\\/2020\\\/01\\\/cropped-blogdia_magazine.jpg\",\"width\":589,\"height\":55,\"caption\":\"Guzzo Photos & Graphic Publications\"},\"image\":{\"@id\":\"https:\\\/\\\/blogdiario.info\\\/magazine\\\/#\\\/schema\\\/logo\\\/image\\\/\"}},{\"@type\":\"Person\",\"@id\":\"https:\\\/\\\/blogdiario.info\\\/magazine\\\/#\\\/schema\\\/person\\\/b2422fe85574d945bad55513bb0c7354\",\"name\":\"World Press Service | Servicio de Prensa Mundial\"}]}<\/script>\n<!-- \/ Yoast SEO plugin. -->","yoast_head_json":{"title":"Minneapolis: balas federales, silencio oficial - BlogDiario Magazine","robots":{"index":"index","follow":"follow","max-snippet":"max-snippet:-1","max-image-preview":"max-image-preview:large","max-video-preview":"max-video-preview:-1"},"canonical":"https:\/\/blogdiario.info\/magazine\/2026\/01\/25\/misma-coartada\/","og_locale":"es_ES","og_type":"article","og_title":"Minneapolis: balas federales, silencio oficial - BlogDiario Magazine","og_url":"https:\/\/blogdiario.info\/magazine\/2026\/01\/25\/misma-coartada\/","og_site_name":"BlogDiario Magazine","article_published_time":"2026-01-25T16:45:43+00:00","article_modified_time":"2026-01-25T17:04:42+00:00","og_image":[{"width":850,"height":531,"url":"https:\/\/blogdiario.info\/magazine\/images\/2026\/01\/img_1538.jpg","type":"image\/jpeg"}],"author":"World Press Service | Servicio de Prensa Mundial","twitter_card":"summary_large_image","twitter_misc":{"Escrito por":"World Press Service | Servicio de Prensa Mundial","Tiempo de lectura":"3 minutos"},"schema":{"@context":"https:\/\/schema.org","@graph":[{"@type":"Article","@id":"https:\/\/blogdiario.info\/magazine\/2026\/01\/25\/misma-coartada\/#article","isPartOf":{"@id":"https:\/\/blogdiario.info\/magazine\/2026\/01\/25\/misma-coartada\/"},"author":{"name":"World Press Service | Servicio de Prensa Mundial","@id":"https:\/\/blogdiario.info\/magazine\/#\/schema\/person\/b2422fe85574d945bad55513bb0c7354"},"headline":"Minneapolis: balas federales, silencio oficial","datePublished":"2026-01-25T16:45:43+00:00","dateModified":"2026-01-25T17:04:42+00:00","mainEntityOfPage":{"@id":"https:\/\/blogdiario.info\/magazine\/2026\/01\/25\/misma-coartada\/"},"wordCount":508,"publisher":{"@id":"https:\/\/blogdiario.info\/magazine\/#organization"},"image":{"@id":"https:\/\/blogdiario.info\/magazine\/2026\/01\/25\/misma-coartada\/#primaryimage"},"thumbnailUrl":"https:\/\/blogdiario.info\/magazine\/images\/2026\/01\/img_1538.jpg","keywords":["Estados Unidos"],"articleSection":[".",".","Actualidad","America del Nord","Justicia","Pol\u00edticas globales","Sociedad y valores"],"inLanguage":"es-AR"},{"@type":"WebPage","@id":"https:\/\/blogdiario.info\/magazine\/2026\/01\/25\/misma-coartada\/","url":"https:\/\/blogdiario.info\/magazine\/2026\/01\/25\/misma-coartada\/","name":"Minneapolis: balas federales, silencio oficial - BlogDiario Magazine","isPartOf":{"@id":"https:\/\/blogdiario.info\/magazine\/#website"},"primaryImageOfPage":{"@id":"https:\/\/blogdiario.info\/magazine\/2026\/01\/25\/misma-coartada\/#primaryimage"},"image":{"@id":"https:\/\/blogdiario.info\/magazine\/2026\/01\/25\/misma-coartada\/#primaryimage"},"thumbnailUrl":"https:\/\/blogdiario.info\/magazine\/images\/2026\/01\/img_1538.jpg","datePublished":"2026-01-25T16:45:43+00:00","dateModified":"2026-01-25T17:04:42+00:00","breadcrumb":{"@id":"https:\/\/blogdiario.info\/magazine\/2026\/01\/25\/misma-coartada\/#breadcrumb"},"inLanguage":"es-AR","potentialAction":[{"@type":"ReadAction","target":["https:\/\/blogdiario.info\/magazine\/2026\/01\/25\/misma-coartada\/"]}]},{"@type":"ImageObject","inLanguage":"es-AR","@id":"https:\/\/blogdiario.info\/magazine\/2026\/01\/25\/misma-coartada\/#primaryimage","url":"https:\/\/blogdiario.info\/magazine\/images\/2026\/01\/img_1538.jpg","contentUrl":"https:\/\/blogdiario.info\/magazine\/images\/2026\/01\/img_1538.jpg","width":850,"height":531},{"@type":"BreadcrumbList","@id":"https:\/\/blogdiario.info\/magazine\/2026\/01\/25\/misma-coartada\/#breadcrumb","itemListElement":[{"@type":"ListItem","position":1,"name":"Home","item":"https:\/\/blogdiario.info\/magazine\/"},{"@type":"ListItem","position":2,"name":"Minneapolis: balas federales, silencio oficial"}]},{"@type":"WebSite","@id":"https:\/\/blogdiario.info\/magazine\/#website","url":"https:\/\/blogdiario.info\/magazine\/","name":"BlogDiario Magazine","description":"Suplemento multiling\u00fce de ElCanillita.Info","publisher":{"@id":"https:\/\/blogdiario.info\/magazine\/#organization"},"potentialAction":[{"@type":"SearchAction","target":{"@type":"EntryPoint","urlTemplate":"https:\/\/blogdiario.info\/magazine\/?s={search_term_string}"},"query-input":{"@type":"PropertyValueSpecification","valueRequired":true,"valueName":"search_term_string"}}],"inLanguage":"es-AR"},{"@type":"Organization","@id":"https:\/\/blogdiario.info\/magazine\/#organization","name":"Guzzo Photos & Graphic Publications","url":"https:\/\/blogdiario.info\/magazine\/","logo":{"@type":"ImageObject","inLanguage":"es-AR","@id":"https:\/\/blogdiario.info\/magazine\/#\/schema\/logo\/image\/","url":"https:\/\/blogdiario.info\/magazine\/images\/2020\/01\/cropped-blogdia_magazine.jpg","contentUrl":"https:\/\/blogdiario.info\/magazine\/images\/2020\/01\/cropped-blogdia_magazine.jpg","width":589,"height":55,"caption":"Guzzo Photos & Graphic Publications"},"image":{"@id":"https:\/\/blogdiario.info\/magazine\/#\/schema\/logo\/image\/"}},{"@type":"Person","@id":"https:\/\/blogdiario.info\/magazine\/#\/schema\/person\/b2422fe85574d945bad55513bb0c7354","name":"World Press Service | Servicio de Prensa Mundial"}]}},"views":142,"_links":{"self":[{"href":"https:\/\/blogdiario.info\/magazine\/wp-json\/wp\/v2\/posts\/2764","targetHints":{"allow":["GET"]}}],"collection":[{"href":"https:\/\/blogdiario.info\/magazine\/wp-json\/wp\/v2\/posts"}],"about":[{"href":"https:\/\/blogdiario.info\/magazine\/wp-json\/wp\/v2\/types\/post"}],"author":[{"embeddable":true,"href":"https:\/\/blogdiario.info\/magazine\/wp-json\/wp\/v2\/users\/1"}],"replies":[{"embeddable":true,"href":"https:\/\/blogdiario.info\/magazine\/wp-json\/wp\/v2\/comments?post=2764"}],"version-history":[{"count":0,"href":"https:\/\/blogdiario.info\/magazine\/wp-json\/wp\/v2\/posts\/2764\/revisions"}],"wp:featuredmedia":[{"embeddable":true,"href":"https:\/\/blogdiario.info\/magazine\/wp-json\/wp\/v2\/media\/2766"}],"wp:attachment":[{"href":"https:\/\/blogdiario.info\/magazine\/wp-json\/wp\/v2\/media?parent=2764"}],"wp:term":[{"taxonomy":"category","embeddable":true,"href":"https:\/\/blogdiario.info\/magazine\/wp-json\/wp\/v2\/categories?post=2764"},{"taxonomy":"post_tag","embeddable":true,"href":"https:\/\/blogdiario.info\/magazine\/wp-json\/wp\/v2\/tags?post=2764"}],"curies":[{"name":"wp","href":"https:\/\/api.w.org\/{rel}","templated":true}]}}